{"id":900413,"date":"2019-04-14T18:18:02","date_gmt":"2019-04-14T21:18:02","guid":{"rendered":"http:\/\/www.pm.pb.gov.br\/portal\/?p=900413"},"modified":"2019-04-15T11:09:40","modified_gmt":"2019-04-15T14:09:40","slug":"destaque-no-esporte-policial-militar-da-paraiba-e-campeao-brasileiro-na-faixa-preta-de-jiu-jitsu-no-espirito-santo","status":"publish","type":"post","link":"https:\/\/www.pm.pb.gov.br\/portal\/2019\/04\/14\/destaque-no-esporte-policial-militar-da-paraiba-e-campeao-brasileiro-na-faixa-preta-de-jiu-jitsu-no-espirito-santo\/","title":{"rendered":"DESTAQUE NO ESPORTE: Policial militar da Para\u00edba \u00e9 campe\u00e3o brasileiro na faixa preta de Jiu-Jitsu no Esp\u00edrito Santo"},"content":{"rendered":"<p>A Para\u00edba no lugar mais alto do p\u00f3dio e com direito a contin\u00eancia militar. Foi assim que o soldado Rafael Ronkally Guimar\u00e3es Duarte, do 2\u00ba Batalh\u00e3o de Pol\u00edcia Militar, \u2018escreveu\u2019 seu nome na hist\u00f3ria do campeonato brasileiro de Jiu-Jitsu Profissional Gi &amp; No Gi, realizado nesse fim de semana, no estado do Esp\u00edrito Santo. O policial militar e lutador paraibano levou a melhor na faixa preta e venceu em duas categorias: pesado e absoluto.<\/p>\n<p>Na categoria pesado, ele foi campe\u00e3o ap\u00f3s vencer a final contra um competidor de S\u00e3o Paulo, ficando o terceiro lugar para um atleta do Esp\u00edrito Santo. J\u00e1 na categoria absoluto, o policial militar paraibano venceu um atleta do Rio de Janeiro na final, com a terceira coloca\u00e7\u00e3o ficando para um lutador do Paran\u00e1. O evento reuniu atletas de todos os estados. <\/p>\n<p>\u201c\u00c9 um sentimento de honra em poder representar a pol\u00edcia militar da Para\u00edba da melhor forma, retribuindo o incentivo e apoio dos meus companheiros com essa conquista, que divido com todos os meus irm\u00e3os de farda e amigos. Estou muito feliz em conquistar esse campeonato brasileiro\u201d, destacou o soldado Rafael Ronkally, que chega \u00e0 Para\u00edba nesta segunda-feira.<\/p>\n<p>Defendendo a sociedade durante o servi\u00e7o de policial militar e as cores da Para\u00edba no esporte, durante a folga, o soldado Rafael Ronkally leva a rotina de trabalho e treinos com muita disciplina, que tem sido o segredo para alcan\u00e7ar as conquistas. No ano passado, ele foi campe\u00e3o mundial de Jiu-Jitsu na categoria pesado absoluto, ao vencer o Campeonato Mundial de Jiu-Jitsu Profissional Gi &amp; No Gi, no Cear\u00e1, e foi campe\u00e3o Pan-Americano na mesma categoria, no mesmo estado, ao vencer 11 lutas seguidas na competi\u00e7\u00e3o. <\/p>\n<p>O atleta e policial militar, al\u00e9m de treinar todos os dias de folga, ainda desenvolve um projeto social no bairro das Malvinas, em Campina Grande, cidade onde atua. L\u00e1, jovens e adultos aprendem, atrav\u00e9s do jiu-jitsu, valores como respeito, honestidade, honra e companheirismo. S\u00e3o mais de 20 pessoas da comunidade que participam, com idades de 15 a 40 anos, treinando pelo menos tr\u00eas vezes por semana.<\/p>\n\n\n<ul class=\"wp-block-gallery columns-1 is-cropped wp-block-gallery-1 is-layout-flex wp-block-gallery-is-layout-flex\"><li class=\"blocks-gallery-item\"><figure><img loading=\"lazy\" decoding=\"async\" width=\"428\" height=\"570\" src=\"http:\/\/www.pm.pb.gov.br\/portal\/wp-content\/uploads\/2019\/04\/bcd7bcc6-10d9-4ad7-8bf2-e471867b1a8b-428x570.jpg\" alt=\"\" data-id=\"900435\" data-link=\"http:\/\/www.pm.pb.gov.br\/portal\/?attachment_id=900435\" class=\"wp-image-900435\" srcset=\"https:\/\/www.pm.pb.gov.br\/portal\/wp-content\/uploads\/2019\/04\/bcd7bcc6-10d9-4ad7-8bf2-e471867b1a8b-428x570.jpg 428w, https:\/\/www.pm.pb.gov.br\/portal\/wp-content\/uploads\/2019\/04\/bcd7bcc6-10d9-4ad7-8bf2-e471867b1a8b-334x445.jpg 334w, https:\/\/www.pm.pb.gov.br\/portal\/wp-content\/uploads\/2019\/04\/bcd7bcc6-10d9-4ad7-8bf2-e471867b1a8b-768x1024.jpg 768w, https:\/\/www.pm.pb.gov.br\/portal\/wp-content\/uploads\/2019\/04\/bcd7bcc6-10d9-4ad7-8bf2-e471867b1a8b.jpg 960w\" sizes=\"(max-width: 428px) 100vw, 428px\" \/><\/figure><\/li><\/ul>\n\n\n\n<ul class=\"wp-block-gallery columns-1 is-cropped wp-block-gallery-2 is-layout-flex wp-block-gallery-is-layout-flex\"><li class=\"blocks-gallery-item\"><figure><img loading=\"lazy\" decoding=\"async\" width=\"428\" height=\"570\" src=\"http:\/\/www.pm.pb.gov.br\/portal\/wp-content\/uploads\/2019\/04\/2c95dbd3-691d-458c-a80f-fcbf9ae1eaaa-428x570.jpg\" alt=\"\" data-id=\"900436\" data-link=\"http:\/\/www.pm.pb.gov.br\/portal\/?attachment_id=900436\" class=\"wp-image-900436\" srcset=\"https:\/\/www.pm.pb.gov.br\/portal\/wp-content\/uploads\/2019\/04\/2c95dbd3-691d-458c-a80f-fcbf9ae1eaaa-428x570.jpg 428w, https:\/\/www.pm.pb.gov.br\/portal\/wp-content\/uploads\/2019\/04\/2c95dbd3-691d-458c-a80f-fcbf9ae1eaaa-334x445.jpg 334w, https:\/\/www.pm.pb.gov.br\/portal\/wp-content\/uploads\/2019\/04\/2c95dbd3-691d-458c-a80f-fcbf9ae1eaaa-768x1024.jpg 768w, https:\/\/www.pm.pb.gov.br\/portal\/wp-content\/uploads\/2019\/04\/2c95dbd3-691d-458c-a80f-fcbf9ae1eaaa.jpg 960w\" sizes=\"(max-width: 428px) 100vw, 428px\" \/><\/figure><\/li><\/ul>\n","protected":false},"excerpt":{"rendered":"<p>A Para\u00edba no lugar mais alto do p\u00f3dio e com direito a contin\u00eancia militar. Foi assim que o soldado Rafael<\/p>\n","protected":false},"author":10,"featured_media":895708,"comment_status":"closed","ping_status":"closed","sticky":false,"template":"","format":"standard","meta":{"_exactmetrics_skip_tracking":false,"_exactmetrics_sitenote_active":false,"_exactmetrics_sitenote_note":"","_exactmetrics_sitenote_category":0,"footnotes":""},"categories":[15],"tags":[],"yoast_head":"<!-- This site is optimized with the Yoast SEO plugin v22.0 - https:\/\/yoast.com\/wordpress\/plugins\/seo\/ -->\n<title>DESTAQUE NO ESPORTE: Policial militar da Para\u00edba \u00e9 campe\u00e3o brasileiro na faixa preta de Jiu-Jitsu no Esp\u00edrito Santo - Pol\u00edcia Militar da Para\u00edba<\/title>\n<meta name=\"robots\" content=\"index, follow, max-snippet:-1, max-image-preview:large, max-video-preview:-1\" \/>\n<link rel=\"canonical\" href=\"https:\/\/www.pm.pb.gov.br\/portal\/2019\/04\/14\/destaque-no-esporte-policial-militar-da-paraiba-e-campeao-brasileiro-na-faixa-preta-de-jiu-jitsu-no-espirito-santo\/\" \/>\n<meta property=\"og:locale\" content=\"pt_BR\" \/>\n<meta property=\"og:type\" content=\"article\" \/>\n<meta property=\"og:title\" content=\"DESTAQUE NO ESPORTE: Policial militar da Para\u00edba \u00e9 campe\u00e3o brasileiro na faixa preta de Jiu-Jitsu no Esp\u00edrito Santo - Pol\u00edcia Militar da Para\u00edba\" \/>\n<meta property=\"og:description\" content=\"A Para\u00edba no lugar mais alto do p\u00f3dio e com direito a contin\u00eancia militar. Foi assim que o soldado Rafael\" \/>\n<meta property=\"og:url\" content=\"https:\/\/www.pm.pb.gov.br\/portal\/2019\/04\/14\/destaque-no-esporte-policial-militar-da-paraiba-e-campeao-brasileiro-na-faixa-preta-de-jiu-jitsu-no-espirito-santo\/\" \/>\n<meta property=\"og:site_name\" content=\"Pol\u00edcia Militar da Para\u00edba\" \/>\n<meta property=\"article:published_time\" content=\"2019-04-14T21:18:02+00:00\" \/>\n<meta property=\"article:modified_time\" content=\"2019-04-15T14:09:40+00:00\" \/>\n<meta property=\"og:image\" content=\"https:\/\/www.pm.pb.gov.br\/portal\/wp-content\/uploads\/2017\/10\/Imagems-Ilustrativa-Site-Novo.jpg\" \/>\n\t<meta property=\"og:image:width\" content=\"800\" \/>\n\t<meta property=\"og:image:height\" content=\"445\" \/>\n\t<meta property=\"og:image:type\" content=\"image\/jpeg\" \/>\n<meta name=\"author\" content=\"WAGNER HENRIQUE VARELA DA SILVA\" \/>\n<meta name=\"twitter:card\" content=\"summary_large_image\" \/>\n<meta name=\"twitter:label1\" content=\"Escrito por\" \/>\n\t<meta name=\"twitter:data1\" content=\"WAGNER HENRIQUE VARELA DA SILVA\" \/>\n\t<meta name=\"twitter:label2\" content=\"Est. tempo de leitura\" \/>\n\t<meta name=\"twitter:data2\" content=\"2 minutos\" \/>\n<script type=\"application\/ld+json\" class=\"yoast-schema-graph\">{\"@context\":\"https:\/\/schema.org\",\"@graph\":[{\"@type\":\"Article\",\"@id\":\"https:\/\/www.pm.pb.gov.br\/portal\/2019\/04\/14\/destaque-no-esporte-policial-militar-da-paraiba-e-campeao-brasileiro-na-faixa-preta-de-jiu-jitsu-no-espirito-santo\/#article\",\"isPartOf\":{\"@id\":\"https:\/\/www.pm.pb.gov.br\/portal\/2019\/04\/14\/destaque-no-esporte-policial-militar-da-paraiba-e-campeao-brasileiro-na-faixa-preta-de-jiu-jitsu-no-espirito-santo\/\"},\"author\":{\"name\":\"WAGNER HENRIQUE VARELA DA SILVA\",\"@id\":\"https:\/\/www.pm.pb.gov.br\/portal\/#\/schema\/person\/b169b297b8494dea236e315ed1a201d1\"},\"headline\":\"DESTAQUE NO ESPORTE: Policial militar da Para\u00edba \u00e9 campe\u00e3o brasileiro na faixa preta de Jiu-Jitsu no Esp\u00edrito Santo\",\"datePublished\":\"2019-04-14T21:18:02+00:00\",\"dateModified\":\"2019-04-15T14:09:40+00:00\",\"mainEntityOfPage\":{\"@id\":\"https:\/\/www.pm.pb.gov.br\/portal\/2019\/04\/14\/destaque-no-esporte-policial-militar-da-paraiba-e-campeao-brasileiro-na-faixa-preta-de-jiu-jitsu-no-espirito-santo\/\"},\"wordCount\":384,\"publisher\":{\"@id\":\"https:\/\/www.pm.pb.gov.br\/portal\/#organization\"},\"articleSection\":[\"Informativo\"],\"inLanguage\":\"pt-BR\"},{\"@type\":\"WebPage\",\"@id\":\"https:\/\/www.pm.pb.gov.br\/portal\/2019\/04\/14\/destaque-no-esporte-policial-militar-da-paraiba-e-campeao-brasileiro-na-faixa-preta-de-jiu-jitsu-no-espirito-santo\/\",\"url\":\"https:\/\/www.pm.pb.gov.br\/portal\/2019\/04\/14\/destaque-no-esporte-policial-militar-da-paraiba-e-campeao-brasileiro-na-faixa-preta-de-jiu-jitsu-no-espirito-santo\/\",\"name\":\"DESTAQUE NO ESPORTE: Policial militar da Para\u00edba \u00e9 campe\u00e3o brasileiro na faixa preta de Jiu-Jitsu no Esp\u00edrito Santo - Pol\u00edcia Militar da Para\u00edba\",\"isPartOf\":{\"@id\":\"https:\/\/www.pm.pb.gov.br\/portal\/#website\"},\"datePublished\":\"2019-04-14T21:18:02+00:00\",\"dateModified\":\"2019-04-15T14:09:40+00:00\",\"breadcrumb\":{\"@id\":\"https:\/\/www.pm.pb.gov.br\/portal\/2019\/04\/14\/destaque-no-esporte-policial-militar-da-paraiba-e-campeao-brasileiro-na-faixa-preta-de-jiu-jitsu-no-espirito-santo\/#breadcrumb\"},\"inLanguage\":\"pt-BR\",\"potentialAction\":[{\"@type\":\"ReadAction\",\"target\":[\"https:\/\/www.pm.pb.gov.br\/portal\/2019\/04\/14\/destaque-no-esporte-policial-militar-da-paraiba-e-campeao-brasileiro-na-faixa-preta-de-jiu-jitsu-no-espirito-santo\/\"]}]},{\"@type\":\"BreadcrumbList\",\"@id\":\"https:\/\/www.pm.pb.gov.br\/portal\/2019\/04\/14\/destaque-no-esporte-policial-militar-da-paraiba-e-campeao-brasileiro-na-faixa-preta-de-jiu-jitsu-no-espirito-santo\/#breadcrumb\",\"itemListElement\":[{\"@type\":\"ListItem\",\"position\":1,\"name\":\"In\u00edcio\",\"item\":\"https:\/\/www.pm.pb.gov.br\/portal\/\"},{\"@type\":\"ListItem\",\"position\":2,\"name\":\"DESTAQUE NO ESPORTE: Policial militar da Para\u00edba \u00e9 campe\u00e3o brasileiro na faixa preta de Jiu-Jitsu no Esp\u00edrito Santo\"}]},{\"@type\":\"WebSite\",\"@id\":\"https:\/\/www.pm.pb.gov.br\/portal\/#website\",\"url\":\"https:\/\/www.pm.pb.gov.br\/portal\/\",\"name\":\"Pol\u00edcia Militar da Para\u00edba\",\"description\":\"\",\"publisher\":{\"@id\":\"https:\/\/www.pm.pb.gov.br\/portal\/#organization\"},\"potentialAction\":[{\"@type\":\"SearchAction\",\"target\":{\"@type\":\"EntryPoint\",\"urlTemplate\":\"https:\/\/www.pm.pb.gov.br\/portal\/?s={search_term_string}\"},\"query-input\":\"required name=search_term_string\"}],\"inLanguage\":\"pt-BR\"},{\"@type\":\"Organization\",\"@id\":\"https:\/\/www.pm.pb.gov.br\/portal\/#organization\",\"name\":\"Pol\u00edcia Militar da Para\u00edba\",\"url\":\"https:\/\/www.pm.pb.gov.br\/portal\/\",\"logo\":{\"@type\":\"ImageObject\",\"inLanguage\":\"pt-BR\",\"@id\":\"https:\/\/www.pm.pb.gov.br\/portal\/#\/schema\/logo\/image\/\",\"url\":\"https:\/\/www.pm.pb.gov.br\/portal\/wp-content\/uploads\/2025\/03\/cropped-logo-site-mag2-1.png\",\"contentUrl\":\"https:\/\/www.pm.pb.gov.br\/portal\/wp-content\/uploads\/2025\/03\/cropped-logo-site-mag2-1.png\",\"width\":320,\"height\":90,\"caption\":\"Pol\u00edcia Militar da Para\u00edba\"},\"image\":{\"@id\":\"https:\/\/www.pm.pb.gov.br\/portal\/#\/schema\/logo\/image\/\"}},{\"@type\":\"Person\",\"@id\":\"https:\/\/www.pm.pb.gov.br\/portal\/#\/schema\/person\/b169b297b8494dea236e315ed1a201d1\",\"name\":\"WAGNER HENRIQUE VARELA DA SILVA\",\"image\":{\"@type\":\"ImageObject\",\"inLanguage\":\"pt-BR\",\"@id\":\"https:\/\/www.pm.pb.gov.br\/portal\/#\/schema\/person\/image\/\",\"url\":\"https:\/\/secure.gravatar.com\/avatar\/e08af53176a66730df5c0706c6c31fd6?s=96&d=mm&r=g\",\"contentUrl\":\"https:\/\/secure.gravatar.com\/avatar\/e08af53176a66730df5c0706c6c31fd6?s=96&d=mm&r=g\",\"caption\":\"WAGNER HENRIQUE VARELA DA SILVA\"},\"url\":\"https:\/\/www.pm.pb.gov.br\/portal\/author\/varela\/\"}]}<\/script>\n<!-- \/ Yoast SEO plugin. -->","yoast_head_json":{"title":"DESTAQUE NO ESPORTE: Policial militar da Para\u00edba \u00e9 campe\u00e3o brasileiro na faixa preta de Jiu-Jitsu no Esp\u00edrito Santo - Pol\u00edcia Militar da Para\u00edba","robots":{"index":"index","follow":"follow","max-snippet":"max-snippet:-1","max-image-preview":"max-image-preview:large","max-video-preview":"max-video-preview:-1"},"canonical":"https:\/\/www.pm.pb.gov.br\/portal\/2019\/04\/14\/destaque-no-esporte-policial-militar-da-paraiba-e-campeao-brasileiro-na-faixa-preta-de-jiu-jitsu-no-espirito-santo\/","og_locale":"pt_BR","og_type":"article","og_title":"DESTAQUE NO ESPORTE: Policial militar da Para\u00edba \u00e9 campe\u00e3o brasileiro na faixa preta de Jiu-Jitsu no Esp\u00edrito Santo - Pol\u00edcia Militar da Para\u00edba","og_description":"A Para\u00edba no lugar mais alto do p\u00f3dio e com direito a contin\u00eancia militar. Foi assim que o soldado Rafael","og_url":"https:\/\/www.pm.pb.gov.br\/portal\/2019\/04\/14\/destaque-no-esporte-policial-militar-da-paraiba-e-campeao-brasileiro-na-faixa-preta-de-jiu-jitsu-no-espirito-santo\/","og_site_name":"Pol\u00edcia Militar da Para\u00edba","article_published_time":"2019-04-14T21:18:02+00:00","article_modified_time":"2019-04-15T14:09:40+00:00","og_image":[{"width":800,"height":445,"url":"https:\/\/www.pm.pb.gov.br\/portal\/wp-content\/uploads\/2017\/10\/Imagems-Ilustrativa-Site-Novo.jpg","type":"image\/jpeg"}],"author":"WAGNER HENRIQUE VARELA DA SILVA","twitter_card":"summary_large_image","twitter_misc":{"Escrito por":"WAGNER HENRIQUE VARELA DA SILVA","Est. tempo de leitura":"2 minutos"},"schema":{"@context":"https:\/\/schema.org","@graph":[{"@type":"Article","@id":"https:\/\/www.pm.pb.gov.br\/portal\/2019\/04\/14\/destaque-no-esporte-policial-militar-da-paraiba-e-campeao-brasileiro-na-faixa-preta-de-jiu-jitsu-no-espirito-santo\/#article","isPartOf":{"@id":"https:\/\/www.pm.pb.gov.br\/portal\/2019\/04\/14\/destaque-no-esporte-policial-militar-da-paraiba-e-campeao-brasileiro-na-faixa-preta-de-jiu-jitsu-no-espirito-santo\/"},"author":{"name":"WAGNER HENRIQUE VARELA DA SILVA","@id":"https:\/\/www.pm.pb.gov.br\/portal\/#\/schema\/person\/b169b297b8494dea236e315ed1a201d1"},"headline":"DESTAQUE NO ESPORTE: Policial militar da Para\u00edba \u00e9 campe\u00e3o brasileiro na faixa preta de Jiu-Jitsu no Esp\u00edrito Santo","datePublished":"2019-04-14T21:18:02+00:00","dateModified":"2019-04-15T14:09:40+00:00","mainEntityOfPage":{"@id":"https:\/\/www.pm.pb.gov.br\/portal\/2019\/04\/14\/destaque-no-esporte-policial-militar-da-paraiba-e-campeao-brasileiro-na-faixa-preta-de-jiu-jitsu-no-espirito-santo\/"},"wordCount":384,"publisher":{"@id":"https:\/\/www.pm.pb.gov.br\/portal\/#organization"},"articleSection":["Informativo"],"inLanguage":"pt-BR"},{"@type":"WebPage","@id":"https:\/\/www.pm.pb.gov.br\/portal\/2019\/04\/14\/destaque-no-esporte-policial-militar-da-paraiba-e-campeao-brasileiro-na-faixa-preta-de-jiu-jitsu-no-espirito-santo\/","url":"https:\/\/www.pm.pb.gov.br\/portal\/2019\/04\/14\/destaque-no-esporte-policial-militar-da-paraiba-e-campeao-brasileiro-na-faixa-preta-de-jiu-jitsu-no-espirito-santo\/","name":"DESTAQUE NO ESPORTE: Policial militar da Para\u00edba \u00e9 campe\u00e3o brasileiro na faixa preta de Jiu-Jitsu no Esp\u00edrito Santo - Pol\u00edcia Militar da Para\u00edba","isPartOf":{"@id":"https:\/\/www.pm.pb.gov.br\/portal\/#website"},"datePublished":"2019-04-14T21:18:02+00:00","dateModified":"2019-04-15T14:09:40+00:00","breadcrumb":{"@id":"https:\/\/www.pm.pb.gov.br\/portal\/2019\/04\/14\/destaque-no-esporte-policial-militar-da-paraiba-e-campeao-brasileiro-na-faixa-preta-de-jiu-jitsu-no-espirito-santo\/#breadcrumb"},"inLanguage":"pt-BR","potentialAction":[{"@type":"ReadAction","target":["https:\/\/www.pm.pb.gov.br\/portal\/2019\/04\/14\/destaque-no-esporte-policial-militar-da-paraiba-e-campeao-brasileiro-na-faixa-preta-de-jiu-jitsu-no-espirito-santo\/"]}]},{"@type":"BreadcrumbList","@id":"https:\/\/www.pm.pb.gov.br\/portal\/2019\/04\/14\/destaque-no-esporte-policial-militar-da-paraiba-e-campeao-brasileiro-na-faixa-preta-de-jiu-jitsu-no-espirito-santo\/#breadcrumb","itemListElement":[{"@type":"ListItem","position":1,"name":"In\u00edcio","item":"https:\/\/www.pm.pb.gov.br\/portal\/"},{"@type":"ListItem","position":2,"name":"DESTAQUE NO ESPORTE: Policial militar da Para\u00edba \u00e9 campe\u00e3o brasileiro na faixa preta de Jiu-Jitsu no Esp\u00edrito Santo"}]},{"@type":"WebSite","@id":"https:\/\/www.pm.pb.gov.br\/portal\/#website","url":"https:\/\/www.pm.pb.gov.br\/portal\/","name":"Pol\u00edcia Militar da Para\u00edba","description":"","publisher":{"@id":"https:\/\/www.pm.pb.gov.br\/portal\/#organization"},"potentialAction":[{"@type":"SearchAction","target":{"@type":"EntryPoint","urlTemplate":"https:\/\/www.pm.pb.gov.br\/portal\/?s={search_term_string}"},"query-input":"required name=search_term_string"}],"inLanguage":"pt-BR"},{"@type":"Organization","@id":"https:\/\/www.pm.pb.gov.br\/portal\/#organization","name":"Pol\u00edcia Militar da Para\u00edba","url":"https:\/\/www.pm.pb.gov.br\/portal\/","logo":{"@type":"ImageObject","inLanguage":"pt-BR","@id":"https:\/\/www.pm.pb.gov.br\/portal\/#\/schema\/logo\/image\/","url":"https:\/\/www.pm.pb.gov.br\/portal\/wp-content\/uploads\/2025\/03\/cropped-logo-site-mag2-1.png","contentUrl":"https:\/\/www.pm.pb.gov.br\/portal\/wp-content\/uploads\/2025\/03\/cropped-logo-site-mag2-1.png","width":320,"height":90,"caption":"Pol\u00edcia Militar da Para\u00edba"},"image":{"@id":"https:\/\/www.pm.pb.gov.br\/portal\/#\/schema\/logo\/image\/"}},{"@type":"Person","@id":"https:\/\/www.pm.pb.gov.br\/portal\/#\/schema\/person\/b169b297b8494dea236e315ed1a201d1","name":"WAGNER HENRIQUE VARELA DA SILVA","image":{"@type":"ImageObject","inLanguage":"pt-BR","@id":"https:\/\/www.pm.pb.gov.br\/portal\/#\/schema\/person\/image\/","url":"https:\/\/secure.gravatar.com\/avatar\/e08af53176a66730df5c0706c6c31fd6?s=96&d=mm&r=g","contentUrl":"https:\/\/secure.gravatar.com\/avatar\/e08af53176a66730df5c0706c6c31fd6?s=96&d=mm&r=g","caption":"WAGNER HENRIQUE VARELA DA SILVA"},"url":"https:\/\/www.pm.pb.gov.br\/portal\/author\/varela\/"}]}},"_links":{"self":[{"href":"https:\/\/www.pm.pb.gov.br\/portal\/wp-json\/wp\/v2\/posts\/900413"}],"collection":[{"href":"https:\/\/www.pm.pb.gov.br\/portal\/wp-json\/wp\/v2\/posts"}],"about":[{"href":"https:\/\/www.pm.pb.gov.br\/portal\/wp-json\/wp\/v2\/types\/post"}],"author":[{"embeddable":true,"href":"https:\/\/www.pm.pb.gov.br\/portal\/wp-json\/wp\/v2\/users\/10"}],"replies":[{"embeddable":true,"href":"https:\/\/www.pm.pb.gov.br\/portal\/wp-json\/wp\/v2\/comments?post=900413"}],"version-history":[{"count":2,"href":"https:\/\/www.pm.pb.gov.br\/portal\/wp-json\/wp\/v2\/posts\/900413\/revisions"}],"predecessor-version":[{"id":900437,"href":"https:\/\/www.pm.pb.gov.br\/portal\/wp-json\/wp\/v2\/posts\/900413\/revisions\/900437"}],"wp:featuredmedia":[{"embeddable":true,"href":"https:\/\/www.pm.pb.gov.br\/portal\/wp-json\/wp\/v2\/media\/895708"}],"wp:attachment":[{"href":"https:\/\/www.pm.pb.gov.br\/portal\/wp-json\/wp\/v2\/media?parent=900413"}],"wp:term":[{"taxonomy":"category","embeddable":true,"href":"https:\/\/www.pm.pb.gov.br\/portal\/wp-json\/wp\/v2\/categories?post=900413"},{"taxonomy":"post_tag","embeddable":true,"href":"https:\/\/www.pm.pb.gov.br\/portal\/wp-json\/wp\/v2\/tags?post=900413"}],"curies":[{"name":"wp","href":"https:\/\/api.w.org\/{rel}","templated":true}]}}