{"id":900372,"date":"2019-04-08T17:40:03","date_gmt":"2019-04-08T20:40:03","guid":{"rendered":"http:\/\/www.pm.pb.gov.br\/portal\/?p=900372"},"modified":"2019-04-08T17:40:04","modified_gmt":"2019-04-08T20:40:04","slug":"governo-cria-batalhao-de-policiamento-com-motocicletas","status":"publish","type":"post","link":"https:\/\/www.pm.pb.gov.br\/portal\/2019\/04\/08\/governo-cria-batalhao-de-policiamento-com-motocicletas\/","title":{"rendered":"Governo cria Batalh\u00e3o de Policiamento com Motocicletas"},"content":{"rendered":"\n<p>O governador Jo\u00e3o Azev\u00eado assinou, nesta segunda-feira(8), o decreto de cria\u00e7\u00e3o do Batalh\u00e3o Especializado de Policiamento com Motocicletas(BEPMotos) e entregou 50 r\u00e1dios comunicadores especiais para uso do Corpo de Bombeiros Militar, somando investimentos superiores a R$ 9,1 milh\u00f5es na \u00e1rea da Seguran\u00e7a P\u00fablica.\u00a0 As a\u00e7\u00f5es ocorreram durante visita \u00e0 \u2018I Expo Seguran\u00e7a P\u00fablica\u2019, realizada no Ponto de Cem R\u00e9is, no Centro de Jo\u00e3o Pessoa.\u00a0<\/p>\n\n\n\n<p>Prestigiaram a solenidade a vice-governadora L\u00edgia Feliciano; o deputado federal Dami\u00e3o Feliciano; os deputados estaduais Adriano Galdino (presidente da Assembleia Legislativa), Jo\u00e3o Gon\u00e7alves e Branco Mendes; al\u00e9m de auxiliares do Governo do Estado.\u00a0<\/p>\n\n\n\n<p>Na oportunidade, Jo\u00e3o Azev\u00eado destacou que as a\u00e7\u00f5es voltadas para a Seguran\u00e7a P\u00fablica\u00a0 atestam o compromisso do Governo com a \u00e1rea. \u201cEsse trabalho tem refletido na redu\u00e7\u00e3o de 24% no n\u00famero de homic\u00eddios no primeiro trimestre deste ano e \u00e9 o resultado de muito esfor\u00e7o de homens e mulheres que comp\u00f5em as for\u00e7as de Seguran\u00e7a e dos investimentos que n\u00e3o param por aqui\u201d, avaliou.\u00a0<\/p>\n\n\n\n<p>O gestor tamb\u00e9m ressaltou que a Para\u00edba \u00e9 o \u00fanico Estado do Brasil a possuir os equipamentos de r\u00e1dios comunicadores entregues nesta segunda-feira ao Corpo de Bombeiros e evidenciou que a cria\u00e7\u00e3o do BEPMotos ir\u00e1 agilizar o trabalho da Pol\u00edcia Militar. \u201cSer\u00e3o mais de 200 motos nessa primeira etapa. N\u00f3s estamos dando mobilidade ao policial para que ele possa agir de forma r\u00e1pida. O Governo do Estado tem feito um esfor\u00e7o para dotar o sistema de seguran\u00e7a do que h\u00e1 de melhor em termos de equipamentos e de ve\u00edculos, com a renova\u00e7\u00e3o da frota\u201d, explicou.<\/p>\n\n\n\n<p>O secret\u00e1rio de Seguran\u00e7a e Defesa Social, Jean Nunes,afirmou que o Governo do Estado tem intensificado os investimentos na \u00e1rea da Seguran\u00e7a. \u201cO Batalh\u00e3o j\u00e1 est\u00e1 estruturado com as motocicletas, representando um grande investimento no segmento\u201d, pontuou. <\/p>\n\n\n\n<p>O comandante-geral da Pol\u00edcia Militar, coronel Euller Chaves, disse que cerca de 300 policiais j\u00e1 est\u00e3o sendo capacitados para atuar no BEPMotos, que dever\u00e1 entrar em funcionamento em at\u00e9 dois meses. \u201cN\u00f3s vamos preparar a estrutura b\u00e1sica da Capital, que ir\u00e1 funcionar na Avenida Epit\u00e1cio Pessoa, na antiga 3\u00aa Delegacia Distrital, e daremos ali o pontap\u00e9 inicial do Batalh\u00e3o Especializado de Policiamento com Motocicletas. A partir da\u00ed, com a consolida\u00e7\u00e3o dos recursos humanos, log\u00edsticos e tecnol\u00f3gicos, n\u00f3s vamos implement\u00e1-los nas regi\u00f5es de Campina Grande e Patos de forma gradual, com responsabilidade e efici\u00eancia\u201d, comentou. <\/p>\n\n\n\n<p>O BPEMotos contar\u00e1 com motos novas e potentes, de pelo menos tr\u00eas tipos diferentes: a BMW GS de 800 cilindradas &#8211; para o combate \u00e0 criminalidade ; a Honda XRE 300 &#8211;\u00a0 para o policiamento nos corredores urbanos; e a Harley-Davidson \u2013 que ser\u00e1 \u00a0usada pelos batedores em todos os tipos de escoltas. Al\u00e9m disso, os policiais que far\u00e3o parte do BPEMotos receber\u00e3o modernos equipamentos de prote\u00e7\u00e3o individual,a exemplo de capacetes articulados, cotoveleiras, joelheiras, botas e luvas. J\u00e1 os r\u00e1dios comunicadores especiais para uso do Corpo de Bombeiros Militar s\u00e3o projetados para funcionar nos ambientes mais dif\u00edceis e de risco, tanto no frio e na umidade, com poeira e no calor.\u00a0<\/p>\n\n\n\n<div class=\"wp-block-image\"><figure class=\"aligncenter\"><img loading=\"lazy\" decoding=\"async\" width=\"855\" height=\"570\" src=\"http:\/\/www.pm.pb.gov.br\/portal\/wp-content\/uploads\/2019\/04\/expo-seguran\u00e7a-foto-francisco-fran\u00e7a-secom-pb-9-855x570.jpg\" alt=\"\" class=\"wp-image-900373\" srcset=\"https:\/\/www.pm.pb.gov.br\/portal\/wp-content\/uploads\/2019\/04\/expo-seguran\u00e7a-foto-francisco-fran\u00e7a-secom-pb-9-855x570.jpg 855w, https:\/\/www.pm.pb.gov.br\/portal\/wp-content\/uploads\/2019\/04\/expo-seguran\u00e7a-foto-francisco-fran\u00e7a-secom-pb-9-668x445.jpg 668w, https:\/\/www.pm.pb.gov.br\/portal\/wp-content\/uploads\/2019\/04\/expo-seguran\u00e7a-foto-francisco-fran\u00e7a-secom-pb-9-768x512.jpg 768w, https:\/\/www.pm.pb.gov.br\/portal\/wp-content\/uploads\/2019\/04\/expo-seguran\u00e7a-foto-francisco-fran\u00e7a-secom-pb-9-272x182.jpg 272w, https:\/\/www.pm.pb.gov.br\/portal\/wp-content\/uploads\/2019\/04\/expo-seguran\u00e7a-foto-francisco-fran\u00e7a-secom-pb-9.jpg 1772w\" sizes=\"(max-width: 855px) 100vw, 855px\" \/><\/figure><\/div>\n\n\n\n<p><strong>\u2018I Expo Seguran\u00e7a P\u00fablica\u2019<\/strong>&#8211; \u00c9 uma exposi\u00e7\u00e3o coordenada pela Secretariada Seguran\u00e7a e da Defesa Social, com a\u00e7\u00f5es desenvolvidas pelas Pol\u00edcias Militar, Pol\u00edcia Civil, Corpo de Bombeiros Militar e Departamento de Tr\u00e2nsito(Detran\/PB), que contribu\u00edram para os resultados positivos de preven\u00e7\u00e3o e enfrentamento da viol\u00eancia nos primeiros cem dias da atual gest\u00e3o. O evento,iniciado \u00e0s 8h, seguiu at\u00e9 as 16h, com uma agenda que incluiu mostra do trabalho com c\u00e3es desenvolvido por policiais militares e bombeiros militares,apresenta\u00e7\u00e3o da Banda de M\u00fasica da Pol\u00edcia Militar, a\u00e7\u00f5es para elucida\u00e7\u00e3o de crimes, al\u00e9m de reprodu\u00e7\u00e3o simulada de resgate e salvamento em altura, entre outras apresenta\u00e7\u00f5es.\u00a0<\/p>\n\n\n\n<p>Na oportunidade, o governador Jo\u00e3o Azev\u00eado visitou todos os estandes montados no local e disse que o evento representa a capacidade da Para\u00edba de unir todas as for\u00e7as de seguran\u00e7a. \u201cAqui est\u00e3o presentes todos os \u00f3rg\u00e3os envolvidos com a Seguran\u00e7a,demonstrando que n\u00e3o h\u00e1 apenas a\u00e7\u00f5es preventivas e repressivas, mas sociais e a Para\u00edba avan\u00e7a e continua avan\u00e7ando nesse segmento; essa Feira tamb\u00e9m ser\u00e1 feita em outros munic\u00edpios para que a popula\u00e7\u00e3o entenda e conhe\u00e7a a rela\u00e7\u00e3o entre a sociedade e a pol\u00edcia que tem a miss\u00e3o de proteger o cidad\u00e3o\u201d,sustentou.<\/p>\n\n\n\n<p>O delegado geral da Pol\u00edcia Civil, Isa\u00edas Gualberto, refor\u00e7ou a import\u00e2ncia da popula\u00e7\u00e3o ter acesso aos trabalhos desenvolvidos pelos policiais. \u201cEssa exposi\u00e7\u00e3o aproxima os \u00f3rg\u00e3os operativos com a popula\u00e7\u00e3o. No caso da Pol\u00edcia Civil, alguns casos de repercuss\u00e3o que foram elucidados est\u00e3o sendo expostos, al\u00e9m dos trabalhos do IPC e de equipamentos novos, como o simulador de tiros virtual, um dos mais modernos e que poucas Pol\u00edcias do Brasil disp\u00f5em e n\u00e3o deixam a desejar a nenhuma Pol\u00edcia do mundo\u201d, argumentou. <\/p>\n\n\n\n<p><br><\/p>\n","protected":false},"excerpt":{"rendered":"<p>O governador Jo\u00e3o Azev\u00eado assinou, nesta segunda-feira(8), o decreto de cria\u00e7\u00e3o do Batalh\u00e3o Especializado de Policiamento com Motocicletas(BEPMotos) e entregou<\/p>\n","protected":false},"author":15,"featured_media":900377,"comment_status":"closed","ping_status":"closed","sticky":false,"template":"","format":"standard","meta":{"_exactmetrics_skip_tracking":false,"_exactmetrics_sitenote_active":false,"_exactmetrics_sitenote_note":"","_exactmetrics_sitenote_category":0,"footnotes":""},"categories":[9],"tags":[],"yoast_head":"<!-- This site is optimized with the Yoast SEO plugin v22.0 - https:\/\/yoast.com\/wordpress\/plugins\/seo\/ -->\n<title>Governo cria Batalh\u00e3o de Policiamento com Motocicletas - Pol\u00edcia Militar da Para\u00edba<\/title>\n<meta name=\"robots\" content=\"index, follow, max-snippet:-1, max-image-preview:large, max-video-preview:-1\" \/>\n<link rel=\"canonical\" href=\"https:\/\/www.pm.pb.gov.br\/portal\/2019\/04\/08\/governo-cria-batalhao-de-policiamento-com-motocicletas\/\" \/>\n<meta property=\"og:locale\" content=\"pt_BR\" \/>\n<meta property=\"og:type\" content=\"article\" \/>\n<meta property=\"og:title\" content=\"Governo cria Batalh\u00e3o de Policiamento com Motocicletas - Pol\u00edcia Militar da Para\u00edba\" \/>\n<meta property=\"og:description\" content=\"O governador Jo\u00e3o Azev\u00eado assinou, nesta segunda-feira(8), o decreto de cria\u00e7\u00e3o do Batalh\u00e3o Especializado de Policiamento com Motocicletas(BEPMotos) e entregou\" \/>\n<meta property=\"og:url\" content=\"https:\/\/www.pm.pb.gov.br\/portal\/2019\/04\/08\/governo-cria-batalhao-de-policiamento-com-motocicletas\/\" \/>\n<meta property=\"og:site_name\" content=\"Pol\u00edcia Militar da Para\u00edba\" \/>\n<meta property=\"article:published_time\" content=\"2019-04-08T20:40:03+00:00\" \/>\n<meta property=\"article:modified_time\" content=\"2019-04-08T20:40:04+00:00\" \/>\n<meta property=\"og:image\" content=\"https:\/\/www.pm.pb.gov.br\/portal\/wp-content\/uploads\/2019\/04\/WhatsApp-Image-2019-04-08-at-17.37.52.jpeg\" \/>\n\t<meta property=\"og:image:width\" content=\"1280\" \/>\n\t<meta property=\"og:image:height\" content=\"854\" \/>\n\t<meta property=\"og:image:type\" content=\"image\/jpeg\" \/>\n<meta name=\"author\" content=\"Marcio Gomes dos Santos\" \/>\n<meta name=\"twitter:card\" content=\"summary_large_image\" \/>\n<meta name=\"twitter:label1\" content=\"Escrito por\" \/>\n\t<meta name=\"twitter:data1\" content=\"Marcio Gomes dos Santos\" \/>\n\t<meta name=\"twitter:label2\" content=\"Est. tempo de leitura\" \/>\n\t<meta name=\"twitter:data2\" content=\"4 minutos\" \/>\n<script type=\"application\/ld+json\" class=\"yoast-schema-graph\">{\"@context\":\"https:\/\/schema.org\",\"@graph\":[{\"@type\":\"Article\",\"@id\":\"https:\/\/www.pm.pb.gov.br\/portal\/2019\/04\/08\/governo-cria-batalhao-de-policiamento-com-motocicletas\/#article\",\"isPartOf\":{\"@id\":\"https:\/\/www.pm.pb.gov.br\/portal\/2019\/04\/08\/governo-cria-batalhao-de-policiamento-com-motocicletas\/\"},\"author\":{\"name\":\"Marcio Gomes dos Santos\",\"@id\":\"https:\/\/www.pm.pb.gov.br\/portal\/#\/schema\/person\/30d571652b38533c2211e4e89bf5a502\"},\"headline\":\"Governo cria Batalh\u00e3o de Policiamento com Motocicletas\",\"datePublished\":\"2019-04-08T20:40:03+00:00\",\"dateModified\":\"2019-04-08T20:40:04+00:00\",\"mainEntityOfPage\":{\"@id\":\"https:\/\/www.pm.pb.gov.br\/portal\/2019\/04\/08\/governo-cria-batalhao-de-policiamento-com-motocicletas\/\"},\"wordCount\":898,\"publisher\":{\"@id\":\"https:\/\/www.pm.pb.gov.br\/portal\/#organization\"},\"articleSection\":[\"Eventos\"],\"inLanguage\":\"pt-BR\"},{\"@type\":\"WebPage\",\"@id\":\"https:\/\/www.pm.pb.gov.br\/portal\/2019\/04\/08\/governo-cria-batalhao-de-policiamento-com-motocicletas\/\",\"url\":\"https:\/\/www.pm.pb.gov.br\/portal\/2019\/04\/08\/governo-cria-batalhao-de-policiamento-com-motocicletas\/\",\"name\":\"Governo cria Batalh\u00e3o de Policiamento com Motocicletas - Pol\u00edcia Militar da Para\u00edba\",\"isPartOf\":{\"@id\":\"https:\/\/www.pm.pb.gov.br\/portal\/#website\"},\"datePublished\":\"2019-04-08T20:40:03+00:00\",\"dateModified\":\"2019-04-08T20:40:04+00:00\",\"breadcrumb\":{\"@id\":\"https:\/\/www.pm.pb.gov.br\/portal\/2019\/04\/08\/governo-cria-batalhao-de-policiamento-com-motocicletas\/#breadcrumb\"},\"inLanguage\":\"pt-BR\",\"potentialAction\":[{\"@type\":\"ReadAction\",\"target\":[\"https:\/\/www.pm.pb.gov.br\/portal\/2019\/04\/08\/governo-cria-batalhao-de-policiamento-com-motocicletas\/\"]}]},{\"@type\":\"BreadcrumbList\",\"@id\":\"https:\/\/www.pm.pb.gov.br\/portal\/2019\/04\/08\/governo-cria-batalhao-de-policiamento-com-motocicletas\/#breadcrumb\",\"itemListElement\":[{\"@type\":\"ListItem\",\"position\":1,\"name\":\"In\u00edcio\",\"item\":\"https:\/\/www.pm.pb.gov.br\/portal\/\"},{\"@type\":\"ListItem\",\"position\":2,\"name\":\"Governo cria Batalh\u00e3o de Policiamento com Motocicletas\"}]},{\"@type\":\"WebSite\",\"@id\":\"https:\/\/www.pm.pb.gov.br\/portal\/#website\",\"url\":\"https:\/\/www.pm.pb.gov.br\/portal\/\",\"name\":\"Pol\u00edcia Militar da Para\u00edba\",\"description\":\"\",\"publisher\":{\"@id\":\"https:\/\/www.pm.pb.gov.br\/portal\/#organization\"},\"potentialAction\":[{\"@type\":\"SearchAction\",\"target\":{\"@type\":\"EntryPoint\",\"urlTemplate\":\"https:\/\/www.pm.pb.gov.br\/portal\/?s={search_term_string}\"},\"query-input\":\"required name=search_term_string\"}],\"inLanguage\":\"pt-BR\"},{\"@type\":\"Organization\",\"@id\":\"https:\/\/www.pm.pb.gov.br\/portal\/#organization\",\"name\":\"Pol\u00edcia Militar da Para\u00edba\",\"url\":\"https:\/\/www.pm.pb.gov.br\/portal\/\",\"logo\":{\"@type\":\"ImageObject\",\"inLanguage\":\"pt-BR\",\"@id\":\"https:\/\/www.pm.pb.gov.br\/portal\/#\/schema\/logo\/image\/\",\"url\":\"https:\/\/www.pm.pb.gov.br\/portal\/wp-content\/uploads\/2025\/03\/cropped-logo-site-mag2-1.png\",\"contentUrl\":\"https:\/\/www.pm.pb.gov.br\/portal\/wp-content\/uploads\/2025\/03\/cropped-logo-site-mag2-1.png\",\"width\":320,\"height\":90,\"caption\":\"Pol\u00edcia Militar da Para\u00edba\"},\"image\":{\"@id\":\"https:\/\/www.pm.pb.gov.br\/portal\/#\/schema\/logo\/image\/\"}},{\"@type\":\"Person\",\"@id\":\"https:\/\/www.pm.pb.gov.br\/portal\/#\/schema\/person\/30d571652b38533c2211e4e89bf5a502\",\"name\":\"Marcio Gomes dos Santos\",\"image\":{\"@type\":\"ImageObject\",\"inLanguage\":\"pt-BR\",\"@id\":\"https:\/\/www.pm.pb.gov.br\/portal\/#\/schema\/person\/image\/\",\"url\":\"https:\/\/secure.gravatar.com\/avatar\/cf4ec2cb690101e1581c7773aa350c19?s=96&d=mm&r=g\",\"contentUrl\":\"https:\/\/secure.gravatar.com\/avatar\/cf4ec2cb690101e1581c7773aa350c19?s=96&d=mm&r=g\",\"caption\":\"Marcio Gomes dos Santos\"},\"url\":\"https:\/\/www.pm.pb.gov.br\/portal\/author\/mgomes\/\"}]}<\/script>\n<!-- \/ Yoast SEO plugin. -->","yoast_head_json":{"title":"Governo cria Batalh\u00e3o de Policiamento com Motocicletas - Pol\u00edcia Militar da Para\u00edba","robots":{"index":"index","follow":"follow","max-snippet":"max-snippet:-1","max-image-preview":"max-image-preview:large","max-video-preview":"max-video-preview:-1"},"canonical":"https:\/\/www.pm.pb.gov.br\/portal\/2019\/04\/08\/governo-cria-batalhao-de-policiamento-com-motocicletas\/","og_locale":"pt_BR","og_type":"article","og_title":"Governo cria Batalh\u00e3o de Policiamento com Motocicletas - Pol\u00edcia Militar da Para\u00edba","og_description":"O governador Jo\u00e3o Azev\u00eado assinou, nesta segunda-feira(8), o decreto de cria\u00e7\u00e3o do Batalh\u00e3o Especializado de Policiamento com Motocicletas(BEPMotos) e entregou","og_url":"https:\/\/www.pm.pb.gov.br\/portal\/2019\/04\/08\/governo-cria-batalhao-de-policiamento-com-motocicletas\/","og_site_name":"Pol\u00edcia Militar da Para\u00edba","article_published_time":"2019-04-08T20:40:03+00:00","article_modified_time":"2019-04-08T20:40:04+00:00","og_image":[{"width":1280,"height":854,"url":"https:\/\/www.pm.pb.gov.br\/portal\/wp-content\/uploads\/2019\/04\/WhatsApp-Image-2019-04-08-at-17.37.52.jpeg","type":"image\/jpeg"}],"author":"Marcio Gomes dos Santos","twitter_card":"summary_large_image","twitter_misc":{"Escrito por":"Marcio Gomes dos Santos","Est. tempo de leitura":"4 minutos"},"schema":{"@context":"https:\/\/schema.org","@graph":[{"@type":"Article","@id":"https:\/\/www.pm.pb.gov.br\/portal\/2019\/04\/08\/governo-cria-batalhao-de-policiamento-com-motocicletas\/#article","isPartOf":{"@id":"https:\/\/www.pm.pb.gov.br\/portal\/2019\/04\/08\/governo-cria-batalhao-de-policiamento-com-motocicletas\/"},"author":{"name":"Marcio Gomes dos Santos","@id":"https:\/\/www.pm.pb.gov.br\/portal\/#\/schema\/person\/30d571652b38533c2211e4e89bf5a502"},"headline":"Governo cria Batalh\u00e3o de Policiamento com Motocicletas","datePublished":"2019-04-08T20:40:03+00:00","dateModified":"2019-04-08T20:40:04+00:00","mainEntityOfPage":{"@id":"https:\/\/www.pm.pb.gov.br\/portal\/2019\/04\/08\/governo-cria-batalhao-de-policiamento-com-motocicletas\/"},"wordCount":898,"publisher":{"@id":"https:\/\/www.pm.pb.gov.br\/portal\/#organization"},"articleSection":["Eventos"],"inLanguage":"pt-BR"},{"@type":"WebPage","@id":"https:\/\/www.pm.pb.gov.br\/portal\/2019\/04\/08\/governo-cria-batalhao-de-policiamento-com-motocicletas\/","url":"https:\/\/www.pm.pb.gov.br\/portal\/2019\/04\/08\/governo-cria-batalhao-de-policiamento-com-motocicletas\/","name":"Governo cria Batalh\u00e3o de Policiamento com Motocicletas - Pol\u00edcia Militar da Para\u00edba","isPartOf":{"@id":"https:\/\/www.pm.pb.gov.br\/portal\/#website"},"datePublished":"2019-04-08T20:40:03+00:00","dateModified":"2019-04-08T20:40:04+00:00","breadcrumb":{"@id":"https:\/\/www.pm.pb.gov.br\/portal\/2019\/04\/08\/governo-cria-batalhao-de-policiamento-com-motocicletas\/#breadcrumb"},"inLanguage":"pt-BR","potentialAction":[{"@type":"ReadAction","target":["https:\/\/www.pm.pb.gov.br\/portal\/2019\/04\/08\/governo-cria-batalhao-de-policiamento-com-motocicletas\/"]}]},{"@type":"BreadcrumbList","@id":"https:\/\/www.pm.pb.gov.br\/portal\/2019\/04\/08\/governo-cria-batalhao-de-policiamento-com-motocicletas\/#breadcrumb","itemListElement":[{"@type":"ListItem","position":1,"name":"In\u00edcio","item":"https:\/\/www.pm.pb.gov.br\/portal\/"},{"@type":"ListItem","position":2,"name":"Governo cria Batalh\u00e3o de Policiamento com Motocicletas"}]},{"@type":"WebSite","@id":"https:\/\/www.pm.pb.gov.br\/portal\/#website","url":"https:\/\/www.pm.pb.gov.br\/portal\/","name":"Pol\u00edcia Militar da Para\u00edba","description":"","publisher":{"@id":"https:\/\/www.pm.pb.gov.br\/portal\/#organization"},"potentialAction":[{"@type":"SearchAction","target":{"@type":"EntryPoint","urlTemplate":"https:\/\/www.pm.pb.gov.br\/portal\/?s={search_term_string}"},"query-input":"required name=search_term_string"}],"inLanguage":"pt-BR"},{"@type":"Organization","@id":"https:\/\/www.pm.pb.gov.br\/portal\/#organization","name":"Pol\u00edcia Militar da Para\u00edba","url":"https:\/\/www.pm.pb.gov.br\/portal\/","logo":{"@type":"ImageObject","inLanguage":"pt-BR","@id":"https:\/\/www.pm.pb.gov.br\/portal\/#\/schema\/logo\/image\/","url":"https:\/\/www.pm.pb.gov.br\/portal\/wp-content\/uploads\/2025\/03\/cropped-logo-site-mag2-1.png","contentUrl":"https:\/\/www.pm.pb.gov.br\/portal\/wp-content\/uploads\/2025\/03\/cropped-logo-site-mag2-1.png","width":320,"height":90,"caption":"Pol\u00edcia Militar da Para\u00edba"},"image":{"@id":"https:\/\/www.pm.pb.gov.br\/portal\/#\/schema\/logo\/image\/"}},{"@type":"Person","@id":"https:\/\/www.pm.pb.gov.br\/portal\/#\/schema\/person\/30d571652b38533c2211e4e89bf5a502","name":"Marcio Gomes dos Santos","image":{"@type":"ImageObject","inLanguage":"pt-BR","@id":"https:\/\/www.pm.pb.gov.br\/portal\/#\/schema\/person\/image\/","url":"https:\/\/secure.gravatar.com\/avatar\/cf4ec2cb690101e1581c7773aa350c19?s=96&d=mm&r=g","contentUrl":"https:\/\/secure.gravatar.com\/avatar\/cf4ec2cb690101e1581c7773aa350c19?s=96&d=mm&r=g","caption":"Marcio Gomes dos Santos"},"url":"https:\/\/www.pm.pb.gov.br\/portal\/author\/mgomes\/"}]}},"_links":{"self":[{"href":"https:\/\/www.pm.pb.gov.br\/portal\/wp-json\/wp\/v2\/posts\/900372"}],"collection":[{"href":"https:\/\/www.pm.pb.gov.br\/portal\/wp-json\/wp\/v2\/posts"}],"about":[{"href":"https:\/\/www.pm.pb.gov.br\/portal\/wp-json\/wp\/v2\/types\/post"}],"author":[{"embeddable":true,"href":"https:\/\/www.pm.pb.gov.br\/portal\/wp-json\/wp\/v2\/users\/15"}],"replies":[{"embeddable":true,"href":"https:\/\/www.pm.pb.gov.br\/portal\/wp-json\/wp\/v2\/comments?post=900372"}],"version-history":[{"count":2,"href":"https:\/\/www.pm.pb.gov.br\/portal\/wp-json\/wp\/v2\/posts\/900372\/revisions"}],"predecessor-version":[{"id":900378,"href":"https:\/\/www.pm.pb.gov.br\/portal\/wp-json\/wp\/v2\/posts\/900372\/revisions\/900378"}],"wp:featuredmedia":[{"embeddable":true,"href":"https:\/\/www.pm.pb.gov.br\/portal\/wp-json\/wp\/v2\/media\/900377"}],"wp:attachment":[{"href":"https:\/\/www.pm.pb.gov.br\/portal\/wp-json\/wp\/v2\/media?parent=900372"}],"wp:term":[{"taxonomy":"category","embeddable":true,"href":"https:\/\/www.pm.pb.gov.br\/portal\/wp-json\/wp\/v2\/categories?post=900372"},{"taxonomy":"post_tag","embeddable":true,"href":"https:\/\/www.pm.pb.gov.br\/portal\/wp-json\/wp\/v2\/tags?post=900372"}],"curies":[{"name":"wp","href":"https:\/\/api.w.org\/{rel}","templated":true}]}}