{"id":900359,"date":"2019-04-05T14:17:33","date_gmt":"2019-04-05T17:17:33","guid":{"rendered":"http:\/\/www.pm.pb.gov.br\/portal\/?p=900359"},"modified":"2019-04-05T15:17:27","modified_gmt":"2019-04-05T18:17:27","slug":"presenca-das-familias-no-comando-geral-marca-solenidade-de-posse-de-oficiais-em-novas-funcoes","status":"publish","type":"post","link":"https:\/\/www.pm.pb.gov.br\/portal\/2019\/04\/05\/presenca-das-familias-no-comando-geral-marca-solenidade-de-posse-de-oficiais-em-novas-funcoes\/","title":{"rendered":"Presen\u00e7a das fam\u00edlias no comando-geral marca solenidade de posse de oficiais em novas fun\u00e7\u00f5es"},"content":{"rendered":"\n<p>Abra\u00e7os, agradecimentos e a presen\u00e7a das fam\u00edlias no quartel do comando-geral da Pol\u00edcia Militar marcaram a solenidade de posse dos oficiais que assumem, a partir desta sexta-feira (5), fun\u00e7\u00f5es em dez \u00f3rg\u00e3os de dire\u00e7\u00f5es estrat\u00e9gica, setorial e de execu\u00e7\u00e3o da PM. A cerimonia foi presidida pelo comandante-geral, coronel Euller Chaves, que chegou de viagem direto para o evento, ap\u00f3s participar da reuni\u00e3o do Conselho Nacional de Comandantes-Gerais, que aconteceu no Rio de Janeiro.<\/p>\n\n\n\n<p>O primeiro momento de emo\u00e7\u00e3o ficou por conta da entrega da l\u00e1urea do m\u00e9rito disciplinar Jos\u00e9 Maria Braz ao 2\u00ba sargento da Guarda Militar da Reserva Nilson Batista do Nascimento, que no \u00faltimo fim de semana salvou a vida de um menino de 10 meses, que foi levado pela m\u00e3e at\u00e9 \u00e0 Unidade de Pol\u00edcia Solid\u00e1ria (UPS) do Geisel, engasgado com leite materno, j\u00e1 perdendo sinais vitais. O militar foi condecorado na presen\u00e7a da fam\u00edlia e recebeu o agradecimento de todos os familiares da crian\u00e7a salva.<\/p>\n\n\n\n<p>&nbsp;No evento, o coronel Joseliton de Souza assumiu a coordena\u00e7\u00e3o-geral do Estado-Maior Estrat\u00e9gico, com o tenente-coronel Walter Dias como adjunto; o coronel Almeida Martins tomou posse como diretor geral do Instituto Hospitalar General Edson Ramalho; o tenente-coronel Ysmar Mota assumiu a Ajud\u00e2ncia Geral; tenente-coronel Jobson Vin\u00edcius tomou posse como novo diretor de finan\u00e7as; Major Jom\u00e1rio Fernandes assumiu a Coordenadoria de Integra\u00e7\u00e3o Comunit\u00e1ria e Direitos Humanos; o major Daniel Limeira tomou posse no comando do Batalh\u00e3o de Pol\u00edcia Ambiental, com o major Fabian Alecsandro, como subcomandante; major Melquisedec Lima assumiu o subcomando do 1\u00ba Batalh\u00e3o; e o capit\u00e3o Jo\u00e3o Segundo tomou posse e foi apresentado como o novo Coordenador de Comunica\u00e7\u00e3o Social e Marketing da Institui\u00e7\u00e3o.<\/p>\n\n\n\n<p>&nbsp;\u201cA Pol\u00edcia Militar da Para\u00edba \u00e9 conduzida por gestos e a\u00e7\u00f5es que esta solenidade muito bem apresenta. \u00c9 reconhecimento p\u00fablico, abra\u00e7os, f\u00e9, presen\u00e7a das fam\u00edlias e desafios profissionais constantes. \u00c9 assim que renovamos a cada dia a nossa miss\u00e3o, irmanados e unidos em um s\u00f3 sentimento: servir e proteger mais e melhor os paraibanos\u201d, descreveu o comandante-geral da Pol\u00edcia Militar, coronel Euller Chaves, ao falar para o p\u00fablico presente.&nbsp; &nbsp;<\/p>\n\n\n\n<p>&nbsp;EMO\u00c7\u00c3O E DESPEDIDA &#8211; Um dos momentos mais marcantes foi a despedida da Coronel Socorro Uch\u00f4a, que passou a dire\u00e7\u00e3o do Instituto Hospitalar General Edson Ramalho. Ela \u00e9 da primeira turma de mulheres que entrou na Pol\u00edcia Militar e, ao longo dos \u00faltimos 32 anos de profiss\u00e3o, marcou hist\u00f3ria ao exercer fun\u00e7\u00f5es de comando na \u00e1rea de educa\u00e7\u00e3o, a exemplo da dire\u00e7\u00e3o do Col\u00e9gio da Pol\u00edcia Militar, na \u00e1rea operacional, sendo a primeira mulher a comandar o Batalh\u00e3o de Pol\u00edcia de Tr\u00e2nsito Urbano e Rodovi\u00e1rio (BPTran), e na \u00e1rea de sa\u00fade, como diretora do hospital.<\/p>\n","protected":false},"excerpt":{"rendered":"<p>Abra\u00e7os, agradecimentos e a presen\u00e7a das fam\u00edlias no quartel do comando-geral da Pol\u00edcia Militar marcaram a solenidade de posse dos<\/p>\n","protected":false},"author":10,"featured_media":900360,"comment_status":"closed","ping_status":"closed","sticky":false,"template":"","format":"standard","meta":{"_exactmetrics_skip_tracking":false,"_exactmetrics_sitenote_active":false,"_exactmetrics_sitenote_note":"","_exactmetrics_sitenote_category":0,"footnotes":""},"categories":[5],"tags":[],"yoast_head":"<!-- This site is optimized with the Yoast SEO plugin v22.0 - https:\/\/yoast.com\/wordpress\/plugins\/seo\/ -->\n<title>Presen\u00e7a das fam\u00edlias no comando-geral marca solenidade de posse de oficiais em novas fun\u00e7\u00f5es - Pol\u00edcia Militar da Para\u00edba<\/title>\n<meta name=\"robots\" content=\"index, follow, max-snippet:-1, max-image-preview:large, max-video-preview:-1\" \/>\n<link rel=\"canonical\" href=\"https:\/\/www.pm.pb.gov.br\/portal\/2019\/04\/05\/presenca-das-familias-no-comando-geral-marca-solenidade-de-posse-de-oficiais-em-novas-funcoes\/\" \/>\n<meta property=\"og:locale\" content=\"pt_BR\" \/>\n<meta property=\"og:type\" content=\"article\" \/>\n<meta property=\"og:title\" content=\"Presen\u00e7a das fam\u00edlias no comando-geral marca solenidade de posse de oficiais em novas fun\u00e7\u00f5es - Pol\u00edcia Militar da Para\u00edba\" \/>\n<meta property=\"og:description\" content=\"Abra\u00e7os, agradecimentos e a presen\u00e7a das fam\u00edlias no quartel do comando-geral da Pol\u00edcia Militar marcaram a solenidade de posse dos\" \/>\n<meta property=\"og:url\" content=\"https:\/\/www.pm.pb.gov.br\/portal\/2019\/04\/05\/presenca-das-familias-no-comando-geral-marca-solenidade-de-posse-de-oficiais-em-novas-funcoes\/\" \/>\n<meta property=\"og:site_name\" content=\"Pol\u00edcia Militar da Para\u00edba\" \/>\n<meta property=\"article:published_time\" content=\"2019-04-05T17:17:33+00:00\" \/>\n<meta property=\"article:modified_time\" content=\"2019-04-05T18:17:27+00:00\" \/>\n<meta property=\"og:image\" content=\"https:\/\/www.pm.pb.gov.br\/portal\/wp-content\/uploads\/2019\/04\/DSC_2696.jpg\" \/>\n\t<meta property=\"og:image:width\" content=\"3896\" \/>\n\t<meta property=\"og:image:height\" content=\"2616\" \/>\n\t<meta property=\"og:image:type\" content=\"image\/jpeg\" \/>\n<meta name=\"author\" content=\"WAGNER HENRIQUE VARELA DA SILVA\" \/>\n<meta name=\"twitter:card\" content=\"summary_large_image\" \/>\n<meta name=\"twitter:label1\" content=\"Escrito por\" \/>\n\t<meta name=\"twitter:data1\" content=\"WAGNER HENRIQUE VARELA DA SILVA\" \/>\n\t<meta name=\"twitter:label2\" content=\"Est. tempo de leitura\" \/>\n\t<meta name=\"twitter:data2\" content=\"2 minutos\" \/>\n<script type=\"application\/ld+json\" class=\"yoast-schema-graph\">{\"@context\":\"https:\/\/schema.org\",\"@graph\":[{\"@type\":\"Article\",\"@id\":\"https:\/\/www.pm.pb.gov.br\/portal\/2019\/04\/05\/presenca-das-familias-no-comando-geral-marca-solenidade-de-posse-de-oficiais-em-novas-funcoes\/#article\",\"isPartOf\":{\"@id\":\"https:\/\/www.pm.pb.gov.br\/portal\/2019\/04\/05\/presenca-das-familias-no-comando-geral-marca-solenidade-de-posse-de-oficiais-em-novas-funcoes\/\"},\"author\":{\"name\":\"WAGNER HENRIQUE VARELA DA SILVA\",\"@id\":\"https:\/\/www.pm.pb.gov.br\/portal\/#\/schema\/person\/b169b297b8494dea236e315ed1a201d1\"},\"headline\":\"Presen\u00e7a das fam\u00edlias no comando-geral marca solenidade de posse de oficiais em novas fun\u00e7\u00f5es\",\"datePublished\":\"2019-04-05T17:17:33+00:00\",\"dateModified\":\"2019-04-05T18:17:27+00:00\",\"mainEntityOfPage\":{\"@id\":\"https:\/\/www.pm.pb.gov.br\/portal\/2019\/04\/05\/presenca-das-familias-no-comando-geral-marca-solenidade-de-posse-de-oficiais-em-novas-funcoes\/\"},\"wordCount\":511,\"publisher\":{\"@id\":\"https:\/\/www.pm.pb.gov.br\/portal\/#organization\"},\"articleSection\":[\"Homenagens\"],\"inLanguage\":\"pt-BR\"},{\"@type\":\"WebPage\",\"@id\":\"https:\/\/www.pm.pb.gov.br\/portal\/2019\/04\/05\/presenca-das-familias-no-comando-geral-marca-solenidade-de-posse-de-oficiais-em-novas-funcoes\/\",\"url\":\"https:\/\/www.pm.pb.gov.br\/portal\/2019\/04\/05\/presenca-das-familias-no-comando-geral-marca-solenidade-de-posse-de-oficiais-em-novas-funcoes\/\",\"name\":\"Presen\u00e7a das fam\u00edlias no comando-geral marca solenidade de posse de oficiais em novas fun\u00e7\u00f5es - Pol\u00edcia Militar da Para\u00edba\",\"isPartOf\":{\"@id\":\"https:\/\/www.pm.pb.gov.br\/portal\/#website\"},\"datePublished\":\"2019-04-05T17:17:33+00:00\",\"dateModified\":\"2019-04-05T18:17:27+00:00\",\"breadcrumb\":{\"@id\":\"https:\/\/www.pm.pb.gov.br\/portal\/2019\/04\/05\/presenca-das-familias-no-comando-geral-marca-solenidade-de-posse-de-oficiais-em-novas-funcoes\/#breadcrumb\"},\"inLanguage\":\"pt-BR\",\"potentialAction\":[{\"@type\":\"ReadAction\",\"target\":[\"https:\/\/www.pm.pb.gov.br\/portal\/2019\/04\/05\/presenca-das-familias-no-comando-geral-marca-solenidade-de-posse-de-oficiais-em-novas-funcoes\/\"]}]},{\"@type\":\"BreadcrumbList\",\"@id\":\"https:\/\/www.pm.pb.gov.br\/portal\/2019\/04\/05\/presenca-das-familias-no-comando-geral-marca-solenidade-de-posse-de-oficiais-em-novas-funcoes\/#breadcrumb\",\"itemListElement\":[{\"@type\":\"ListItem\",\"position\":1,\"name\":\"In\u00edcio\",\"item\":\"https:\/\/www.pm.pb.gov.br\/portal\/\"},{\"@type\":\"ListItem\",\"position\":2,\"name\":\"Presen\u00e7a das fam\u00edlias no comando-geral marca solenidade de posse de oficiais em novas fun\u00e7\u00f5es\"}]},{\"@type\":\"WebSite\",\"@id\":\"https:\/\/www.pm.pb.gov.br\/portal\/#website\",\"url\":\"https:\/\/www.pm.pb.gov.br\/portal\/\",\"name\":\"Pol\u00edcia Militar da Para\u00edba\",\"description\":\"\",\"publisher\":{\"@id\":\"https:\/\/www.pm.pb.gov.br\/portal\/#organization\"},\"potentialAction\":[{\"@type\":\"SearchAction\",\"target\":{\"@type\":\"EntryPoint\",\"urlTemplate\":\"https:\/\/www.pm.pb.gov.br\/portal\/?s={search_term_string}\"},\"query-input\":\"required name=search_term_string\"}],\"inLanguage\":\"pt-BR\"},{\"@type\":\"Organization\",\"@id\":\"https:\/\/www.pm.pb.gov.br\/portal\/#organization\",\"name\":\"Pol\u00edcia Militar da Para\u00edba\",\"url\":\"https:\/\/www.pm.pb.gov.br\/portal\/\",\"logo\":{\"@type\":\"ImageObject\",\"inLanguage\":\"pt-BR\",\"@id\":\"https:\/\/www.pm.pb.gov.br\/portal\/#\/schema\/logo\/image\/\",\"url\":\"https:\/\/www.pm.pb.gov.br\/portal\/wp-content\/uploads\/2025\/03\/cropped-logo-site-mag2-1.png\",\"contentUrl\":\"https:\/\/www.pm.pb.gov.br\/portal\/wp-content\/uploads\/2025\/03\/cropped-logo-site-mag2-1.png\",\"width\":320,\"height\":90,\"caption\":\"Pol\u00edcia Militar da Para\u00edba\"},\"image\":{\"@id\":\"https:\/\/www.pm.pb.gov.br\/portal\/#\/schema\/logo\/image\/\"}},{\"@type\":\"Person\",\"@id\":\"https:\/\/www.pm.pb.gov.br\/portal\/#\/schema\/person\/b169b297b8494dea236e315ed1a201d1\",\"name\":\"WAGNER HENRIQUE VARELA DA SILVA\",\"image\":{\"@type\":\"ImageObject\",\"inLanguage\":\"pt-BR\",\"@id\":\"https:\/\/www.pm.pb.gov.br\/portal\/#\/schema\/person\/image\/\",\"url\":\"https:\/\/secure.gravatar.com\/avatar\/e08af53176a66730df5c0706c6c31fd6?s=96&d=mm&r=g\",\"contentUrl\":\"https:\/\/secure.gravatar.com\/avatar\/e08af53176a66730df5c0706c6c31fd6?s=96&d=mm&r=g\",\"caption\":\"WAGNER HENRIQUE VARELA DA SILVA\"},\"url\":\"https:\/\/www.pm.pb.gov.br\/portal\/author\/varela\/\"}]}<\/script>\n<!-- \/ Yoast SEO plugin. -->","yoast_head_json":{"title":"Presen\u00e7a das fam\u00edlias no comando-geral marca solenidade de posse de oficiais em novas fun\u00e7\u00f5es - Pol\u00edcia Militar da Para\u00edba","robots":{"index":"index","follow":"follow","max-snippet":"max-snippet:-1","max-image-preview":"max-image-preview:large","max-video-preview":"max-video-preview:-1"},"canonical":"https:\/\/www.pm.pb.gov.br\/portal\/2019\/04\/05\/presenca-das-familias-no-comando-geral-marca-solenidade-de-posse-de-oficiais-em-novas-funcoes\/","og_locale":"pt_BR","og_type":"article","og_title":"Presen\u00e7a das fam\u00edlias no comando-geral marca solenidade de posse de oficiais em novas fun\u00e7\u00f5es - Pol\u00edcia Militar da Para\u00edba","og_description":"Abra\u00e7os, agradecimentos e a presen\u00e7a das fam\u00edlias no quartel do comando-geral da Pol\u00edcia Militar marcaram a solenidade de posse dos","og_url":"https:\/\/www.pm.pb.gov.br\/portal\/2019\/04\/05\/presenca-das-familias-no-comando-geral-marca-solenidade-de-posse-de-oficiais-em-novas-funcoes\/","og_site_name":"Pol\u00edcia Militar da Para\u00edba","article_published_time":"2019-04-05T17:17:33+00:00","article_modified_time":"2019-04-05T18:17:27+00:00","og_image":[{"width":3896,"height":2616,"url":"https:\/\/www.pm.pb.gov.br\/portal\/wp-content\/uploads\/2019\/04\/DSC_2696.jpg","type":"image\/jpeg"}],"author":"WAGNER HENRIQUE VARELA DA SILVA","twitter_card":"summary_large_image","twitter_misc":{"Escrito por":"WAGNER HENRIQUE VARELA DA SILVA","Est. tempo de leitura":"2 minutos"},"schema":{"@context":"https:\/\/schema.org","@graph":[{"@type":"Article","@id":"https:\/\/www.pm.pb.gov.br\/portal\/2019\/04\/05\/presenca-das-familias-no-comando-geral-marca-solenidade-de-posse-de-oficiais-em-novas-funcoes\/#article","isPartOf":{"@id":"https:\/\/www.pm.pb.gov.br\/portal\/2019\/04\/05\/presenca-das-familias-no-comando-geral-marca-solenidade-de-posse-de-oficiais-em-novas-funcoes\/"},"author":{"name":"WAGNER HENRIQUE VARELA DA SILVA","@id":"https:\/\/www.pm.pb.gov.br\/portal\/#\/schema\/person\/b169b297b8494dea236e315ed1a201d1"},"headline":"Presen\u00e7a das fam\u00edlias no comando-geral marca solenidade de posse de oficiais em novas fun\u00e7\u00f5es","datePublished":"2019-04-05T17:17:33+00:00","dateModified":"2019-04-05T18:17:27+00:00","mainEntityOfPage":{"@id":"https:\/\/www.pm.pb.gov.br\/portal\/2019\/04\/05\/presenca-das-familias-no-comando-geral-marca-solenidade-de-posse-de-oficiais-em-novas-funcoes\/"},"wordCount":511,"publisher":{"@id":"https:\/\/www.pm.pb.gov.br\/portal\/#organization"},"articleSection":["Homenagens"],"inLanguage":"pt-BR"},{"@type":"WebPage","@id":"https:\/\/www.pm.pb.gov.br\/portal\/2019\/04\/05\/presenca-das-familias-no-comando-geral-marca-solenidade-de-posse-de-oficiais-em-novas-funcoes\/","url":"https:\/\/www.pm.pb.gov.br\/portal\/2019\/04\/05\/presenca-das-familias-no-comando-geral-marca-solenidade-de-posse-de-oficiais-em-novas-funcoes\/","name":"Presen\u00e7a das fam\u00edlias no comando-geral marca solenidade de posse de oficiais em novas fun\u00e7\u00f5es - Pol\u00edcia Militar da Para\u00edba","isPartOf":{"@id":"https:\/\/www.pm.pb.gov.br\/portal\/#website"},"datePublished":"2019-04-05T17:17:33+00:00","dateModified":"2019-04-05T18:17:27+00:00","breadcrumb":{"@id":"https:\/\/www.pm.pb.gov.br\/portal\/2019\/04\/05\/presenca-das-familias-no-comando-geral-marca-solenidade-de-posse-de-oficiais-em-novas-funcoes\/#breadcrumb"},"inLanguage":"pt-BR","potentialAction":[{"@type":"ReadAction","target":["https:\/\/www.pm.pb.gov.br\/portal\/2019\/04\/05\/presenca-das-familias-no-comando-geral-marca-solenidade-de-posse-de-oficiais-em-novas-funcoes\/"]}]},{"@type":"BreadcrumbList","@id":"https:\/\/www.pm.pb.gov.br\/portal\/2019\/04\/05\/presenca-das-familias-no-comando-geral-marca-solenidade-de-posse-de-oficiais-em-novas-funcoes\/#breadcrumb","itemListElement":[{"@type":"ListItem","position":1,"name":"In\u00edcio","item":"https:\/\/www.pm.pb.gov.br\/portal\/"},{"@type":"ListItem","position":2,"name":"Presen\u00e7a das fam\u00edlias no comando-geral marca solenidade de posse de oficiais em novas fun\u00e7\u00f5es"}]},{"@type":"WebSite","@id":"https:\/\/www.pm.pb.gov.br\/portal\/#website","url":"https:\/\/www.pm.pb.gov.br\/portal\/","name":"Pol\u00edcia Militar da Para\u00edba","description":"","publisher":{"@id":"https:\/\/www.pm.pb.gov.br\/portal\/#organization"},"potentialAction":[{"@type":"SearchAction","target":{"@type":"EntryPoint","urlTemplate":"https:\/\/www.pm.pb.gov.br\/portal\/?s={search_term_string}"},"query-input":"required name=search_term_string"}],"inLanguage":"pt-BR"},{"@type":"Organization","@id":"https:\/\/www.pm.pb.gov.br\/portal\/#organization","name":"Pol\u00edcia Militar da Para\u00edba","url":"https:\/\/www.pm.pb.gov.br\/portal\/","logo":{"@type":"ImageObject","inLanguage":"pt-BR","@id":"https:\/\/www.pm.pb.gov.br\/portal\/#\/schema\/logo\/image\/","url":"https:\/\/www.pm.pb.gov.br\/portal\/wp-content\/uploads\/2025\/03\/cropped-logo-site-mag2-1.png","contentUrl":"https:\/\/www.pm.pb.gov.br\/portal\/wp-content\/uploads\/2025\/03\/cropped-logo-site-mag2-1.png","width":320,"height":90,"caption":"Pol\u00edcia Militar da Para\u00edba"},"image":{"@id":"https:\/\/www.pm.pb.gov.br\/portal\/#\/schema\/logo\/image\/"}},{"@type":"Person","@id":"https:\/\/www.pm.pb.gov.br\/portal\/#\/schema\/person\/b169b297b8494dea236e315ed1a201d1","name":"WAGNER HENRIQUE VARELA DA SILVA","image":{"@type":"ImageObject","inLanguage":"pt-BR","@id":"https:\/\/www.pm.pb.gov.br\/portal\/#\/schema\/person\/image\/","url":"https:\/\/secure.gravatar.com\/avatar\/e08af53176a66730df5c0706c6c31fd6?s=96&d=mm&r=g","contentUrl":"https:\/\/secure.gravatar.com\/avatar\/e08af53176a66730df5c0706c6c31fd6?s=96&d=mm&r=g","caption":"WAGNER HENRIQUE VARELA DA SILVA"},"url":"https:\/\/www.pm.pb.gov.br\/portal\/author\/varela\/"}]}},"_links":{"self":[{"href":"https:\/\/www.pm.pb.gov.br\/portal\/wp-json\/wp\/v2\/posts\/900359"}],"collection":[{"href":"https:\/\/www.pm.pb.gov.br\/portal\/wp-json\/wp\/v2\/posts"}],"about":[{"href":"https:\/\/www.pm.pb.gov.br\/portal\/wp-json\/wp\/v2\/types\/post"}],"author":[{"embeddable":true,"href":"https:\/\/www.pm.pb.gov.br\/portal\/wp-json\/wp\/v2\/users\/10"}],"replies":[{"embeddable":true,"href":"https:\/\/www.pm.pb.gov.br\/portal\/wp-json\/wp\/v2\/comments?post=900359"}],"version-history":[{"count":1,"href":"https:\/\/www.pm.pb.gov.br\/portal\/wp-json\/wp\/v2\/posts\/900359\/revisions"}],"predecessor-version":[{"id":900361,"href":"https:\/\/www.pm.pb.gov.br\/portal\/wp-json\/wp\/v2\/posts\/900359\/revisions\/900361"}],"wp:featuredmedia":[{"embeddable":true,"href":"https:\/\/www.pm.pb.gov.br\/portal\/wp-json\/wp\/v2\/media\/900360"}],"wp:attachment":[{"href":"https:\/\/www.pm.pb.gov.br\/portal\/wp-json\/wp\/v2\/media?parent=900359"}],"wp:term":[{"taxonomy":"category","embeddable":true,"href":"https:\/\/www.pm.pb.gov.br\/portal\/wp-json\/wp\/v2\/categories?post=900359"},{"taxonomy":"post_tag","embeddable":true,"href":"https:\/\/www.pm.pb.gov.br\/portal\/wp-json\/wp\/v2\/tags?post=900359"}],"curies":[{"name":"wp","href":"https:\/\/api.w.org\/{rel}","templated":true}]}}