{"id":900283,"date":"2019-03-29T20:57:26","date_gmt":"2019-03-29T23:57:26","guid":{"rendered":"http:\/\/www.pm.pb.gov.br\/portal\/?p=900283"},"modified":"2019-03-29T22:16:21","modified_gmt":"2019-03-30T01:16:21","slug":"seguranca-publica-define-acoes-para-reducao-de-homicidios-e-crimes-patrimoniais-no-sertao-da-paraiba","status":"publish","type":"post","link":"https:\/\/www.pm.pb.gov.br\/portal\/2019\/03\/29\/seguranca-publica-define-acoes-para-reducao-de-homicidios-e-crimes-patrimoniais-no-sertao-da-paraiba\/","title":{"rendered":"Seguran\u00e7a P\u00fablica define a\u00e7\u00f5es para redu\u00e7\u00e3o de homic\u00eddios e crimes patrimoniais no Sert\u00e3o da Para\u00edba"},"content":{"rendered":"\n<p>Discutir a\u00e7\u00f5es estrat\u00e9gicas de enfrentamento da viol\u00eancia no sert\u00e3o do Estado foi o objetivo da reuni\u00e3o realizada na tarde dessa quinta-feira (28), em Patos, com gestores da Seguran\u00e7a P\u00fablica e da Defesa Social da Para\u00edba (Sesds). No encontro, o secret\u00e1rio Jean Nunes, o comandante da Pol\u00edcia Militar, coronel Euller Chaves, o delegado geral de Pol\u00edcia Civil, Isa\u00edas Gualberto, e o comandante geral do Corpo de Bombeiros Militar, coronel Marcelo Ara\u00fajo, refor\u00e7aram a integra\u00e7\u00e3o entre as institui\u00e7\u00f5es para realizar trabalhos voltados \u00e0 redu\u00e7\u00e3o de indicadores de crimes contra a vida e contra o patrim\u00f4nio, entre eles a for\u00e7a-tarefa criada para combater as ocorr\u00eancias contra institui\u00e7\u00f5es financeiras. Representantes da Secretaria de Administra\u00e7\u00e3o Penitenci\u00e1ria tamb\u00e9m estiveram presentes no evento, que aconteceu na Faculdades Integradas de Patos (FIP).<\/p>\n\n\n\n<p>Durante a reuni\u00e3o, o N\u00facleo de An\u00e1lise Criminal e Estat\u00edstica da Sesds apresentaram aos gestores da 3\u00aa Regi\u00e3o Integrada de Seguran\u00e7a P\u00fablica (Reisp) novos indicadores, que ser\u00e3o utilizados para qualificar a contagem de ocorr\u00eancias, abrangendo crimes contra a vida, desaparecimento de pessoas, ocorr\u00eancias de tr\u00e2nsito, subtra\u00e7\u00e3o e recupera\u00e7\u00e3o de ve\u00edculos, crimes patrimoniais contra institui\u00e7\u00f5es financeiras, resgates, socorros, elucida\u00e7\u00f5es de assassinatos, entre outros.<\/p>\n\n\n\n<p>&#8220;Precisamos ouvir a tropa, estar junto dela nos momentos operacionais e tamb\u00e9m administrativos. Esse momento de reuni\u00e3o \u00e9 muito importante, porque conseguimos ouvir cada policial civil, militar e bombeiro, com as suas necessidades e melhor planejar. Na medida em que apresentamos novos indicadores e intensificamos as a\u00e7\u00f5es, sentimos o est\u00edmulo que todos t\u00eam, participando da reuni\u00e3o, recepcionam as informa\u00e7\u00f5es e demandas, e renovam o esp\u00edrito para continuar o trabalho de redu\u00e7\u00e3o dos \u00edndices de criminalidade na Para\u00edba&#8221;, afirmou Jean Nunes, frisando que outros encontros entre gestores das for\u00e7as de Seguran\u00e7a P\u00fablica foram realizados em Jo\u00e3o Pessoa e em Campina Grande.<\/p>\n\n\n\n<p>O chefe da pasta tamb\u00e9m destacou as a\u00e7\u00f5es da for\u00e7a-tarefa de enfrentamento dos crimes contra institui\u00e7\u00f5es financeiras. &#8220;Foram designadas unidades da capital, Campina Grande e Patos para atuar nessa frente, porque h\u00e1 uma necessidade de andar juntos nessas tr\u00eas regi\u00f5es, com uma comunica\u00e7\u00e3o cada vez mais r\u00e1pida e compartilhamento de informa\u00e7\u00f5es. Tamb\u00e9m estamos integrando com estados vizinhos e a\u00e7\u00f5es j\u00e1 em conjunto com Pernambuco, que tem uma for\u00e7a-tarefa, e vamos procurar Rio Grande do Norte e Cear\u00e1 para agregar a esse trabalho, de forma din\u00e2mica e institucional&#8221;, destacou Jean Nunes.<\/p>\n","protected":false},"excerpt":{"rendered":"<p>Discutir a\u00e7\u00f5es estrat\u00e9gicas de enfrentamento da viol\u00eancia no sert\u00e3o do Estado foi o objetivo da reuni\u00e3o realizada na tarde dessa<\/p>\n","protected":false},"author":10,"featured_media":900284,"comment_status":"closed","ping_status":"closed","sticky":false,"template":"","format":"standard","meta":{"_exactmetrics_skip_tracking":false,"_exactmetrics_sitenote_active":false,"_exactmetrics_sitenote_note":"","_exactmetrics_sitenote_category":0,"footnotes":""},"categories":[4],"tags":[],"yoast_head":"<!-- This site is optimized with the Yoast SEO plugin v22.0 - https:\/\/yoast.com\/wordpress\/plugins\/seo\/ -->\n<title>Seguran\u00e7a P\u00fablica define a\u00e7\u00f5es para redu\u00e7\u00e3o de homic\u00eddios e crimes patrimoniais no Sert\u00e3o da Para\u00edba - Pol\u00edcia Militar da Para\u00edba<\/title>\n<meta name=\"robots\" content=\"index, follow, max-snippet:-1, max-image-preview:large, max-video-preview:-1\" \/>\n<link rel=\"canonical\" href=\"https:\/\/www.pm.pb.gov.br\/portal\/2019\/03\/29\/seguranca-publica-define-acoes-para-reducao-de-homicidios-e-crimes-patrimoniais-no-sertao-da-paraiba\/\" \/>\n<meta property=\"og:locale\" content=\"pt_BR\" \/>\n<meta property=\"og:type\" content=\"article\" \/>\n<meta property=\"og:title\" content=\"Seguran\u00e7a P\u00fablica define a\u00e7\u00f5es para redu\u00e7\u00e3o de homic\u00eddios e crimes patrimoniais no Sert\u00e3o da Para\u00edba - Pol\u00edcia Militar da Para\u00edba\" \/>\n<meta property=\"og:description\" content=\"Discutir a\u00e7\u00f5es estrat\u00e9gicas de enfrentamento da viol\u00eancia no sert\u00e3o do Estado foi o objetivo da reuni\u00e3o realizada na tarde dessa\" \/>\n<meta property=\"og:url\" content=\"https:\/\/www.pm.pb.gov.br\/portal\/2019\/03\/29\/seguranca-publica-define-acoes-para-reducao-de-homicidios-e-crimes-patrimoniais-no-sertao-da-paraiba\/\" \/>\n<meta property=\"og:site_name\" content=\"Pol\u00edcia Militar da Para\u00edba\" \/>\n<meta property=\"article:published_time\" content=\"2019-03-29T23:57:26+00:00\" \/>\n<meta property=\"article:modified_time\" content=\"2019-03-30T01:16:21+00:00\" \/>\n<meta property=\"og:image\" content=\"https:\/\/www.pm.pb.gov.br\/portal\/wp-content\/uploads\/2019\/03\/WhatsApp-Image-2019-03-29-at-19.42.36.jpeg\" \/>\n\t<meta property=\"og:image:width\" content=\"1280\" \/>\n\t<meta property=\"og:image:height\" content=\"853\" \/>\n\t<meta property=\"og:image:type\" content=\"image\/jpeg\" \/>\n<meta name=\"author\" content=\"WAGNER HENRIQUE VARELA DA SILVA\" \/>\n<meta name=\"twitter:card\" content=\"summary_large_image\" \/>\n<meta name=\"twitter:label1\" content=\"Escrito por\" \/>\n\t<meta name=\"twitter:data1\" content=\"WAGNER HENRIQUE VARELA DA SILVA\" \/>\n\t<meta name=\"twitter:label2\" content=\"Est. tempo de leitura\" \/>\n\t<meta name=\"twitter:data2\" content=\"2 minutos\" \/>\n<script type=\"application\/ld+json\" class=\"yoast-schema-graph\">{\"@context\":\"https:\/\/schema.org\",\"@graph\":[{\"@type\":\"Article\",\"@id\":\"https:\/\/www.pm.pb.gov.br\/portal\/2019\/03\/29\/seguranca-publica-define-acoes-para-reducao-de-homicidios-e-crimes-patrimoniais-no-sertao-da-paraiba\/#article\",\"isPartOf\":{\"@id\":\"https:\/\/www.pm.pb.gov.br\/portal\/2019\/03\/29\/seguranca-publica-define-acoes-para-reducao-de-homicidios-e-crimes-patrimoniais-no-sertao-da-paraiba\/\"},\"author\":{\"name\":\"WAGNER HENRIQUE VARELA DA SILVA\",\"@id\":\"https:\/\/www.pm.pb.gov.br\/portal\/#\/schema\/person\/b169b297b8494dea236e315ed1a201d1\"},\"headline\":\"Seguran\u00e7a P\u00fablica define a\u00e7\u00f5es para redu\u00e7\u00e3o de homic\u00eddios e crimes patrimoniais no Sert\u00e3o da Para\u00edba\",\"datePublished\":\"2019-03-29T23:57:26+00:00\",\"dateModified\":\"2019-03-30T01:16:21+00:00\",\"mainEntityOfPage\":{\"@id\":\"https:\/\/www.pm.pb.gov.br\/portal\/2019\/03\/29\/seguranca-publica-define-acoes-para-reducao-de-homicidios-e-crimes-patrimoniais-no-sertao-da-paraiba\/\"},\"wordCount\":461,\"publisher\":{\"@id\":\"https:\/\/www.pm.pb.gov.br\/portal\/#organization\"},\"articleSection\":[\"A\u00e7\u00f5es Policiais\"],\"inLanguage\":\"pt-BR\"},{\"@type\":\"WebPage\",\"@id\":\"https:\/\/www.pm.pb.gov.br\/portal\/2019\/03\/29\/seguranca-publica-define-acoes-para-reducao-de-homicidios-e-crimes-patrimoniais-no-sertao-da-paraiba\/\",\"url\":\"https:\/\/www.pm.pb.gov.br\/portal\/2019\/03\/29\/seguranca-publica-define-acoes-para-reducao-de-homicidios-e-crimes-patrimoniais-no-sertao-da-paraiba\/\",\"name\":\"Seguran\u00e7a P\u00fablica define a\u00e7\u00f5es para redu\u00e7\u00e3o de homic\u00eddios e crimes patrimoniais no Sert\u00e3o da Para\u00edba - Pol\u00edcia Militar da Para\u00edba\",\"isPartOf\":{\"@id\":\"https:\/\/www.pm.pb.gov.br\/portal\/#website\"},\"datePublished\":\"2019-03-29T23:57:26+00:00\",\"dateModified\":\"2019-03-30T01:16:21+00:00\",\"breadcrumb\":{\"@id\":\"https:\/\/www.pm.pb.gov.br\/portal\/2019\/03\/29\/seguranca-publica-define-acoes-para-reducao-de-homicidios-e-crimes-patrimoniais-no-sertao-da-paraiba\/#breadcrumb\"},\"inLanguage\":\"pt-BR\",\"potentialAction\":[{\"@type\":\"ReadAction\",\"target\":[\"https:\/\/www.pm.pb.gov.br\/portal\/2019\/03\/29\/seguranca-publica-define-acoes-para-reducao-de-homicidios-e-crimes-patrimoniais-no-sertao-da-paraiba\/\"]}]},{\"@type\":\"BreadcrumbList\",\"@id\":\"https:\/\/www.pm.pb.gov.br\/portal\/2019\/03\/29\/seguranca-publica-define-acoes-para-reducao-de-homicidios-e-crimes-patrimoniais-no-sertao-da-paraiba\/#breadcrumb\",\"itemListElement\":[{\"@type\":\"ListItem\",\"position\":1,\"name\":\"In\u00edcio\",\"item\":\"https:\/\/www.pm.pb.gov.br\/portal\/\"},{\"@type\":\"ListItem\",\"position\":2,\"name\":\"Seguran\u00e7a P\u00fablica define a\u00e7\u00f5es para redu\u00e7\u00e3o de homic\u00eddios e crimes patrimoniais no Sert\u00e3o da Para\u00edba\"}]},{\"@type\":\"WebSite\",\"@id\":\"https:\/\/www.pm.pb.gov.br\/portal\/#website\",\"url\":\"https:\/\/www.pm.pb.gov.br\/portal\/\",\"name\":\"Pol\u00edcia Militar da Para\u00edba\",\"description\":\"\",\"publisher\":{\"@id\":\"https:\/\/www.pm.pb.gov.br\/portal\/#organization\"},\"potentialAction\":[{\"@type\":\"SearchAction\",\"target\":{\"@type\":\"EntryPoint\",\"urlTemplate\":\"https:\/\/www.pm.pb.gov.br\/portal\/?s={search_term_string}\"},\"query-input\":\"required name=search_term_string\"}],\"inLanguage\":\"pt-BR\"},{\"@type\":\"Organization\",\"@id\":\"https:\/\/www.pm.pb.gov.br\/portal\/#organization\",\"name\":\"Pol\u00edcia Militar da Para\u00edba\",\"url\":\"https:\/\/www.pm.pb.gov.br\/portal\/\",\"logo\":{\"@type\":\"ImageObject\",\"inLanguage\":\"pt-BR\",\"@id\":\"https:\/\/www.pm.pb.gov.br\/portal\/#\/schema\/logo\/image\/\",\"url\":\"https:\/\/www.pm.pb.gov.br\/portal\/wp-content\/uploads\/2025\/03\/cropped-logo-site-mag2-1.png\",\"contentUrl\":\"https:\/\/www.pm.pb.gov.br\/portal\/wp-content\/uploads\/2025\/03\/cropped-logo-site-mag2-1.png\",\"width\":320,\"height\":90,\"caption\":\"Pol\u00edcia Militar da Para\u00edba\"},\"image\":{\"@id\":\"https:\/\/www.pm.pb.gov.br\/portal\/#\/schema\/logo\/image\/\"}},{\"@type\":\"Person\",\"@id\":\"https:\/\/www.pm.pb.gov.br\/portal\/#\/schema\/person\/b169b297b8494dea236e315ed1a201d1\",\"name\":\"WAGNER HENRIQUE VARELA DA SILVA\",\"image\":{\"@type\":\"ImageObject\",\"inLanguage\":\"pt-BR\",\"@id\":\"https:\/\/www.pm.pb.gov.br\/portal\/#\/schema\/person\/image\/\",\"url\":\"https:\/\/secure.gravatar.com\/avatar\/e08af53176a66730df5c0706c6c31fd6?s=96&d=mm&r=g\",\"contentUrl\":\"https:\/\/secure.gravatar.com\/avatar\/e08af53176a66730df5c0706c6c31fd6?s=96&d=mm&r=g\",\"caption\":\"WAGNER HENRIQUE VARELA DA SILVA\"},\"url\":\"https:\/\/www.pm.pb.gov.br\/portal\/author\/varela\/\"}]}<\/script>\n<!-- \/ Yoast SEO plugin. -->","yoast_head_json":{"title":"Seguran\u00e7a P\u00fablica define a\u00e7\u00f5es para redu\u00e7\u00e3o de homic\u00eddios e crimes patrimoniais no Sert\u00e3o da Para\u00edba - Pol\u00edcia Militar da Para\u00edba","robots":{"index":"index","follow":"follow","max-snippet":"max-snippet:-1","max-image-preview":"max-image-preview:large","max-video-preview":"max-video-preview:-1"},"canonical":"https:\/\/www.pm.pb.gov.br\/portal\/2019\/03\/29\/seguranca-publica-define-acoes-para-reducao-de-homicidios-e-crimes-patrimoniais-no-sertao-da-paraiba\/","og_locale":"pt_BR","og_type":"article","og_title":"Seguran\u00e7a P\u00fablica define a\u00e7\u00f5es para redu\u00e7\u00e3o de homic\u00eddios e crimes patrimoniais no Sert\u00e3o da Para\u00edba - Pol\u00edcia Militar da Para\u00edba","og_description":"Discutir a\u00e7\u00f5es estrat\u00e9gicas de enfrentamento da viol\u00eancia no sert\u00e3o do Estado foi o objetivo da reuni\u00e3o realizada na tarde dessa","og_url":"https:\/\/www.pm.pb.gov.br\/portal\/2019\/03\/29\/seguranca-publica-define-acoes-para-reducao-de-homicidios-e-crimes-patrimoniais-no-sertao-da-paraiba\/","og_site_name":"Pol\u00edcia Militar da Para\u00edba","article_published_time":"2019-03-29T23:57:26+00:00","article_modified_time":"2019-03-30T01:16:21+00:00","og_image":[{"width":1280,"height":853,"url":"https:\/\/www.pm.pb.gov.br\/portal\/wp-content\/uploads\/2019\/03\/WhatsApp-Image-2019-03-29-at-19.42.36.jpeg","type":"image\/jpeg"}],"author":"WAGNER HENRIQUE VARELA DA SILVA","twitter_card":"summary_large_image","twitter_misc":{"Escrito por":"WAGNER HENRIQUE VARELA DA SILVA","Est. tempo de leitura":"2 minutos"},"schema":{"@context":"https:\/\/schema.org","@graph":[{"@type":"Article","@id":"https:\/\/www.pm.pb.gov.br\/portal\/2019\/03\/29\/seguranca-publica-define-acoes-para-reducao-de-homicidios-e-crimes-patrimoniais-no-sertao-da-paraiba\/#article","isPartOf":{"@id":"https:\/\/www.pm.pb.gov.br\/portal\/2019\/03\/29\/seguranca-publica-define-acoes-para-reducao-de-homicidios-e-crimes-patrimoniais-no-sertao-da-paraiba\/"},"author":{"name":"WAGNER HENRIQUE VARELA DA SILVA","@id":"https:\/\/www.pm.pb.gov.br\/portal\/#\/schema\/person\/b169b297b8494dea236e315ed1a201d1"},"headline":"Seguran\u00e7a P\u00fablica define a\u00e7\u00f5es para redu\u00e7\u00e3o de homic\u00eddios e crimes patrimoniais no Sert\u00e3o da Para\u00edba","datePublished":"2019-03-29T23:57:26+00:00","dateModified":"2019-03-30T01:16:21+00:00","mainEntityOfPage":{"@id":"https:\/\/www.pm.pb.gov.br\/portal\/2019\/03\/29\/seguranca-publica-define-acoes-para-reducao-de-homicidios-e-crimes-patrimoniais-no-sertao-da-paraiba\/"},"wordCount":461,"publisher":{"@id":"https:\/\/www.pm.pb.gov.br\/portal\/#organization"},"articleSection":["A\u00e7\u00f5es Policiais"],"inLanguage":"pt-BR"},{"@type":"WebPage","@id":"https:\/\/www.pm.pb.gov.br\/portal\/2019\/03\/29\/seguranca-publica-define-acoes-para-reducao-de-homicidios-e-crimes-patrimoniais-no-sertao-da-paraiba\/","url":"https:\/\/www.pm.pb.gov.br\/portal\/2019\/03\/29\/seguranca-publica-define-acoes-para-reducao-de-homicidios-e-crimes-patrimoniais-no-sertao-da-paraiba\/","name":"Seguran\u00e7a P\u00fablica define a\u00e7\u00f5es para redu\u00e7\u00e3o de homic\u00eddios e crimes patrimoniais no Sert\u00e3o da Para\u00edba - Pol\u00edcia Militar da Para\u00edba","isPartOf":{"@id":"https:\/\/www.pm.pb.gov.br\/portal\/#website"},"datePublished":"2019-03-29T23:57:26+00:00","dateModified":"2019-03-30T01:16:21+00:00","breadcrumb":{"@id":"https:\/\/www.pm.pb.gov.br\/portal\/2019\/03\/29\/seguranca-publica-define-acoes-para-reducao-de-homicidios-e-crimes-patrimoniais-no-sertao-da-paraiba\/#breadcrumb"},"inLanguage":"pt-BR","potentialAction":[{"@type":"ReadAction","target":["https:\/\/www.pm.pb.gov.br\/portal\/2019\/03\/29\/seguranca-publica-define-acoes-para-reducao-de-homicidios-e-crimes-patrimoniais-no-sertao-da-paraiba\/"]}]},{"@type":"BreadcrumbList","@id":"https:\/\/www.pm.pb.gov.br\/portal\/2019\/03\/29\/seguranca-publica-define-acoes-para-reducao-de-homicidios-e-crimes-patrimoniais-no-sertao-da-paraiba\/#breadcrumb","itemListElement":[{"@type":"ListItem","position":1,"name":"In\u00edcio","item":"https:\/\/www.pm.pb.gov.br\/portal\/"},{"@type":"ListItem","position":2,"name":"Seguran\u00e7a P\u00fablica define a\u00e7\u00f5es para redu\u00e7\u00e3o de homic\u00eddios e crimes patrimoniais no Sert\u00e3o da Para\u00edba"}]},{"@type":"WebSite","@id":"https:\/\/www.pm.pb.gov.br\/portal\/#website","url":"https:\/\/www.pm.pb.gov.br\/portal\/","name":"Pol\u00edcia Militar da Para\u00edba","description":"","publisher":{"@id":"https:\/\/www.pm.pb.gov.br\/portal\/#organization"},"potentialAction":[{"@type":"SearchAction","target":{"@type":"EntryPoint","urlTemplate":"https:\/\/www.pm.pb.gov.br\/portal\/?s={search_term_string}"},"query-input":"required name=search_term_string"}],"inLanguage":"pt-BR"},{"@type":"Organization","@id":"https:\/\/www.pm.pb.gov.br\/portal\/#organization","name":"Pol\u00edcia Militar da Para\u00edba","url":"https:\/\/www.pm.pb.gov.br\/portal\/","logo":{"@type":"ImageObject","inLanguage":"pt-BR","@id":"https:\/\/www.pm.pb.gov.br\/portal\/#\/schema\/logo\/image\/","url":"https:\/\/www.pm.pb.gov.br\/portal\/wp-content\/uploads\/2025\/03\/cropped-logo-site-mag2-1.png","contentUrl":"https:\/\/www.pm.pb.gov.br\/portal\/wp-content\/uploads\/2025\/03\/cropped-logo-site-mag2-1.png","width":320,"height":90,"caption":"Pol\u00edcia Militar da Para\u00edba"},"image":{"@id":"https:\/\/www.pm.pb.gov.br\/portal\/#\/schema\/logo\/image\/"}},{"@type":"Person","@id":"https:\/\/www.pm.pb.gov.br\/portal\/#\/schema\/person\/b169b297b8494dea236e315ed1a201d1","name":"WAGNER HENRIQUE VARELA DA SILVA","image":{"@type":"ImageObject","inLanguage":"pt-BR","@id":"https:\/\/www.pm.pb.gov.br\/portal\/#\/schema\/person\/image\/","url":"https:\/\/secure.gravatar.com\/avatar\/e08af53176a66730df5c0706c6c31fd6?s=96&d=mm&r=g","contentUrl":"https:\/\/secure.gravatar.com\/avatar\/e08af53176a66730df5c0706c6c31fd6?s=96&d=mm&r=g","caption":"WAGNER HENRIQUE VARELA DA SILVA"},"url":"https:\/\/www.pm.pb.gov.br\/portal\/author\/varela\/"}]}},"_links":{"self":[{"href":"https:\/\/www.pm.pb.gov.br\/portal\/wp-json\/wp\/v2\/posts\/900283"}],"collection":[{"href":"https:\/\/www.pm.pb.gov.br\/portal\/wp-json\/wp\/v2\/posts"}],"about":[{"href":"https:\/\/www.pm.pb.gov.br\/portal\/wp-json\/wp\/v2\/types\/post"}],"author":[{"embeddable":true,"href":"https:\/\/www.pm.pb.gov.br\/portal\/wp-json\/wp\/v2\/users\/10"}],"replies":[{"embeddable":true,"href":"https:\/\/www.pm.pb.gov.br\/portal\/wp-json\/wp\/v2\/comments?post=900283"}],"version-history":[{"count":2,"href":"https:\/\/www.pm.pb.gov.br\/portal\/wp-json\/wp\/v2\/posts\/900283\/revisions"}],"predecessor-version":[{"id":900300,"href":"https:\/\/www.pm.pb.gov.br\/portal\/wp-json\/wp\/v2\/posts\/900283\/revisions\/900300"}],"wp:featuredmedia":[{"embeddable":true,"href":"https:\/\/www.pm.pb.gov.br\/portal\/wp-json\/wp\/v2\/media\/900284"}],"wp:attachment":[{"href":"https:\/\/www.pm.pb.gov.br\/portal\/wp-json\/wp\/v2\/media?parent=900283"}],"wp:term":[{"taxonomy":"category","embeddable":true,"href":"https:\/\/www.pm.pb.gov.br\/portal\/wp-json\/wp\/v2\/categories?post=900283"},{"taxonomy":"post_tag","embeddable":true,"href":"https:\/\/www.pm.pb.gov.br\/portal\/wp-json\/wp\/v2\/tags?post=900283"}],"curies":[{"name":"wp","href":"https:\/\/api.w.org\/{rel}","templated":true}]}}