{"id":900279,"date":"2019-03-28T18:41:21","date_gmt":"2019-03-28T21:41:21","guid":{"rendered":"http:\/\/www.pm.pb.gov.br\/portal\/?p=900279"},"modified":"2019-03-28T18:41:22","modified_gmt":"2019-03-28T21:41:22","slug":"comandante-geral-inaugura-oficialmente-a-sede-da-3a-cpamb-em-patos","status":"publish","type":"post","link":"https:\/\/www.pm.pb.gov.br\/portal\/2019\/03\/28\/comandante-geral-inaugura-oficialmente-a-sede-da-3a-cpamb-em-patos\/","title":{"rendered":"Comandante-geral inaugura oficialmente a sede da 3\u00aa CPAmb em Patos"},"content":{"rendered":"\n<p>O comandante-geral da Pol\u00edcia Militar, coronel Euller Chaves, inaugurou oficialmente nesta quinta-feira (28) a base da 3\u00aa Companhia de Pol\u00edcia Ambiental, que tem a miss\u00e3o de refor\u00e7ar a preven\u00e7\u00e3o aos crimes contra o meio ambiente, no Sert\u00e3o. A 3\u00aa CPAmb fica sediada em Patos e conta com mais de 25 policiais militares.<\/p>\n\n\n\n<p>\u201cA miss\u00e3o do batalh\u00e3o ambiental \u00e9 dobrada. Al\u00e9m de ter a sua miss\u00e3o especifica, contribui de forma decisiva na redu\u00e7\u00e3o dos crimes letais e patrimoniais. Chegamos a Campina Grande com a 2\u00aa Companhia e t\u00ednhamos esse sonho de chegar ao Sert\u00e3o com a 3\u00aa Companhia, sendo hoje uma realidade. Essa constru\u00e7\u00e3o pertence a esses policiais que nos orgulham e a todos os paraibanos do Sert\u00e3o\u201d, destacou o comandante-geral, ap\u00f3s descerrar a placa que marcou a inaugura\u00e7\u00e3o.<\/p>\n\n\n\n<p>A 3\u00aa CPAmb passou a atuar h\u00e1 um ano e sua base foi inaugurada oficialmente agora, durante solenidade que reuniu policiais que atuam em v\u00e1rios batalh\u00f5es do Sert\u00e3o. A Companhia apoia as demais unidades militares nas a\u00e7\u00f5es nos 92 munic\u00edpios da regi\u00e3o.<\/p>\n","protected":false},"excerpt":{"rendered":"<p>O comandante-geral da Pol\u00edcia Militar, coronel Euller Chaves, inaugurou oficialmente nesta quinta-feira (28) a base da 3\u00aa Companhia de Pol\u00edcia<\/p>\n","protected":false},"author":10,"featured_media":900280,"comment_status":"closed","ping_status":"closed","sticky":false,"template":"","format":"standard","meta":{"_exactmetrics_skip_tracking":false,"_exactmetrics_sitenote_active":false,"_exactmetrics_sitenote_note":"","_exactmetrics_sitenote_category":0,"footnotes":""},"categories":[15],"tags":[],"yoast_head":"<!-- This site is optimized with the Yoast SEO plugin v22.0 - https:\/\/yoast.com\/wordpress\/plugins\/seo\/ -->\n<title>Comandante-geral inaugura oficialmente a sede da 3\u00aa CPAmb em Patos - Pol\u00edcia Militar da Para\u00edba<\/title>\n<meta name=\"robots\" content=\"index, follow, max-snippet:-1, max-image-preview:large, max-video-preview:-1\" \/>\n<link rel=\"canonical\" href=\"https:\/\/www.pm.pb.gov.br\/portal\/2019\/03\/28\/comandante-geral-inaugura-oficialmente-a-sede-da-3a-cpamb-em-patos\/\" \/>\n<meta property=\"og:locale\" content=\"pt_BR\" \/>\n<meta property=\"og:type\" content=\"article\" \/>\n<meta property=\"og:title\" content=\"Comandante-geral inaugura oficialmente a sede da 3\u00aa CPAmb em Patos - Pol\u00edcia Militar da Para\u00edba\" \/>\n<meta property=\"og:description\" content=\"O comandante-geral da Pol\u00edcia Militar, coronel Euller Chaves, inaugurou oficialmente nesta quinta-feira (28) a base da 3\u00aa Companhia de Pol\u00edcia\" \/>\n<meta property=\"og:url\" content=\"https:\/\/www.pm.pb.gov.br\/portal\/2019\/03\/28\/comandante-geral-inaugura-oficialmente-a-sede-da-3a-cpamb-em-patos\/\" \/>\n<meta property=\"og:site_name\" content=\"Pol\u00edcia Militar da Para\u00edba\" \/>\n<meta property=\"article:published_time\" content=\"2019-03-28T21:41:21+00:00\" \/>\n<meta property=\"article:modified_time\" content=\"2019-03-28T21:41:22+00:00\" \/>\n<meta property=\"og:image\" content=\"https:\/\/www.pm.pb.gov.br\/portal\/wp-content\/uploads\/2019\/03\/WhatsApp-Image-2019-03-28-at-18.18.01.jpeg\" \/>\n\t<meta property=\"og:image:width\" content=\"1280\" \/>\n\t<meta property=\"og:image:height\" content=\"853\" \/>\n\t<meta property=\"og:image:type\" content=\"image\/jpeg\" \/>\n<meta name=\"author\" content=\"WAGNER HENRIQUE VARELA DA SILVA\" \/>\n<meta name=\"twitter:card\" content=\"summary_large_image\" \/>\n<meta name=\"twitter:label1\" content=\"Escrito por\" \/>\n\t<meta name=\"twitter:data1\" content=\"WAGNER HENRIQUE VARELA DA SILVA\" \/>\n\t<meta name=\"twitter:label2\" content=\"Est. tempo de leitura\" \/>\n\t<meta name=\"twitter:data2\" content=\"1 minuto\" \/>\n<script type=\"application\/ld+json\" class=\"yoast-schema-graph\">{\"@context\":\"https:\/\/schema.org\",\"@graph\":[{\"@type\":\"Article\",\"@id\":\"https:\/\/www.pm.pb.gov.br\/portal\/2019\/03\/28\/comandante-geral-inaugura-oficialmente-a-sede-da-3a-cpamb-em-patos\/#article\",\"isPartOf\":{\"@id\":\"https:\/\/www.pm.pb.gov.br\/portal\/2019\/03\/28\/comandante-geral-inaugura-oficialmente-a-sede-da-3a-cpamb-em-patos\/\"},\"author\":{\"name\":\"WAGNER HENRIQUE VARELA DA SILVA\",\"@id\":\"https:\/\/www.pm.pb.gov.br\/portal\/#\/schema\/person\/b169b297b8494dea236e315ed1a201d1\"},\"headline\":\"Comandante-geral inaugura oficialmente a sede da 3\u00aa CPAmb em Patos\",\"datePublished\":\"2019-03-28T21:41:21+00:00\",\"dateModified\":\"2019-03-28T21:41:22+00:00\",\"mainEntityOfPage\":{\"@id\":\"https:\/\/www.pm.pb.gov.br\/portal\/2019\/03\/28\/comandante-geral-inaugura-oficialmente-a-sede-da-3a-cpamb-em-patos\/\"},\"wordCount\":193,\"publisher\":{\"@id\":\"https:\/\/www.pm.pb.gov.br\/portal\/#organization\"},\"articleSection\":[\"Informativo\"],\"inLanguage\":\"pt-BR\"},{\"@type\":\"WebPage\",\"@id\":\"https:\/\/www.pm.pb.gov.br\/portal\/2019\/03\/28\/comandante-geral-inaugura-oficialmente-a-sede-da-3a-cpamb-em-patos\/\",\"url\":\"https:\/\/www.pm.pb.gov.br\/portal\/2019\/03\/28\/comandante-geral-inaugura-oficialmente-a-sede-da-3a-cpamb-em-patos\/\",\"name\":\"Comandante-geral inaugura oficialmente a sede da 3\u00aa CPAmb em Patos - Pol\u00edcia Militar da Para\u00edba\",\"isPartOf\":{\"@id\":\"https:\/\/www.pm.pb.gov.br\/portal\/#website\"},\"datePublished\":\"2019-03-28T21:41:21+00:00\",\"dateModified\":\"2019-03-28T21:41:22+00:00\",\"breadcrumb\":{\"@id\":\"https:\/\/www.pm.pb.gov.br\/portal\/2019\/03\/28\/comandante-geral-inaugura-oficialmente-a-sede-da-3a-cpamb-em-patos\/#breadcrumb\"},\"inLanguage\":\"pt-BR\",\"potentialAction\":[{\"@type\":\"ReadAction\",\"target\":[\"https:\/\/www.pm.pb.gov.br\/portal\/2019\/03\/28\/comandante-geral-inaugura-oficialmente-a-sede-da-3a-cpamb-em-patos\/\"]}]},{\"@type\":\"BreadcrumbList\",\"@id\":\"https:\/\/www.pm.pb.gov.br\/portal\/2019\/03\/28\/comandante-geral-inaugura-oficialmente-a-sede-da-3a-cpamb-em-patos\/#breadcrumb\",\"itemListElement\":[{\"@type\":\"ListItem\",\"position\":1,\"name\":\"In\u00edcio\",\"item\":\"https:\/\/www.pm.pb.gov.br\/portal\/\"},{\"@type\":\"ListItem\",\"position\":2,\"name\":\"Comandante-geral inaugura oficialmente a sede da 3\u00aa CPAmb em Patos\"}]},{\"@type\":\"WebSite\",\"@id\":\"https:\/\/www.pm.pb.gov.br\/portal\/#website\",\"url\":\"https:\/\/www.pm.pb.gov.br\/portal\/\",\"name\":\"Pol\u00edcia Militar da Para\u00edba\",\"description\":\"\",\"publisher\":{\"@id\":\"https:\/\/www.pm.pb.gov.br\/portal\/#organization\"},\"potentialAction\":[{\"@type\":\"SearchAction\",\"target\":{\"@type\":\"EntryPoint\",\"urlTemplate\":\"https:\/\/www.pm.pb.gov.br\/portal\/?s={search_term_string}\"},\"query-input\":\"required name=search_term_string\"}],\"inLanguage\":\"pt-BR\"},{\"@type\":\"Organization\",\"@id\":\"https:\/\/www.pm.pb.gov.br\/portal\/#organization\",\"name\":\"Pol\u00edcia Militar da Para\u00edba\",\"url\":\"https:\/\/www.pm.pb.gov.br\/portal\/\",\"logo\":{\"@type\":\"ImageObject\",\"inLanguage\":\"pt-BR\",\"@id\":\"https:\/\/www.pm.pb.gov.br\/portal\/#\/schema\/logo\/image\/\",\"url\":\"https:\/\/www.pm.pb.gov.br\/portal\/wp-content\/uploads\/2025\/03\/cropped-logo-site-mag2-1.png\",\"contentUrl\":\"https:\/\/www.pm.pb.gov.br\/portal\/wp-content\/uploads\/2025\/03\/cropped-logo-site-mag2-1.png\",\"width\":320,\"height\":90,\"caption\":\"Pol\u00edcia Militar da Para\u00edba\"},\"image\":{\"@id\":\"https:\/\/www.pm.pb.gov.br\/portal\/#\/schema\/logo\/image\/\"}},{\"@type\":\"Person\",\"@id\":\"https:\/\/www.pm.pb.gov.br\/portal\/#\/schema\/person\/b169b297b8494dea236e315ed1a201d1\",\"name\":\"WAGNER HENRIQUE VARELA DA SILVA\",\"image\":{\"@type\":\"ImageObject\",\"inLanguage\":\"pt-BR\",\"@id\":\"https:\/\/www.pm.pb.gov.br\/portal\/#\/schema\/person\/image\/\",\"url\":\"https:\/\/secure.gravatar.com\/avatar\/e08af53176a66730df5c0706c6c31fd6?s=96&d=mm&r=g\",\"contentUrl\":\"https:\/\/secure.gravatar.com\/avatar\/e08af53176a66730df5c0706c6c31fd6?s=96&d=mm&r=g\",\"caption\":\"WAGNER HENRIQUE VARELA DA SILVA\"},\"url\":\"https:\/\/www.pm.pb.gov.br\/portal\/author\/varela\/\"}]}<\/script>\n<!-- \/ Yoast SEO plugin. -->","yoast_head_json":{"title":"Comandante-geral inaugura oficialmente a sede da 3\u00aa CPAmb em Patos - Pol\u00edcia Militar da Para\u00edba","robots":{"index":"index","follow":"follow","max-snippet":"max-snippet:-1","max-image-preview":"max-image-preview:large","max-video-preview":"max-video-preview:-1"},"canonical":"https:\/\/www.pm.pb.gov.br\/portal\/2019\/03\/28\/comandante-geral-inaugura-oficialmente-a-sede-da-3a-cpamb-em-patos\/","og_locale":"pt_BR","og_type":"article","og_title":"Comandante-geral inaugura oficialmente a sede da 3\u00aa CPAmb em Patos - Pol\u00edcia Militar da Para\u00edba","og_description":"O comandante-geral da Pol\u00edcia Militar, coronel Euller Chaves, inaugurou oficialmente nesta quinta-feira (28) a base da 3\u00aa Companhia de Pol\u00edcia","og_url":"https:\/\/www.pm.pb.gov.br\/portal\/2019\/03\/28\/comandante-geral-inaugura-oficialmente-a-sede-da-3a-cpamb-em-patos\/","og_site_name":"Pol\u00edcia Militar da Para\u00edba","article_published_time":"2019-03-28T21:41:21+00:00","article_modified_time":"2019-03-28T21:41:22+00:00","og_image":[{"width":1280,"height":853,"url":"https:\/\/www.pm.pb.gov.br\/portal\/wp-content\/uploads\/2019\/03\/WhatsApp-Image-2019-03-28-at-18.18.01.jpeg","type":"image\/jpeg"}],"author":"WAGNER HENRIQUE VARELA DA SILVA","twitter_card":"summary_large_image","twitter_misc":{"Escrito por":"WAGNER HENRIQUE VARELA DA SILVA","Est. tempo de leitura":"1 minuto"},"schema":{"@context":"https:\/\/schema.org","@graph":[{"@type":"Article","@id":"https:\/\/www.pm.pb.gov.br\/portal\/2019\/03\/28\/comandante-geral-inaugura-oficialmente-a-sede-da-3a-cpamb-em-patos\/#article","isPartOf":{"@id":"https:\/\/www.pm.pb.gov.br\/portal\/2019\/03\/28\/comandante-geral-inaugura-oficialmente-a-sede-da-3a-cpamb-em-patos\/"},"author":{"name":"WAGNER HENRIQUE VARELA DA SILVA","@id":"https:\/\/www.pm.pb.gov.br\/portal\/#\/schema\/person\/b169b297b8494dea236e315ed1a201d1"},"headline":"Comandante-geral inaugura oficialmente a sede da 3\u00aa CPAmb em Patos","datePublished":"2019-03-28T21:41:21+00:00","dateModified":"2019-03-28T21:41:22+00:00","mainEntityOfPage":{"@id":"https:\/\/www.pm.pb.gov.br\/portal\/2019\/03\/28\/comandante-geral-inaugura-oficialmente-a-sede-da-3a-cpamb-em-patos\/"},"wordCount":193,"publisher":{"@id":"https:\/\/www.pm.pb.gov.br\/portal\/#organization"},"articleSection":["Informativo"],"inLanguage":"pt-BR"},{"@type":"WebPage","@id":"https:\/\/www.pm.pb.gov.br\/portal\/2019\/03\/28\/comandante-geral-inaugura-oficialmente-a-sede-da-3a-cpamb-em-patos\/","url":"https:\/\/www.pm.pb.gov.br\/portal\/2019\/03\/28\/comandante-geral-inaugura-oficialmente-a-sede-da-3a-cpamb-em-patos\/","name":"Comandante-geral inaugura oficialmente a sede da 3\u00aa CPAmb em Patos - Pol\u00edcia Militar da Para\u00edba","isPartOf":{"@id":"https:\/\/www.pm.pb.gov.br\/portal\/#website"},"datePublished":"2019-03-28T21:41:21+00:00","dateModified":"2019-03-28T21:41:22+00:00","breadcrumb":{"@id":"https:\/\/www.pm.pb.gov.br\/portal\/2019\/03\/28\/comandante-geral-inaugura-oficialmente-a-sede-da-3a-cpamb-em-patos\/#breadcrumb"},"inLanguage":"pt-BR","potentialAction":[{"@type":"ReadAction","target":["https:\/\/www.pm.pb.gov.br\/portal\/2019\/03\/28\/comandante-geral-inaugura-oficialmente-a-sede-da-3a-cpamb-em-patos\/"]}]},{"@type":"BreadcrumbList","@id":"https:\/\/www.pm.pb.gov.br\/portal\/2019\/03\/28\/comandante-geral-inaugura-oficialmente-a-sede-da-3a-cpamb-em-patos\/#breadcrumb","itemListElement":[{"@type":"ListItem","position":1,"name":"In\u00edcio","item":"https:\/\/www.pm.pb.gov.br\/portal\/"},{"@type":"ListItem","position":2,"name":"Comandante-geral inaugura oficialmente a sede da 3\u00aa CPAmb em Patos"}]},{"@type":"WebSite","@id":"https:\/\/www.pm.pb.gov.br\/portal\/#website","url":"https:\/\/www.pm.pb.gov.br\/portal\/","name":"Pol\u00edcia Militar da Para\u00edba","description":"","publisher":{"@id":"https:\/\/www.pm.pb.gov.br\/portal\/#organization"},"potentialAction":[{"@type":"SearchAction","target":{"@type":"EntryPoint","urlTemplate":"https:\/\/www.pm.pb.gov.br\/portal\/?s={search_term_string}"},"query-input":"required name=search_term_string"}],"inLanguage":"pt-BR"},{"@type":"Organization","@id":"https:\/\/www.pm.pb.gov.br\/portal\/#organization","name":"Pol\u00edcia Militar da Para\u00edba","url":"https:\/\/www.pm.pb.gov.br\/portal\/","logo":{"@type":"ImageObject","inLanguage":"pt-BR","@id":"https:\/\/www.pm.pb.gov.br\/portal\/#\/schema\/logo\/image\/","url":"https:\/\/www.pm.pb.gov.br\/portal\/wp-content\/uploads\/2025\/03\/cropped-logo-site-mag2-1.png","contentUrl":"https:\/\/www.pm.pb.gov.br\/portal\/wp-content\/uploads\/2025\/03\/cropped-logo-site-mag2-1.png","width":320,"height":90,"caption":"Pol\u00edcia Militar da Para\u00edba"},"image":{"@id":"https:\/\/www.pm.pb.gov.br\/portal\/#\/schema\/logo\/image\/"}},{"@type":"Person","@id":"https:\/\/www.pm.pb.gov.br\/portal\/#\/schema\/person\/b169b297b8494dea236e315ed1a201d1","name":"WAGNER HENRIQUE VARELA DA SILVA","image":{"@type":"ImageObject","inLanguage":"pt-BR","@id":"https:\/\/www.pm.pb.gov.br\/portal\/#\/schema\/person\/image\/","url":"https:\/\/secure.gravatar.com\/avatar\/e08af53176a66730df5c0706c6c31fd6?s=96&d=mm&r=g","contentUrl":"https:\/\/secure.gravatar.com\/avatar\/e08af53176a66730df5c0706c6c31fd6?s=96&d=mm&r=g","caption":"WAGNER HENRIQUE VARELA DA SILVA"},"url":"https:\/\/www.pm.pb.gov.br\/portal\/author\/varela\/"}]}},"_links":{"self":[{"href":"https:\/\/www.pm.pb.gov.br\/portal\/wp-json\/wp\/v2\/posts\/900279"}],"collection":[{"href":"https:\/\/www.pm.pb.gov.br\/portal\/wp-json\/wp\/v2\/posts"}],"about":[{"href":"https:\/\/www.pm.pb.gov.br\/portal\/wp-json\/wp\/v2\/types\/post"}],"author":[{"embeddable":true,"href":"https:\/\/www.pm.pb.gov.br\/portal\/wp-json\/wp\/v2\/users\/10"}],"replies":[{"embeddable":true,"href":"https:\/\/www.pm.pb.gov.br\/portal\/wp-json\/wp\/v2\/comments?post=900279"}],"version-history":[{"count":1,"href":"https:\/\/www.pm.pb.gov.br\/portal\/wp-json\/wp\/v2\/posts\/900279\/revisions"}],"predecessor-version":[{"id":900281,"href":"https:\/\/www.pm.pb.gov.br\/portal\/wp-json\/wp\/v2\/posts\/900279\/revisions\/900281"}],"wp:featuredmedia":[{"embeddable":true,"href":"https:\/\/www.pm.pb.gov.br\/portal\/wp-json\/wp\/v2\/media\/900280"}],"wp:attachment":[{"href":"https:\/\/www.pm.pb.gov.br\/portal\/wp-json\/wp\/v2\/media?parent=900279"}],"wp:term":[{"taxonomy":"category","embeddable":true,"href":"https:\/\/www.pm.pb.gov.br\/portal\/wp-json\/wp\/v2\/categories?post=900279"},{"taxonomy":"post_tag","embeddable":true,"href":"https:\/\/www.pm.pb.gov.br\/portal\/wp-json\/wp\/v2\/tags?post=900279"}],"curies":[{"name":"wp","href":"https:\/\/api.w.org\/{rel}","templated":true}]}}