{"id":900216,"date":"2019-03-21T08:37:22","date_gmt":"2019-03-21T11:37:22","guid":{"rendered":"http:\/\/www.pm.pb.gov.br\/portal\/?p=900216"},"modified":"2019-03-21T08:38:33","modified_gmt":"2019-03-21T11:38:33","slug":"convocacao-para-a-proxima-fase-do-cfo-da-policia-militar-sera-em-abril-e-etapas-devem-ser-concluidas-ate-maio","status":"publish","type":"post","link":"https:\/\/www.pm.pb.gov.br\/portal\/2019\/03\/21\/convocacao-para-a-proxima-fase-do-cfo-da-policia-militar-sera-em-abril-e-etapas-devem-ser-concluidas-ate-maio\/","title":{"rendered":"Convoca\u00e7\u00e3o para a pr\u00f3xima fase do CFO da Pol\u00edcia Militar ser\u00e1 em abril e etapas devem ser conclu\u00eddas at\u00e9 maio"},"content":{"rendered":"\n<p>Os candidatos aprovados para as pr\u00f3ximas etapas do Curso de Forma\u00e7\u00e3o de Oficiais (CFO) da Pol\u00edcia Militar ser\u00e3o convocados em abril para fazer os exames psicol\u00f3gicos, que t\u00eam car\u00e1ter eliminat\u00f3rio. Ao todo, ser\u00e3o chamados para os testes at\u00e9 cinco vezes o n\u00famero de vagas oferecidas, que \u00e9 de 25 para homens e 5 para mulheres. A notado Enem (Exame Nacional de Ensino M\u00e9dio) para quem tenta ser um oficial da corpora\u00e7\u00e3o chegou a 798,70 pontos para mulheres e 796,60 para os homens, este ano, mantendo a marca de ser um dos cursos mais concorridos.<\/p>\n\n\n\n<p>Quem conseguiu atingir a pontua\u00e7\u00e3o para ficar habilitado para as pr\u00f3ximas etapas, tem pela frente os exames psicol\u00f3gicos, de sa\u00fade e de aptid\u00e3o f\u00edsica para s\u00f3 ap\u00f3s o final, sendo aprovado em todos e estar dentro do n\u00famero de vagas, ser convocado para o Curso de Forma\u00e7\u00e3o de Oficiais, que tem tr\u00eas anos letivos de dura\u00e7\u00e3o. Os candidatos matriculados ainda passar\u00e3o por uma 5\u00aa fase,que \u00e9 avalia\u00e7\u00e3o social, para an\u00e1lise de antecedentes e outros requisitos da conduta dos interessados em fazer parte da Pol\u00edcia Militar da Para\u00edba. <\/p>\n\n\n\n<p>Entre outros pontos, a pr\u00f3xima fase, que \u00e9 o exame psicol\u00f3gico, busca avaliar as caracter\u00edsticas da personalidade dos candidatos e sua compatibilidade com o que exige o cargo de Oficial da Pol\u00edcia Militar, aplicando testes objetivos, espec\u00edficos e padronizados, para atender aos par\u00e2metros exigidos no quadro do perfil profissional do oficial PM.<\/p>\n\n\n\n<p>Os candidatos devem ficar acompanhando o site da PM (<a href=\"http:\/\/www.pm.pb.gov.br\">www.pm.pb.gov.br<\/a>), na aba de informa\u00e7\u00f5es,onde fica o espa\u00e7o para as publica\u00e7\u00f5es do concurso.<\/p>\n\n\n\n<p><strong>PR\u00d3XIMO CFO <\/strong>\u2013Mesmo com o concurso ainda em andamento, a corpora\u00e7\u00e3o j\u00e1 tem feito v\u00e1rias reuni\u00f5es sobre poss\u00edveis mudan\u00e7as para o pr\u00f3ximo CFO, o de 2020. A defini\u00e7\u00e3o s\u00f3 sair\u00e1 ap\u00f3s as an\u00e1lises que v\u00eam sendo feitas sobre o pr\u00f3ximo concurso e ser\u00e1 publicada atrav\u00e9s de portaria, no site da institui\u00e7\u00e3o.<\/p>\n","protected":false},"excerpt":{"rendered":"<p>Os candidatos aprovados para as pr\u00f3ximas etapas do Curso de Forma\u00e7\u00e3o de Oficiais (CFO) da Pol\u00edcia Militar ser\u00e3o convocados em<\/p>\n","protected":false},"author":15,"featured_media":900217,"comment_status":"closed","ping_status":"closed","sticky":false,"template":"","format":"standard","meta":{"_exactmetrics_skip_tracking":false,"_exactmetrics_sitenote_active":false,"_exactmetrics_sitenote_note":"","_exactmetrics_sitenote_category":0,"footnotes":""},"categories":[6],"tags":[],"yoast_head":"<!-- This site is optimized with the Yoast SEO plugin v22.0 - https:\/\/yoast.com\/wordpress\/plugins\/seo\/ -->\n<title>Convoca\u00e7\u00e3o para a pr\u00f3xima fase do CFO da Pol\u00edcia Militar ser\u00e1 em abril e etapas devem ser conclu\u00eddas at\u00e9 maio - Pol\u00edcia Militar da Para\u00edba<\/title>\n<meta name=\"robots\" content=\"index, follow, max-snippet:-1, max-image-preview:large, max-video-preview:-1\" \/>\n<link rel=\"canonical\" href=\"https:\/\/www.pm.pb.gov.br\/portal\/2019\/03\/21\/convocacao-para-a-proxima-fase-do-cfo-da-policia-militar-sera-em-abril-e-etapas-devem-ser-concluidas-ate-maio\/\" \/>\n<meta property=\"og:locale\" content=\"pt_BR\" \/>\n<meta property=\"og:type\" content=\"article\" \/>\n<meta property=\"og:title\" content=\"Convoca\u00e7\u00e3o para a pr\u00f3xima fase do CFO da Pol\u00edcia Militar ser\u00e1 em abril e etapas devem ser conclu\u00eddas at\u00e9 maio - Pol\u00edcia Militar da Para\u00edba\" \/>\n<meta property=\"og:description\" content=\"Os candidatos aprovados para as pr\u00f3ximas etapas do Curso de Forma\u00e7\u00e3o de Oficiais (CFO) da Pol\u00edcia Militar ser\u00e3o convocados em\" \/>\n<meta property=\"og:url\" content=\"https:\/\/www.pm.pb.gov.br\/portal\/2019\/03\/21\/convocacao-para-a-proxima-fase-do-cfo-da-policia-militar-sera-em-abril-e-etapas-devem-ser-concluidas-ate-maio\/\" \/>\n<meta property=\"og:site_name\" content=\"Pol\u00edcia Militar da Para\u00edba\" \/>\n<meta property=\"article:published_time\" content=\"2019-03-21T11:37:22+00:00\" \/>\n<meta property=\"article:modified_time\" content=\"2019-03-21T11:38:33+00:00\" \/>\n<meta property=\"og:image\" content=\"https:\/\/www.pm.pb.gov.br\/portal\/wp-content\/uploads\/2019\/03\/CFO.jpg\" \/>\n\t<meta property=\"og:image:width\" content=\"800\" \/>\n\t<meta property=\"og:image:height\" content=\"445\" \/>\n\t<meta property=\"og:image:type\" content=\"image\/jpeg\" \/>\n<meta name=\"author\" content=\"Marcio Gomes dos Santos\" \/>\n<meta name=\"twitter:card\" content=\"summary_large_image\" \/>\n<meta name=\"twitter:label1\" content=\"Escrito por\" \/>\n\t<meta name=\"twitter:data1\" content=\"Marcio Gomes dos Santos\" \/>\n\t<meta name=\"twitter:label2\" content=\"Est. tempo de leitura\" \/>\n\t<meta name=\"twitter:data2\" content=\"2 minutos\" \/>\n<script type=\"application\/ld+json\" class=\"yoast-schema-graph\">{\"@context\":\"https:\/\/schema.org\",\"@graph\":[{\"@type\":\"Article\",\"@id\":\"https:\/\/www.pm.pb.gov.br\/portal\/2019\/03\/21\/convocacao-para-a-proxima-fase-do-cfo-da-policia-militar-sera-em-abril-e-etapas-devem-ser-concluidas-ate-maio\/#article\",\"isPartOf\":{\"@id\":\"https:\/\/www.pm.pb.gov.br\/portal\/2019\/03\/21\/convocacao-para-a-proxima-fase-do-cfo-da-policia-militar-sera-em-abril-e-etapas-devem-ser-concluidas-ate-maio\/\"},\"author\":{\"name\":\"Marcio Gomes dos Santos\",\"@id\":\"https:\/\/www.pm.pb.gov.br\/portal\/#\/schema\/person\/30d571652b38533c2211e4e89bf5a502\"},\"headline\":\"Convoca\u00e7\u00e3o para a pr\u00f3xima fase do CFO da Pol\u00edcia Militar ser\u00e1 em abril e etapas devem ser conclu\u00eddas at\u00e9 maio\",\"datePublished\":\"2019-03-21T11:37:22+00:00\",\"dateModified\":\"2019-03-21T11:38:33+00:00\",\"mainEntityOfPage\":{\"@id\":\"https:\/\/www.pm.pb.gov.br\/portal\/2019\/03\/21\/convocacao-para-a-proxima-fase-do-cfo-da-policia-militar-sera-em-abril-e-etapas-devem-ser-concluidas-ate-maio\/\"},\"wordCount\":378,\"publisher\":{\"@id\":\"https:\/\/www.pm.pb.gov.br\/portal\/#organization\"},\"articleSection\":[\"Cursos\"],\"inLanguage\":\"pt-BR\"},{\"@type\":\"WebPage\",\"@id\":\"https:\/\/www.pm.pb.gov.br\/portal\/2019\/03\/21\/convocacao-para-a-proxima-fase-do-cfo-da-policia-militar-sera-em-abril-e-etapas-devem-ser-concluidas-ate-maio\/\",\"url\":\"https:\/\/www.pm.pb.gov.br\/portal\/2019\/03\/21\/convocacao-para-a-proxima-fase-do-cfo-da-policia-militar-sera-em-abril-e-etapas-devem-ser-concluidas-ate-maio\/\",\"name\":\"Convoca\u00e7\u00e3o para a pr\u00f3xima fase do CFO da Pol\u00edcia Militar ser\u00e1 em abril e etapas devem ser conclu\u00eddas at\u00e9 maio - Pol\u00edcia Militar da Para\u00edba\",\"isPartOf\":{\"@id\":\"https:\/\/www.pm.pb.gov.br\/portal\/#website\"},\"datePublished\":\"2019-03-21T11:37:22+00:00\",\"dateModified\":\"2019-03-21T11:38:33+00:00\",\"breadcrumb\":{\"@id\":\"https:\/\/www.pm.pb.gov.br\/portal\/2019\/03\/21\/convocacao-para-a-proxima-fase-do-cfo-da-policia-militar-sera-em-abril-e-etapas-devem-ser-concluidas-ate-maio\/#breadcrumb\"},\"inLanguage\":\"pt-BR\",\"potentialAction\":[{\"@type\":\"ReadAction\",\"target\":[\"https:\/\/www.pm.pb.gov.br\/portal\/2019\/03\/21\/convocacao-para-a-proxima-fase-do-cfo-da-policia-militar-sera-em-abril-e-etapas-devem-ser-concluidas-ate-maio\/\"]}]},{\"@type\":\"BreadcrumbList\",\"@id\":\"https:\/\/www.pm.pb.gov.br\/portal\/2019\/03\/21\/convocacao-para-a-proxima-fase-do-cfo-da-policia-militar-sera-em-abril-e-etapas-devem-ser-concluidas-ate-maio\/#breadcrumb\",\"itemListElement\":[{\"@type\":\"ListItem\",\"position\":1,\"name\":\"In\u00edcio\",\"item\":\"https:\/\/www.pm.pb.gov.br\/portal\/\"},{\"@type\":\"ListItem\",\"position\":2,\"name\":\"Convoca\u00e7\u00e3o para a pr\u00f3xima fase do CFO da Pol\u00edcia Militar ser\u00e1 em abril e etapas devem ser conclu\u00eddas at\u00e9 maio\"}]},{\"@type\":\"WebSite\",\"@id\":\"https:\/\/www.pm.pb.gov.br\/portal\/#website\",\"url\":\"https:\/\/www.pm.pb.gov.br\/portal\/\",\"name\":\"Pol\u00edcia Militar da Para\u00edba\",\"description\":\"\",\"publisher\":{\"@id\":\"https:\/\/www.pm.pb.gov.br\/portal\/#organization\"},\"potentialAction\":[{\"@type\":\"SearchAction\",\"target\":{\"@type\":\"EntryPoint\",\"urlTemplate\":\"https:\/\/www.pm.pb.gov.br\/portal\/?s={search_term_string}\"},\"query-input\":\"required name=search_term_string\"}],\"inLanguage\":\"pt-BR\"},{\"@type\":\"Organization\",\"@id\":\"https:\/\/www.pm.pb.gov.br\/portal\/#organization\",\"name\":\"Pol\u00edcia Militar da Para\u00edba\",\"url\":\"https:\/\/www.pm.pb.gov.br\/portal\/\",\"logo\":{\"@type\":\"ImageObject\",\"inLanguage\":\"pt-BR\",\"@id\":\"https:\/\/www.pm.pb.gov.br\/portal\/#\/schema\/logo\/image\/\",\"url\":\"https:\/\/www.pm.pb.gov.br\/portal\/wp-content\/uploads\/2025\/03\/cropped-logo-site-mag2-1.png\",\"contentUrl\":\"https:\/\/www.pm.pb.gov.br\/portal\/wp-content\/uploads\/2025\/03\/cropped-logo-site-mag2-1.png\",\"width\":320,\"height\":90,\"caption\":\"Pol\u00edcia Militar da Para\u00edba\"},\"image\":{\"@id\":\"https:\/\/www.pm.pb.gov.br\/portal\/#\/schema\/logo\/image\/\"}},{\"@type\":\"Person\",\"@id\":\"https:\/\/www.pm.pb.gov.br\/portal\/#\/schema\/person\/30d571652b38533c2211e4e89bf5a502\",\"name\":\"Marcio Gomes dos Santos\",\"image\":{\"@type\":\"ImageObject\",\"inLanguage\":\"pt-BR\",\"@id\":\"https:\/\/www.pm.pb.gov.br\/portal\/#\/schema\/person\/image\/\",\"url\":\"https:\/\/secure.gravatar.com\/avatar\/cf4ec2cb690101e1581c7773aa350c19?s=96&d=mm&r=g\",\"contentUrl\":\"https:\/\/secure.gravatar.com\/avatar\/cf4ec2cb690101e1581c7773aa350c19?s=96&d=mm&r=g\",\"caption\":\"Marcio Gomes dos Santos\"},\"url\":\"https:\/\/www.pm.pb.gov.br\/portal\/author\/mgomes\/\"}]}<\/script>\n<!-- \/ Yoast SEO plugin. -->","yoast_head_json":{"title":"Convoca\u00e7\u00e3o para a pr\u00f3xima fase do CFO da Pol\u00edcia Militar ser\u00e1 em abril e etapas devem ser conclu\u00eddas at\u00e9 maio - Pol\u00edcia Militar da Para\u00edba","robots":{"index":"index","follow":"follow","max-snippet":"max-snippet:-1","max-image-preview":"max-image-preview:large","max-video-preview":"max-video-preview:-1"},"canonical":"https:\/\/www.pm.pb.gov.br\/portal\/2019\/03\/21\/convocacao-para-a-proxima-fase-do-cfo-da-policia-militar-sera-em-abril-e-etapas-devem-ser-concluidas-ate-maio\/","og_locale":"pt_BR","og_type":"article","og_title":"Convoca\u00e7\u00e3o para a pr\u00f3xima fase do CFO da Pol\u00edcia Militar ser\u00e1 em abril e etapas devem ser conclu\u00eddas at\u00e9 maio - Pol\u00edcia Militar da Para\u00edba","og_description":"Os candidatos aprovados para as pr\u00f3ximas etapas do Curso de Forma\u00e7\u00e3o de Oficiais (CFO) da Pol\u00edcia Militar ser\u00e3o convocados em","og_url":"https:\/\/www.pm.pb.gov.br\/portal\/2019\/03\/21\/convocacao-para-a-proxima-fase-do-cfo-da-policia-militar-sera-em-abril-e-etapas-devem-ser-concluidas-ate-maio\/","og_site_name":"Pol\u00edcia Militar da Para\u00edba","article_published_time":"2019-03-21T11:37:22+00:00","article_modified_time":"2019-03-21T11:38:33+00:00","og_image":[{"width":800,"height":445,"url":"https:\/\/www.pm.pb.gov.br\/portal\/wp-content\/uploads\/2019\/03\/CFO.jpg","type":"image\/jpeg"}],"author":"Marcio Gomes dos Santos","twitter_card":"summary_large_image","twitter_misc":{"Escrito por":"Marcio Gomes dos Santos","Est. tempo de leitura":"2 minutos"},"schema":{"@context":"https:\/\/schema.org","@graph":[{"@type":"Article","@id":"https:\/\/www.pm.pb.gov.br\/portal\/2019\/03\/21\/convocacao-para-a-proxima-fase-do-cfo-da-policia-militar-sera-em-abril-e-etapas-devem-ser-concluidas-ate-maio\/#article","isPartOf":{"@id":"https:\/\/www.pm.pb.gov.br\/portal\/2019\/03\/21\/convocacao-para-a-proxima-fase-do-cfo-da-policia-militar-sera-em-abril-e-etapas-devem-ser-concluidas-ate-maio\/"},"author":{"name":"Marcio Gomes dos Santos","@id":"https:\/\/www.pm.pb.gov.br\/portal\/#\/schema\/person\/30d571652b38533c2211e4e89bf5a502"},"headline":"Convoca\u00e7\u00e3o para a pr\u00f3xima fase do CFO da Pol\u00edcia Militar ser\u00e1 em abril e etapas devem ser conclu\u00eddas at\u00e9 maio","datePublished":"2019-03-21T11:37:22+00:00","dateModified":"2019-03-21T11:38:33+00:00","mainEntityOfPage":{"@id":"https:\/\/www.pm.pb.gov.br\/portal\/2019\/03\/21\/convocacao-para-a-proxima-fase-do-cfo-da-policia-militar-sera-em-abril-e-etapas-devem-ser-concluidas-ate-maio\/"},"wordCount":378,"publisher":{"@id":"https:\/\/www.pm.pb.gov.br\/portal\/#organization"},"articleSection":["Cursos"],"inLanguage":"pt-BR"},{"@type":"WebPage","@id":"https:\/\/www.pm.pb.gov.br\/portal\/2019\/03\/21\/convocacao-para-a-proxima-fase-do-cfo-da-policia-militar-sera-em-abril-e-etapas-devem-ser-concluidas-ate-maio\/","url":"https:\/\/www.pm.pb.gov.br\/portal\/2019\/03\/21\/convocacao-para-a-proxima-fase-do-cfo-da-policia-militar-sera-em-abril-e-etapas-devem-ser-concluidas-ate-maio\/","name":"Convoca\u00e7\u00e3o para a pr\u00f3xima fase do CFO da Pol\u00edcia Militar ser\u00e1 em abril e etapas devem ser conclu\u00eddas at\u00e9 maio - Pol\u00edcia Militar da Para\u00edba","isPartOf":{"@id":"https:\/\/www.pm.pb.gov.br\/portal\/#website"},"datePublished":"2019-03-21T11:37:22+00:00","dateModified":"2019-03-21T11:38:33+00:00","breadcrumb":{"@id":"https:\/\/www.pm.pb.gov.br\/portal\/2019\/03\/21\/convocacao-para-a-proxima-fase-do-cfo-da-policia-militar-sera-em-abril-e-etapas-devem-ser-concluidas-ate-maio\/#breadcrumb"},"inLanguage":"pt-BR","potentialAction":[{"@type":"ReadAction","target":["https:\/\/www.pm.pb.gov.br\/portal\/2019\/03\/21\/convocacao-para-a-proxima-fase-do-cfo-da-policia-militar-sera-em-abril-e-etapas-devem-ser-concluidas-ate-maio\/"]}]},{"@type":"BreadcrumbList","@id":"https:\/\/www.pm.pb.gov.br\/portal\/2019\/03\/21\/convocacao-para-a-proxima-fase-do-cfo-da-policia-militar-sera-em-abril-e-etapas-devem-ser-concluidas-ate-maio\/#breadcrumb","itemListElement":[{"@type":"ListItem","position":1,"name":"In\u00edcio","item":"https:\/\/www.pm.pb.gov.br\/portal\/"},{"@type":"ListItem","position":2,"name":"Convoca\u00e7\u00e3o para a pr\u00f3xima fase do CFO da Pol\u00edcia Militar ser\u00e1 em abril e etapas devem ser conclu\u00eddas at\u00e9 maio"}]},{"@type":"WebSite","@id":"https:\/\/www.pm.pb.gov.br\/portal\/#website","url":"https:\/\/www.pm.pb.gov.br\/portal\/","name":"Pol\u00edcia Militar da Para\u00edba","description":"","publisher":{"@id":"https:\/\/www.pm.pb.gov.br\/portal\/#organization"},"potentialAction":[{"@type":"SearchAction","target":{"@type":"EntryPoint","urlTemplate":"https:\/\/www.pm.pb.gov.br\/portal\/?s={search_term_string}"},"query-input":"required name=search_term_string"}],"inLanguage":"pt-BR"},{"@type":"Organization","@id":"https:\/\/www.pm.pb.gov.br\/portal\/#organization","name":"Pol\u00edcia Militar da Para\u00edba","url":"https:\/\/www.pm.pb.gov.br\/portal\/","logo":{"@type":"ImageObject","inLanguage":"pt-BR","@id":"https:\/\/www.pm.pb.gov.br\/portal\/#\/schema\/logo\/image\/","url":"https:\/\/www.pm.pb.gov.br\/portal\/wp-content\/uploads\/2025\/03\/cropped-logo-site-mag2-1.png","contentUrl":"https:\/\/www.pm.pb.gov.br\/portal\/wp-content\/uploads\/2025\/03\/cropped-logo-site-mag2-1.png","width":320,"height":90,"caption":"Pol\u00edcia Militar da Para\u00edba"},"image":{"@id":"https:\/\/www.pm.pb.gov.br\/portal\/#\/schema\/logo\/image\/"}},{"@type":"Person","@id":"https:\/\/www.pm.pb.gov.br\/portal\/#\/schema\/person\/30d571652b38533c2211e4e89bf5a502","name":"Marcio Gomes dos Santos","image":{"@type":"ImageObject","inLanguage":"pt-BR","@id":"https:\/\/www.pm.pb.gov.br\/portal\/#\/schema\/person\/image\/","url":"https:\/\/secure.gravatar.com\/avatar\/cf4ec2cb690101e1581c7773aa350c19?s=96&d=mm&r=g","contentUrl":"https:\/\/secure.gravatar.com\/avatar\/cf4ec2cb690101e1581c7773aa350c19?s=96&d=mm&r=g","caption":"Marcio Gomes dos Santos"},"url":"https:\/\/www.pm.pb.gov.br\/portal\/author\/mgomes\/"}]}},"_links":{"self":[{"href":"https:\/\/www.pm.pb.gov.br\/portal\/wp-json\/wp\/v2\/posts\/900216"}],"collection":[{"href":"https:\/\/www.pm.pb.gov.br\/portal\/wp-json\/wp\/v2\/posts"}],"about":[{"href":"https:\/\/www.pm.pb.gov.br\/portal\/wp-json\/wp\/v2\/types\/post"}],"author":[{"embeddable":true,"href":"https:\/\/www.pm.pb.gov.br\/portal\/wp-json\/wp\/v2\/users\/15"}],"replies":[{"embeddable":true,"href":"https:\/\/www.pm.pb.gov.br\/portal\/wp-json\/wp\/v2\/comments?post=900216"}],"version-history":[{"count":2,"href":"https:\/\/www.pm.pb.gov.br\/portal\/wp-json\/wp\/v2\/posts\/900216\/revisions"}],"predecessor-version":[{"id":900219,"href":"https:\/\/www.pm.pb.gov.br\/portal\/wp-json\/wp\/v2\/posts\/900216\/revisions\/900219"}],"wp:featuredmedia":[{"embeddable":true,"href":"https:\/\/www.pm.pb.gov.br\/portal\/wp-json\/wp\/v2\/media\/900217"}],"wp:attachment":[{"href":"https:\/\/www.pm.pb.gov.br\/portal\/wp-json\/wp\/v2\/media?parent=900216"}],"wp:term":[{"taxonomy":"category","embeddable":true,"href":"https:\/\/www.pm.pb.gov.br\/portal\/wp-json\/wp\/v2\/categories?post=900216"},{"taxonomy":"post_tag","embeddable":true,"href":"https:\/\/www.pm.pb.gov.br\/portal\/wp-json\/wp\/v2\/tags?post=900216"}],"curies":[{"name":"wp","href":"https:\/\/api.w.org\/{rel}","templated":true}]}}