{"id":900206,"date":"2019-03-19T09:42:23","date_gmt":"2019-03-19T12:42:23","guid":{"rendered":"http:\/\/www.pm.pb.gov.br\/portal\/?p=900206"},"modified":"2019-03-19T09:42:24","modified_gmt":"2019-03-19T12:42:24","slug":"pm-interrompe-rolezinho-de-motos-apos-flagrar-participantes-com-placas-adulteradas-em-santa-rita","status":"publish","type":"post","link":"https:\/\/www.pm.pb.gov.br\/portal\/2019\/03\/19\/pm-interrompe-rolezinho-de-motos-apos-flagrar-participantes-com-placas-adulteradas-em-santa-rita\/","title":{"rendered":"PM interrompe \u2018rolezinho\u2019 de motos ap\u00f3s flagrar participantes com placas adulteradas em Santa Rita"},"content":{"rendered":"\n<p>A Pol\u00edcia Militar colocou fim a um rolezinho (como s\u00e3o chamados os passeios de v\u00e1rias motos em grupo) que era praticado por pessoas utilizando motos com placas adulteradas, canos de escape barulhentos e fazendo manobras arriscadas pelas ruas do bairro V\u00e1rzea Nova, na noite dessa segunda-feira (18), em Santa Rita. Mais de 30 motos foram abordadas e 12 delas foram apreendidas, tanto por infra\u00e7\u00e3o de tr\u00e2nsito quanto por crime, j\u00e1 que estavam com placas adulteradas. Seis suspeitos, com idades entre 15 e 23 anos, foram detidos em flagrante.<\/p>\n\n\n\n<p>De acordo com as informa\u00e7\u00f5es colhidas pelos policiais militares do 7\u00ba Batalh\u00e3o, respons\u00e1veis pela a\u00e7\u00e3o, o rolezinho foi marcado atrav\u00e9s de um grupo de aplicativo de mensagens instant\u00e2neas (whatsapp) e tinha sa\u00eddo da cidade de Jo\u00e3o Pessoa para praticar a baderna e os transtornos \u00e0 popula\u00e7\u00e3o de Santa Rita.<\/p>\n\n\n\n<p>Os seis detidos foram levados para a 6\u00aa Delegacia Distrital, em Santa Rita. Das doze motos apreendidas, 4 foram encaminhadas para passarem por per\u00edcia criminal e as outras oito foram levadas ao p\u00e1tio do Departamento Estadual de Tr\u00e2nsito (Detran-PB).<\/p>\n","protected":false},"excerpt":{"rendered":"<p>A Pol\u00edcia Militar colocou fim a um rolezinho (como s\u00e3o chamados os passeios de v\u00e1rias motos em grupo) que era<\/p>\n","protected":false},"author":10,"featured_media":900207,"comment_status":"closed","ping_status":"closed","sticky":false,"template":"","format":"standard","meta":{"_exactmetrics_skip_tracking":false,"_exactmetrics_sitenote_active":false,"_exactmetrics_sitenote_note":"","_exactmetrics_sitenote_category":0,"footnotes":""},"categories":[4],"tags":[],"yoast_head":"<!-- This site is optimized with the Yoast SEO plugin v22.0 - https:\/\/yoast.com\/wordpress\/plugins\/seo\/ -->\n<title>PM interrompe \u2018rolezinho\u2019 de motos ap\u00f3s flagrar participantes com placas adulteradas em Santa Rita - Pol\u00edcia Militar da Para\u00edba<\/title>\n<meta name=\"robots\" content=\"index, follow, max-snippet:-1, max-image-preview:large, max-video-preview:-1\" \/>\n<link rel=\"canonical\" href=\"https:\/\/www.pm.pb.gov.br\/portal\/2019\/03\/19\/pm-interrompe-rolezinho-de-motos-apos-flagrar-participantes-com-placas-adulteradas-em-santa-rita\/\" \/>\n<meta property=\"og:locale\" content=\"pt_BR\" \/>\n<meta property=\"og:type\" content=\"article\" \/>\n<meta property=\"og:title\" content=\"PM interrompe \u2018rolezinho\u2019 de motos ap\u00f3s flagrar participantes com placas adulteradas em Santa Rita - Pol\u00edcia Militar da Para\u00edba\" \/>\n<meta property=\"og:description\" content=\"A Pol\u00edcia Militar colocou fim a um rolezinho (como s\u00e3o chamados os passeios de v\u00e1rias motos em grupo) que era\" \/>\n<meta property=\"og:url\" content=\"https:\/\/www.pm.pb.gov.br\/portal\/2019\/03\/19\/pm-interrompe-rolezinho-de-motos-apos-flagrar-participantes-com-placas-adulteradas-em-santa-rita\/\" \/>\n<meta property=\"og:site_name\" content=\"Pol\u00edcia Militar da Para\u00edba\" \/>\n<meta property=\"article:published_time\" content=\"2019-03-19T12:42:23+00:00\" \/>\n<meta property=\"article:modified_time\" content=\"2019-03-19T12:42:24+00:00\" \/>\n<meta property=\"og:image\" content=\"https:\/\/www.pm.pb.gov.br\/portal\/wp-content\/uploads\/2019\/03\/WhatsApp-Image-2019-03-19-at-09.33.00-1.jpeg\" \/>\n\t<meta property=\"og:image:width\" content=\"1040\" \/>\n\t<meta property=\"og:image:height\" content=\"780\" \/>\n\t<meta property=\"og:image:type\" content=\"image\/jpeg\" \/>\n<meta name=\"author\" content=\"WAGNER HENRIQUE VARELA DA SILVA\" \/>\n<meta name=\"twitter:card\" content=\"summary_large_image\" \/>\n<meta name=\"twitter:label1\" content=\"Escrito por\" \/>\n\t<meta name=\"twitter:data1\" content=\"WAGNER HENRIQUE VARELA DA SILVA\" \/>\n\t<meta name=\"twitter:label2\" content=\"Est. tempo de leitura\" \/>\n\t<meta name=\"twitter:data2\" content=\"1 minuto\" \/>\n<script type=\"application\/ld+json\" class=\"yoast-schema-graph\">{\"@context\":\"https:\/\/schema.org\",\"@graph\":[{\"@type\":\"Article\",\"@id\":\"https:\/\/www.pm.pb.gov.br\/portal\/2019\/03\/19\/pm-interrompe-rolezinho-de-motos-apos-flagrar-participantes-com-placas-adulteradas-em-santa-rita\/#article\",\"isPartOf\":{\"@id\":\"https:\/\/www.pm.pb.gov.br\/portal\/2019\/03\/19\/pm-interrompe-rolezinho-de-motos-apos-flagrar-participantes-com-placas-adulteradas-em-santa-rita\/\"},\"author\":{\"name\":\"WAGNER HENRIQUE VARELA DA SILVA\",\"@id\":\"https:\/\/www.pm.pb.gov.br\/portal\/#\/schema\/person\/b169b297b8494dea236e315ed1a201d1\"},\"headline\":\"PM interrompe \u2018rolezinho\u2019 de motos ap\u00f3s flagrar participantes com placas adulteradas em Santa Rita\",\"datePublished\":\"2019-03-19T12:42:23+00:00\",\"dateModified\":\"2019-03-19T12:42:24+00:00\",\"mainEntityOfPage\":{\"@id\":\"https:\/\/www.pm.pb.gov.br\/portal\/2019\/03\/19\/pm-interrompe-rolezinho-de-motos-apos-flagrar-participantes-com-placas-adulteradas-em-santa-rita\/\"},\"wordCount\":200,\"publisher\":{\"@id\":\"https:\/\/www.pm.pb.gov.br\/portal\/#organization\"},\"articleSection\":[\"A\u00e7\u00f5es Policiais\"],\"inLanguage\":\"pt-BR\"},{\"@type\":\"WebPage\",\"@id\":\"https:\/\/www.pm.pb.gov.br\/portal\/2019\/03\/19\/pm-interrompe-rolezinho-de-motos-apos-flagrar-participantes-com-placas-adulteradas-em-santa-rita\/\",\"url\":\"https:\/\/www.pm.pb.gov.br\/portal\/2019\/03\/19\/pm-interrompe-rolezinho-de-motos-apos-flagrar-participantes-com-placas-adulteradas-em-santa-rita\/\",\"name\":\"PM interrompe \u2018rolezinho\u2019 de motos ap\u00f3s flagrar participantes com placas adulteradas em Santa Rita - Pol\u00edcia Militar da Para\u00edba\",\"isPartOf\":{\"@id\":\"https:\/\/www.pm.pb.gov.br\/portal\/#website\"},\"datePublished\":\"2019-03-19T12:42:23+00:00\",\"dateModified\":\"2019-03-19T12:42:24+00:00\",\"breadcrumb\":{\"@id\":\"https:\/\/www.pm.pb.gov.br\/portal\/2019\/03\/19\/pm-interrompe-rolezinho-de-motos-apos-flagrar-participantes-com-placas-adulteradas-em-santa-rita\/#breadcrumb\"},\"inLanguage\":\"pt-BR\",\"potentialAction\":[{\"@type\":\"ReadAction\",\"target\":[\"https:\/\/www.pm.pb.gov.br\/portal\/2019\/03\/19\/pm-interrompe-rolezinho-de-motos-apos-flagrar-participantes-com-placas-adulteradas-em-santa-rita\/\"]}]},{\"@type\":\"BreadcrumbList\",\"@id\":\"https:\/\/www.pm.pb.gov.br\/portal\/2019\/03\/19\/pm-interrompe-rolezinho-de-motos-apos-flagrar-participantes-com-placas-adulteradas-em-santa-rita\/#breadcrumb\",\"itemListElement\":[{\"@type\":\"ListItem\",\"position\":1,\"name\":\"In\u00edcio\",\"item\":\"https:\/\/www.pm.pb.gov.br\/portal\/\"},{\"@type\":\"ListItem\",\"position\":2,\"name\":\"PM interrompe \u2018rolezinho\u2019 de motos ap\u00f3s flagrar participantes com placas adulteradas em Santa Rita\"}]},{\"@type\":\"WebSite\",\"@id\":\"https:\/\/www.pm.pb.gov.br\/portal\/#website\",\"url\":\"https:\/\/www.pm.pb.gov.br\/portal\/\",\"name\":\"Pol\u00edcia Militar da Para\u00edba\",\"description\":\"\",\"publisher\":{\"@id\":\"https:\/\/www.pm.pb.gov.br\/portal\/#organization\"},\"potentialAction\":[{\"@type\":\"SearchAction\",\"target\":{\"@type\":\"EntryPoint\",\"urlTemplate\":\"https:\/\/www.pm.pb.gov.br\/portal\/?s={search_term_string}\"},\"query-input\":\"required name=search_term_string\"}],\"inLanguage\":\"pt-BR\"},{\"@type\":\"Organization\",\"@id\":\"https:\/\/www.pm.pb.gov.br\/portal\/#organization\",\"name\":\"Pol\u00edcia Militar da Para\u00edba\",\"url\":\"https:\/\/www.pm.pb.gov.br\/portal\/\",\"logo\":{\"@type\":\"ImageObject\",\"inLanguage\":\"pt-BR\",\"@id\":\"https:\/\/www.pm.pb.gov.br\/portal\/#\/schema\/logo\/image\/\",\"url\":\"https:\/\/www.pm.pb.gov.br\/portal\/wp-content\/uploads\/2025\/03\/cropped-logo-site-mag2-1.png\",\"contentUrl\":\"https:\/\/www.pm.pb.gov.br\/portal\/wp-content\/uploads\/2025\/03\/cropped-logo-site-mag2-1.png\",\"width\":320,\"height\":90,\"caption\":\"Pol\u00edcia Militar da Para\u00edba\"},\"image\":{\"@id\":\"https:\/\/www.pm.pb.gov.br\/portal\/#\/schema\/logo\/image\/\"}},{\"@type\":\"Person\",\"@id\":\"https:\/\/www.pm.pb.gov.br\/portal\/#\/schema\/person\/b169b297b8494dea236e315ed1a201d1\",\"name\":\"WAGNER HENRIQUE VARELA DA SILVA\",\"image\":{\"@type\":\"ImageObject\",\"inLanguage\":\"pt-BR\",\"@id\":\"https:\/\/www.pm.pb.gov.br\/portal\/#\/schema\/person\/image\/\",\"url\":\"https:\/\/secure.gravatar.com\/avatar\/e08af53176a66730df5c0706c6c31fd6?s=96&d=mm&r=g\",\"contentUrl\":\"https:\/\/secure.gravatar.com\/avatar\/e08af53176a66730df5c0706c6c31fd6?s=96&d=mm&r=g\",\"caption\":\"WAGNER HENRIQUE VARELA DA SILVA\"},\"url\":\"https:\/\/www.pm.pb.gov.br\/portal\/author\/varela\/\"}]}<\/script>\n<!-- \/ Yoast SEO plugin. -->","yoast_head_json":{"title":"PM interrompe \u2018rolezinho\u2019 de motos ap\u00f3s flagrar participantes com placas adulteradas em Santa Rita - Pol\u00edcia Militar da Para\u00edba","robots":{"index":"index","follow":"follow","max-snippet":"max-snippet:-1","max-image-preview":"max-image-preview:large","max-video-preview":"max-video-preview:-1"},"canonical":"https:\/\/www.pm.pb.gov.br\/portal\/2019\/03\/19\/pm-interrompe-rolezinho-de-motos-apos-flagrar-participantes-com-placas-adulteradas-em-santa-rita\/","og_locale":"pt_BR","og_type":"article","og_title":"PM interrompe \u2018rolezinho\u2019 de motos ap\u00f3s flagrar participantes com placas adulteradas em Santa Rita - Pol\u00edcia Militar da Para\u00edba","og_description":"A Pol\u00edcia Militar colocou fim a um rolezinho (como s\u00e3o chamados os passeios de v\u00e1rias motos em grupo) que era","og_url":"https:\/\/www.pm.pb.gov.br\/portal\/2019\/03\/19\/pm-interrompe-rolezinho-de-motos-apos-flagrar-participantes-com-placas-adulteradas-em-santa-rita\/","og_site_name":"Pol\u00edcia Militar da Para\u00edba","article_published_time":"2019-03-19T12:42:23+00:00","article_modified_time":"2019-03-19T12:42:24+00:00","og_image":[{"width":1040,"height":780,"url":"https:\/\/www.pm.pb.gov.br\/portal\/wp-content\/uploads\/2019\/03\/WhatsApp-Image-2019-03-19-at-09.33.00-1.jpeg","type":"image\/jpeg"}],"author":"WAGNER HENRIQUE VARELA DA SILVA","twitter_card":"summary_large_image","twitter_misc":{"Escrito por":"WAGNER HENRIQUE VARELA DA SILVA","Est. tempo de leitura":"1 minuto"},"schema":{"@context":"https:\/\/schema.org","@graph":[{"@type":"Article","@id":"https:\/\/www.pm.pb.gov.br\/portal\/2019\/03\/19\/pm-interrompe-rolezinho-de-motos-apos-flagrar-participantes-com-placas-adulteradas-em-santa-rita\/#article","isPartOf":{"@id":"https:\/\/www.pm.pb.gov.br\/portal\/2019\/03\/19\/pm-interrompe-rolezinho-de-motos-apos-flagrar-participantes-com-placas-adulteradas-em-santa-rita\/"},"author":{"name":"WAGNER HENRIQUE VARELA DA SILVA","@id":"https:\/\/www.pm.pb.gov.br\/portal\/#\/schema\/person\/b169b297b8494dea236e315ed1a201d1"},"headline":"PM interrompe \u2018rolezinho\u2019 de motos ap\u00f3s flagrar participantes com placas adulteradas em Santa Rita","datePublished":"2019-03-19T12:42:23+00:00","dateModified":"2019-03-19T12:42:24+00:00","mainEntityOfPage":{"@id":"https:\/\/www.pm.pb.gov.br\/portal\/2019\/03\/19\/pm-interrompe-rolezinho-de-motos-apos-flagrar-participantes-com-placas-adulteradas-em-santa-rita\/"},"wordCount":200,"publisher":{"@id":"https:\/\/www.pm.pb.gov.br\/portal\/#organization"},"articleSection":["A\u00e7\u00f5es Policiais"],"inLanguage":"pt-BR"},{"@type":"WebPage","@id":"https:\/\/www.pm.pb.gov.br\/portal\/2019\/03\/19\/pm-interrompe-rolezinho-de-motos-apos-flagrar-participantes-com-placas-adulteradas-em-santa-rita\/","url":"https:\/\/www.pm.pb.gov.br\/portal\/2019\/03\/19\/pm-interrompe-rolezinho-de-motos-apos-flagrar-participantes-com-placas-adulteradas-em-santa-rita\/","name":"PM interrompe \u2018rolezinho\u2019 de motos ap\u00f3s flagrar participantes com placas adulteradas em Santa Rita - Pol\u00edcia Militar da Para\u00edba","isPartOf":{"@id":"https:\/\/www.pm.pb.gov.br\/portal\/#website"},"datePublished":"2019-03-19T12:42:23+00:00","dateModified":"2019-03-19T12:42:24+00:00","breadcrumb":{"@id":"https:\/\/www.pm.pb.gov.br\/portal\/2019\/03\/19\/pm-interrompe-rolezinho-de-motos-apos-flagrar-participantes-com-placas-adulteradas-em-santa-rita\/#breadcrumb"},"inLanguage":"pt-BR","potentialAction":[{"@type":"ReadAction","target":["https:\/\/www.pm.pb.gov.br\/portal\/2019\/03\/19\/pm-interrompe-rolezinho-de-motos-apos-flagrar-participantes-com-placas-adulteradas-em-santa-rita\/"]}]},{"@type":"BreadcrumbList","@id":"https:\/\/www.pm.pb.gov.br\/portal\/2019\/03\/19\/pm-interrompe-rolezinho-de-motos-apos-flagrar-participantes-com-placas-adulteradas-em-santa-rita\/#breadcrumb","itemListElement":[{"@type":"ListItem","position":1,"name":"In\u00edcio","item":"https:\/\/www.pm.pb.gov.br\/portal\/"},{"@type":"ListItem","position":2,"name":"PM interrompe \u2018rolezinho\u2019 de motos ap\u00f3s flagrar participantes com placas adulteradas em Santa Rita"}]},{"@type":"WebSite","@id":"https:\/\/www.pm.pb.gov.br\/portal\/#website","url":"https:\/\/www.pm.pb.gov.br\/portal\/","name":"Pol\u00edcia Militar da Para\u00edba","description":"","publisher":{"@id":"https:\/\/www.pm.pb.gov.br\/portal\/#organization"},"potentialAction":[{"@type":"SearchAction","target":{"@type":"EntryPoint","urlTemplate":"https:\/\/www.pm.pb.gov.br\/portal\/?s={search_term_string}"},"query-input":"required name=search_term_string"}],"inLanguage":"pt-BR"},{"@type":"Organization","@id":"https:\/\/www.pm.pb.gov.br\/portal\/#organization","name":"Pol\u00edcia Militar da Para\u00edba","url":"https:\/\/www.pm.pb.gov.br\/portal\/","logo":{"@type":"ImageObject","inLanguage":"pt-BR","@id":"https:\/\/www.pm.pb.gov.br\/portal\/#\/schema\/logo\/image\/","url":"https:\/\/www.pm.pb.gov.br\/portal\/wp-content\/uploads\/2025\/03\/cropped-logo-site-mag2-1.png","contentUrl":"https:\/\/www.pm.pb.gov.br\/portal\/wp-content\/uploads\/2025\/03\/cropped-logo-site-mag2-1.png","width":320,"height":90,"caption":"Pol\u00edcia Militar da Para\u00edba"},"image":{"@id":"https:\/\/www.pm.pb.gov.br\/portal\/#\/schema\/logo\/image\/"}},{"@type":"Person","@id":"https:\/\/www.pm.pb.gov.br\/portal\/#\/schema\/person\/b169b297b8494dea236e315ed1a201d1","name":"WAGNER HENRIQUE VARELA DA SILVA","image":{"@type":"ImageObject","inLanguage":"pt-BR","@id":"https:\/\/www.pm.pb.gov.br\/portal\/#\/schema\/person\/image\/","url":"https:\/\/secure.gravatar.com\/avatar\/e08af53176a66730df5c0706c6c31fd6?s=96&d=mm&r=g","contentUrl":"https:\/\/secure.gravatar.com\/avatar\/e08af53176a66730df5c0706c6c31fd6?s=96&d=mm&r=g","caption":"WAGNER HENRIQUE VARELA DA SILVA"},"url":"https:\/\/www.pm.pb.gov.br\/portal\/author\/varela\/"}]}},"_links":{"self":[{"href":"https:\/\/www.pm.pb.gov.br\/portal\/wp-json\/wp\/v2\/posts\/900206"}],"collection":[{"href":"https:\/\/www.pm.pb.gov.br\/portal\/wp-json\/wp\/v2\/posts"}],"about":[{"href":"https:\/\/www.pm.pb.gov.br\/portal\/wp-json\/wp\/v2\/types\/post"}],"author":[{"embeddable":true,"href":"https:\/\/www.pm.pb.gov.br\/portal\/wp-json\/wp\/v2\/users\/10"}],"replies":[{"embeddable":true,"href":"https:\/\/www.pm.pb.gov.br\/portal\/wp-json\/wp\/v2\/comments?post=900206"}],"version-history":[{"count":1,"href":"https:\/\/www.pm.pb.gov.br\/portal\/wp-json\/wp\/v2\/posts\/900206\/revisions"}],"predecessor-version":[{"id":900208,"href":"https:\/\/www.pm.pb.gov.br\/portal\/wp-json\/wp\/v2\/posts\/900206\/revisions\/900208"}],"wp:featuredmedia":[{"embeddable":true,"href":"https:\/\/www.pm.pb.gov.br\/portal\/wp-json\/wp\/v2\/media\/900207"}],"wp:attachment":[{"href":"https:\/\/www.pm.pb.gov.br\/portal\/wp-json\/wp\/v2\/media?parent=900206"}],"wp:term":[{"taxonomy":"category","embeddable":true,"href":"https:\/\/www.pm.pb.gov.br\/portal\/wp-json\/wp\/v2\/categories?post=900206"},{"taxonomy":"post_tag","embeddable":true,"href":"https:\/\/www.pm.pb.gov.br\/portal\/wp-json\/wp\/v2\/tags?post=900206"}],"curies":[{"name":"wp","href":"https:\/\/api.w.org\/{rel}","templated":true}]}}