{"id":900194,"date":"2019-03-18T09:48:21","date_gmt":"2019-03-18T12:48:21","guid":{"rendered":"http:\/\/www.pm.pb.gov.br\/portal\/?p=900194"},"modified":"2019-03-18T09:48:22","modified_gmt":"2019-03-18T12:48:22","slug":"uniao-e-solidariedade-marcam-homenagem-ao-capitao-ulysses-in-memoriam","status":"publish","type":"post","link":"https:\/\/www.pm.pb.gov.br\/portal\/2019\/03\/18\/uniao-e-solidariedade-marcam-homenagem-ao-capitao-ulysses-in-memoriam\/","title":{"rendered":"Uni\u00e3o e solidariedade marcam homenagem ao capit\u00e3o Ulysses (In memoriam)"},"content":{"rendered":"\n<p>A uni\u00e3o e a solidariedade marcaram as homenagens ao capit\u00e3o Ulysses, que tombou em combate no ano de 2016. Pelo terceiro ano seguido, colegas da turma de oficial do capit\u00e3o fizeram doa\u00e7\u00f5es de alimentos a institui\u00e7\u00f5es de caridade, em Jo\u00e3o Pessoa e Campina Grande, como forma de perpetuar o legado de fazer o bem ao pr\u00f3ximo, deixado pelo jovem oficial.<\/p>\n\n\n\n<p>Este ano, a campanha em homenagem ao capit\u00e3o Ulysses teve uma tonelada a mais de alimentos arrecadados, chegando a 2,5 toneladas em meia. As doa\u00e7\u00f5es come\u00e7aram pela Casa da Crian\u00e7a com C\u00e2ncer, em Jo\u00e3o Pessoa, que recebeu 155 cestas b\u00e1sicas. Foram doados ainda alimentos para o Instituto de Pesquisa Professor Joaquim Amorim Neto (IPESQ) e Instituto Paraibano de Combate ao C\u00e2ncer (IPCCAN), em Campina Grande.<\/p>\n\n\n\n<p>\u201cAcompanhamos com orgulho a eterniza\u00e7\u00e3o do viver do saudoso Ulysses, com o gesto solid\u00e1rio de suas companheiras e de seus companheiros de turma, que arrecadaram toneladas de alimentos e assim renovaram a esperan\u00e7a de pessoas que sobrevivem em nosso meio\u201d, destacou o comandante-geral da Pol\u00edcia Militar, coronel Euller Chaves, ao parabenizar os participantes pela iniciativa em favor do bem.<\/p>\n\n\n\n<p>A capit\u00e3 Dayana, da turma de oficiais do capit\u00e3o Ulysses, disse que a campanha transformou o momento de dor em momentos de amor. \u201cPorque essa \u00e9 uma forma de dizer que Ulysses permanece vivo em nossas mem\u00f3rias e sempre permanecer\u00e1, praticando o acolhimento, amor e carinho ao pr\u00f3ximo, com essa campanha que vem crescendo e envolvendo mais pessoas a cada ano\u201d, disse.<\/p>\n\n\n\n<p>Os alimentos foram arrecadados durante campanha, que contou com a participa\u00e7\u00e3o n\u00e3o s\u00f3 de integrantes da turma de oficiais do capit\u00e3o, mas de v\u00e1rias outras pessoas.<\/p>\n","protected":false},"excerpt":{"rendered":"<p>A uni\u00e3o e a solidariedade marcaram as homenagens ao capit\u00e3o Ulysses, que tombou em combate no ano de 2016. Pelo<\/p>\n","protected":false},"author":10,"featured_media":900195,"comment_status":"closed","ping_status":"closed","sticky":false,"template":"","format":"standard","meta":{"_exactmetrics_skip_tracking":false,"_exactmetrics_sitenote_active":false,"_exactmetrics_sitenote_note":"","_exactmetrics_sitenote_category":0,"footnotes":""},"categories":[4],"tags":[],"yoast_head":"<!-- This site is optimized with the Yoast SEO plugin v22.0 - https:\/\/yoast.com\/wordpress\/plugins\/seo\/ -->\n<title>Uni\u00e3o e solidariedade marcam homenagem ao capit\u00e3o Ulysses (In memoriam) - Pol\u00edcia Militar da Para\u00edba<\/title>\n<meta name=\"robots\" content=\"index, follow, max-snippet:-1, max-image-preview:large, max-video-preview:-1\" \/>\n<link rel=\"canonical\" href=\"https:\/\/www.pm.pb.gov.br\/portal\/2019\/03\/18\/uniao-e-solidariedade-marcam-homenagem-ao-capitao-ulysses-in-memoriam\/\" \/>\n<meta property=\"og:locale\" content=\"pt_BR\" \/>\n<meta property=\"og:type\" content=\"article\" \/>\n<meta property=\"og:title\" content=\"Uni\u00e3o e solidariedade marcam homenagem ao capit\u00e3o Ulysses (In memoriam) - Pol\u00edcia Militar da Para\u00edba\" \/>\n<meta property=\"og:description\" content=\"A uni\u00e3o e a solidariedade marcaram as homenagens ao capit\u00e3o Ulysses, que tombou em combate no ano de 2016. Pelo\" \/>\n<meta property=\"og:url\" content=\"https:\/\/www.pm.pb.gov.br\/portal\/2019\/03\/18\/uniao-e-solidariedade-marcam-homenagem-ao-capitao-ulysses-in-memoriam\/\" \/>\n<meta property=\"og:site_name\" content=\"Pol\u00edcia Militar da Para\u00edba\" \/>\n<meta property=\"article:published_time\" content=\"2019-03-18T12:48:21+00:00\" \/>\n<meta property=\"article:modified_time\" content=\"2019-03-18T12:48:22+00:00\" \/>\n<meta property=\"og:image\" content=\"https:\/\/www.pm.pb.gov.br\/portal\/wp-content\/uploads\/2019\/03\/WhatsApp-Image-2019-03-18-at-09.32.13.jpeg\" \/>\n\t<meta property=\"og:image:width\" content=\"670\" \/>\n\t<meta property=\"og:image:height\" content=\"427\" \/>\n\t<meta property=\"og:image:type\" content=\"image\/jpeg\" \/>\n<meta name=\"author\" content=\"WAGNER HENRIQUE VARELA DA SILVA\" \/>\n<meta name=\"twitter:card\" content=\"summary_large_image\" \/>\n<meta name=\"twitter:label1\" content=\"Escrito por\" \/>\n\t<meta name=\"twitter:data1\" content=\"WAGNER HENRIQUE VARELA DA SILVA\" \/>\n\t<meta name=\"twitter:label2\" content=\"Est. tempo de leitura\" \/>\n\t<meta name=\"twitter:data2\" content=\"1 minuto\" \/>\n<script type=\"application\/ld+json\" class=\"yoast-schema-graph\">{\"@context\":\"https:\/\/schema.org\",\"@graph\":[{\"@type\":\"Article\",\"@id\":\"https:\/\/www.pm.pb.gov.br\/portal\/2019\/03\/18\/uniao-e-solidariedade-marcam-homenagem-ao-capitao-ulysses-in-memoriam\/#article\",\"isPartOf\":{\"@id\":\"https:\/\/www.pm.pb.gov.br\/portal\/2019\/03\/18\/uniao-e-solidariedade-marcam-homenagem-ao-capitao-ulysses-in-memoriam\/\"},\"author\":{\"name\":\"WAGNER HENRIQUE VARELA DA SILVA\",\"@id\":\"https:\/\/www.pm.pb.gov.br\/portal\/#\/schema\/person\/b169b297b8494dea236e315ed1a201d1\"},\"headline\":\"Uni\u00e3o e solidariedade marcam homenagem ao capit\u00e3o Ulysses (In memoriam)\",\"datePublished\":\"2019-03-18T12:48:21+00:00\",\"dateModified\":\"2019-03-18T12:48:22+00:00\",\"mainEntityOfPage\":{\"@id\":\"https:\/\/www.pm.pb.gov.br\/portal\/2019\/03\/18\/uniao-e-solidariedade-marcam-homenagem-ao-capitao-ulysses-in-memoriam\/\"},\"wordCount\":306,\"publisher\":{\"@id\":\"https:\/\/www.pm.pb.gov.br\/portal\/#organization\"},\"articleSection\":[\"A\u00e7\u00f5es Policiais\"],\"inLanguage\":\"pt-BR\"},{\"@type\":\"WebPage\",\"@id\":\"https:\/\/www.pm.pb.gov.br\/portal\/2019\/03\/18\/uniao-e-solidariedade-marcam-homenagem-ao-capitao-ulysses-in-memoriam\/\",\"url\":\"https:\/\/www.pm.pb.gov.br\/portal\/2019\/03\/18\/uniao-e-solidariedade-marcam-homenagem-ao-capitao-ulysses-in-memoriam\/\",\"name\":\"Uni\u00e3o e solidariedade marcam homenagem ao capit\u00e3o Ulysses (In memoriam) - Pol\u00edcia Militar da Para\u00edba\",\"isPartOf\":{\"@id\":\"https:\/\/www.pm.pb.gov.br\/portal\/#website\"},\"datePublished\":\"2019-03-18T12:48:21+00:00\",\"dateModified\":\"2019-03-18T12:48:22+00:00\",\"breadcrumb\":{\"@id\":\"https:\/\/www.pm.pb.gov.br\/portal\/2019\/03\/18\/uniao-e-solidariedade-marcam-homenagem-ao-capitao-ulysses-in-memoriam\/#breadcrumb\"},\"inLanguage\":\"pt-BR\",\"potentialAction\":[{\"@type\":\"ReadAction\",\"target\":[\"https:\/\/www.pm.pb.gov.br\/portal\/2019\/03\/18\/uniao-e-solidariedade-marcam-homenagem-ao-capitao-ulysses-in-memoriam\/\"]}]},{\"@type\":\"BreadcrumbList\",\"@id\":\"https:\/\/www.pm.pb.gov.br\/portal\/2019\/03\/18\/uniao-e-solidariedade-marcam-homenagem-ao-capitao-ulysses-in-memoriam\/#breadcrumb\",\"itemListElement\":[{\"@type\":\"ListItem\",\"position\":1,\"name\":\"In\u00edcio\",\"item\":\"https:\/\/www.pm.pb.gov.br\/portal\/\"},{\"@type\":\"ListItem\",\"position\":2,\"name\":\"Uni\u00e3o e solidariedade marcam homenagem ao capit\u00e3o Ulysses (In memoriam)\"}]},{\"@type\":\"WebSite\",\"@id\":\"https:\/\/www.pm.pb.gov.br\/portal\/#website\",\"url\":\"https:\/\/www.pm.pb.gov.br\/portal\/\",\"name\":\"Pol\u00edcia Militar da Para\u00edba\",\"description\":\"\",\"publisher\":{\"@id\":\"https:\/\/www.pm.pb.gov.br\/portal\/#organization\"},\"potentialAction\":[{\"@type\":\"SearchAction\",\"target\":{\"@type\":\"EntryPoint\",\"urlTemplate\":\"https:\/\/www.pm.pb.gov.br\/portal\/?s={search_term_string}\"},\"query-input\":\"required name=search_term_string\"}],\"inLanguage\":\"pt-BR\"},{\"@type\":\"Organization\",\"@id\":\"https:\/\/www.pm.pb.gov.br\/portal\/#organization\",\"name\":\"Pol\u00edcia Militar da Para\u00edba\",\"url\":\"https:\/\/www.pm.pb.gov.br\/portal\/\",\"logo\":{\"@type\":\"ImageObject\",\"inLanguage\":\"pt-BR\",\"@id\":\"https:\/\/www.pm.pb.gov.br\/portal\/#\/schema\/logo\/image\/\",\"url\":\"https:\/\/www.pm.pb.gov.br\/portal\/wp-content\/uploads\/2025\/03\/cropped-logo-site-mag2-1.png\",\"contentUrl\":\"https:\/\/www.pm.pb.gov.br\/portal\/wp-content\/uploads\/2025\/03\/cropped-logo-site-mag2-1.png\",\"width\":320,\"height\":90,\"caption\":\"Pol\u00edcia Militar da Para\u00edba\"},\"image\":{\"@id\":\"https:\/\/www.pm.pb.gov.br\/portal\/#\/schema\/logo\/image\/\"}},{\"@type\":\"Person\",\"@id\":\"https:\/\/www.pm.pb.gov.br\/portal\/#\/schema\/person\/b169b297b8494dea236e315ed1a201d1\",\"name\":\"WAGNER HENRIQUE VARELA DA SILVA\",\"image\":{\"@type\":\"ImageObject\",\"inLanguage\":\"pt-BR\",\"@id\":\"https:\/\/www.pm.pb.gov.br\/portal\/#\/schema\/person\/image\/\",\"url\":\"https:\/\/secure.gravatar.com\/avatar\/e08af53176a66730df5c0706c6c31fd6?s=96&d=mm&r=g\",\"contentUrl\":\"https:\/\/secure.gravatar.com\/avatar\/e08af53176a66730df5c0706c6c31fd6?s=96&d=mm&r=g\",\"caption\":\"WAGNER HENRIQUE VARELA DA SILVA\"},\"url\":\"https:\/\/www.pm.pb.gov.br\/portal\/author\/varela\/\"}]}<\/script>\n<!-- \/ Yoast SEO plugin. -->","yoast_head_json":{"title":"Uni\u00e3o e solidariedade marcam homenagem ao capit\u00e3o Ulysses (In memoriam) - Pol\u00edcia Militar da Para\u00edba","robots":{"index":"index","follow":"follow","max-snippet":"max-snippet:-1","max-image-preview":"max-image-preview:large","max-video-preview":"max-video-preview:-1"},"canonical":"https:\/\/www.pm.pb.gov.br\/portal\/2019\/03\/18\/uniao-e-solidariedade-marcam-homenagem-ao-capitao-ulysses-in-memoriam\/","og_locale":"pt_BR","og_type":"article","og_title":"Uni\u00e3o e solidariedade marcam homenagem ao capit\u00e3o Ulysses (In memoriam) - Pol\u00edcia Militar da Para\u00edba","og_description":"A uni\u00e3o e a solidariedade marcaram as homenagens ao capit\u00e3o Ulysses, que tombou em combate no ano de 2016. Pelo","og_url":"https:\/\/www.pm.pb.gov.br\/portal\/2019\/03\/18\/uniao-e-solidariedade-marcam-homenagem-ao-capitao-ulysses-in-memoriam\/","og_site_name":"Pol\u00edcia Militar da Para\u00edba","article_published_time":"2019-03-18T12:48:21+00:00","article_modified_time":"2019-03-18T12:48:22+00:00","og_image":[{"width":670,"height":427,"url":"https:\/\/www.pm.pb.gov.br\/portal\/wp-content\/uploads\/2019\/03\/WhatsApp-Image-2019-03-18-at-09.32.13.jpeg","type":"image\/jpeg"}],"author":"WAGNER HENRIQUE VARELA DA SILVA","twitter_card":"summary_large_image","twitter_misc":{"Escrito por":"WAGNER HENRIQUE VARELA DA SILVA","Est. tempo de leitura":"1 minuto"},"schema":{"@context":"https:\/\/schema.org","@graph":[{"@type":"Article","@id":"https:\/\/www.pm.pb.gov.br\/portal\/2019\/03\/18\/uniao-e-solidariedade-marcam-homenagem-ao-capitao-ulysses-in-memoriam\/#article","isPartOf":{"@id":"https:\/\/www.pm.pb.gov.br\/portal\/2019\/03\/18\/uniao-e-solidariedade-marcam-homenagem-ao-capitao-ulysses-in-memoriam\/"},"author":{"name":"WAGNER HENRIQUE VARELA DA SILVA","@id":"https:\/\/www.pm.pb.gov.br\/portal\/#\/schema\/person\/b169b297b8494dea236e315ed1a201d1"},"headline":"Uni\u00e3o e solidariedade marcam homenagem ao capit\u00e3o Ulysses (In memoriam)","datePublished":"2019-03-18T12:48:21+00:00","dateModified":"2019-03-18T12:48:22+00:00","mainEntityOfPage":{"@id":"https:\/\/www.pm.pb.gov.br\/portal\/2019\/03\/18\/uniao-e-solidariedade-marcam-homenagem-ao-capitao-ulysses-in-memoriam\/"},"wordCount":306,"publisher":{"@id":"https:\/\/www.pm.pb.gov.br\/portal\/#organization"},"articleSection":["A\u00e7\u00f5es Policiais"],"inLanguage":"pt-BR"},{"@type":"WebPage","@id":"https:\/\/www.pm.pb.gov.br\/portal\/2019\/03\/18\/uniao-e-solidariedade-marcam-homenagem-ao-capitao-ulysses-in-memoriam\/","url":"https:\/\/www.pm.pb.gov.br\/portal\/2019\/03\/18\/uniao-e-solidariedade-marcam-homenagem-ao-capitao-ulysses-in-memoriam\/","name":"Uni\u00e3o e solidariedade marcam homenagem ao capit\u00e3o Ulysses (In memoriam) - Pol\u00edcia Militar da Para\u00edba","isPartOf":{"@id":"https:\/\/www.pm.pb.gov.br\/portal\/#website"},"datePublished":"2019-03-18T12:48:21+00:00","dateModified":"2019-03-18T12:48:22+00:00","breadcrumb":{"@id":"https:\/\/www.pm.pb.gov.br\/portal\/2019\/03\/18\/uniao-e-solidariedade-marcam-homenagem-ao-capitao-ulysses-in-memoriam\/#breadcrumb"},"inLanguage":"pt-BR","potentialAction":[{"@type":"ReadAction","target":["https:\/\/www.pm.pb.gov.br\/portal\/2019\/03\/18\/uniao-e-solidariedade-marcam-homenagem-ao-capitao-ulysses-in-memoriam\/"]}]},{"@type":"BreadcrumbList","@id":"https:\/\/www.pm.pb.gov.br\/portal\/2019\/03\/18\/uniao-e-solidariedade-marcam-homenagem-ao-capitao-ulysses-in-memoriam\/#breadcrumb","itemListElement":[{"@type":"ListItem","position":1,"name":"In\u00edcio","item":"https:\/\/www.pm.pb.gov.br\/portal\/"},{"@type":"ListItem","position":2,"name":"Uni\u00e3o e solidariedade marcam homenagem ao capit\u00e3o Ulysses (In memoriam)"}]},{"@type":"WebSite","@id":"https:\/\/www.pm.pb.gov.br\/portal\/#website","url":"https:\/\/www.pm.pb.gov.br\/portal\/","name":"Pol\u00edcia Militar da Para\u00edba","description":"","publisher":{"@id":"https:\/\/www.pm.pb.gov.br\/portal\/#organization"},"potentialAction":[{"@type":"SearchAction","target":{"@type":"EntryPoint","urlTemplate":"https:\/\/www.pm.pb.gov.br\/portal\/?s={search_term_string}"},"query-input":"required name=search_term_string"}],"inLanguage":"pt-BR"},{"@type":"Organization","@id":"https:\/\/www.pm.pb.gov.br\/portal\/#organization","name":"Pol\u00edcia Militar da Para\u00edba","url":"https:\/\/www.pm.pb.gov.br\/portal\/","logo":{"@type":"ImageObject","inLanguage":"pt-BR","@id":"https:\/\/www.pm.pb.gov.br\/portal\/#\/schema\/logo\/image\/","url":"https:\/\/www.pm.pb.gov.br\/portal\/wp-content\/uploads\/2025\/03\/cropped-logo-site-mag2-1.png","contentUrl":"https:\/\/www.pm.pb.gov.br\/portal\/wp-content\/uploads\/2025\/03\/cropped-logo-site-mag2-1.png","width":320,"height":90,"caption":"Pol\u00edcia Militar da Para\u00edba"},"image":{"@id":"https:\/\/www.pm.pb.gov.br\/portal\/#\/schema\/logo\/image\/"}},{"@type":"Person","@id":"https:\/\/www.pm.pb.gov.br\/portal\/#\/schema\/person\/b169b297b8494dea236e315ed1a201d1","name":"WAGNER HENRIQUE VARELA DA SILVA","image":{"@type":"ImageObject","inLanguage":"pt-BR","@id":"https:\/\/www.pm.pb.gov.br\/portal\/#\/schema\/person\/image\/","url":"https:\/\/secure.gravatar.com\/avatar\/e08af53176a66730df5c0706c6c31fd6?s=96&d=mm&r=g","contentUrl":"https:\/\/secure.gravatar.com\/avatar\/e08af53176a66730df5c0706c6c31fd6?s=96&d=mm&r=g","caption":"WAGNER HENRIQUE VARELA DA SILVA"},"url":"https:\/\/www.pm.pb.gov.br\/portal\/author\/varela\/"}]}},"_links":{"self":[{"href":"https:\/\/www.pm.pb.gov.br\/portal\/wp-json\/wp\/v2\/posts\/900194"}],"collection":[{"href":"https:\/\/www.pm.pb.gov.br\/portal\/wp-json\/wp\/v2\/posts"}],"about":[{"href":"https:\/\/www.pm.pb.gov.br\/portal\/wp-json\/wp\/v2\/types\/post"}],"author":[{"embeddable":true,"href":"https:\/\/www.pm.pb.gov.br\/portal\/wp-json\/wp\/v2\/users\/10"}],"replies":[{"embeddable":true,"href":"https:\/\/www.pm.pb.gov.br\/portal\/wp-json\/wp\/v2\/comments?post=900194"}],"version-history":[{"count":1,"href":"https:\/\/www.pm.pb.gov.br\/portal\/wp-json\/wp\/v2\/posts\/900194\/revisions"}],"predecessor-version":[{"id":900196,"href":"https:\/\/www.pm.pb.gov.br\/portal\/wp-json\/wp\/v2\/posts\/900194\/revisions\/900196"}],"wp:featuredmedia":[{"embeddable":true,"href":"https:\/\/www.pm.pb.gov.br\/portal\/wp-json\/wp\/v2\/media\/900195"}],"wp:attachment":[{"href":"https:\/\/www.pm.pb.gov.br\/portal\/wp-json\/wp\/v2\/media?parent=900194"}],"wp:term":[{"taxonomy":"category","embeddable":true,"href":"https:\/\/www.pm.pb.gov.br\/portal\/wp-json\/wp\/v2\/categories?post=900194"},{"taxonomy":"post_tag","embeddable":true,"href":"https:\/\/www.pm.pb.gov.br\/portal\/wp-json\/wp\/v2\/tags?post=900194"}],"curies":[{"name":"wp","href":"https:\/\/api.w.org\/{rel}","templated":true}]}}