{"id":900189,"date":"2019-03-18T08:43:40","date_gmt":"2019-03-18T11:43:40","guid":{"rendered":"http:\/\/www.pm.pb.gov.br\/portal\/?p=900189"},"modified":"2019-03-18T08:43:41","modified_gmt":"2019-03-18T11:43:41","slug":"policia-militar-garante-a-seguranca-de-mais-de-46-mil-eleitores-durante-a-eleicao-suplementar-na-cidade-de-cabedelo","status":"publish","type":"post","link":"https:\/\/www.pm.pb.gov.br\/portal\/2019\/03\/18\/policia-militar-garante-a-seguranca-de-mais-de-46-mil-eleitores-durante-a-eleicao-suplementar-na-cidade-de-cabedelo\/","title":{"rendered":"Pol\u00edcia Militar garante a seguran\u00e7a de mais de 46 mil eleitores durante a elei\u00e7\u00e3o suplementar na cidade de Cabedelo"},"content":{"rendered":"\n<p>A Pol\u00edcia Militar n\u00e3o registrou nenhuma ocorr\u00eancia eleitoral na cidade de Cabedelo, que neste domingo (17), escolheu o novo prefeito do munic\u00edpio. Durante todo o fim de semana, a corpora\u00e7\u00e3o trabalhou na escolta e guarda de urnas, realizou o policiamento nos 32 locais de vota\u00e7\u00e3o e intensificou a presen\u00e7a em v\u00e1rias localidades, para coibir qualquer tipo de pr\u00e1tica que resultasse em crime.<\/p>\n\n\n\n<p>Todo o trabalho dos policiais militares para garantir a tranquilidade da elei\u00e7\u00e3o suplementar para prefeito do munic\u00edpio foi  acompanhado de perto pelo secret\u00e1rio de estado da seguran\u00e7a e da defesa social, Jean Francisco, pelo comandante-geral da Pol\u00edcia Militar, coronel Euller Chaves, pelo subcomandante-geral da Pol\u00edcia Militar, coronel Almeida Rosas, al\u00e9m de outros gestores respons\u00e1veis pela seguran\u00e7a no pleito. A PM utilizou um refor\u00e7o de aproximadamente 150 policiais.<\/p>\n\n\n\n<p>N\u00e3o houve nenhum caso eleitoral que fosse necess\u00e1rio conduzir pessoas at\u00e9 a sede da Pol\u00edcia Federal e os mais de 46 mil eleitores puderam exercer o seu voto de forma tranquila, nas 138 se\u00e7\u00f5es eleitorais. O refor\u00e7o das a\u00e7\u00f5es continuou mesmo ap\u00f3s o resultado, garantindo tamb\u00e9m a seguran\u00e7a nas comemora\u00e7\u00f5es.<\/p>\n","protected":false},"excerpt":{"rendered":"<p>A Pol\u00edcia Militar n\u00e3o registrou nenhuma ocorr\u00eancia eleitoral na cidade de Cabedelo, que neste domingo (17), escolheu o novo prefeito<\/p>\n","protected":false},"author":10,"featured_media":900190,"comment_status":"closed","ping_status":"closed","sticky":false,"template":"","format":"standard","meta":{"_exactmetrics_skip_tracking":false,"_exactmetrics_sitenote_active":false,"_exactmetrics_sitenote_note":"","_exactmetrics_sitenote_category":0,"footnotes":""},"categories":[4],"tags":[],"yoast_head":"<!-- This site is optimized with the Yoast SEO plugin v22.0 - https:\/\/yoast.com\/wordpress\/plugins\/seo\/ -->\n<title>Pol\u00edcia Militar garante a seguran\u00e7a de mais de 46 mil eleitores durante a elei\u00e7\u00e3o suplementar na cidade de Cabedelo - Pol\u00edcia Militar da Para\u00edba<\/title>\n<meta name=\"robots\" content=\"index, follow, max-snippet:-1, max-image-preview:large, max-video-preview:-1\" \/>\n<link rel=\"canonical\" href=\"https:\/\/www.pm.pb.gov.br\/portal\/2019\/03\/18\/policia-militar-garante-a-seguranca-de-mais-de-46-mil-eleitores-durante-a-eleicao-suplementar-na-cidade-de-cabedelo\/\" \/>\n<meta property=\"og:locale\" content=\"pt_BR\" \/>\n<meta property=\"og:type\" content=\"article\" \/>\n<meta property=\"og:title\" content=\"Pol\u00edcia Militar garante a seguran\u00e7a de mais de 46 mil eleitores durante a elei\u00e7\u00e3o suplementar na cidade de Cabedelo - Pol\u00edcia Militar da Para\u00edba\" \/>\n<meta property=\"og:description\" content=\"A Pol\u00edcia Militar n\u00e3o registrou nenhuma ocorr\u00eancia eleitoral na cidade de Cabedelo, que neste domingo (17), escolheu o novo prefeito\" \/>\n<meta property=\"og:url\" content=\"https:\/\/www.pm.pb.gov.br\/portal\/2019\/03\/18\/policia-militar-garante-a-seguranca-de-mais-de-46-mil-eleitores-durante-a-eleicao-suplementar-na-cidade-de-cabedelo\/\" \/>\n<meta property=\"og:site_name\" content=\"Pol\u00edcia Militar da Para\u00edba\" \/>\n<meta property=\"article:published_time\" content=\"2019-03-18T11:43:40+00:00\" \/>\n<meta property=\"article:modified_time\" content=\"2019-03-18T11:43:41+00:00\" \/>\n<meta property=\"og:image\" content=\"https:\/\/www.pm.pb.gov.br\/portal\/wp-content\/uploads\/2019\/03\/WhatsApp-Image-2019-03-17-at-10.51.43.jpeg\" \/>\n\t<meta property=\"og:image:width\" content=\"1280\" \/>\n\t<meta property=\"og:image:height\" content=\"854\" \/>\n\t<meta property=\"og:image:type\" content=\"image\/jpeg\" \/>\n<meta name=\"author\" content=\"WAGNER HENRIQUE VARELA DA SILVA\" \/>\n<meta name=\"twitter:card\" content=\"summary_large_image\" \/>\n<meta name=\"twitter:label1\" content=\"Escrito por\" \/>\n\t<meta name=\"twitter:data1\" content=\"WAGNER HENRIQUE VARELA DA SILVA\" \/>\n\t<meta name=\"twitter:label2\" content=\"Est. tempo de leitura\" \/>\n\t<meta name=\"twitter:data2\" content=\"1 minuto\" \/>\n<script type=\"application\/ld+json\" class=\"yoast-schema-graph\">{\"@context\":\"https:\/\/schema.org\",\"@graph\":[{\"@type\":\"Article\",\"@id\":\"https:\/\/www.pm.pb.gov.br\/portal\/2019\/03\/18\/policia-militar-garante-a-seguranca-de-mais-de-46-mil-eleitores-durante-a-eleicao-suplementar-na-cidade-de-cabedelo\/#article\",\"isPartOf\":{\"@id\":\"https:\/\/www.pm.pb.gov.br\/portal\/2019\/03\/18\/policia-militar-garante-a-seguranca-de-mais-de-46-mil-eleitores-durante-a-eleicao-suplementar-na-cidade-de-cabedelo\/\"},\"author\":{\"name\":\"WAGNER HENRIQUE VARELA DA SILVA\",\"@id\":\"https:\/\/www.pm.pb.gov.br\/portal\/#\/schema\/person\/b169b297b8494dea236e315ed1a201d1\"},\"headline\":\"Pol\u00edcia Militar garante a seguran\u00e7a de mais de 46 mil eleitores durante a elei\u00e7\u00e3o suplementar na cidade de Cabedelo\",\"datePublished\":\"2019-03-18T11:43:40+00:00\",\"dateModified\":\"2019-03-18T11:43:41+00:00\",\"mainEntityOfPage\":{\"@id\":\"https:\/\/www.pm.pb.gov.br\/portal\/2019\/03\/18\/policia-militar-garante-a-seguranca-de-mais-de-46-mil-eleitores-durante-a-eleicao-suplementar-na-cidade-de-cabedelo\/\"},\"wordCount\":224,\"publisher\":{\"@id\":\"https:\/\/www.pm.pb.gov.br\/portal\/#organization\"},\"articleSection\":[\"A\u00e7\u00f5es Policiais\"],\"inLanguage\":\"pt-BR\"},{\"@type\":\"WebPage\",\"@id\":\"https:\/\/www.pm.pb.gov.br\/portal\/2019\/03\/18\/policia-militar-garante-a-seguranca-de-mais-de-46-mil-eleitores-durante-a-eleicao-suplementar-na-cidade-de-cabedelo\/\",\"url\":\"https:\/\/www.pm.pb.gov.br\/portal\/2019\/03\/18\/policia-militar-garante-a-seguranca-de-mais-de-46-mil-eleitores-durante-a-eleicao-suplementar-na-cidade-de-cabedelo\/\",\"name\":\"Pol\u00edcia Militar garante a seguran\u00e7a de mais de 46 mil eleitores durante a elei\u00e7\u00e3o suplementar na cidade de Cabedelo - Pol\u00edcia Militar da Para\u00edba\",\"isPartOf\":{\"@id\":\"https:\/\/www.pm.pb.gov.br\/portal\/#website\"},\"datePublished\":\"2019-03-18T11:43:40+00:00\",\"dateModified\":\"2019-03-18T11:43:41+00:00\",\"breadcrumb\":{\"@id\":\"https:\/\/www.pm.pb.gov.br\/portal\/2019\/03\/18\/policia-militar-garante-a-seguranca-de-mais-de-46-mil-eleitores-durante-a-eleicao-suplementar-na-cidade-de-cabedelo\/#breadcrumb\"},\"inLanguage\":\"pt-BR\",\"potentialAction\":[{\"@type\":\"ReadAction\",\"target\":[\"https:\/\/www.pm.pb.gov.br\/portal\/2019\/03\/18\/policia-militar-garante-a-seguranca-de-mais-de-46-mil-eleitores-durante-a-eleicao-suplementar-na-cidade-de-cabedelo\/\"]}]},{\"@type\":\"BreadcrumbList\",\"@id\":\"https:\/\/www.pm.pb.gov.br\/portal\/2019\/03\/18\/policia-militar-garante-a-seguranca-de-mais-de-46-mil-eleitores-durante-a-eleicao-suplementar-na-cidade-de-cabedelo\/#breadcrumb\",\"itemListElement\":[{\"@type\":\"ListItem\",\"position\":1,\"name\":\"In\u00edcio\",\"item\":\"https:\/\/www.pm.pb.gov.br\/portal\/\"},{\"@type\":\"ListItem\",\"position\":2,\"name\":\"Pol\u00edcia Militar garante a seguran\u00e7a de mais de 46 mil eleitores durante a elei\u00e7\u00e3o suplementar na cidade de Cabedelo\"}]},{\"@type\":\"WebSite\",\"@id\":\"https:\/\/www.pm.pb.gov.br\/portal\/#website\",\"url\":\"https:\/\/www.pm.pb.gov.br\/portal\/\",\"name\":\"Pol\u00edcia Militar da Para\u00edba\",\"description\":\"\",\"publisher\":{\"@id\":\"https:\/\/www.pm.pb.gov.br\/portal\/#organization\"},\"potentialAction\":[{\"@type\":\"SearchAction\",\"target\":{\"@type\":\"EntryPoint\",\"urlTemplate\":\"https:\/\/www.pm.pb.gov.br\/portal\/?s={search_term_string}\"},\"query-input\":\"required name=search_term_string\"}],\"inLanguage\":\"pt-BR\"},{\"@type\":\"Organization\",\"@id\":\"https:\/\/www.pm.pb.gov.br\/portal\/#organization\",\"name\":\"Pol\u00edcia Militar da Para\u00edba\",\"url\":\"https:\/\/www.pm.pb.gov.br\/portal\/\",\"logo\":{\"@type\":\"ImageObject\",\"inLanguage\":\"pt-BR\",\"@id\":\"https:\/\/www.pm.pb.gov.br\/portal\/#\/schema\/logo\/image\/\",\"url\":\"https:\/\/www.pm.pb.gov.br\/portal\/wp-content\/uploads\/2025\/03\/cropped-logo-site-mag2-1.png\",\"contentUrl\":\"https:\/\/www.pm.pb.gov.br\/portal\/wp-content\/uploads\/2025\/03\/cropped-logo-site-mag2-1.png\",\"width\":320,\"height\":90,\"caption\":\"Pol\u00edcia Militar da Para\u00edba\"},\"image\":{\"@id\":\"https:\/\/www.pm.pb.gov.br\/portal\/#\/schema\/logo\/image\/\"}},{\"@type\":\"Person\",\"@id\":\"https:\/\/www.pm.pb.gov.br\/portal\/#\/schema\/person\/b169b297b8494dea236e315ed1a201d1\",\"name\":\"WAGNER HENRIQUE VARELA DA SILVA\",\"image\":{\"@type\":\"ImageObject\",\"inLanguage\":\"pt-BR\",\"@id\":\"https:\/\/www.pm.pb.gov.br\/portal\/#\/schema\/person\/image\/\",\"url\":\"https:\/\/secure.gravatar.com\/avatar\/e08af53176a66730df5c0706c6c31fd6?s=96&d=mm&r=g\",\"contentUrl\":\"https:\/\/secure.gravatar.com\/avatar\/e08af53176a66730df5c0706c6c31fd6?s=96&d=mm&r=g\",\"caption\":\"WAGNER HENRIQUE VARELA DA SILVA\"},\"url\":\"https:\/\/www.pm.pb.gov.br\/portal\/author\/varela\/\"}]}<\/script>\n<!-- \/ Yoast SEO plugin. -->","yoast_head_json":{"title":"Pol\u00edcia Militar garante a seguran\u00e7a de mais de 46 mil eleitores durante a elei\u00e7\u00e3o suplementar na cidade de Cabedelo - Pol\u00edcia Militar da Para\u00edba","robots":{"index":"index","follow":"follow","max-snippet":"max-snippet:-1","max-image-preview":"max-image-preview:large","max-video-preview":"max-video-preview:-1"},"canonical":"https:\/\/www.pm.pb.gov.br\/portal\/2019\/03\/18\/policia-militar-garante-a-seguranca-de-mais-de-46-mil-eleitores-durante-a-eleicao-suplementar-na-cidade-de-cabedelo\/","og_locale":"pt_BR","og_type":"article","og_title":"Pol\u00edcia Militar garante a seguran\u00e7a de mais de 46 mil eleitores durante a elei\u00e7\u00e3o suplementar na cidade de Cabedelo - Pol\u00edcia Militar da Para\u00edba","og_description":"A Pol\u00edcia Militar n\u00e3o registrou nenhuma ocorr\u00eancia eleitoral na cidade de Cabedelo, que neste domingo (17), escolheu o novo prefeito","og_url":"https:\/\/www.pm.pb.gov.br\/portal\/2019\/03\/18\/policia-militar-garante-a-seguranca-de-mais-de-46-mil-eleitores-durante-a-eleicao-suplementar-na-cidade-de-cabedelo\/","og_site_name":"Pol\u00edcia Militar da Para\u00edba","article_published_time":"2019-03-18T11:43:40+00:00","article_modified_time":"2019-03-18T11:43:41+00:00","og_image":[{"width":1280,"height":854,"url":"https:\/\/www.pm.pb.gov.br\/portal\/wp-content\/uploads\/2019\/03\/WhatsApp-Image-2019-03-17-at-10.51.43.jpeg","type":"image\/jpeg"}],"author":"WAGNER HENRIQUE VARELA DA SILVA","twitter_card":"summary_large_image","twitter_misc":{"Escrito por":"WAGNER HENRIQUE VARELA DA SILVA","Est. tempo de leitura":"1 minuto"},"schema":{"@context":"https:\/\/schema.org","@graph":[{"@type":"Article","@id":"https:\/\/www.pm.pb.gov.br\/portal\/2019\/03\/18\/policia-militar-garante-a-seguranca-de-mais-de-46-mil-eleitores-durante-a-eleicao-suplementar-na-cidade-de-cabedelo\/#article","isPartOf":{"@id":"https:\/\/www.pm.pb.gov.br\/portal\/2019\/03\/18\/policia-militar-garante-a-seguranca-de-mais-de-46-mil-eleitores-durante-a-eleicao-suplementar-na-cidade-de-cabedelo\/"},"author":{"name":"WAGNER HENRIQUE VARELA DA SILVA","@id":"https:\/\/www.pm.pb.gov.br\/portal\/#\/schema\/person\/b169b297b8494dea236e315ed1a201d1"},"headline":"Pol\u00edcia Militar garante a seguran\u00e7a de mais de 46 mil eleitores durante a elei\u00e7\u00e3o suplementar na cidade de Cabedelo","datePublished":"2019-03-18T11:43:40+00:00","dateModified":"2019-03-18T11:43:41+00:00","mainEntityOfPage":{"@id":"https:\/\/www.pm.pb.gov.br\/portal\/2019\/03\/18\/policia-militar-garante-a-seguranca-de-mais-de-46-mil-eleitores-durante-a-eleicao-suplementar-na-cidade-de-cabedelo\/"},"wordCount":224,"publisher":{"@id":"https:\/\/www.pm.pb.gov.br\/portal\/#organization"},"articleSection":["A\u00e7\u00f5es Policiais"],"inLanguage":"pt-BR"},{"@type":"WebPage","@id":"https:\/\/www.pm.pb.gov.br\/portal\/2019\/03\/18\/policia-militar-garante-a-seguranca-de-mais-de-46-mil-eleitores-durante-a-eleicao-suplementar-na-cidade-de-cabedelo\/","url":"https:\/\/www.pm.pb.gov.br\/portal\/2019\/03\/18\/policia-militar-garante-a-seguranca-de-mais-de-46-mil-eleitores-durante-a-eleicao-suplementar-na-cidade-de-cabedelo\/","name":"Pol\u00edcia Militar garante a seguran\u00e7a de mais de 46 mil eleitores durante a elei\u00e7\u00e3o suplementar na cidade de Cabedelo - Pol\u00edcia Militar da Para\u00edba","isPartOf":{"@id":"https:\/\/www.pm.pb.gov.br\/portal\/#website"},"datePublished":"2019-03-18T11:43:40+00:00","dateModified":"2019-03-18T11:43:41+00:00","breadcrumb":{"@id":"https:\/\/www.pm.pb.gov.br\/portal\/2019\/03\/18\/policia-militar-garante-a-seguranca-de-mais-de-46-mil-eleitores-durante-a-eleicao-suplementar-na-cidade-de-cabedelo\/#breadcrumb"},"inLanguage":"pt-BR","potentialAction":[{"@type":"ReadAction","target":["https:\/\/www.pm.pb.gov.br\/portal\/2019\/03\/18\/policia-militar-garante-a-seguranca-de-mais-de-46-mil-eleitores-durante-a-eleicao-suplementar-na-cidade-de-cabedelo\/"]}]},{"@type":"BreadcrumbList","@id":"https:\/\/www.pm.pb.gov.br\/portal\/2019\/03\/18\/policia-militar-garante-a-seguranca-de-mais-de-46-mil-eleitores-durante-a-eleicao-suplementar-na-cidade-de-cabedelo\/#breadcrumb","itemListElement":[{"@type":"ListItem","position":1,"name":"In\u00edcio","item":"https:\/\/www.pm.pb.gov.br\/portal\/"},{"@type":"ListItem","position":2,"name":"Pol\u00edcia Militar garante a seguran\u00e7a de mais de 46 mil eleitores durante a elei\u00e7\u00e3o suplementar na cidade de Cabedelo"}]},{"@type":"WebSite","@id":"https:\/\/www.pm.pb.gov.br\/portal\/#website","url":"https:\/\/www.pm.pb.gov.br\/portal\/","name":"Pol\u00edcia Militar da Para\u00edba","description":"","publisher":{"@id":"https:\/\/www.pm.pb.gov.br\/portal\/#organization"},"potentialAction":[{"@type":"SearchAction","target":{"@type":"EntryPoint","urlTemplate":"https:\/\/www.pm.pb.gov.br\/portal\/?s={search_term_string}"},"query-input":"required name=search_term_string"}],"inLanguage":"pt-BR"},{"@type":"Organization","@id":"https:\/\/www.pm.pb.gov.br\/portal\/#organization","name":"Pol\u00edcia Militar da Para\u00edba","url":"https:\/\/www.pm.pb.gov.br\/portal\/","logo":{"@type":"ImageObject","inLanguage":"pt-BR","@id":"https:\/\/www.pm.pb.gov.br\/portal\/#\/schema\/logo\/image\/","url":"https:\/\/www.pm.pb.gov.br\/portal\/wp-content\/uploads\/2025\/03\/cropped-logo-site-mag2-1.png","contentUrl":"https:\/\/www.pm.pb.gov.br\/portal\/wp-content\/uploads\/2025\/03\/cropped-logo-site-mag2-1.png","width":320,"height":90,"caption":"Pol\u00edcia Militar da Para\u00edba"},"image":{"@id":"https:\/\/www.pm.pb.gov.br\/portal\/#\/schema\/logo\/image\/"}},{"@type":"Person","@id":"https:\/\/www.pm.pb.gov.br\/portal\/#\/schema\/person\/b169b297b8494dea236e315ed1a201d1","name":"WAGNER HENRIQUE VARELA DA SILVA","image":{"@type":"ImageObject","inLanguage":"pt-BR","@id":"https:\/\/www.pm.pb.gov.br\/portal\/#\/schema\/person\/image\/","url":"https:\/\/secure.gravatar.com\/avatar\/e08af53176a66730df5c0706c6c31fd6?s=96&d=mm&r=g","contentUrl":"https:\/\/secure.gravatar.com\/avatar\/e08af53176a66730df5c0706c6c31fd6?s=96&d=mm&r=g","caption":"WAGNER HENRIQUE VARELA DA SILVA"},"url":"https:\/\/www.pm.pb.gov.br\/portal\/author\/varela\/"}]}},"_links":{"self":[{"href":"https:\/\/www.pm.pb.gov.br\/portal\/wp-json\/wp\/v2\/posts\/900189"}],"collection":[{"href":"https:\/\/www.pm.pb.gov.br\/portal\/wp-json\/wp\/v2\/posts"}],"about":[{"href":"https:\/\/www.pm.pb.gov.br\/portal\/wp-json\/wp\/v2\/types\/post"}],"author":[{"embeddable":true,"href":"https:\/\/www.pm.pb.gov.br\/portal\/wp-json\/wp\/v2\/users\/10"}],"replies":[{"embeddable":true,"href":"https:\/\/www.pm.pb.gov.br\/portal\/wp-json\/wp\/v2\/comments?post=900189"}],"version-history":[{"count":1,"href":"https:\/\/www.pm.pb.gov.br\/portal\/wp-json\/wp\/v2\/posts\/900189\/revisions"}],"predecessor-version":[{"id":900191,"href":"https:\/\/www.pm.pb.gov.br\/portal\/wp-json\/wp\/v2\/posts\/900189\/revisions\/900191"}],"wp:featuredmedia":[{"embeddable":true,"href":"https:\/\/www.pm.pb.gov.br\/portal\/wp-json\/wp\/v2\/media\/900190"}],"wp:attachment":[{"href":"https:\/\/www.pm.pb.gov.br\/portal\/wp-json\/wp\/v2\/media?parent=900189"}],"wp:term":[{"taxonomy":"category","embeddable":true,"href":"https:\/\/www.pm.pb.gov.br\/portal\/wp-json\/wp\/v2\/categories?post=900189"},{"taxonomy":"post_tag","embeddable":true,"href":"https:\/\/www.pm.pb.gov.br\/portal\/wp-json\/wp\/v2\/tags?post=900189"}],"curies":[{"name":"wp","href":"https:\/\/api.w.org\/{rel}","templated":true}]}}