{"id":900171,"date":"2019-03-14T11:56:13","date_gmt":"2019-03-14T14:56:13","guid":{"rendered":"http:\/\/www.pm.pb.gov.br\/portal\/?p=900171"},"modified":"2019-03-14T11:56:14","modified_gmt":"2019-03-14T14:56:14","slug":"%ef%bb%bfpolicia-militar-prende-suspeitos-de-trafico-de-drogas-em-cabedelo","status":"publish","type":"post","link":"https:\/\/www.pm.pb.gov.br\/portal\/2019\/03\/14\/%ef%bb%bfpolicia-militar-prende-suspeitos-de-trafico-de-drogas-em-cabedelo\/","title":{"rendered":"\ufeffPol\u00edcia Militar prende suspeitos de tr\u00e1fico de drogas em Cabedelo"},"content":{"rendered":"\n<p>A Pol\u00edcia Militar abordou um carro com tr\u00eas suspeitos, na madrugada desta quinta-feira (14), e encontrou, no ve\u00edculo, mais de R$ 25 mil em dinheiro, por\u00e7\u00f5es de coca\u00edna e maconha, no Recanto do Po\u00e7o, em Cabedelo. Os ocupantes do ve\u00edculo, que t\u00eam 25 e dois deles com 19 anos, n\u00e3o quiseram revelar a origem do dinheiro.<br><\/p>\n\n\n\n<p>Os tr\u00eas suspeitos foram apresentados na Central de Pol\u00edcia, no bairro do Geisel, na Capital.<\/p>\n\n\n\n<p>O sargento Nilton Gomes, da For\u00e7a T\u00e1tica da 6\u00aa Companhia Independente, contou que a abordagem aconteceu ap\u00f3s os suspeitos tentarem desviar o caminho, ao perceberem que a PM realizava rondas na localidade. \u201cAs informa\u00e7\u00f5es preliminares s\u00e3o de que esse dinheiro, que eles n\u00e3o quiseram dizer a proced\u00eancia, teria sido arrecadado do tr\u00e1fico de drogas, nas cidades de Cabedelo e Jo\u00e3o Pessoa\u201d, disse.<\/p>\n\n\n\n<p>Os tr\u00eas suspeitos foram apresentados na Central de Pol\u00edcia, no bairro do Geisel, na Capital.<\/p>\n","protected":false},"excerpt":{"rendered":"<p>A Pol\u00edcia Militar abordou um carro com tr\u00eas suspeitos, na madrugada desta quinta-feira (14), e encontrou, no ve\u00edculo, mais de<\/p>\n","protected":false},"author":15,"featured_media":900172,"comment_status":"closed","ping_status":"closed","sticky":false,"template":"","format":"standard","meta":{"_exactmetrics_skip_tracking":false,"_exactmetrics_sitenote_active":false,"_exactmetrics_sitenote_note":"","_exactmetrics_sitenote_category":0,"footnotes":""},"categories":[4],"tags":[],"yoast_head":"<!-- This site is optimized with the Yoast SEO plugin v22.0 - https:\/\/yoast.com\/wordpress\/plugins\/seo\/ -->\n<title>\ufeffPol\u00edcia Militar prende suspeitos de tr\u00e1fico de drogas em Cabedelo - Pol\u00edcia Militar da Para\u00edba<\/title>\n<meta name=\"robots\" content=\"index, follow, max-snippet:-1, max-image-preview:large, max-video-preview:-1\" \/>\n<link rel=\"canonical\" href=\"https:\/\/www.pm.pb.gov.br\/portal\/2019\/03\/14\/\ufeffpolicia-militar-prende-suspeitos-de-trafico-de-drogas-em-cabedelo\/\" \/>\n<meta property=\"og:locale\" content=\"pt_BR\" \/>\n<meta property=\"og:type\" content=\"article\" \/>\n<meta property=\"og:title\" content=\"\ufeffPol\u00edcia Militar prende suspeitos de tr\u00e1fico de drogas em Cabedelo - Pol\u00edcia Militar da Para\u00edba\" \/>\n<meta property=\"og:description\" content=\"A Pol\u00edcia Militar abordou um carro com tr\u00eas suspeitos, na madrugada desta quinta-feira (14), e encontrou, no ve\u00edculo, mais de\" \/>\n<meta property=\"og:url\" content=\"https:\/\/www.pm.pb.gov.br\/portal\/2019\/03\/14\/\ufeffpolicia-militar-prende-suspeitos-de-trafico-de-drogas-em-cabedelo\/\" \/>\n<meta property=\"og:site_name\" content=\"Pol\u00edcia Militar da Para\u00edba\" \/>\n<meta property=\"article:published_time\" content=\"2019-03-14T14:56:13+00:00\" \/>\n<meta property=\"article:modified_time\" content=\"2019-03-14T14:56:14+00:00\" \/>\n<meta property=\"og:image\" content=\"https:\/\/www.pm.pb.gov.br\/portal\/wp-content\/uploads\/2019\/03\/WhatsApp-Image-2019-03-14-at-09.57.24-2.jpeg\" \/>\n\t<meta property=\"og:image:width\" content=\"1280\" \/>\n\t<meta property=\"og:image:height\" content=\"720\" \/>\n\t<meta property=\"og:image:type\" content=\"image\/jpeg\" \/>\n<meta name=\"author\" content=\"Marcio Gomes dos Santos\" \/>\n<meta name=\"twitter:card\" content=\"summary_large_image\" \/>\n<meta name=\"twitter:label1\" content=\"Escrito por\" \/>\n\t<meta name=\"twitter:data1\" content=\"Marcio Gomes dos Santos\" \/>\n\t<meta name=\"twitter:label2\" content=\"Est. tempo de leitura\" \/>\n\t<meta name=\"twitter:data2\" content=\"1 minuto\" \/>\n<script type=\"application\/ld+json\" class=\"yoast-schema-graph\">{\"@context\":\"https:\/\/schema.org\",\"@graph\":[{\"@type\":\"Article\",\"@id\":\"https:\/\/www.pm.pb.gov.br\/portal\/2019\/03\/14\/%ef%bb%bfpolicia-militar-prende-suspeitos-de-trafico-de-drogas-em-cabedelo\/#article\",\"isPartOf\":{\"@id\":\"https:\/\/www.pm.pb.gov.br\/portal\/2019\/03\/14\/%ef%bb%bfpolicia-militar-prende-suspeitos-de-trafico-de-drogas-em-cabedelo\/\"},\"author\":{\"name\":\"Marcio Gomes dos Santos\",\"@id\":\"https:\/\/www.pm.pb.gov.br\/portal\/#\/schema\/person\/30d571652b38533c2211e4e89bf5a502\"},\"headline\":\"\ufeffPol\u00edcia Militar prende suspeitos de tr\u00e1fico de drogas em Cabedelo\",\"datePublished\":\"2019-03-14T14:56:13+00:00\",\"dateModified\":\"2019-03-14T14:56:14+00:00\",\"mainEntityOfPage\":{\"@id\":\"https:\/\/www.pm.pb.gov.br\/portal\/2019\/03\/14\/%ef%bb%bfpolicia-militar-prende-suspeitos-de-trafico-de-drogas-em-cabedelo\/\"},\"wordCount\":177,\"publisher\":{\"@id\":\"https:\/\/www.pm.pb.gov.br\/portal\/#organization\"},\"articleSection\":[\"A\u00e7\u00f5es Policiais\"],\"inLanguage\":\"pt-BR\"},{\"@type\":\"WebPage\",\"@id\":\"https:\/\/www.pm.pb.gov.br\/portal\/2019\/03\/14\/%ef%bb%bfpolicia-militar-prende-suspeitos-de-trafico-de-drogas-em-cabedelo\/\",\"url\":\"https:\/\/www.pm.pb.gov.br\/portal\/2019\/03\/14\/%ef%bb%bfpolicia-militar-prende-suspeitos-de-trafico-de-drogas-em-cabedelo\/\",\"name\":\"\ufeffPol\u00edcia Militar prende suspeitos de tr\u00e1fico de drogas em Cabedelo - Pol\u00edcia Militar da Para\u00edba\",\"isPartOf\":{\"@id\":\"https:\/\/www.pm.pb.gov.br\/portal\/#website\"},\"datePublished\":\"2019-03-14T14:56:13+00:00\",\"dateModified\":\"2019-03-14T14:56:14+00:00\",\"breadcrumb\":{\"@id\":\"https:\/\/www.pm.pb.gov.br\/portal\/2019\/03\/14\/%ef%bb%bfpolicia-militar-prende-suspeitos-de-trafico-de-drogas-em-cabedelo\/#breadcrumb\"},\"inLanguage\":\"pt-BR\",\"potentialAction\":[{\"@type\":\"ReadAction\",\"target\":[\"https:\/\/www.pm.pb.gov.br\/portal\/2019\/03\/14\/%ef%bb%bfpolicia-militar-prende-suspeitos-de-trafico-de-drogas-em-cabedelo\/\"]}]},{\"@type\":\"BreadcrumbList\",\"@id\":\"https:\/\/www.pm.pb.gov.br\/portal\/2019\/03\/14\/%ef%bb%bfpolicia-militar-prende-suspeitos-de-trafico-de-drogas-em-cabedelo\/#breadcrumb\",\"itemListElement\":[{\"@type\":\"ListItem\",\"position\":1,\"name\":\"In\u00edcio\",\"item\":\"https:\/\/www.pm.pb.gov.br\/portal\/\"},{\"@type\":\"ListItem\",\"position\":2,\"name\":\"\ufeffPol\u00edcia Militar prende suspeitos de tr\u00e1fico de drogas em Cabedelo\"}]},{\"@type\":\"WebSite\",\"@id\":\"https:\/\/www.pm.pb.gov.br\/portal\/#website\",\"url\":\"https:\/\/www.pm.pb.gov.br\/portal\/\",\"name\":\"Pol\u00edcia Militar da Para\u00edba\",\"description\":\"\",\"publisher\":{\"@id\":\"https:\/\/www.pm.pb.gov.br\/portal\/#organization\"},\"potentialAction\":[{\"@type\":\"SearchAction\",\"target\":{\"@type\":\"EntryPoint\",\"urlTemplate\":\"https:\/\/www.pm.pb.gov.br\/portal\/?s={search_term_string}\"},\"query-input\":\"required name=search_term_string\"}],\"inLanguage\":\"pt-BR\"},{\"@type\":\"Organization\",\"@id\":\"https:\/\/www.pm.pb.gov.br\/portal\/#organization\",\"name\":\"Pol\u00edcia Militar da Para\u00edba\",\"url\":\"https:\/\/www.pm.pb.gov.br\/portal\/\",\"logo\":{\"@type\":\"ImageObject\",\"inLanguage\":\"pt-BR\",\"@id\":\"https:\/\/www.pm.pb.gov.br\/portal\/#\/schema\/logo\/image\/\",\"url\":\"https:\/\/www.pm.pb.gov.br\/portal\/wp-content\/uploads\/2025\/03\/cropped-logo-site-mag2-1.png\",\"contentUrl\":\"https:\/\/www.pm.pb.gov.br\/portal\/wp-content\/uploads\/2025\/03\/cropped-logo-site-mag2-1.png\",\"width\":320,\"height\":90,\"caption\":\"Pol\u00edcia Militar da Para\u00edba\"},\"image\":{\"@id\":\"https:\/\/www.pm.pb.gov.br\/portal\/#\/schema\/logo\/image\/\"}},{\"@type\":\"Person\",\"@id\":\"https:\/\/www.pm.pb.gov.br\/portal\/#\/schema\/person\/30d571652b38533c2211e4e89bf5a502\",\"name\":\"Marcio Gomes dos Santos\",\"image\":{\"@type\":\"ImageObject\",\"inLanguage\":\"pt-BR\",\"@id\":\"https:\/\/www.pm.pb.gov.br\/portal\/#\/schema\/person\/image\/\",\"url\":\"https:\/\/secure.gravatar.com\/avatar\/cf4ec2cb690101e1581c7773aa350c19?s=96&d=mm&r=g\",\"contentUrl\":\"https:\/\/secure.gravatar.com\/avatar\/cf4ec2cb690101e1581c7773aa350c19?s=96&d=mm&r=g\",\"caption\":\"Marcio Gomes dos Santos\"},\"url\":\"https:\/\/www.pm.pb.gov.br\/portal\/author\/mgomes\/\"}]}<\/script>\n<!-- \/ Yoast SEO plugin. -->","yoast_head_json":{"title":"\ufeffPol\u00edcia Militar prende suspeitos de tr\u00e1fico de drogas em Cabedelo - Pol\u00edcia Militar da Para\u00edba","robots":{"index":"index","follow":"follow","max-snippet":"max-snippet:-1","max-image-preview":"max-image-preview:large","max-video-preview":"max-video-preview:-1"},"canonical":"https:\/\/www.pm.pb.gov.br\/portal\/2019\/03\/14\/\ufeffpolicia-militar-prende-suspeitos-de-trafico-de-drogas-em-cabedelo\/","og_locale":"pt_BR","og_type":"article","og_title":"\ufeffPol\u00edcia Militar prende suspeitos de tr\u00e1fico de drogas em Cabedelo - Pol\u00edcia Militar da Para\u00edba","og_description":"A Pol\u00edcia Militar abordou um carro com tr\u00eas suspeitos, na madrugada desta quinta-feira (14), e encontrou, no ve\u00edculo, mais de","og_url":"https:\/\/www.pm.pb.gov.br\/portal\/2019\/03\/14\/\ufeffpolicia-militar-prende-suspeitos-de-trafico-de-drogas-em-cabedelo\/","og_site_name":"Pol\u00edcia Militar da Para\u00edba","article_published_time":"2019-03-14T14:56:13+00:00","article_modified_time":"2019-03-14T14:56:14+00:00","og_image":[{"width":1280,"height":720,"url":"https:\/\/www.pm.pb.gov.br\/portal\/wp-content\/uploads\/2019\/03\/WhatsApp-Image-2019-03-14-at-09.57.24-2.jpeg","type":"image\/jpeg"}],"author":"Marcio Gomes dos Santos","twitter_card":"summary_large_image","twitter_misc":{"Escrito por":"Marcio Gomes dos Santos","Est. tempo de leitura":"1 minuto"},"schema":{"@context":"https:\/\/schema.org","@graph":[{"@type":"Article","@id":"https:\/\/www.pm.pb.gov.br\/portal\/2019\/03\/14\/%ef%bb%bfpolicia-militar-prende-suspeitos-de-trafico-de-drogas-em-cabedelo\/#article","isPartOf":{"@id":"https:\/\/www.pm.pb.gov.br\/portal\/2019\/03\/14\/%ef%bb%bfpolicia-militar-prende-suspeitos-de-trafico-de-drogas-em-cabedelo\/"},"author":{"name":"Marcio Gomes dos Santos","@id":"https:\/\/www.pm.pb.gov.br\/portal\/#\/schema\/person\/30d571652b38533c2211e4e89bf5a502"},"headline":"\ufeffPol\u00edcia Militar prende suspeitos de tr\u00e1fico de drogas em Cabedelo","datePublished":"2019-03-14T14:56:13+00:00","dateModified":"2019-03-14T14:56:14+00:00","mainEntityOfPage":{"@id":"https:\/\/www.pm.pb.gov.br\/portal\/2019\/03\/14\/%ef%bb%bfpolicia-militar-prende-suspeitos-de-trafico-de-drogas-em-cabedelo\/"},"wordCount":177,"publisher":{"@id":"https:\/\/www.pm.pb.gov.br\/portal\/#organization"},"articleSection":["A\u00e7\u00f5es Policiais"],"inLanguage":"pt-BR"},{"@type":"WebPage","@id":"https:\/\/www.pm.pb.gov.br\/portal\/2019\/03\/14\/%ef%bb%bfpolicia-militar-prende-suspeitos-de-trafico-de-drogas-em-cabedelo\/","url":"https:\/\/www.pm.pb.gov.br\/portal\/2019\/03\/14\/%ef%bb%bfpolicia-militar-prende-suspeitos-de-trafico-de-drogas-em-cabedelo\/","name":"\ufeffPol\u00edcia Militar prende suspeitos de tr\u00e1fico de drogas em Cabedelo - Pol\u00edcia Militar da Para\u00edba","isPartOf":{"@id":"https:\/\/www.pm.pb.gov.br\/portal\/#website"},"datePublished":"2019-03-14T14:56:13+00:00","dateModified":"2019-03-14T14:56:14+00:00","breadcrumb":{"@id":"https:\/\/www.pm.pb.gov.br\/portal\/2019\/03\/14\/%ef%bb%bfpolicia-militar-prende-suspeitos-de-trafico-de-drogas-em-cabedelo\/#breadcrumb"},"inLanguage":"pt-BR","potentialAction":[{"@type":"ReadAction","target":["https:\/\/www.pm.pb.gov.br\/portal\/2019\/03\/14\/%ef%bb%bfpolicia-militar-prende-suspeitos-de-trafico-de-drogas-em-cabedelo\/"]}]},{"@type":"BreadcrumbList","@id":"https:\/\/www.pm.pb.gov.br\/portal\/2019\/03\/14\/%ef%bb%bfpolicia-militar-prende-suspeitos-de-trafico-de-drogas-em-cabedelo\/#breadcrumb","itemListElement":[{"@type":"ListItem","position":1,"name":"In\u00edcio","item":"https:\/\/www.pm.pb.gov.br\/portal\/"},{"@type":"ListItem","position":2,"name":"\ufeffPol\u00edcia Militar prende suspeitos de tr\u00e1fico de drogas em Cabedelo"}]},{"@type":"WebSite","@id":"https:\/\/www.pm.pb.gov.br\/portal\/#website","url":"https:\/\/www.pm.pb.gov.br\/portal\/","name":"Pol\u00edcia Militar da Para\u00edba","description":"","publisher":{"@id":"https:\/\/www.pm.pb.gov.br\/portal\/#organization"},"potentialAction":[{"@type":"SearchAction","target":{"@type":"EntryPoint","urlTemplate":"https:\/\/www.pm.pb.gov.br\/portal\/?s={search_term_string}"},"query-input":"required name=search_term_string"}],"inLanguage":"pt-BR"},{"@type":"Organization","@id":"https:\/\/www.pm.pb.gov.br\/portal\/#organization","name":"Pol\u00edcia Militar da Para\u00edba","url":"https:\/\/www.pm.pb.gov.br\/portal\/","logo":{"@type":"ImageObject","inLanguage":"pt-BR","@id":"https:\/\/www.pm.pb.gov.br\/portal\/#\/schema\/logo\/image\/","url":"https:\/\/www.pm.pb.gov.br\/portal\/wp-content\/uploads\/2025\/03\/cropped-logo-site-mag2-1.png","contentUrl":"https:\/\/www.pm.pb.gov.br\/portal\/wp-content\/uploads\/2025\/03\/cropped-logo-site-mag2-1.png","width":320,"height":90,"caption":"Pol\u00edcia Militar da Para\u00edba"},"image":{"@id":"https:\/\/www.pm.pb.gov.br\/portal\/#\/schema\/logo\/image\/"}},{"@type":"Person","@id":"https:\/\/www.pm.pb.gov.br\/portal\/#\/schema\/person\/30d571652b38533c2211e4e89bf5a502","name":"Marcio Gomes dos Santos","image":{"@type":"ImageObject","inLanguage":"pt-BR","@id":"https:\/\/www.pm.pb.gov.br\/portal\/#\/schema\/person\/image\/","url":"https:\/\/secure.gravatar.com\/avatar\/cf4ec2cb690101e1581c7773aa350c19?s=96&d=mm&r=g","contentUrl":"https:\/\/secure.gravatar.com\/avatar\/cf4ec2cb690101e1581c7773aa350c19?s=96&d=mm&r=g","caption":"Marcio Gomes dos Santos"},"url":"https:\/\/www.pm.pb.gov.br\/portal\/author\/mgomes\/"}]}},"_links":{"self":[{"href":"https:\/\/www.pm.pb.gov.br\/portal\/wp-json\/wp\/v2\/posts\/900171"}],"collection":[{"href":"https:\/\/www.pm.pb.gov.br\/portal\/wp-json\/wp\/v2\/posts"}],"about":[{"href":"https:\/\/www.pm.pb.gov.br\/portal\/wp-json\/wp\/v2\/types\/post"}],"author":[{"embeddable":true,"href":"https:\/\/www.pm.pb.gov.br\/portal\/wp-json\/wp\/v2\/users\/15"}],"replies":[{"embeddable":true,"href":"https:\/\/www.pm.pb.gov.br\/portal\/wp-json\/wp\/v2\/comments?post=900171"}],"version-history":[{"count":2,"href":"https:\/\/www.pm.pb.gov.br\/portal\/wp-json\/wp\/v2\/posts\/900171\/revisions"}],"predecessor-version":[{"id":900174,"href":"https:\/\/www.pm.pb.gov.br\/portal\/wp-json\/wp\/v2\/posts\/900171\/revisions\/900174"}],"wp:featuredmedia":[{"embeddable":true,"href":"https:\/\/www.pm.pb.gov.br\/portal\/wp-json\/wp\/v2\/media\/900172"}],"wp:attachment":[{"href":"https:\/\/www.pm.pb.gov.br\/portal\/wp-json\/wp\/v2\/media?parent=900171"}],"wp:term":[{"taxonomy":"category","embeddable":true,"href":"https:\/\/www.pm.pb.gov.br\/portal\/wp-json\/wp\/v2\/categories?post=900171"},{"taxonomy":"post_tag","embeddable":true,"href":"https:\/\/www.pm.pb.gov.br\/portal\/wp-json\/wp\/v2\/tags?post=900171"}],"curies":[{"name":"wp","href":"https:\/\/api.w.org\/{rel}","templated":true}]}}