{"id":900151,"date":"2019-03-12T10:42:37","date_gmt":"2019-03-12T13:42:37","guid":{"rendered":"http:\/\/www.pm.pb.gov.br\/portal\/?p=900151"},"modified":"2019-03-12T10:42:38","modified_gmt":"2019-03-12T13:42:38","slug":"policia-militar-apreende-mais-armasde-fogo-em-sete-cidades-paraibanas-na-noite-da-segunda-feira","status":"publish","type":"post","link":"https:\/\/www.pm.pb.gov.br\/portal\/2019\/03\/12\/policia-militar-apreende-mais-armasde-fogo-em-sete-cidades-paraibanas-na-noite-da-segunda-feira\/","title":{"rendered":"Pol\u00edcia Militar apreende mais armasde fogo em sete cidades paraibanas na noite da segunda-feira"},"content":{"rendered":"\n<p>Ap\u00f3s concluir o fim de semana com a apreens\u00e3o de 16 armas de fogo, a Pol\u00edcia Militar realizou mais apreens\u00f5es na noite dessa segunda-feira (11), nas cidades de Cajazeiras, Santa Luzia, Patos, Jo\u00e3o Pessoa, Campina Grande, Monteiro e Santa Rita, resultando em 8 armas retiradas de circula\u00e7\u00e3o, num intervalo de 3 horas.<\/p>\n\n\n\n<p>Uma delas, apreendida na cidade de Monteiro, tinha sido usada em uma tentativa de homic\u00eddio no s\u00edtio Santa Catarina. O acusado conseguiu fugir, mas j\u00e1 foi identificado. Em Cajazeiras, tamb\u00e9m foi apreendida uma arma usada em crime, na zona rural da cidade, onde os policiais apreenderam uma espingarda, uma bolsa e uma moto usadas em assaltos na regi\u00e3o. E em Patos, os policiais da 6\u00aa Companhia do Batalh\u00e3o de Opera\u00e7\u00f5es Especiais (Bope) apreenderam um rev\u00f3lver e evitaram um assalto, no bairro Jatob\u00e1. O acusado foi preso em flagrante. <\/p>\n\n\n\n<p>Na Capital, os policiais da For\u00e7a T\u00e1tica do 5\u00ba Batalh\u00e3o apreenderam dois rev\u00f3lveres no bairro de Mangabeira II, na zona sul, durante a\u00e7\u00e3o que apreendeu ainda uma moto roubada, no Loteamento Costa do Sol. Dois suspeitos foram encaminhados at\u00e9 a Central de Pol\u00edcia Civil. Ainda na regi\u00e3o metropolitana de Jo\u00e3o Pessoa, a PM apreendeu uma espingarda em uma casa, no bairro de Odil\u00e2ndia, em Santa Rita. <\/p>\n\n\n\n<p>As outras armas apreendidas na noite dessa segunda-feira foram um rev\u00f3lver com um adolescente de 17 anos, durante abordagem perto do terminal de integra\u00e7\u00e3o de Campina Grande, e uma espingarda durante cumprimento de mandado de pris\u00e3o, no bairro S\u00e3o Sebasti\u00e3o, em Santa Luzia.<\/p>\n\n\n\n<p>Com as apreens\u00f5es, a Pol\u00edcia Militar chega a 577 armas de fogo apreendidas este ano na Para\u00edba.<\/p>\n","protected":false},"excerpt":{"rendered":"<p>Ap\u00f3s concluir o fim de semana com a apreens\u00e3o de 16 armas de fogo, a Pol\u00edcia Militar realizou mais apreens\u00f5es<\/p>\n","protected":false},"author":15,"featured_media":900153,"comment_status":"closed","ping_status":"closed","sticky":false,"template":"","format":"standard","meta":{"_exactmetrics_skip_tracking":false,"_exactmetrics_sitenote_active":false,"_exactmetrics_sitenote_note":"","_exactmetrics_sitenote_category":0,"footnotes":""},"categories":[4],"tags":[],"yoast_head":"<!-- This site is optimized with the Yoast SEO plugin v22.0 - https:\/\/yoast.com\/wordpress\/plugins\/seo\/ -->\n<title>Pol\u00edcia Militar apreende mais armasde fogo em sete cidades paraibanas na noite da segunda-feira - Pol\u00edcia Militar da Para\u00edba<\/title>\n<meta name=\"robots\" content=\"index, follow, max-snippet:-1, max-image-preview:large, max-video-preview:-1\" \/>\n<link rel=\"canonical\" href=\"https:\/\/www.pm.pb.gov.br\/portal\/2019\/03\/12\/policia-militar-apreende-mais-armasde-fogo-em-sete-cidades-paraibanas-na-noite-da-segunda-feira\/\" \/>\n<meta property=\"og:locale\" content=\"pt_BR\" \/>\n<meta property=\"og:type\" content=\"article\" \/>\n<meta property=\"og:title\" content=\"Pol\u00edcia Militar apreende mais armasde fogo em sete cidades paraibanas na noite da segunda-feira - Pol\u00edcia Militar da Para\u00edba\" \/>\n<meta property=\"og:description\" content=\"Ap\u00f3s concluir o fim de semana com a apreens\u00e3o de 16 armas de fogo, a Pol\u00edcia Militar realizou mais apreens\u00f5es\" \/>\n<meta property=\"og:url\" content=\"https:\/\/www.pm.pb.gov.br\/portal\/2019\/03\/12\/policia-militar-apreende-mais-armasde-fogo-em-sete-cidades-paraibanas-na-noite-da-segunda-feira\/\" \/>\n<meta property=\"og:site_name\" content=\"Pol\u00edcia Militar da Para\u00edba\" \/>\n<meta property=\"article:published_time\" content=\"2019-03-12T13:42:37+00:00\" \/>\n<meta property=\"article:modified_time\" content=\"2019-03-12T13:42:38+00:00\" \/>\n<meta property=\"og:image\" content=\"https:\/\/www.pm.pb.gov.br\/portal\/wp-content\/uploads\/2019\/03\/WhatsApp-Image-2019-03-12-at-09.32.15.jpeg\" \/>\n\t<meta property=\"og:image:width\" content=\"1080\" \/>\n\t<meta property=\"og:image:height\" content=\"796\" \/>\n\t<meta property=\"og:image:type\" content=\"image\/jpeg\" \/>\n<meta name=\"author\" content=\"Marcio Gomes dos Santos\" \/>\n<meta name=\"twitter:card\" content=\"summary_large_image\" \/>\n<meta name=\"twitter:label1\" content=\"Escrito por\" \/>\n\t<meta name=\"twitter:data1\" content=\"Marcio Gomes dos Santos\" \/>\n\t<meta name=\"twitter:label2\" content=\"Est. tempo de leitura\" \/>\n\t<meta name=\"twitter:data2\" content=\"1 minuto\" \/>\n<script type=\"application\/ld+json\" class=\"yoast-schema-graph\">{\"@context\":\"https:\/\/schema.org\",\"@graph\":[{\"@type\":\"Article\",\"@id\":\"https:\/\/www.pm.pb.gov.br\/portal\/2019\/03\/12\/policia-militar-apreende-mais-armasde-fogo-em-sete-cidades-paraibanas-na-noite-da-segunda-feira\/#article\",\"isPartOf\":{\"@id\":\"https:\/\/www.pm.pb.gov.br\/portal\/2019\/03\/12\/policia-militar-apreende-mais-armasde-fogo-em-sete-cidades-paraibanas-na-noite-da-segunda-feira\/\"},\"author\":{\"name\":\"Marcio Gomes dos Santos\",\"@id\":\"https:\/\/www.pm.pb.gov.br\/portal\/#\/schema\/person\/30d571652b38533c2211e4e89bf5a502\"},\"headline\":\"Pol\u00edcia Militar apreende mais armasde fogo em sete cidades paraibanas na noite da segunda-feira\",\"datePublished\":\"2019-03-12T13:42:37+00:00\",\"dateModified\":\"2019-03-12T13:42:38+00:00\",\"mainEntityOfPage\":{\"@id\":\"https:\/\/www.pm.pb.gov.br\/portal\/2019\/03\/12\/policia-militar-apreende-mais-armasde-fogo-em-sete-cidades-paraibanas-na-noite-da-segunda-feira\/\"},\"wordCount\":303,\"publisher\":{\"@id\":\"https:\/\/www.pm.pb.gov.br\/portal\/#organization\"},\"articleSection\":[\"A\u00e7\u00f5es Policiais\"],\"inLanguage\":\"pt-BR\"},{\"@type\":\"WebPage\",\"@id\":\"https:\/\/www.pm.pb.gov.br\/portal\/2019\/03\/12\/policia-militar-apreende-mais-armasde-fogo-em-sete-cidades-paraibanas-na-noite-da-segunda-feira\/\",\"url\":\"https:\/\/www.pm.pb.gov.br\/portal\/2019\/03\/12\/policia-militar-apreende-mais-armasde-fogo-em-sete-cidades-paraibanas-na-noite-da-segunda-feira\/\",\"name\":\"Pol\u00edcia Militar apreende mais armasde fogo em sete cidades paraibanas na noite da segunda-feira - Pol\u00edcia Militar da Para\u00edba\",\"isPartOf\":{\"@id\":\"https:\/\/www.pm.pb.gov.br\/portal\/#website\"},\"datePublished\":\"2019-03-12T13:42:37+00:00\",\"dateModified\":\"2019-03-12T13:42:38+00:00\",\"breadcrumb\":{\"@id\":\"https:\/\/www.pm.pb.gov.br\/portal\/2019\/03\/12\/policia-militar-apreende-mais-armasde-fogo-em-sete-cidades-paraibanas-na-noite-da-segunda-feira\/#breadcrumb\"},\"inLanguage\":\"pt-BR\",\"potentialAction\":[{\"@type\":\"ReadAction\",\"target\":[\"https:\/\/www.pm.pb.gov.br\/portal\/2019\/03\/12\/policia-militar-apreende-mais-armasde-fogo-em-sete-cidades-paraibanas-na-noite-da-segunda-feira\/\"]}]},{\"@type\":\"BreadcrumbList\",\"@id\":\"https:\/\/www.pm.pb.gov.br\/portal\/2019\/03\/12\/policia-militar-apreende-mais-armasde-fogo-em-sete-cidades-paraibanas-na-noite-da-segunda-feira\/#breadcrumb\",\"itemListElement\":[{\"@type\":\"ListItem\",\"position\":1,\"name\":\"In\u00edcio\",\"item\":\"https:\/\/www.pm.pb.gov.br\/portal\/\"},{\"@type\":\"ListItem\",\"position\":2,\"name\":\"Pol\u00edcia Militar apreende mais armasde fogo em sete cidades paraibanas na noite da segunda-feira\"}]},{\"@type\":\"WebSite\",\"@id\":\"https:\/\/www.pm.pb.gov.br\/portal\/#website\",\"url\":\"https:\/\/www.pm.pb.gov.br\/portal\/\",\"name\":\"Pol\u00edcia Militar da Para\u00edba\",\"description\":\"\",\"publisher\":{\"@id\":\"https:\/\/www.pm.pb.gov.br\/portal\/#organization\"},\"potentialAction\":[{\"@type\":\"SearchAction\",\"target\":{\"@type\":\"EntryPoint\",\"urlTemplate\":\"https:\/\/www.pm.pb.gov.br\/portal\/?s={search_term_string}\"},\"query-input\":\"required name=search_term_string\"}],\"inLanguage\":\"pt-BR\"},{\"@type\":\"Organization\",\"@id\":\"https:\/\/www.pm.pb.gov.br\/portal\/#organization\",\"name\":\"Pol\u00edcia Militar da Para\u00edba\",\"url\":\"https:\/\/www.pm.pb.gov.br\/portal\/\",\"logo\":{\"@type\":\"ImageObject\",\"inLanguage\":\"pt-BR\",\"@id\":\"https:\/\/www.pm.pb.gov.br\/portal\/#\/schema\/logo\/image\/\",\"url\":\"https:\/\/www.pm.pb.gov.br\/portal\/wp-content\/uploads\/2025\/03\/cropped-logo-site-mag2-1.png\",\"contentUrl\":\"https:\/\/www.pm.pb.gov.br\/portal\/wp-content\/uploads\/2025\/03\/cropped-logo-site-mag2-1.png\",\"width\":320,\"height\":90,\"caption\":\"Pol\u00edcia Militar da Para\u00edba\"},\"image\":{\"@id\":\"https:\/\/www.pm.pb.gov.br\/portal\/#\/schema\/logo\/image\/\"}},{\"@type\":\"Person\",\"@id\":\"https:\/\/www.pm.pb.gov.br\/portal\/#\/schema\/person\/30d571652b38533c2211e4e89bf5a502\",\"name\":\"Marcio Gomes dos Santos\",\"image\":{\"@type\":\"ImageObject\",\"inLanguage\":\"pt-BR\",\"@id\":\"https:\/\/www.pm.pb.gov.br\/portal\/#\/schema\/person\/image\/\",\"url\":\"https:\/\/secure.gravatar.com\/avatar\/cf4ec2cb690101e1581c7773aa350c19?s=96&d=mm&r=g\",\"contentUrl\":\"https:\/\/secure.gravatar.com\/avatar\/cf4ec2cb690101e1581c7773aa350c19?s=96&d=mm&r=g\",\"caption\":\"Marcio Gomes dos Santos\"},\"url\":\"https:\/\/www.pm.pb.gov.br\/portal\/author\/mgomes\/\"}]}<\/script>\n<!-- \/ Yoast SEO plugin. -->","yoast_head_json":{"title":"Pol\u00edcia Militar apreende mais armasde fogo em sete cidades paraibanas na noite da segunda-feira - Pol\u00edcia Militar da Para\u00edba","robots":{"index":"index","follow":"follow","max-snippet":"max-snippet:-1","max-image-preview":"max-image-preview:large","max-video-preview":"max-video-preview:-1"},"canonical":"https:\/\/www.pm.pb.gov.br\/portal\/2019\/03\/12\/policia-militar-apreende-mais-armasde-fogo-em-sete-cidades-paraibanas-na-noite-da-segunda-feira\/","og_locale":"pt_BR","og_type":"article","og_title":"Pol\u00edcia Militar apreende mais armasde fogo em sete cidades paraibanas na noite da segunda-feira - Pol\u00edcia Militar da Para\u00edba","og_description":"Ap\u00f3s concluir o fim de semana com a apreens\u00e3o de 16 armas de fogo, a Pol\u00edcia Militar realizou mais apreens\u00f5es","og_url":"https:\/\/www.pm.pb.gov.br\/portal\/2019\/03\/12\/policia-militar-apreende-mais-armasde-fogo-em-sete-cidades-paraibanas-na-noite-da-segunda-feira\/","og_site_name":"Pol\u00edcia Militar da Para\u00edba","article_published_time":"2019-03-12T13:42:37+00:00","article_modified_time":"2019-03-12T13:42:38+00:00","og_image":[{"width":1080,"height":796,"url":"https:\/\/www.pm.pb.gov.br\/portal\/wp-content\/uploads\/2019\/03\/WhatsApp-Image-2019-03-12-at-09.32.15.jpeg","type":"image\/jpeg"}],"author":"Marcio Gomes dos Santos","twitter_card":"summary_large_image","twitter_misc":{"Escrito por":"Marcio Gomes dos Santos","Est. tempo de leitura":"1 minuto"},"schema":{"@context":"https:\/\/schema.org","@graph":[{"@type":"Article","@id":"https:\/\/www.pm.pb.gov.br\/portal\/2019\/03\/12\/policia-militar-apreende-mais-armasde-fogo-em-sete-cidades-paraibanas-na-noite-da-segunda-feira\/#article","isPartOf":{"@id":"https:\/\/www.pm.pb.gov.br\/portal\/2019\/03\/12\/policia-militar-apreende-mais-armasde-fogo-em-sete-cidades-paraibanas-na-noite-da-segunda-feira\/"},"author":{"name":"Marcio Gomes dos Santos","@id":"https:\/\/www.pm.pb.gov.br\/portal\/#\/schema\/person\/30d571652b38533c2211e4e89bf5a502"},"headline":"Pol\u00edcia Militar apreende mais armasde fogo em sete cidades paraibanas na noite da segunda-feira","datePublished":"2019-03-12T13:42:37+00:00","dateModified":"2019-03-12T13:42:38+00:00","mainEntityOfPage":{"@id":"https:\/\/www.pm.pb.gov.br\/portal\/2019\/03\/12\/policia-militar-apreende-mais-armasde-fogo-em-sete-cidades-paraibanas-na-noite-da-segunda-feira\/"},"wordCount":303,"publisher":{"@id":"https:\/\/www.pm.pb.gov.br\/portal\/#organization"},"articleSection":["A\u00e7\u00f5es Policiais"],"inLanguage":"pt-BR"},{"@type":"WebPage","@id":"https:\/\/www.pm.pb.gov.br\/portal\/2019\/03\/12\/policia-militar-apreende-mais-armasde-fogo-em-sete-cidades-paraibanas-na-noite-da-segunda-feira\/","url":"https:\/\/www.pm.pb.gov.br\/portal\/2019\/03\/12\/policia-militar-apreende-mais-armasde-fogo-em-sete-cidades-paraibanas-na-noite-da-segunda-feira\/","name":"Pol\u00edcia Militar apreende mais armasde fogo em sete cidades paraibanas na noite da segunda-feira - Pol\u00edcia Militar da Para\u00edba","isPartOf":{"@id":"https:\/\/www.pm.pb.gov.br\/portal\/#website"},"datePublished":"2019-03-12T13:42:37+00:00","dateModified":"2019-03-12T13:42:38+00:00","breadcrumb":{"@id":"https:\/\/www.pm.pb.gov.br\/portal\/2019\/03\/12\/policia-militar-apreende-mais-armasde-fogo-em-sete-cidades-paraibanas-na-noite-da-segunda-feira\/#breadcrumb"},"inLanguage":"pt-BR","potentialAction":[{"@type":"ReadAction","target":["https:\/\/www.pm.pb.gov.br\/portal\/2019\/03\/12\/policia-militar-apreende-mais-armasde-fogo-em-sete-cidades-paraibanas-na-noite-da-segunda-feira\/"]}]},{"@type":"BreadcrumbList","@id":"https:\/\/www.pm.pb.gov.br\/portal\/2019\/03\/12\/policia-militar-apreende-mais-armasde-fogo-em-sete-cidades-paraibanas-na-noite-da-segunda-feira\/#breadcrumb","itemListElement":[{"@type":"ListItem","position":1,"name":"In\u00edcio","item":"https:\/\/www.pm.pb.gov.br\/portal\/"},{"@type":"ListItem","position":2,"name":"Pol\u00edcia Militar apreende mais armasde fogo em sete cidades paraibanas na noite da segunda-feira"}]},{"@type":"WebSite","@id":"https:\/\/www.pm.pb.gov.br\/portal\/#website","url":"https:\/\/www.pm.pb.gov.br\/portal\/","name":"Pol\u00edcia Militar da Para\u00edba","description":"","publisher":{"@id":"https:\/\/www.pm.pb.gov.br\/portal\/#organization"},"potentialAction":[{"@type":"SearchAction","target":{"@type":"EntryPoint","urlTemplate":"https:\/\/www.pm.pb.gov.br\/portal\/?s={search_term_string}"},"query-input":"required name=search_term_string"}],"inLanguage":"pt-BR"},{"@type":"Organization","@id":"https:\/\/www.pm.pb.gov.br\/portal\/#organization","name":"Pol\u00edcia Militar da Para\u00edba","url":"https:\/\/www.pm.pb.gov.br\/portal\/","logo":{"@type":"ImageObject","inLanguage":"pt-BR","@id":"https:\/\/www.pm.pb.gov.br\/portal\/#\/schema\/logo\/image\/","url":"https:\/\/www.pm.pb.gov.br\/portal\/wp-content\/uploads\/2025\/03\/cropped-logo-site-mag2-1.png","contentUrl":"https:\/\/www.pm.pb.gov.br\/portal\/wp-content\/uploads\/2025\/03\/cropped-logo-site-mag2-1.png","width":320,"height":90,"caption":"Pol\u00edcia Militar da Para\u00edba"},"image":{"@id":"https:\/\/www.pm.pb.gov.br\/portal\/#\/schema\/logo\/image\/"}},{"@type":"Person","@id":"https:\/\/www.pm.pb.gov.br\/portal\/#\/schema\/person\/30d571652b38533c2211e4e89bf5a502","name":"Marcio Gomes dos Santos","image":{"@type":"ImageObject","inLanguage":"pt-BR","@id":"https:\/\/www.pm.pb.gov.br\/portal\/#\/schema\/person\/image\/","url":"https:\/\/secure.gravatar.com\/avatar\/cf4ec2cb690101e1581c7773aa350c19?s=96&d=mm&r=g","contentUrl":"https:\/\/secure.gravatar.com\/avatar\/cf4ec2cb690101e1581c7773aa350c19?s=96&d=mm&r=g","caption":"Marcio Gomes dos Santos"},"url":"https:\/\/www.pm.pb.gov.br\/portal\/author\/mgomes\/"}]}},"_links":{"self":[{"href":"https:\/\/www.pm.pb.gov.br\/portal\/wp-json\/wp\/v2\/posts\/900151"}],"collection":[{"href":"https:\/\/www.pm.pb.gov.br\/portal\/wp-json\/wp\/v2\/posts"}],"about":[{"href":"https:\/\/www.pm.pb.gov.br\/portal\/wp-json\/wp\/v2\/types\/post"}],"author":[{"embeddable":true,"href":"https:\/\/www.pm.pb.gov.br\/portal\/wp-json\/wp\/v2\/users\/15"}],"replies":[{"embeddable":true,"href":"https:\/\/www.pm.pb.gov.br\/portal\/wp-json\/wp\/v2\/comments?post=900151"}],"version-history":[{"count":1,"href":"https:\/\/www.pm.pb.gov.br\/portal\/wp-json\/wp\/v2\/posts\/900151\/revisions"}],"predecessor-version":[{"id":900152,"href":"https:\/\/www.pm.pb.gov.br\/portal\/wp-json\/wp\/v2\/posts\/900151\/revisions\/900152"}],"wp:featuredmedia":[{"embeddable":true,"href":"https:\/\/www.pm.pb.gov.br\/portal\/wp-json\/wp\/v2\/media\/900153"}],"wp:attachment":[{"href":"https:\/\/www.pm.pb.gov.br\/portal\/wp-json\/wp\/v2\/media?parent=900151"}],"wp:term":[{"taxonomy":"category","embeddable":true,"href":"https:\/\/www.pm.pb.gov.br\/portal\/wp-json\/wp\/v2\/categories?post=900151"},{"taxonomy":"post_tag","embeddable":true,"href":"https:\/\/www.pm.pb.gov.br\/portal\/wp-json\/wp\/v2\/tags?post=900151"}],"curies":[{"name":"wp","href":"https:\/\/api.w.org\/{rel}","templated":true}]}}