{"id":900126,"date":"2019-03-08T15:56:12","date_gmt":"2019-03-08T18:56:12","guid":{"rendered":"http:\/\/www.pm.pb.gov.br\/portal\/?p=900126"},"modified":"2019-03-08T15:56:13","modified_gmt":"2019-03-08T18:56:13","slug":"comandante-geral-da-pm-participa-do-lancamento-do-calendario-de-acoes-alusivas-ao-dia-internacional-da-mulher","status":"publish","type":"post","link":"https:\/\/www.pm.pb.gov.br\/portal\/2019\/03\/08\/comandante-geral-da-pm-participa-do-lancamento-do-calendario-de-acoes-alusivas-ao-dia-internacional-da-mulher\/","title":{"rendered":"Comandante-geral da PM participa do lan\u00e7amento do calend\u00e1rio de a\u00e7\u00f5es alusivas ao Dia Internacional da Mulher"},"content":{"rendered":"\n<p>O comandante-geral da Pol\u00edcia Militar, coronel Euller Chaves, participou da solenidade do Governo do Estado que divulgou um calend\u00e1rio de a\u00e7\u00f5es alusivas ao Dia Internacional da Mulher. O evento aconteceu no Pal\u00e1cio da Reden\u00e7\u00e3o, na manh\u00e3 deste 8 de mar\u00e7o, com a presen\u00e7a do governador Jo\u00e3o Azev\u00eado e de v\u00e1rias autoridades.<\/p>\n\n\n\n<p>Coronel Euller, que comp\u00f4s a mesa de honra na solenidade, recebeu v\u00e1rios agradecimentos nos discursos, sendo apontado como \u201cimportante apoiador e parceiro\u201d dos programas e pol\u00edticas de prote\u00e7\u00e3o \u00e0s mulheres contra a viol\u00eancia, na Para\u00edba.<\/p>\n\n\n\n<p>Antes do evento, o comandante participou de um encontro com as mulheres policiais militares de v\u00e1rias unidades do Estado, no Centro de Educa\u00e7\u00e3o da PM, onde realizou uma s\u00e9rie de homenagens, com m\u00fasica, entrega de flores e um caf\u00e9 da manh\u00e3 de confraterniza\u00e7\u00e3o. A agenda de atividades do coronel Euller neste 8 de mar\u00e7o come\u00e7ou com a participa\u00e7\u00e3o no evento das delegacias de atendimento \u00e0 mulher, realizado na orla de Jo\u00e3o Pessoa.<\/p>\n","protected":false},"excerpt":{"rendered":"<p>O comandante-geral da Pol\u00edcia Militar, coronel Euller Chaves, participou da solenidade do Governo do Estado que divulgou um calend\u00e1rio de<\/p>\n","protected":false},"author":15,"featured_media":900127,"comment_status":"closed","ping_status":"closed","sticky":false,"template":"","format":"standard","meta":{"_exactmetrics_skip_tracking":false,"_exactmetrics_sitenote_active":false,"_exactmetrics_sitenote_note":"","_exactmetrics_sitenote_category":0,"footnotes":""},"categories":[4],"tags":[],"yoast_head":"<!-- This site is optimized with the Yoast SEO plugin v22.0 - https:\/\/yoast.com\/wordpress\/plugins\/seo\/ -->\n<title>Comandante-geral da PM participa do lan\u00e7amento do calend\u00e1rio de a\u00e7\u00f5es alusivas ao Dia Internacional da Mulher - Pol\u00edcia Militar da Para\u00edba<\/title>\n<meta name=\"robots\" content=\"index, follow, max-snippet:-1, max-image-preview:large, max-video-preview:-1\" \/>\n<link rel=\"canonical\" href=\"https:\/\/www.pm.pb.gov.br\/portal\/2019\/03\/08\/comandante-geral-da-pm-participa-do-lancamento-do-calendario-de-acoes-alusivas-ao-dia-internacional-da-mulher\/\" \/>\n<meta property=\"og:locale\" content=\"pt_BR\" \/>\n<meta property=\"og:type\" content=\"article\" \/>\n<meta property=\"og:title\" content=\"Comandante-geral da PM participa do lan\u00e7amento do calend\u00e1rio de a\u00e7\u00f5es alusivas ao Dia Internacional da Mulher - Pol\u00edcia Militar da Para\u00edba\" \/>\n<meta property=\"og:description\" content=\"O comandante-geral da Pol\u00edcia Militar, coronel Euller Chaves, participou da solenidade do Governo do Estado que divulgou um calend\u00e1rio de\" \/>\n<meta property=\"og:url\" content=\"https:\/\/www.pm.pb.gov.br\/portal\/2019\/03\/08\/comandante-geral-da-pm-participa-do-lancamento-do-calendario-de-acoes-alusivas-ao-dia-internacional-da-mulher\/\" \/>\n<meta property=\"og:site_name\" content=\"Pol\u00edcia Militar da Para\u00edba\" \/>\n<meta property=\"article:published_time\" content=\"2019-03-08T18:56:12+00:00\" \/>\n<meta property=\"article:modified_time\" content=\"2019-03-08T18:56:13+00:00\" \/>\n<meta property=\"og:image\" content=\"https:\/\/www.pm.pb.gov.br\/portal\/wp-content\/uploads\/2019\/03\/WhatsApp-Image-2019-03-08-at-15.52.02.jpeg\" \/>\n\t<meta property=\"og:image:width\" content=\"800\" \/>\n\t<meta property=\"og:image:height\" content=\"445\" \/>\n\t<meta property=\"og:image:type\" content=\"image\/jpeg\" \/>\n<meta name=\"author\" content=\"Marcio Gomes dos Santos\" \/>\n<meta name=\"twitter:card\" content=\"summary_large_image\" \/>\n<meta name=\"twitter:label1\" content=\"Escrito por\" \/>\n\t<meta name=\"twitter:data1\" content=\"Marcio Gomes dos Santos\" \/>\n\t<meta name=\"twitter:label2\" content=\"Est. tempo de leitura\" \/>\n\t<meta name=\"twitter:data2\" content=\"1 minuto\" \/>\n<script type=\"application\/ld+json\" class=\"yoast-schema-graph\">{\"@context\":\"https:\/\/schema.org\",\"@graph\":[{\"@type\":\"Article\",\"@id\":\"https:\/\/www.pm.pb.gov.br\/portal\/2019\/03\/08\/comandante-geral-da-pm-participa-do-lancamento-do-calendario-de-acoes-alusivas-ao-dia-internacional-da-mulher\/#article\",\"isPartOf\":{\"@id\":\"https:\/\/www.pm.pb.gov.br\/portal\/2019\/03\/08\/comandante-geral-da-pm-participa-do-lancamento-do-calendario-de-acoes-alusivas-ao-dia-internacional-da-mulher\/\"},\"author\":{\"name\":\"Marcio Gomes dos Santos\",\"@id\":\"https:\/\/www.pm.pb.gov.br\/portal\/#\/schema\/person\/30d571652b38533c2211e4e89bf5a502\"},\"headline\":\"Comandante-geral da PM participa do lan\u00e7amento do calend\u00e1rio de a\u00e7\u00f5es alusivas ao Dia Internacional da Mulher\",\"datePublished\":\"2019-03-08T18:56:12+00:00\",\"dateModified\":\"2019-03-08T18:56:13+00:00\",\"mainEntityOfPage\":{\"@id\":\"https:\/\/www.pm.pb.gov.br\/portal\/2019\/03\/08\/comandante-geral-da-pm-participa-do-lancamento-do-calendario-de-acoes-alusivas-ao-dia-internacional-da-mulher\/\"},\"wordCount\":199,\"publisher\":{\"@id\":\"https:\/\/www.pm.pb.gov.br\/portal\/#organization\"},\"articleSection\":[\"A\u00e7\u00f5es Policiais\"],\"inLanguage\":\"pt-BR\"},{\"@type\":\"WebPage\",\"@id\":\"https:\/\/www.pm.pb.gov.br\/portal\/2019\/03\/08\/comandante-geral-da-pm-participa-do-lancamento-do-calendario-de-acoes-alusivas-ao-dia-internacional-da-mulher\/\",\"url\":\"https:\/\/www.pm.pb.gov.br\/portal\/2019\/03\/08\/comandante-geral-da-pm-participa-do-lancamento-do-calendario-de-acoes-alusivas-ao-dia-internacional-da-mulher\/\",\"name\":\"Comandante-geral da PM participa do lan\u00e7amento do calend\u00e1rio de a\u00e7\u00f5es alusivas ao Dia Internacional da Mulher - Pol\u00edcia Militar da Para\u00edba\",\"isPartOf\":{\"@id\":\"https:\/\/www.pm.pb.gov.br\/portal\/#website\"},\"datePublished\":\"2019-03-08T18:56:12+00:00\",\"dateModified\":\"2019-03-08T18:56:13+00:00\",\"breadcrumb\":{\"@id\":\"https:\/\/www.pm.pb.gov.br\/portal\/2019\/03\/08\/comandante-geral-da-pm-participa-do-lancamento-do-calendario-de-acoes-alusivas-ao-dia-internacional-da-mulher\/#breadcrumb\"},\"inLanguage\":\"pt-BR\",\"potentialAction\":[{\"@type\":\"ReadAction\",\"target\":[\"https:\/\/www.pm.pb.gov.br\/portal\/2019\/03\/08\/comandante-geral-da-pm-participa-do-lancamento-do-calendario-de-acoes-alusivas-ao-dia-internacional-da-mulher\/\"]}]},{\"@type\":\"BreadcrumbList\",\"@id\":\"https:\/\/www.pm.pb.gov.br\/portal\/2019\/03\/08\/comandante-geral-da-pm-participa-do-lancamento-do-calendario-de-acoes-alusivas-ao-dia-internacional-da-mulher\/#breadcrumb\",\"itemListElement\":[{\"@type\":\"ListItem\",\"position\":1,\"name\":\"In\u00edcio\",\"item\":\"https:\/\/www.pm.pb.gov.br\/portal\/\"},{\"@type\":\"ListItem\",\"position\":2,\"name\":\"Comandante-geral da PM participa do lan\u00e7amento do calend\u00e1rio de a\u00e7\u00f5es alusivas ao Dia Internacional da Mulher\"}]},{\"@type\":\"WebSite\",\"@id\":\"https:\/\/www.pm.pb.gov.br\/portal\/#website\",\"url\":\"https:\/\/www.pm.pb.gov.br\/portal\/\",\"name\":\"Pol\u00edcia Militar da Para\u00edba\",\"description\":\"\",\"publisher\":{\"@id\":\"https:\/\/www.pm.pb.gov.br\/portal\/#organization\"},\"potentialAction\":[{\"@type\":\"SearchAction\",\"target\":{\"@type\":\"EntryPoint\",\"urlTemplate\":\"https:\/\/www.pm.pb.gov.br\/portal\/?s={search_term_string}\"},\"query-input\":\"required name=search_term_string\"}],\"inLanguage\":\"pt-BR\"},{\"@type\":\"Organization\",\"@id\":\"https:\/\/www.pm.pb.gov.br\/portal\/#organization\",\"name\":\"Pol\u00edcia Militar da Para\u00edba\",\"url\":\"https:\/\/www.pm.pb.gov.br\/portal\/\",\"logo\":{\"@type\":\"ImageObject\",\"inLanguage\":\"pt-BR\",\"@id\":\"https:\/\/www.pm.pb.gov.br\/portal\/#\/schema\/logo\/image\/\",\"url\":\"https:\/\/www.pm.pb.gov.br\/portal\/wp-content\/uploads\/2025\/03\/cropped-logo-site-mag2-1.png\",\"contentUrl\":\"https:\/\/www.pm.pb.gov.br\/portal\/wp-content\/uploads\/2025\/03\/cropped-logo-site-mag2-1.png\",\"width\":320,\"height\":90,\"caption\":\"Pol\u00edcia Militar da Para\u00edba\"},\"image\":{\"@id\":\"https:\/\/www.pm.pb.gov.br\/portal\/#\/schema\/logo\/image\/\"}},{\"@type\":\"Person\",\"@id\":\"https:\/\/www.pm.pb.gov.br\/portal\/#\/schema\/person\/30d571652b38533c2211e4e89bf5a502\",\"name\":\"Marcio Gomes dos Santos\",\"image\":{\"@type\":\"ImageObject\",\"inLanguage\":\"pt-BR\",\"@id\":\"https:\/\/www.pm.pb.gov.br\/portal\/#\/schema\/person\/image\/\",\"url\":\"https:\/\/secure.gravatar.com\/avatar\/cf4ec2cb690101e1581c7773aa350c19?s=96&d=mm&r=g\",\"contentUrl\":\"https:\/\/secure.gravatar.com\/avatar\/cf4ec2cb690101e1581c7773aa350c19?s=96&d=mm&r=g\",\"caption\":\"Marcio Gomes dos Santos\"},\"url\":\"https:\/\/www.pm.pb.gov.br\/portal\/author\/mgomes\/\"}]}<\/script>\n<!-- \/ Yoast SEO plugin. -->","yoast_head_json":{"title":"Comandante-geral da PM participa do lan\u00e7amento do calend\u00e1rio de a\u00e7\u00f5es alusivas ao Dia Internacional da Mulher - Pol\u00edcia Militar da Para\u00edba","robots":{"index":"index","follow":"follow","max-snippet":"max-snippet:-1","max-image-preview":"max-image-preview:large","max-video-preview":"max-video-preview:-1"},"canonical":"https:\/\/www.pm.pb.gov.br\/portal\/2019\/03\/08\/comandante-geral-da-pm-participa-do-lancamento-do-calendario-de-acoes-alusivas-ao-dia-internacional-da-mulher\/","og_locale":"pt_BR","og_type":"article","og_title":"Comandante-geral da PM participa do lan\u00e7amento do calend\u00e1rio de a\u00e7\u00f5es alusivas ao Dia Internacional da Mulher - Pol\u00edcia Militar da Para\u00edba","og_description":"O comandante-geral da Pol\u00edcia Militar, coronel Euller Chaves, participou da solenidade do Governo do Estado que divulgou um calend\u00e1rio de","og_url":"https:\/\/www.pm.pb.gov.br\/portal\/2019\/03\/08\/comandante-geral-da-pm-participa-do-lancamento-do-calendario-de-acoes-alusivas-ao-dia-internacional-da-mulher\/","og_site_name":"Pol\u00edcia Militar da Para\u00edba","article_published_time":"2019-03-08T18:56:12+00:00","article_modified_time":"2019-03-08T18:56:13+00:00","og_image":[{"width":800,"height":445,"url":"https:\/\/www.pm.pb.gov.br\/portal\/wp-content\/uploads\/2019\/03\/WhatsApp-Image-2019-03-08-at-15.52.02.jpeg","type":"image\/jpeg"}],"author":"Marcio Gomes dos Santos","twitter_card":"summary_large_image","twitter_misc":{"Escrito por":"Marcio Gomes dos Santos","Est. tempo de leitura":"1 minuto"},"schema":{"@context":"https:\/\/schema.org","@graph":[{"@type":"Article","@id":"https:\/\/www.pm.pb.gov.br\/portal\/2019\/03\/08\/comandante-geral-da-pm-participa-do-lancamento-do-calendario-de-acoes-alusivas-ao-dia-internacional-da-mulher\/#article","isPartOf":{"@id":"https:\/\/www.pm.pb.gov.br\/portal\/2019\/03\/08\/comandante-geral-da-pm-participa-do-lancamento-do-calendario-de-acoes-alusivas-ao-dia-internacional-da-mulher\/"},"author":{"name":"Marcio Gomes dos Santos","@id":"https:\/\/www.pm.pb.gov.br\/portal\/#\/schema\/person\/30d571652b38533c2211e4e89bf5a502"},"headline":"Comandante-geral da PM participa do lan\u00e7amento do calend\u00e1rio de a\u00e7\u00f5es alusivas ao Dia Internacional da Mulher","datePublished":"2019-03-08T18:56:12+00:00","dateModified":"2019-03-08T18:56:13+00:00","mainEntityOfPage":{"@id":"https:\/\/www.pm.pb.gov.br\/portal\/2019\/03\/08\/comandante-geral-da-pm-participa-do-lancamento-do-calendario-de-acoes-alusivas-ao-dia-internacional-da-mulher\/"},"wordCount":199,"publisher":{"@id":"https:\/\/www.pm.pb.gov.br\/portal\/#organization"},"articleSection":["A\u00e7\u00f5es Policiais"],"inLanguage":"pt-BR"},{"@type":"WebPage","@id":"https:\/\/www.pm.pb.gov.br\/portal\/2019\/03\/08\/comandante-geral-da-pm-participa-do-lancamento-do-calendario-de-acoes-alusivas-ao-dia-internacional-da-mulher\/","url":"https:\/\/www.pm.pb.gov.br\/portal\/2019\/03\/08\/comandante-geral-da-pm-participa-do-lancamento-do-calendario-de-acoes-alusivas-ao-dia-internacional-da-mulher\/","name":"Comandante-geral da PM participa do lan\u00e7amento do calend\u00e1rio de a\u00e7\u00f5es alusivas ao Dia Internacional da Mulher - Pol\u00edcia Militar da Para\u00edba","isPartOf":{"@id":"https:\/\/www.pm.pb.gov.br\/portal\/#website"},"datePublished":"2019-03-08T18:56:12+00:00","dateModified":"2019-03-08T18:56:13+00:00","breadcrumb":{"@id":"https:\/\/www.pm.pb.gov.br\/portal\/2019\/03\/08\/comandante-geral-da-pm-participa-do-lancamento-do-calendario-de-acoes-alusivas-ao-dia-internacional-da-mulher\/#breadcrumb"},"inLanguage":"pt-BR","potentialAction":[{"@type":"ReadAction","target":["https:\/\/www.pm.pb.gov.br\/portal\/2019\/03\/08\/comandante-geral-da-pm-participa-do-lancamento-do-calendario-de-acoes-alusivas-ao-dia-internacional-da-mulher\/"]}]},{"@type":"BreadcrumbList","@id":"https:\/\/www.pm.pb.gov.br\/portal\/2019\/03\/08\/comandante-geral-da-pm-participa-do-lancamento-do-calendario-de-acoes-alusivas-ao-dia-internacional-da-mulher\/#breadcrumb","itemListElement":[{"@type":"ListItem","position":1,"name":"In\u00edcio","item":"https:\/\/www.pm.pb.gov.br\/portal\/"},{"@type":"ListItem","position":2,"name":"Comandante-geral da PM participa do lan\u00e7amento do calend\u00e1rio de a\u00e7\u00f5es alusivas ao Dia Internacional da Mulher"}]},{"@type":"WebSite","@id":"https:\/\/www.pm.pb.gov.br\/portal\/#website","url":"https:\/\/www.pm.pb.gov.br\/portal\/","name":"Pol\u00edcia Militar da Para\u00edba","description":"","publisher":{"@id":"https:\/\/www.pm.pb.gov.br\/portal\/#organization"},"potentialAction":[{"@type":"SearchAction","target":{"@type":"EntryPoint","urlTemplate":"https:\/\/www.pm.pb.gov.br\/portal\/?s={search_term_string}"},"query-input":"required name=search_term_string"}],"inLanguage":"pt-BR"},{"@type":"Organization","@id":"https:\/\/www.pm.pb.gov.br\/portal\/#organization","name":"Pol\u00edcia Militar da Para\u00edba","url":"https:\/\/www.pm.pb.gov.br\/portal\/","logo":{"@type":"ImageObject","inLanguage":"pt-BR","@id":"https:\/\/www.pm.pb.gov.br\/portal\/#\/schema\/logo\/image\/","url":"https:\/\/www.pm.pb.gov.br\/portal\/wp-content\/uploads\/2025\/03\/cropped-logo-site-mag2-1.png","contentUrl":"https:\/\/www.pm.pb.gov.br\/portal\/wp-content\/uploads\/2025\/03\/cropped-logo-site-mag2-1.png","width":320,"height":90,"caption":"Pol\u00edcia Militar da Para\u00edba"},"image":{"@id":"https:\/\/www.pm.pb.gov.br\/portal\/#\/schema\/logo\/image\/"}},{"@type":"Person","@id":"https:\/\/www.pm.pb.gov.br\/portal\/#\/schema\/person\/30d571652b38533c2211e4e89bf5a502","name":"Marcio Gomes dos Santos","image":{"@type":"ImageObject","inLanguage":"pt-BR","@id":"https:\/\/www.pm.pb.gov.br\/portal\/#\/schema\/person\/image\/","url":"https:\/\/secure.gravatar.com\/avatar\/cf4ec2cb690101e1581c7773aa350c19?s=96&d=mm&r=g","contentUrl":"https:\/\/secure.gravatar.com\/avatar\/cf4ec2cb690101e1581c7773aa350c19?s=96&d=mm&r=g","caption":"Marcio Gomes dos Santos"},"url":"https:\/\/www.pm.pb.gov.br\/portal\/author\/mgomes\/"}]}},"_links":{"self":[{"href":"https:\/\/www.pm.pb.gov.br\/portal\/wp-json\/wp\/v2\/posts\/900126"}],"collection":[{"href":"https:\/\/www.pm.pb.gov.br\/portal\/wp-json\/wp\/v2\/posts"}],"about":[{"href":"https:\/\/www.pm.pb.gov.br\/portal\/wp-json\/wp\/v2\/types\/post"}],"author":[{"embeddable":true,"href":"https:\/\/www.pm.pb.gov.br\/portal\/wp-json\/wp\/v2\/users\/15"}],"replies":[{"embeddable":true,"href":"https:\/\/www.pm.pb.gov.br\/portal\/wp-json\/wp\/v2\/comments?post=900126"}],"version-history":[{"count":1,"href":"https:\/\/www.pm.pb.gov.br\/portal\/wp-json\/wp\/v2\/posts\/900126\/revisions"}],"predecessor-version":[{"id":900128,"href":"https:\/\/www.pm.pb.gov.br\/portal\/wp-json\/wp\/v2\/posts\/900126\/revisions\/900128"}],"wp:featuredmedia":[{"embeddable":true,"href":"https:\/\/www.pm.pb.gov.br\/portal\/wp-json\/wp\/v2\/media\/900127"}],"wp:attachment":[{"href":"https:\/\/www.pm.pb.gov.br\/portal\/wp-json\/wp\/v2\/media?parent=900126"}],"wp:term":[{"taxonomy":"category","embeddable":true,"href":"https:\/\/www.pm.pb.gov.br\/portal\/wp-json\/wp\/v2\/categories?post=900126"},{"taxonomy":"post_tag","embeddable":true,"href":"https:\/\/www.pm.pb.gov.br\/portal\/wp-json\/wp\/v2\/tags?post=900126"}],"curies":[{"name":"wp","href":"https:\/\/api.w.org\/{rel}","templated":true}]}}