{"id":900118,"date":"2019-03-08T15:30:26","date_gmt":"2019-03-08T18:30:26","guid":{"rendered":"http:\/\/www.pm.pb.gov.br\/portal\/?p=900118"},"modified":"2019-03-08T15:52:30","modified_gmt":"2019-03-08T18:52:30","slug":"policia-militar-comemora-dia-internacional-da-mulher","status":"publish","type":"post","link":"https:\/\/www.pm.pb.gov.br\/portal\/2019\/03\/08\/policia-militar-comemora-dia-internacional-da-mulher\/","title":{"rendered":"Pol\u00edcia Militar comemora Dia Internacional da Mulher"},"content":{"rendered":"\n<p>O comandante-geral da Pol\u00edcia Militar, coronel Euller Chaves, homenageou\nas mulheres policiais militares pelo Dia Internacional da Mulher, que em Jo\u00e3o\nPessoa foi comemorado no Centro de Educa\u00e7\u00e3o, na manh\u00e3 desta sexta-feira (08).\nNa ocasi\u00e3o, policiais femininas de diversas unidades da regi\u00e3o metropolitana\nforam parabenizadas pela import\u00e2ncia da data e do trabalho desempenhado na\nseguran\u00e7a p\u00fablica.<\/p>\n\n\n\n<p>As homenagens come\u00e7aram logo no in\u00edcio do dia, com uma recep\u00e7\u00e3o toda especial.\nAs mulheres da corpora\u00e7\u00e3o foram recebidas com caf\u00e9-da-manh\u00e3, acolhida com rosas,\nmensagens entregues pelo alto comando da Pol\u00edcia Militar, al\u00e9m de palestras.\n\u201cMuito obrigado pela presen\u00e7a de voc\u00eas em nossas vidas. Voc\u00eas trazem suas ideias\ne ideais de sensibilidade, amor e respeito ao outro, al\u00e9m de carinho, afeto e\ntamb\u00e9m de for\u00e7a\u201d, parabenizou o coronel Euller. <\/p>\n\n\n\n<div class=\"wp-block-image\"><figure class=\"aligncenter is-resized\"><img loading=\"lazy\" decoding=\"async\" src=\"http:\/\/www.pm.pb.gov.br\/portal\/wp-content\/uploads\/2019\/03\/DSC_14591-1.jpg\" alt=\"\" class=\"wp-image-900122\" width=\"534\" height=\"356\" srcset=\"https:\/\/www.pm.pb.gov.br\/portal\/wp-content\/uploads\/2019\/03\/DSC_14591-1.jpg 800w, https:\/\/www.pm.pb.gov.br\/portal\/wp-content\/uploads\/2019\/03\/DSC_14591-1-667x445.jpg 667w, https:\/\/www.pm.pb.gov.br\/portal\/wp-content\/uploads\/2019\/03\/DSC_14591-1-768x513.jpg 768w, https:\/\/www.pm.pb.gov.br\/portal\/wp-content\/uploads\/2019\/03\/DSC_14591-1-272x182.jpg 272w\" sizes=\"(max-width: 534px) 100vw, 534px\" \/><\/figure><\/div>\n\n\n\n<p>Para a 1\u00aa sargento Maria de Lourdes, \u00e9 muito importante o reconhecimento\nda corpora\u00e7\u00e3o pela data. \u201cCada vez mais a mulher vem crescendo em determinados\nsetores da sociedade e na PM n\u00e3o poderia ser diferente\u201d, disse. \u201cA Pol\u00edcia\nMilitar n\u00e3o poderia deixar de prestigiar este dia e ver o quanto a mulher \u00e9\nimportante na institui\u00e7\u00e3o, para a institui\u00e7\u00e3o e para sociedade\u201d, frisou. <\/p>\n\n\n\n<p>J\u00e1 a 2\u00aa tenente L\u00edgia Fernandes, que se emocionou durante as homenagens,\nagradeceu a Deus, e o encontro com colegas de profiss\u00e3o e amigas de farda que\nlevou para a vida. \u201cAgrade\u00e7o a minha Pol\u00edcia Militar, que me tornou o que sou,\ne hoje trabalho porque gosto do que fa\u00e7o verdadeiramente\u201d, disse.<\/p>\n\n\n\n<p><strong>Melhorias \u2013<\/strong> De 2011 para c\u00e1, a PM regulamentou a situa\u00e7\u00e3o da mulher\npolicial gestante, com escalas adequadas, jornadas de trabalho compat\u00edveis com\na gravidez, e licen\u00e7a de 180 dias. Policiais que adotaram ou obtiveram a guarda\njudicial, tamb\u00e9m foram contempladas com licen\u00e7a-maternidade.&nbsp; <\/p>\n\n\n\n<p>No campo operacional, as mulheres que atuam no policiamento ostensivo\nforam contempladas com coletes bal\u00edsticos femininos que, mais adequado ao\ncorpo, propiciam conforto ao trabalho policial. Os quart\u00e9is tamb\u00e9m foram\nadaptados ao acolhimento feminino, para receberem policiais nas unidades\nrotineiramente ou em momentos espor\u00e1dicos. <\/p>\n\n\n\n<p>A Policl\u00ednica da PM tamb\u00e9m est\u00e1 a disposi\u00e7\u00e3o do efetivo feminino, com\nconsultas e atendimento em ginecologia e outras especialidades. No campo da\nsa\u00fade biopsicossocial, a PM disp\u00f5e de dois espa\u00e7os de acolhida e atendimento\ncom psic\u00f3logos, psiquiatras, assistentes sociais, entre outros, nas unidades do\nViver Bem em Jo\u00e3o Pessoa e Campina Grande.<\/p>\n\n\n\n<p><strong>Homenagens continuam &#8211;<\/strong> Outras homenagens est\u00e3o previstas para\nacontecerem em toda a Para\u00edba, nas diversas unidades da PM, como Comandos\nRegionais, unidades administrativas, sedes de Batalh\u00f5es e Companhias. Em Jo\u00e3o\nPessoa, policiais realizaram ainda checkpoints em avenidas da Capital,\nentregando chocolates e mensagens para motoristas e passageiras.<\/p>\n","protected":false},"excerpt":{"rendered":"<p>O comandante-geral da Pol\u00edcia Militar, coronel Euller Chaves, homenageou as mulheres policiais militares pelo Dia Internacional da Mulher, que em<\/p>\n","protected":false},"author":12,"featured_media":900119,"comment_status":"closed","ping_status":"closed","sticky":false,"template":"","format":"standard","meta":{"_exactmetrics_skip_tracking":false,"_exactmetrics_sitenote_active":false,"_exactmetrics_sitenote_note":"","_exactmetrics_sitenote_category":0,"footnotes":""},"categories":[5],"tags":[],"yoast_head":"<!-- This site is optimized with the Yoast SEO plugin v22.0 - https:\/\/yoast.com\/wordpress\/plugins\/seo\/ -->\n<title>Pol\u00edcia Militar comemora Dia Internacional da Mulher - Pol\u00edcia Militar da Para\u00edba<\/title>\n<meta name=\"robots\" content=\"index, follow, max-snippet:-1, max-image-preview:large, max-video-preview:-1\" \/>\n<link rel=\"canonical\" href=\"https:\/\/www.pm.pb.gov.br\/portal\/2019\/03\/08\/policia-militar-comemora-dia-internacional-da-mulher\/\" \/>\n<meta property=\"og:locale\" content=\"pt_BR\" \/>\n<meta property=\"og:type\" content=\"article\" \/>\n<meta property=\"og:title\" content=\"Pol\u00edcia Militar comemora Dia Internacional da Mulher - Pol\u00edcia Militar da Para\u00edba\" \/>\n<meta property=\"og:description\" content=\"O comandante-geral da Pol\u00edcia Militar, coronel Euller Chaves, homenageou as mulheres policiais militares pelo Dia Internacional da Mulher, que em\" \/>\n<meta property=\"og:url\" content=\"https:\/\/www.pm.pb.gov.br\/portal\/2019\/03\/08\/policia-militar-comemora-dia-internacional-da-mulher\/\" \/>\n<meta property=\"og:site_name\" content=\"Pol\u00edcia Militar da Para\u00edba\" \/>\n<meta property=\"article:published_time\" content=\"2019-03-08T18:30:26+00:00\" \/>\n<meta property=\"article:modified_time\" content=\"2019-03-08T18:52:30+00:00\" \/>\n<meta property=\"og:image\" content=\"https:\/\/www.pm.pb.gov.br\/portal\/wp-content\/uploads\/2019\/03\/cmtg1.jpeg\" \/>\n\t<meta property=\"og:image:width\" content=\"800\" \/>\n\t<meta property=\"og:image:height\" content=\"445\" \/>\n\t<meta property=\"og:image:type\" content=\"image\/jpeg\" \/>\n<meta name=\"author\" content=\"Tarcisio Oliveira\" \/>\n<meta name=\"twitter:card\" content=\"summary_large_image\" \/>\n<meta name=\"twitter:label1\" content=\"Escrito por\" \/>\n\t<meta name=\"twitter:data1\" content=\"Tarcisio Oliveira\" \/>\n\t<meta name=\"twitter:label2\" content=\"Est. tempo de leitura\" \/>\n\t<meta name=\"twitter:data2\" content=\"2 minutos\" \/>\n<script type=\"application\/ld+json\" class=\"yoast-schema-graph\">{\"@context\":\"https:\/\/schema.org\",\"@graph\":[{\"@type\":\"Article\",\"@id\":\"https:\/\/www.pm.pb.gov.br\/portal\/2019\/03\/08\/policia-militar-comemora-dia-internacional-da-mulher\/#article\",\"isPartOf\":{\"@id\":\"https:\/\/www.pm.pb.gov.br\/portal\/2019\/03\/08\/policia-militar-comemora-dia-internacional-da-mulher\/\"},\"author\":{\"name\":\"Tarcisio Oliveira\",\"@id\":\"https:\/\/www.pm.pb.gov.br\/portal\/#\/schema\/person\/f84f56dcc78ce4357054da888b8247fd\"},\"headline\":\"Pol\u00edcia Militar comemora Dia Internacional da Mulher\",\"datePublished\":\"2019-03-08T18:30:26+00:00\",\"dateModified\":\"2019-03-08T18:52:30+00:00\",\"mainEntityOfPage\":{\"@id\":\"https:\/\/www.pm.pb.gov.br\/portal\/2019\/03\/08\/policia-militar-comemora-dia-internacional-da-mulher\/\"},\"wordCount\":481,\"publisher\":{\"@id\":\"https:\/\/www.pm.pb.gov.br\/portal\/#organization\"},\"articleSection\":[\"Homenagens\"],\"inLanguage\":\"pt-BR\"},{\"@type\":\"WebPage\",\"@id\":\"https:\/\/www.pm.pb.gov.br\/portal\/2019\/03\/08\/policia-militar-comemora-dia-internacional-da-mulher\/\",\"url\":\"https:\/\/www.pm.pb.gov.br\/portal\/2019\/03\/08\/policia-militar-comemora-dia-internacional-da-mulher\/\",\"name\":\"Pol\u00edcia Militar comemora Dia Internacional da Mulher - Pol\u00edcia Militar da Para\u00edba\",\"isPartOf\":{\"@id\":\"https:\/\/www.pm.pb.gov.br\/portal\/#website\"},\"datePublished\":\"2019-03-08T18:30:26+00:00\",\"dateModified\":\"2019-03-08T18:52:30+00:00\",\"breadcrumb\":{\"@id\":\"https:\/\/www.pm.pb.gov.br\/portal\/2019\/03\/08\/policia-militar-comemora-dia-internacional-da-mulher\/#breadcrumb\"},\"inLanguage\":\"pt-BR\",\"potentialAction\":[{\"@type\":\"ReadAction\",\"target\":[\"https:\/\/www.pm.pb.gov.br\/portal\/2019\/03\/08\/policia-militar-comemora-dia-internacional-da-mulher\/\"]}]},{\"@type\":\"BreadcrumbList\",\"@id\":\"https:\/\/www.pm.pb.gov.br\/portal\/2019\/03\/08\/policia-militar-comemora-dia-internacional-da-mulher\/#breadcrumb\",\"itemListElement\":[{\"@type\":\"ListItem\",\"position\":1,\"name\":\"In\u00edcio\",\"item\":\"https:\/\/www.pm.pb.gov.br\/portal\/\"},{\"@type\":\"ListItem\",\"position\":2,\"name\":\"Pol\u00edcia Militar comemora Dia Internacional da Mulher\"}]},{\"@type\":\"WebSite\",\"@id\":\"https:\/\/www.pm.pb.gov.br\/portal\/#website\",\"url\":\"https:\/\/www.pm.pb.gov.br\/portal\/\",\"name\":\"Pol\u00edcia Militar da Para\u00edba\",\"description\":\"\",\"publisher\":{\"@id\":\"https:\/\/www.pm.pb.gov.br\/portal\/#organization\"},\"potentialAction\":[{\"@type\":\"SearchAction\",\"target\":{\"@type\":\"EntryPoint\",\"urlTemplate\":\"https:\/\/www.pm.pb.gov.br\/portal\/?s={search_term_string}\"},\"query-input\":\"required name=search_term_string\"}],\"inLanguage\":\"pt-BR\"},{\"@type\":\"Organization\",\"@id\":\"https:\/\/www.pm.pb.gov.br\/portal\/#organization\",\"name\":\"Pol\u00edcia Militar da Para\u00edba\",\"url\":\"https:\/\/www.pm.pb.gov.br\/portal\/\",\"logo\":{\"@type\":\"ImageObject\",\"inLanguage\":\"pt-BR\",\"@id\":\"https:\/\/www.pm.pb.gov.br\/portal\/#\/schema\/logo\/image\/\",\"url\":\"https:\/\/www.pm.pb.gov.br\/portal\/wp-content\/uploads\/2025\/03\/cropped-logo-site-mag2-1.png\",\"contentUrl\":\"https:\/\/www.pm.pb.gov.br\/portal\/wp-content\/uploads\/2025\/03\/cropped-logo-site-mag2-1.png\",\"width\":320,\"height\":90,\"caption\":\"Pol\u00edcia Militar da Para\u00edba\"},\"image\":{\"@id\":\"https:\/\/www.pm.pb.gov.br\/portal\/#\/schema\/logo\/image\/\"}},{\"@type\":\"Person\",\"@id\":\"https:\/\/www.pm.pb.gov.br\/portal\/#\/schema\/person\/f84f56dcc78ce4357054da888b8247fd\",\"name\":\"Tarcisio Oliveira\",\"image\":{\"@type\":\"ImageObject\",\"inLanguage\":\"pt-BR\",\"@id\":\"https:\/\/www.pm.pb.gov.br\/portal\/#\/schema\/person\/image\/\",\"url\":\"https:\/\/secure.gravatar.com\/avatar\/72917b630b69d31cd0297507f34bac97?s=96&d=mm&r=g\",\"contentUrl\":\"https:\/\/secure.gravatar.com\/avatar\/72917b630b69d31cd0297507f34bac97?s=96&d=mm&r=g\",\"caption\":\"Tarcisio Oliveira\"},\"url\":\"https:\/\/www.pm.pb.gov.br\/portal\/author\/tarcisio\/\"}]}<\/script>\n<!-- \/ Yoast SEO plugin. -->","yoast_head_json":{"title":"Pol\u00edcia Militar comemora Dia Internacional da Mulher - Pol\u00edcia Militar da Para\u00edba","robots":{"index":"index","follow":"follow","max-snippet":"max-snippet:-1","max-image-preview":"max-image-preview:large","max-video-preview":"max-video-preview:-1"},"canonical":"https:\/\/www.pm.pb.gov.br\/portal\/2019\/03\/08\/policia-militar-comemora-dia-internacional-da-mulher\/","og_locale":"pt_BR","og_type":"article","og_title":"Pol\u00edcia Militar comemora Dia Internacional da Mulher - Pol\u00edcia Militar da Para\u00edba","og_description":"O comandante-geral da Pol\u00edcia Militar, coronel Euller Chaves, homenageou as mulheres policiais militares pelo Dia Internacional da Mulher, que em","og_url":"https:\/\/www.pm.pb.gov.br\/portal\/2019\/03\/08\/policia-militar-comemora-dia-internacional-da-mulher\/","og_site_name":"Pol\u00edcia Militar da Para\u00edba","article_published_time":"2019-03-08T18:30:26+00:00","article_modified_time":"2019-03-08T18:52:30+00:00","og_image":[{"width":800,"height":445,"url":"https:\/\/www.pm.pb.gov.br\/portal\/wp-content\/uploads\/2019\/03\/cmtg1.jpeg","type":"image\/jpeg"}],"author":"Tarcisio Oliveira","twitter_card":"summary_large_image","twitter_misc":{"Escrito por":"Tarcisio Oliveira","Est. tempo de leitura":"2 minutos"},"schema":{"@context":"https:\/\/schema.org","@graph":[{"@type":"Article","@id":"https:\/\/www.pm.pb.gov.br\/portal\/2019\/03\/08\/policia-militar-comemora-dia-internacional-da-mulher\/#article","isPartOf":{"@id":"https:\/\/www.pm.pb.gov.br\/portal\/2019\/03\/08\/policia-militar-comemora-dia-internacional-da-mulher\/"},"author":{"name":"Tarcisio Oliveira","@id":"https:\/\/www.pm.pb.gov.br\/portal\/#\/schema\/person\/f84f56dcc78ce4357054da888b8247fd"},"headline":"Pol\u00edcia Militar comemora Dia Internacional da Mulher","datePublished":"2019-03-08T18:30:26+00:00","dateModified":"2019-03-08T18:52:30+00:00","mainEntityOfPage":{"@id":"https:\/\/www.pm.pb.gov.br\/portal\/2019\/03\/08\/policia-militar-comemora-dia-internacional-da-mulher\/"},"wordCount":481,"publisher":{"@id":"https:\/\/www.pm.pb.gov.br\/portal\/#organization"},"articleSection":["Homenagens"],"inLanguage":"pt-BR"},{"@type":"WebPage","@id":"https:\/\/www.pm.pb.gov.br\/portal\/2019\/03\/08\/policia-militar-comemora-dia-internacional-da-mulher\/","url":"https:\/\/www.pm.pb.gov.br\/portal\/2019\/03\/08\/policia-militar-comemora-dia-internacional-da-mulher\/","name":"Pol\u00edcia Militar comemora Dia Internacional da Mulher - Pol\u00edcia Militar da Para\u00edba","isPartOf":{"@id":"https:\/\/www.pm.pb.gov.br\/portal\/#website"},"datePublished":"2019-03-08T18:30:26+00:00","dateModified":"2019-03-08T18:52:30+00:00","breadcrumb":{"@id":"https:\/\/www.pm.pb.gov.br\/portal\/2019\/03\/08\/policia-militar-comemora-dia-internacional-da-mulher\/#breadcrumb"},"inLanguage":"pt-BR","potentialAction":[{"@type":"ReadAction","target":["https:\/\/www.pm.pb.gov.br\/portal\/2019\/03\/08\/policia-militar-comemora-dia-internacional-da-mulher\/"]}]},{"@type":"BreadcrumbList","@id":"https:\/\/www.pm.pb.gov.br\/portal\/2019\/03\/08\/policia-militar-comemora-dia-internacional-da-mulher\/#breadcrumb","itemListElement":[{"@type":"ListItem","position":1,"name":"In\u00edcio","item":"https:\/\/www.pm.pb.gov.br\/portal\/"},{"@type":"ListItem","position":2,"name":"Pol\u00edcia Militar comemora Dia Internacional da Mulher"}]},{"@type":"WebSite","@id":"https:\/\/www.pm.pb.gov.br\/portal\/#website","url":"https:\/\/www.pm.pb.gov.br\/portal\/","name":"Pol\u00edcia Militar da Para\u00edba","description":"","publisher":{"@id":"https:\/\/www.pm.pb.gov.br\/portal\/#organization"},"potentialAction":[{"@type":"SearchAction","target":{"@type":"EntryPoint","urlTemplate":"https:\/\/www.pm.pb.gov.br\/portal\/?s={search_term_string}"},"query-input":"required name=search_term_string"}],"inLanguage":"pt-BR"},{"@type":"Organization","@id":"https:\/\/www.pm.pb.gov.br\/portal\/#organization","name":"Pol\u00edcia Militar da Para\u00edba","url":"https:\/\/www.pm.pb.gov.br\/portal\/","logo":{"@type":"ImageObject","inLanguage":"pt-BR","@id":"https:\/\/www.pm.pb.gov.br\/portal\/#\/schema\/logo\/image\/","url":"https:\/\/www.pm.pb.gov.br\/portal\/wp-content\/uploads\/2025\/03\/cropped-logo-site-mag2-1.png","contentUrl":"https:\/\/www.pm.pb.gov.br\/portal\/wp-content\/uploads\/2025\/03\/cropped-logo-site-mag2-1.png","width":320,"height":90,"caption":"Pol\u00edcia Militar da Para\u00edba"},"image":{"@id":"https:\/\/www.pm.pb.gov.br\/portal\/#\/schema\/logo\/image\/"}},{"@type":"Person","@id":"https:\/\/www.pm.pb.gov.br\/portal\/#\/schema\/person\/f84f56dcc78ce4357054da888b8247fd","name":"Tarcisio Oliveira","image":{"@type":"ImageObject","inLanguage":"pt-BR","@id":"https:\/\/www.pm.pb.gov.br\/portal\/#\/schema\/person\/image\/","url":"https:\/\/secure.gravatar.com\/avatar\/72917b630b69d31cd0297507f34bac97?s=96&d=mm&r=g","contentUrl":"https:\/\/secure.gravatar.com\/avatar\/72917b630b69d31cd0297507f34bac97?s=96&d=mm&r=g","caption":"Tarcisio Oliveira"},"url":"https:\/\/www.pm.pb.gov.br\/portal\/author\/tarcisio\/"}]}},"_links":{"self":[{"href":"https:\/\/www.pm.pb.gov.br\/portal\/wp-json\/wp\/v2\/posts\/900118"}],"collection":[{"href":"https:\/\/www.pm.pb.gov.br\/portal\/wp-json\/wp\/v2\/posts"}],"about":[{"href":"https:\/\/www.pm.pb.gov.br\/portal\/wp-json\/wp\/v2\/types\/post"}],"author":[{"embeddable":true,"href":"https:\/\/www.pm.pb.gov.br\/portal\/wp-json\/wp\/v2\/users\/12"}],"replies":[{"embeddable":true,"href":"https:\/\/www.pm.pb.gov.br\/portal\/wp-json\/wp\/v2\/comments?post=900118"}],"version-history":[{"count":2,"href":"https:\/\/www.pm.pb.gov.br\/portal\/wp-json\/wp\/v2\/posts\/900118\/revisions"}],"predecessor-version":[{"id":900123,"href":"https:\/\/www.pm.pb.gov.br\/portal\/wp-json\/wp\/v2\/posts\/900118\/revisions\/900123"}],"wp:featuredmedia":[{"embeddable":true,"href":"https:\/\/www.pm.pb.gov.br\/portal\/wp-json\/wp\/v2\/media\/900119"}],"wp:attachment":[{"href":"https:\/\/www.pm.pb.gov.br\/portal\/wp-json\/wp\/v2\/media?parent=900118"}],"wp:term":[{"taxonomy":"category","embeddable":true,"href":"https:\/\/www.pm.pb.gov.br\/portal\/wp-json\/wp\/v2\/categories?post=900118"},{"taxonomy":"post_tag","embeddable":true,"href":"https:\/\/www.pm.pb.gov.br\/portal\/wp-json\/wp\/v2\/tags?post=900118"}],"curies":[{"name":"wp","href":"https:\/\/api.w.org\/{rel}","templated":true}]}}