{"id":900097,"date":"2019-03-01T19:20:59","date_gmt":"2019-03-01T22:20:59","guid":{"rendered":"http:\/\/www.pm.pb.gov.br\/portal\/?p=900097"},"modified":"2019-03-01T19:27:57","modified_gmt":"2019-03-01T22:27:57","slug":"pm-e-pf-desarticulam-esquema-de-trafico-interestadual-fecham-laboratorio-de-cocaina-e-apreendem-mais-de-10-kg-de-drogas-na-capital","status":"publish","type":"post","link":"https:\/\/www.pm.pb.gov.br\/portal\/2019\/03\/01\/pm-e-pf-desarticulam-esquema-de-trafico-interestadual-fecham-laboratorio-de-cocaina-e-apreendem-mais-de-10-kg-de-drogas-na-capital\/","title":{"rendered":"PM e PF desarticulam esquema de tr\u00e1fico interestadual, fecham laborat\u00f3rio de coca\u00edna e apreendem mais de 10 kg de drogas na Capital"},"content":{"rendered":"\n<p>As Pol\u00edcias Militar e Federal desarticularam um laborat\u00f3rio de coca\u00edna que funcionava no Conjunto Novo Mil\u00eanio, na Zona Sul da Capital. No local, que servia para o preparo de coca\u00edna e seus derivados, foram apreendidos mais de 10 kg de drogas, quatro armas de fogo (foto abaixo), muni\u00e7\u00f5es, dois ma\u00e7aricos, duas balan\u00e7as de precis\u00e3o, 1 litro de lol\u00f3, quatro baldes com reagentes qu\u00edmicos usados na prepara\u00e7\u00e3o de entorpecentes e liquidificadores para processar o produto. Um casal foi preso em flagrante na a\u00e7\u00e3o, que contou com a participa\u00e7\u00e3o das equipes da For\u00e7a T\u00e1tica e da 5\u00aa Companhia do 5\u00ba Batalh\u00e3o.<\/p>\n\n\n\n<p>O homem de 27 anos e a mulher, de 28, estariam atuando no tr\u00e1fico interestadual, j\u00e1 que no come\u00e7o da tarde foram flagrados deixando meio quilo de pasta-base de coca\u00edna com uma pernambucana de 24 anos, no terminal rodovi\u00e1rio de Jo\u00e3o Pessoa. A acusada tinha vindo de Recife para buscar a droga e levar para ser comercializada no estado vizinho, durante o carnaval. A mulher foi presa com a droga e o casal conseguiu fugir, sendo encontrado no decorrer das dilig\u00eancias, que resultaram na localiza\u00e7\u00e3o do laborat\u00f3rio.<\/p>\n\n\n\n<div class=\"wp-block-image\"><figure class=\"aligncenter is-resized\"><img loading=\"lazy\" decoding=\"async\" src=\"http:\/\/www.pm.pb.gov.br\/portal\/wp-content\/uploads\/2019\/03\/WhatsApp-Image-2019-03-01-at-17.38.17-760x570.jpeg\" alt=\"\" class=\"wp-image-900099\" width=\"452\" height=\"339\" srcset=\"https:\/\/www.pm.pb.gov.br\/portal\/wp-content\/uploads\/2019\/03\/WhatsApp-Image-2019-03-01-at-17.38.17-760x570.jpeg 760w, https:\/\/www.pm.pb.gov.br\/portal\/wp-content\/uploads\/2019\/03\/WhatsApp-Image-2019-03-01-at-17.38.17-593x445.jpeg 593w, https:\/\/www.pm.pb.gov.br\/portal\/wp-content\/uploads\/2019\/03\/WhatsApp-Image-2019-03-01-at-17.38.17-768x576.jpeg 768w, https:\/\/www.pm.pb.gov.br\/portal\/wp-content\/uploads\/2019\/03\/WhatsApp-Image-2019-03-01-at-17.38.17.jpeg 1032w\" sizes=\"(max-width: 452px) 100vw, 452px\" \/><\/figure><\/div>\n\n\n\n<p>O esquema foi todo desarticulado atrav\u00e9s de um trabalho conjunto entre a Coordenadoria de Intelig\u00eancia (COInt) da PM e a Pol\u00edcia Federal, que levantaram informa\u00e7\u00f5es de que a mulher presa no terminal rodovi\u00e1rio sempre vinha fazer esse transporte de drogas entre os dois estados, desembarcando na capital paraibana j\u00e1 com passagem comprada para voltar.  Ela \u00e9 do bairro Bomba do Hemet\u00e9rio, na Zona Norte de Recife \u2013 PE.<\/p>\n\n\n\n<p>J\u00e1 o casal, \u00e9 do bairro de Mangabeira, em Jo\u00e3o Pessoa, e usava o local no Novo Mil\u00eanio apenas como laborat\u00f3rio. Os presos e todo o material apreendido foram levados para a Sede da Pol\u00edcia Federal, em Cabedelo.<\/p>\n","protected":false},"excerpt":{"rendered":"<p>As Pol\u00edcias Militar e Federal desarticularam um laborat\u00f3rio de coca\u00edna que funcionava no Conjunto Novo Mil\u00eanio, na Zona Sul da<\/p>\n","protected":false},"author":12,"featured_media":900098,"comment_status":"closed","ping_status":"closed","sticky":false,"template":"","format":"standard","meta":{"_exactmetrics_skip_tracking":false,"_exactmetrics_sitenote_active":false,"_exactmetrics_sitenote_note":"","_exactmetrics_sitenote_category":0,"footnotes":""},"categories":[4],"tags":[],"yoast_head":"<!-- This site is optimized with the Yoast SEO plugin v22.0 - https:\/\/yoast.com\/wordpress\/plugins\/seo\/ -->\n<title>PM e PF desarticulam esquema de tr\u00e1fico interestadual, fecham laborat\u00f3rio de coca\u00edna e apreendem mais de 10 kg de drogas na Capital - Pol\u00edcia Militar da Para\u00edba<\/title>\n<meta name=\"robots\" content=\"index, follow, max-snippet:-1, max-image-preview:large, max-video-preview:-1\" \/>\n<link rel=\"canonical\" href=\"https:\/\/www.pm.pb.gov.br\/portal\/2019\/03\/01\/pm-e-pf-desarticulam-esquema-de-trafico-interestadual-fecham-laboratorio-de-cocaina-e-apreendem-mais-de-10-kg-de-drogas-na-capital\/\" \/>\n<meta property=\"og:locale\" content=\"pt_BR\" \/>\n<meta property=\"og:type\" content=\"article\" \/>\n<meta property=\"og:title\" content=\"PM e PF desarticulam esquema de tr\u00e1fico interestadual, fecham laborat\u00f3rio de coca\u00edna e apreendem mais de 10 kg de drogas na Capital - Pol\u00edcia Militar da Para\u00edba\" \/>\n<meta property=\"og:description\" content=\"As Pol\u00edcias Militar e Federal desarticularam um laborat\u00f3rio de coca\u00edna que funcionava no Conjunto Novo Mil\u00eanio, na Zona Sul da\" \/>\n<meta property=\"og:url\" content=\"https:\/\/www.pm.pb.gov.br\/portal\/2019\/03\/01\/pm-e-pf-desarticulam-esquema-de-trafico-interestadual-fecham-laboratorio-de-cocaina-e-apreendem-mais-de-10-kg-de-drogas-na-capital\/\" \/>\n<meta property=\"og:site_name\" content=\"Pol\u00edcia Militar da Para\u00edba\" \/>\n<meta property=\"article:published_time\" content=\"2019-03-01T22:20:59+00:00\" \/>\n<meta property=\"article:modified_time\" content=\"2019-03-01T22:27:57+00:00\" \/>\n<meta property=\"og:image\" content=\"https:\/\/www.pm.pb.gov.br\/portal\/wp-content\/uploads\/2019\/03\/WhatsApp-Image-2019-03-01-at-17.38.131.jpeg\" \/>\n\t<meta property=\"og:image:width\" content=\"800\" \/>\n\t<meta property=\"og:image:height\" content=\"445\" \/>\n\t<meta property=\"og:image:type\" content=\"image\/jpeg\" \/>\n<meta name=\"author\" content=\"Tarcisio Oliveira\" \/>\n<meta name=\"twitter:card\" content=\"summary_large_image\" \/>\n<meta name=\"twitter:label1\" content=\"Escrito por\" \/>\n\t<meta name=\"twitter:data1\" content=\"Tarcisio Oliveira\" \/>\n\t<meta name=\"twitter:label2\" content=\"Est. tempo de leitura\" \/>\n\t<meta name=\"twitter:data2\" content=\"2 minutos\" \/>\n<script type=\"application\/ld+json\" class=\"yoast-schema-graph\">{\"@context\":\"https:\/\/schema.org\",\"@graph\":[{\"@type\":\"Article\",\"@id\":\"https:\/\/www.pm.pb.gov.br\/portal\/2019\/03\/01\/pm-e-pf-desarticulam-esquema-de-trafico-interestadual-fecham-laboratorio-de-cocaina-e-apreendem-mais-de-10-kg-de-drogas-na-capital\/#article\",\"isPartOf\":{\"@id\":\"https:\/\/www.pm.pb.gov.br\/portal\/2019\/03\/01\/pm-e-pf-desarticulam-esquema-de-trafico-interestadual-fecham-laboratorio-de-cocaina-e-apreendem-mais-de-10-kg-de-drogas-na-capital\/\"},\"author\":{\"name\":\"Tarcisio Oliveira\",\"@id\":\"https:\/\/www.pm.pb.gov.br\/portal\/#\/schema\/person\/f84f56dcc78ce4357054da888b8247fd\"},\"headline\":\"PM e PF desarticulam esquema de tr\u00e1fico interestadual, fecham laborat\u00f3rio de coca\u00edna e apreendem mais de 10 kg de drogas na Capital\",\"datePublished\":\"2019-03-01T22:20:59+00:00\",\"dateModified\":\"2019-03-01T22:27:57+00:00\",\"mainEntityOfPage\":{\"@id\":\"https:\/\/www.pm.pb.gov.br\/portal\/2019\/03\/01\/pm-e-pf-desarticulam-esquema-de-trafico-interestadual-fecham-laboratorio-de-cocaina-e-apreendem-mais-de-10-kg-de-drogas-na-capital\/\"},\"wordCount\":340,\"publisher\":{\"@id\":\"https:\/\/www.pm.pb.gov.br\/portal\/#organization\"},\"articleSection\":[\"A\u00e7\u00f5es Policiais\"],\"inLanguage\":\"pt-BR\"},{\"@type\":\"WebPage\",\"@id\":\"https:\/\/www.pm.pb.gov.br\/portal\/2019\/03\/01\/pm-e-pf-desarticulam-esquema-de-trafico-interestadual-fecham-laboratorio-de-cocaina-e-apreendem-mais-de-10-kg-de-drogas-na-capital\/\",\"url\":\"https:\/\/www.pm.pb.gov.br\/portal\/2019\/03\/01\/pm-e-pf-desarticulam-esquema-de-trafico-interestadual-fecham-laboratorio-de-cocaina-e-apreendem-mais-de-10-kg-de-drogas-na-capital\/\",\"name\":\"PM e PF desarticulam esquema de tr\u00e1fico interestadual, fecham laborat\u00f3rio de coca\u00edna e apreendem mais de 10 kg de drogas na Capital - Pol\u00edcia Militar da Para\u00edba\",\"isPartOf\":{\"@id\":\"https:\/\/www.pm.pb.gov.br\/portal\/#website\"},\"datePublished\":\"2019-03-01T22:20:59+00:00\",\"dateModified\":\"2019-03-01T22:27:57+00:00\",\"breadcrumb\":{\"@id\":\"https:\/\/www.pm.pb.gov.br\/portal\/2019\/03\/01\/pm-e-pf-desarticulam-esquema-de-trafico-interestadual-fecham-laboratorio-de-cocaina-e-apreendem-mais-de-10-kg-de-drogas-na-capital\/#breadcrumb\"},\"inLanguage\":\"pt-BR\",\"potentialAction\":[{\"@type\":\"ReadAction\",\"target\":[\"https:\/\/www.pm.pb.gov.br\/portal\/2019\/03\/01\/pm-e-pf-desarticulam-esquema-de-trafico-interestadual-fecham-laboratorio-de-cocaina-e-apreendem-mais-de-10-kg-de-drogas-na-capital\/\"]}]},{\"@type\":\"BreadcrumbList\",\"@id\":\"https:\/\/www.pm.pb.gov.br\/portal\/2019\/03\/01\/pm-e-pf-desarticulam-esquema-de-trafico-interestadual-fecham-laboratorio-de-cocaina-e-apreendem-mais-de-10-kg-de-drogas-na-capital\/#breadcrumb\",\"itemListElement\":[{\"@type\":\"ListItem\",\"position\":1,\"name\":\"In\u00edcio\",\"item\":\"https:\/\/www.pm.pb.gov.br\/portal\/\"},{\"@type\":\"ListItem\",\"position\":2,\"name\":\"PM e PF desarticulam esquema de tr\u00e1fico interestadual, fecham laborat\u00f3rio de coca\u00edna e apreendem mais de 10 kg de drogas na Capital\"}]},{\"@type\":\"WebSite\",\"@id\":\"https:\/\/www.pm.pb.gov.br\/portal\/#website\",\"url\":\"https:\/\/www.pm.pb.gov.br\/portal\/\",\"name\":\"Pol\u00edcia Militar da Para\u00edba\",\"description\":\"\",\"publisher\":{\"@id\":\"https:\/\/www.pm.pb.gov.br\/portal\/#organization\"},\"potentialAction\":[{\"@type\":\"SearchAction\",\"target\":{\"@type\":\"EntryPoint\",\"urlTemplate\":\"https:\/\/www.pm.pb.gov.br\/portal\/?s={search_term_string}\"},\"query-input\":\"required name=search_term_string\"}],\"inLanguage\":\"pt-BR\"},{\"@type\":\"Organization\",\"@id\":\"https:\/\/www.pm.pb.gov.br\/portal\/#organization\",\"name\":\"Pol\u00edcia Militar da Para\u00edba\",\"url\":\"https:\/\/www.pm.pb.gov.br\/portal\/\",\"logo\":{\"@type\":\"ImageObject\",\"inLanguage\":\"pt-BR\",\"@id\":\"https:\/\/www.pm.pb.gov.br\/portal\/#\/schema\/logo\/image\/\",\"url\":\"https:\/\/www.pm.pb.gov.br\/portal\/wp-content\/uploads\/2025\/03\/cropped-logo-site-mag2-1.png\",\"contentUrl\":\"https:\/\/www.pm.pb.gov.br\/portal\/wp-content\/uploads\/2025\/03\/cropped-logo-site-mag2-1.png\",\"width\":320,\"height\":90,\"caption\":\"Pol\u00edcia Militar da Para\u00edba\"},\"image\":{\"@id\":\"https:\/\/www.pm.pb.gov.br\/portal\/#\/schema\/logo\/image\/\"}},{\"@type\":\"Person\",\"@id\":\"https:\/\/www.pm.pb.gov.br\/portal\/#\/schema\/person\/f84f56dcc78ce4357054da888b8247fd\",\"name\":\"Tarcisio Oliveira\",\"image\":{\"@type\":\"ImageObject\",\"inLanguage\":\"pt-BR\",\"@id\":\"https:\/\/www.pm.pb.gov.br\/portal\/#\/schema\/person\/image\/\",\"url\":\"https:\/\/secure.gravatar.com\/avatar\/72917b630b69d31cd0297507f34bac97?s=96&d=mm&r=g\",\"contentUrl\":\"https:\/\/secure.gravatar.com\/avatar\/72917b630b69d31cd0297507f34bac97?s=96&d=mm&r=g\",\"caption\":\"Tarcisio Oliveira\"},\"url\":\"https:\/\/www.pm.pb.gov.br\/portal\/author\/tarcisio\/\"}]}<\/script>\n<!-- \/ Yoast SEO plugin. -->","yoast_head_json":{"title":"PM e PF desarticulam esquema de tr\u00e1fico interestadual, fecham laborat\u00f3rio de coca\u00edna e apreendem mais de 10 kg de drogas na Capital - Pol\u00edcia Militar da Para\u00edba","robots":{"index":"index","follow":"follow","max-snippet":"max-snippet:-1","max-image-preview":"max-image-preview:large","max-video-preview":"max-video-preview:-1"},"canonical":"https:\/\/www.pm.pb.gov.br\/portal\/2019\/03\/01\/pm-e-pf-desarticulam-esquema-de-trafico-interestadual-fecham-laboratorio-de-cocaina-e-apreendem-mais-de-10-kg-de-drogas-na-capital\/","og_locale":"pt_BR","og_type":"article","og_title":"PM e PF desarticulam esquema de tr\u00e1fico interestadual, fecham laborat\u00f3rio de coca\u00edna e apreendem mais de 10 kg de drogas na Capital - Pol\u00edcia Militar da Para\u00edba","og_description":"As Pol\u00edcias Militar e Federal desarticularam um laborat\u00f3rio de coca\u00edna que funcionava no Conjunto Novo Mil\u00eanio, na Zona Sul da","og_url":"https:\/\/www.pm.pb.gov.br\/portal\/2019\/03\/01\/pm-e-pf-desarticulam-esquema-de-trafico-interestadual-fecham-laboratorio-de-cocaina-e-apreendem-mais-de-10-kg-de-drogas-na-capital\/","og_site_name":"Pol\u00edcia Militar da Para\u00edba","article_published_time":"2019-03-01T22:20:59+00:00","article_modified_time":"2019-03-01T22:27:57+00:00","og_image":[{"width":800,"height":445,"url":"https:\/\/www.pm.pb.gov.br\/portal\/wp-content\/uploads\/2019\/03\/WhatsApp-Image-2019-03-01-at-17.38.131.jpeg","type":"image\/jpeg"}],"author":"Tarcisio Oliveira","twitter_card":"summary_large_image","twitter_misc":{"Escrito por":"Tarcisio Oliveira","Est. tempo de leitura":"2 minutos"},"schema":{"@context":"https:\/\/schema.org","@graph":[{"@type":"Article","@id":"https:\/\/www.pm.pb.gov.br\/portal\/2019\/03\/01\/pm-e-pf-desarticulam-esquema-de-trafico-interestadual-fecham-laboratorio-de-cocaina-e-apreendem-mais-de-10-kg-de-drogas-na-capital\/#article","isPartOf":{"@id":"https:\/\/www.pm.pb.gov.br\/portal\/2019\/03\/01\/pm-e-pf-desarticulam-esquema-de-trafico-interestadual-fecham-laboratorio-de-cocaina-e-apreendem-mais-de-10-kg-de-drogas-na-capital\/"},"author":{"name":"Tarcisio Oliveira","@id":"https:\/\/www.pm.pb.gov.br\/portal\/#\/schema\/person\/f84f56dcc78ce4357054da888b8247fd"},"headline":"PM e PF desarticulam esquema de tr\u00e1fico interestadual, fecham laborat\u00f3rio de coca\u00edna e apreendem mais de 10 kg de drogas na Capital","datePublished":"2019-03-01T22:20:59+00:00","dateModified":"2019-03-01T22:27:57+00:00","mainEntityOfPage":{"@id":"https:\/\/www.pm.pb.gov.br\/portal\/2019\/03\/01\/pm-e-pf-desarticulam-esquema-de-trafico-interestadual-fecham-laboratorio-de-cocaina-e-apreendem-mais-de-10-kg-de-drogas-na-capital\/"},"wordCount":340,"publisher":{"@id":"https:\/\/www.pm.pb.gov.br\/portal\/#organization"},"articleSection":["A\u00e7\u00f5es Policiais"],"inLanguage":"pt-BR"},{"@type":"WebPage","@id":"https:\/\/www.pm.pb.gov.br\/portal\/2019\/03\/01\/pm-e-pf-desarticulam-esquema-de-trafico-interestadual-fecham-laboratorio-de-cocaina-e-apreendem-mais-de-10-kg-de-drogas-na-capital\/","url":"https:\/\/www.pm.pb.gov.br\/portal\/2019\/03\/01\/pm-e-pf-desarticulam-esquema-de-trafico-interestadual-fecham-laboratorio-de-cocaina-e-apreendem-mais-de-10-kg-de-drogas-na-capital\/","name":"PM e PF desarticulam esquema de tr\u00e1fico interestadual, fecham laborat\u00f3rio de coca\u00edna e apreendem mais de 10 kg de drogas na Capital - Pol\u00edcia Militar da Para\u00edba","isPartOf":{"@id":"https:\/\/www.pm.pb.gov.br\/portal\/#website"},"datePublished":"2019-03-01T22:20:59+00:00","dateModified":"2019-03-01T22:27:57+00:00","breadcrumb":{"@id":"https:\/\/www.pm.pb.gov.br\/portal\/2019\/03\/01\/pm-e-pf-desarticulam-esquema-de-trafico-interestadual-fecham-laboratorio-de-cocaina-e-apreendem-mais-de-10-kg-de-drogas-na-capital\/#breadcrumb"},"inLanguage":"pt-BR","potentialAction":[{"@type":"ReadAction","target":["https:\/\/www.pm.pb.gov.br\/portal\/2019\/03\/01\/pm-e-pf-desarticulam-esquema-de-trafico-interestadual-fecham-laboratorio-de-cocaina-e-apreendem-mais-de-10-kg-de-drogas-na-capital\/"]}]},{"@type":"BreadcrumbList","@id":"https:\/\/www.pm.pb.gov.br\/portal\/2019\/03\/01\/pm-e-pf-desarticulam-esquema-de-trafico-interestadual-fecham-laboratorio-de-cocaina-e-apreendem-mais-de-10-kg-de-drogas-na-capital\/#breadcrumb","itemListElement":[{"@type":"ListItem","position":1,"name":"In\u00edcio","item":"https:\/\/www.pm.pb.gov.br\/portal\/"},{"@type":"ListItem","position":2,"name":"PM e PF desarticulam esquema de tr\u00e1fico interestadual, fecham laborat\u00f3rio de coca\u00edna e apreendem mais de 10 kg de drogas na Capital"}]},{"@type":"WebSite","@id":"https:\/\/www.pm.pb.gov.br\/portal\/#website","url":"https:\/\/www.pm.pb.gov.br\/portal\/","name":"Pol\u00edcia Militar da Para\u00edba","description":"","publisher":{"@id":"https:\/\/www.pm.pb.gov.br\/portal\/#organization"},"potentialAction":[{"@type":"SearchAction","target":{"@type":"EntryPoint","urlTemplate":"https:\/\/www.pm.pb.gov.br\/portal\/?s={search_term_string}"},"query-input":"required name=search_term_string"}],"inLanguage":"pt-BR"},{"@type":"Organization","@id":"https:\/\/www.pm.pb.gov.br\/portal\/#organization","name":"Pol\u00edcia Militar da Para\u00edba","url":"https:\/\/www.pm.pb.gov.br\/portal\/","logo":{"@type":"ImageObject","inLanguage":"pt-BR","@id":"https:\/\/www.pm.pb.gov.br\/portal\/#\/schema\/logo\/image\/","url":"https:\/\/www.pm.pb.gov.br\/portal\/wp-content\/uploads\/2025\/03\/cropped-logo-site-mag2-1.png","contentUrl":"https:\/\/www.pm.pb.gov.br\/portal\/wp-content\/uploads\/2025\/03\/cropped-logo-site-mag2-1.png","width":320,"height":90,"caption":"Pol\u00edcia Militar da Para\u00edba"},"image":{"@id":"https:\/\/www.pm.pb.gov.br\/portal\/#\/schema\/logo\/image\/"}},{"@type":"Person","@id":"https:\/\/www.pm.pb.gov.br\/portal\/#\/schema\/person\/f84f56dcc78ce4357054da888b8247fd","name":"Tarcisio Oliveira","image":{"@type":"ImageObject","inLanguage":"pt-BR","@id":"https:\/\/www.pm.pb.gov.br\/portal\/#\/schema\/person\/image\/","url":"https:\/\/secure.gravatar.com\/avatar\/72917b630b69d31cd0297507f34bac97?s=96&d=mm&r=g","contentUrl":"https:\/\/secure.gravatar.com\/avatar\/72917b630b69d31cd0297507f34bac97?s=96&d=mm&r=g","caption":"Tarcisio Oliveira"},"url":"https:\/\/www.pm.pb.gov.br\/portal\/author\/tarcisio\/"}]}},"_links":{"self":[{"href":"https:\/\/www.pm.pb.gov.br\/portal\/wp-json\/wp\/v2\/posts\/900097"}],"collection":[{"href":"https:\/\/www.pm.pb.gov.br\/portal\/wp-json\/wp\/v2\/posts"}],"about":[{"href":"https:\/\/www.pm.pb.gov.br\/portal\/wp-json\/wp\/v2\/types\/post"}],"author":[{"embeddable":true,"href":"https:\/\/www.pm.pb.gov.br\/portal\/wp-json\/wp\/v2\/users\/12"}],"replies":[{"embeddable":true,"href":"https:\/\/www.pm.pb.gov.br\/portal\/wp-json\/wp\/v2\/comments?post=900097"}],"version-history":[{"count":1,"href":"https:\/\/www.pm.pb.gov.br\/portal\/wp-json\/wp\/v2\/posts\/900097\/revisions"}],"predecessor-version":[{"id":900100,"href":"https:\/\/www.pm.pb.gov.br\/portal\/wp-json\/wp\/v2\/posts\/900097\/revisions\/900100"}],"wp:featuredmedia":[{"embeddable":true,"href":"https:\/\/www.pm.pb.gov.br\/portal\/wp-json\/wp\/v2\/media\/900098"}],"wp:attachment":[{"href":"https:\/\/www.pm.pb.gov.br\/portal\/wp-json\/wp\/v2\/media?parent=900097"}],"wp:term":[{"taxonomy":"category","embeddable":true,"href":"https:\/\/www.pm.pb.gov.br\/portal\/wp-json\/wp\/v2\/categories?post=900097"},{"taxonomy":"post_tag","embeddable":true,"href":"https:\/\/www.pm.pb.gov.br\/portal\/wp-json\/wp\/v2\/tags?post=900097"}],"curies":[{"name":"wp","href":"https:\/\/api.w.org\/{rel}","templated":true}]}}