{"id":899986,"date":"2019-02-14T11:41:02","date_gmt":"2019-02-14T14:41:02","guid":{"rendered":"http:\/\/www.pm.pb.gov.br\/portal\/?p=899986"},"modified":"2019-02-14T16:46:46","modified_gmt":"2019-02-14T19:46:46","slug":"dupla-suspeita-de-assaltos-e-detida-apos-perseguicao-e-troca-de-tiros-em-joao-pessoa","status":"publish","type":"post","link":"https:\/\/www.pm.pb.gov.br\/portal\/2019\/02\/14\/dupla-suspeita-de-assaltos-e-detida-apos-perseguicao-e-troca-de-tiros-em-joao-pessoa\/","title":{"rendered":"Dupla suspeita de assaltos \u00e9 detida ap\u00f3s persegui\u00e7\u00e3o e troca de tiros em Jo\u00e3o Pessoa"},"content":{"rendered":"\n<p>A Pol\u00edcia Militar interceptou a fuga de dois suspeitos que estavam praticando assaltos na noite dessa quarta-feira (13), no bairro do Grot\u00e3o, na Capital, ap\u00f3s uma persegui\u00e7\u00e3o de mais de 3 km. Os suspeitos chegaram a atirar contra a viatura do 5\u00ba Batalh\u00e3o, tendo in\u00edcio uma troca de tiros que acabou com os dois detidos em flagrante.<\/p>\n\n\n\n<p>Um deles, de 23 anos,\nfoi preso perto da feira do Grot\u00e3o, pilotando a moto usada nos crimes, que\ntinha registro de roubo no estado de Pernambuco. O segundo suspeito, de 16\nanos, que na troca de tiros foi atingido nas n\u00e1degas, ainda conseguiu fugir,\nmas foi detido ap\u00f3s um cerco, no bairro dos Funcion\u00e1rios IV. <\/p>\n\n\n\n<p>Com a dupla, a PM\napreendeu uma pistola, dois carregadores, muni\u00e7\u00f5es (intactas e deflagradas) e\nrecuperou dois celulares. Eles s\u00e3o suspeitos tamb\u00e9m de outros roubos que\naconteceram nos \u00faltimos dias, nos bairros da regi\u00e3o.<\/p>\n\n\n\n<p>Os dois foram levados\nat\u00e9 um hospital, em Mangabeira, e em seguida encaminhados \u00e0 Central de Pol\u00edcia\nCivil, no Geisel.<\/p>\n","protected":false},"excerpt":{"rendered":"<p>A Pol\u00edcia Militar interceptou a fuga de dois suspeitos que estavam praticando assaltos na noite dessa quarta-feira (13), no bairro<\/p>\n","protected":false},"author":12,"featured_media":895708,"comment_status":"closed","ping_status":"closed","sticky":false,"template":"","format":"standard","meta":{"_exactmetrics_skip_tracking":false,"_exactmetrics_sitenote_active":false,"_exactmetrics_sitenote_note":"","_exactmetrics_sitenote_category":0,"footnotes":""},"categories":[4],"tags":[],"yoast_head":"<!-- This site is optimized with the Yoast SEO plugin v22.0 - https:\/\/yoast.com\/wordpress\/plugins\/seo\/ -->\n<title>Dupla suspeita de assaltos \u00e9 detida ap\u00f3s persegui\u00e7\u00e3o e troca de tiros em Jo\u00e3o Pessoa - Pol\u00edcia Militar da Para\u00edba<\/title>\n<meta name=\"robots\" content=\"index, follow, max-snippet:-1, max-image-preview:large, max-video-preview:-1\" \/>\n<link rel=\"canonical\" href=\"https:\/\/www.pm.pb.gov.br\/portal\/2019\/02\/14\/dupla-suspeita-de-assaltos-e-detida-apos-perseguicao-e-troca-de-tiros-em-joao-pessoa\/\" \/>\n<meta property=\"og:locale\" content=\"pt_BR\" \/>\n<meta property=\"og:type\" content=\"article\" \/>\n<meta property=\"og:title\" content=\"Dupla suspeita de assaltos \u00e9 detida ap\u00f3s persegui\u00e7\u00e3o e troca de tiros em Jo\u00e3o Pessoa - Pol\u00edcia Militar da Para\u00edba\" \/>\n<meta property=\"og:description\" content=\"A Pol\u00edcia Militar interceptou a fuga de dois suspeitos que estavam praticando assaltos na noite dessa quarta-feira (13), no bairro\" \/>\n<meta property=\"og:url\" content=\"https:\/\/www.pm.pb.gov.br\/portal\/2019\/02\/14\/dupla-suspeita-de-assaltos-e-detida-apos-perseguicao-e-troca-de-tiros-em-joao-pessoa\/\" \/>\n<meta property=\"og:site_name\" content=\"Pol\u00edcia Militar da Para\u00edba\" \/>\n<meta property=\"article:published_time\" content=\"2019-02-14T14:41:02+00:00\" \/>\n<meta property=\"article:modified_time\" content=\"2019-02-14T19:46:46+00:00\" \/>\n<meta property=\"og:image\" content=\"https:\/\/www.pm.pb.gov.br\/portal\/wp-content\/uploads\/2017\/10\/Imagems-Ilustrativa-Site-Novo.jpg\" \/>\n\t<meta property=\"og:image:width\" content=\"800\" \/>\n\t<meta property=\"og:image:height\" content=\"445\" \/>\n\t<meta property=\"og:image:type\" content=\"image\/jpeg\" \/>\n<meta name=\"author\" content=\"Tarcisio Oliveira\" \/>\n<meta name=\"twitter:card\" content=\"summary_large_image\" \/>\n<meta name=\"twitter:label1\" content=\"Escrito por\" \/>\n\t<meta name=\"twitter:data1\" content=\"Tarcisio Oliveira\" \/>\n\t<meta name=\"twitter:label2\" content=\"Est. tempo de leitura\" \/>\n\t<meta name=\"twitter:data2\" content=\"1 minuto\" \/>\n<script type=\"application\/ld+json\" class=\"yoast-schema-graph\">{\"@context\":\"https:\/\/schema.org\",\"@graph\":[{\"@type\":\"Article\",\"@id\":\"https:\/\/www.pm.pb.gov.br\/portal\/2019\/02\/14\/dupla-suspeita-de-assaltos-e-detida-apos-perseguicao-e-troca-de-tiros-em-joao-pessoa\/#article\",\"isPartOf\":{\"@id\":\"https:\/\/www.pm.pb.gov.br\/portal\/2019\/02\/14\/dupla-suspeita-de-assaltos-e-detida-apos-perseguicao-e-troca-de-tiros-em-joao-pessoa\/\"},\"author\":{\"name\":\"Tarcisio Oliveira\",\"@id\":\"https:\/\/www.pm.pb.gov.br\/portal\/#\/schema\/person\/f84f56dcc78ce4357054da888b8247fd\"},\"headline\":\"Dupla suspeita de assaltos \u00e9 detida ap\u00f3s persegui\u00e7\u00e3o e troca de tiros em Jo\u00e3o Pessoa\",\"datePublished\":\"2019-02-14T14:41:02+00:00\",\"dateModified\":\"2019-02-14T19:46:46+00:00\",\"mainEntityOfPage\":{\"@id\":\"https:\/\/www.pm.pb.gov.br\/portal\/2019\/02\/14\/dupla-suspeita-de-assaltos-e-detida-apos-perseguicao-e-troca-de-tiros-em-joao-pessoa\/\"},\"wordCount\":193,\"publisher\":{\"@id\":\"https:\/\/www.pm.pb.gov.br\/portal\/#organization\"},\"articleSection\":[\"A\u00e7\u00f5es Policiais\"],\"inLanguage\":\"pt-BR\"},{\"@type\":\"WebPage\",\"@id\":\"https:\/\/www.pm.pb.gov.br\/portal\/2019\/02\/14\/dupla-suspeita-de-assaltos-e-detida-apos-perseguicao-e-troca-de-tiros-em-joao-pessoa\/\",\"url\":\"https:\/\/www.pm.pb.gov.br\/portal\/2019\/02\/14\/dupla-suspeita-de-assaltos-e-detida-apos-perseguicao-e-troca-de-tiros-em-joao-pessoa\/\",\"name\":\"Dupla suspeita de assaltos \u00e9 detida ap\u00f3s persegui\u00e7\u00e3o e troca de tiros em Jo\u00e3o Pessoa - Pol\u00edcia Militar da Para\u00edba\",\"isPartOf\":{\"@id\":\"https:\/\/www.pm.pb.gov.br\/portal\/#website\"},\"datePublished\":\"2019-02-14T14:41:02+00:00\",\"dateModified\":\"2019-02-14T19:46:46+00:00\",\"breadcrumb\":{\"@id\":\"https:\/\/www.pm.pb.gov.br\/portal\/2019\/02\/14\/dupla-suspeita-de-assaltos-e-detida-apos-perseguicao-e-troca-de-tiros-em-joao-pessoa\/#breadcrumb\"},\"inLanguage\":\"pt-BR\",\"potentialAction\":[{\"@type\":\"ReadAction\",\"target\":[\"https:\/\/www.pm.pb.gov.br\/portal\/2019\/02\/14\/dupla-suspeita-de-assaltos-e-detida-apos-perseguicao-e-troca-de-tiros-em-joao-pessoa\/\"]}]},{\"@type\":\"BreadcrumbList\",\"@id\":\"https:\/\/www.pm.pb.gov.br\/portal\/2019\/02\/14\/dupla-suspeita-de-assaltos-e-detida-apos-perseguicao-e-troca-de-tiros-em-joao-pessoa\/#breadcrumb\",\"itemListElement\":[{\"@type\":\"ListItem\",\"position\":1,\"name\":\"In\u00edcio\",\"item\":\"https:\/\/www.pm.pb.gov.br\/portal\/\"},{\"@type\":\"ListItem\",\"position\":2,\"name\":\"Dupla suspeita de assaltos \u00e9 detida ap\u00f3s persegui\u00e7\u00e3o e troca de tiros em Jo\u00e3o Pessoa\"}]},{\"@type\":\"WebSite\",\"@id\":\"https:\/\/www.pm.pb.gov.br\/portal\/#website\",\"url\":\"https:\/\/www.pm.pb.gov.br\/portal\/\",\"name\":\"Pol\u00edcia Militar da Para\u00edba\",\"description\":\"\",\"publisher\":{\"@id\":\"https:\/\/www.pm.pb.gov.br\/portal\/#organization\"},\"potentialAction\":[{\"@type\":\"SearchAction\",\"target\":{\"@type\":\"EntryPoint\",\"urlTemplate\":\"https:\/\/www.pm.pb.gov.br\/portal\/?s={search_term_string}\"},\"query-input\":\"required name=search_term_string\"}],\"inLanguage\":\"pt-BR\"},{\"@type\":\"Organization\",\"@id\":\"https:\/\/www.pm.pb.gov.br\/portal\/#organization\",\"name\":\"Pol\u00edcia Militar da Para\u00edba\",\"url\":\"https:\/\/www.pm.pb.gov.br\/portal\/\",\"logo\":{\"@type\":\"ImageObject\",\"inLanguage\":\"pt-BR\",\"@id\":\"https:\/\/www.pm.pb.gov.br\/portal\/#\/schema\/logo\/image\/\",\"url\":\"https:\/\/www.pm.pb.gov.br\/portal\/wp-content\/uploads\/2025\/03\/cropped-logo-site-mag2-1.png\",\"contentUrl\":\"https:\/\/www.pm.pb.gov.br\/portal\/wp-content\/uploads\/2025\/03\/cropped-logo-site-mag2-1.png\",\"width\":320,\"height\":90,\"caption\":\"Pol\u00edcia Militar da Para\u00edba\"},\"image\":{\"@id\":\"https:\/\/www.pm.pb.gov.br\/portal\/#\/schema\/logo\/image\/\"}},{\"@type\":\"Person\",\"@id\":\"https:\/\/www.pm.pb.gov.br\/portal\/#\/schema\/person\/f84f56dcc78ce4357054da888b8247fd\",\"name\":\"Tarcisio Oliveira\",\"image\":{\"@type\":\"ImageObject\",\"inLanguage\":\"pt-BR\",\"@id\":\"https:\/\/www.pm.pb.gov.br\/portal\/#\/schema\/person\/image\/\",\"url\":\"https:\/\/secure.gravatar.com\/avatar\/72917b630b69d31cd0297507f34bac97?s=96&d=mm&r=g\",\"contentUrl\":\"https:\/\/secure.gravatar.com\/avatar\/72917b630b69d31cd0297507f34bac97?s=96&d=mm&r=g\",\"caption\":\"Tarcisio Oliveira\"},\"url\":\"https:\/\/www.pm.pb.gov.br\/portal\/author\/tarcisio\/\"}]}<\/script>\n<!-- \/ Yoast SEO plugin. -->","yoast_head_json":{"title":"Dupla suspeita de assaltos \u00e9 detida ap\u00f3s persegui\u00e7\u00e3o e troca de tiros em Jo\u00e3o Pessoa - Pol\u00edcia Militar da Para\u00edba","robots":{"index":"index","follow":"follow","max-snippet":"max-snippet:-1","max-image-preview":"max-image-preview:large","max-video-preview":"max-video-preview:-1"},"canonical":"https:\/\/www.pm.pb.gov.br\/portal\/2019\/02\/14\/dupla-suspeita-de-assaltos-e-detida-apos-perseguicao-e-troca-de-tiros-em-joao-pessoa\/","og_locale":"pt_BR","og_type":"article","og_title":"Dupla suspeita de assaltos \u00e9 detida ap\u00f3s persegui\u00e7\u00e3o e troca de tiros em Jo\u00e3o Pessoa - Pol\u00edcia Militar da Para\u00edba","og_description":"A Pol\u00edcia Militar interceptou a fuga de dois suspeitos que estavam praticando assaltos na noite dessa quarta-feira (13), no bairro","og_url":"https:\/\/www.pm.pb.gov.br\/portal\/2019\/02\/14\/dupla-suspeita-de-assaltos-e-detida-apos-perseguicao-e-troca-de-tiros-em-joao-pessoa\/","og_site_name":"Pol\u00edcia Militar da Para\u00edba","article_published_time":"2019-02-14T14:41:02+00:00","article_modified_time":"2019-02-14T19:46:46+00:00","og_image":[{"width":800,"height":445,"url":"https:\/\/www.pm.pb.gov.br\/portal\/wp-content\/uploads\/2017\/10\/Imagems-Ilustrativa-Site-Novo.jpg","type":"image\/jpeg"}],"author":"Tarcisio Oliveira","twitter_card":"summary_large_image","twitter_misc":{"Escrito por":"Tarcisio Oliveira","Est. tempo de leitura":"1 minuto"},"schema":{"@context":"https:\/\/schema.org","@graph":[{"@type":"Article","@id":"https:\/\/www.pm.pb.gov.br\/portal\/2019\/02\/14\/dupla-suspeita-de-assaltos-e-detida-apos-perseguicao-e-troca-de-tiros-em-joao-pessoa\/#article","isPartOf":{"@id":"https:\/\/www.pm.pb.gov.br\/portal\/2019\/02\/14\/dupla-suspeita-de-assaltos-e-detida-apos-perseguicao-e-troca-de-tiros-em-joao-pessoa\/"},"author":{"name":"Tarcisio Oliveira","@id":"https:\/\/www.pm.pb.gov.br\/portal\/#\/schema\/person\/f84f56dcc78ce4357054da888b8247fd"},"headline":"Dupla suspeita de assaltos \u00e9 detida ap\u00f3s persegui\u00e7\u00e3o e troca de tiros em Jo\u00e3o Pessoa","datePublished":"2019-02-14T14:41:02+00:00","dateModified":"2019-02-14T19:46:46+00:00","mainEntityOfPage":{"@id":"https:\/\/www.pm.pb.gov.br\/portal\/2019\/02\/14\/dupla-suspeita-de-assaltos-e-detida-apos-perseguicao-e-troca-de-tiros-em-joao-pessoa\/"},"wordCount":193,"publisher":{"@id":"https:\/\/www.pm.pb.gov.br\/portal\/#organization"},"articleSection":["A\u00e7\u00f5es Policiais"],"inLanguage":"pt-BR"},{"@type":"WebPage","@id":"https:\/\/www.pm.pb.gov.br\/portal\/2019\/02\/14\/dupla-suspeita-de-assaltos-e-detida-apos-perseguicao-e-troca-de-tiros-em-joao-pessoa\/","url":"https:\/\/www.pm.pb.gov.br\/portal\/2019\/02\/14\/dupla-suspeita-de-assaltos-e-detida-apos-perseguicao-e-troca-de-tiros-em-joao-pessoa\/","name":"Dupla suspeita de assaltos \u00e9 detida ap\u00f3s persegui\u00e7\u00e3o e troca de tiros em Jo\u00e3o Pessoa - Pol\u00edcia Militar da Para\u00edba","isPartOf":{"@id":"https:\/\/www.pm.pb.gov.br\/portal\/#website"},"datePublished":"2019-02-14T14:41:02+00:00","dateModified":"2019-02-14T19:46:46+00:00","breadcrumb":{"@id":"https:\/\/www.pm.pb.gov.br\/portal\/2019\/02\/14\/dupla-suspeita-de-assaltos-e-detida-apos-perseguicao-e-troca-de-tiros-em-joao-pessoa\/#breadcrumb"},"inLanguage":"pt-BR","potentialAction":[{"@type":"ReadAction","target":["https:\/\/www.pm.pb.gov.br\/portal\/2019\/02\/14\/dupla-suspeita-de-assaltos-e-detida-apos-perseguicao-e-troca-de-tiros-em-joao-pessoa\/"]}]},{"@type":"BreadcrumbList","@id":"https:\/\/www.pm.pb.gov.br\/portal\/2019\/02\/14\/dupla-suspeita-de-assaltos-e-detida-apos-perseguicao-e-troca-de-tiros-em-joao-pessoa\/#breadcrumb","itemListElement":[{"@type":"ListItem","position":1,"name":"In\u00edcio","item":"https:\/\/www.pm.pb.gov.br\/portal\/"},{"@type":"ListItem","position":2,"name":"Dupla suspeita de assaltos \u00e9 detida ap\u00f3s persegui\u00e7\u00e3o e troca de tiros em Jo\u00e3o Pessoa"}]},{"@type":"WebSite","@id":"https:\/\/www.pm.pb.gov.br\/portal\/#website","url":"https:\/\/www.pm.pb.gov.br\/portal\/","name":"Pol\u00edcia Militar da Para\u00edba","description":"","publisher":{"@id":"https:\/\/www.pm.pb.gov.br\/portal\/#organization"},"potentialAction":[{"@type":"SearchAction","target":{"@type":"EntryPoint","urlTemplate":"https:\/\/www.pm.pb.gov.br\/portal\/?s={search_term_string}"},"query-input":"required name=search_term_string"}],"inLanguage":"pt-BR"},{"@type":"Organization","@id":"https:\/\/www.pm.pb.gov.br\/portal\/#organization","name":"Pol\u00edcia Militar da Para\u00edba","url":"https:\/\/www.pm.pb.gov.br\/portal\/","logo":{"@type":"ImageObject","inLanguage":"pt-BR","@id":"https:\/\/www.pm.pb.gov.br\/portal\/#\/schema\/logo\/image\/","url":"https:\/\/www.pm.pb.gov.br\/portal\/wp-content\/uploads\/2025\/03\/cropped-logo-site-mag2-1.png","contentUrl":"https:\/\/www.pm.pb.gov.br\/portal\/wp-content\/uploads\/2025\/03\/cropped-logo-site-mag2-1.png","width":320,"height":90,"caption":"Pol\u00edcia Militar da Para\u00edba"},"image":{"@id":"https:\/\/www.pm.pb.gov.br\/portal\/#\/schema\/logo\/image\/"}},{"@type":"Person","@id":"https:\/\/www.pm.pb.gov.br\/portal\/#\/schema\/person\/f84f56dcc78ce4357054da888b8247fd","name":"Tarcisio Oliveira","image":{"@type":"ImageObject","inLanguage":"pt-BR","@id":"https:\/\/www.pm.pb.gov.br\/portal\/#\/schema\/person\/image\/","url":"https:\/\/secure.gravatar.com\/avatar\/72917b630b69d31cd0297507f34bac97?s=96&d=mm&r=g","contentUrl":"https:\/\/secure.gravatar.com\/avatar\/72917b630b69d31cd0297507f34bac97?s=96&d=mm&r=g","caption":"Tarcisio Oliveira"},"url":"https:\/\/www.pm.pb.gov.br\/portal\/author\/tarcisio\/"}]}},"_links":{"self":[{"href":"https:\/\/www.pm.pb.gov.br\/portal\/wp-json\/wp\/v2\/posts\/899986"}],"collection":[{"href":"https:\/\/www.pm.pb.gov.br\/portal\/wp-json\/wp\/v2\/posts"}],"about":[{"href":"https:\/\/www.pm.pb.gov.br\/portal\/wp-json\/wp\/v2\/types\/post"}],"author":[{"embeddable":true,"href":"https:\/\/www.pm.pb.gov.br\/portal\/wp-json\/wp\/v2\/users\/12"}],"replies":[{"embeddable":true,"href":"https:\/\/www.pm.pb.gov.br\/portal\/wp-json\/wp\/v2\/comments?post=899986"}],"version-history":[{"count":1,"href":"https:\/\/www.pm.pb.gov.br\/portal\/wp-json\/wp\/v2\/posts\/899986\/revisions"}],"predecessor-version":[{"id":899987,"href":"https:\/\/www.pm.pb.gov.br\/portal\/wp-json\/wp\/v2\/posts\/899986\/revisions\/899987"}],"wp:featuredmedia":[{"embeddable":true,"href":"https:\/\/www.pm.pb.gov.br\/portal\/wp-json\/wp\/v2\/media\/895708"}],"wp:attachment":[{"href":"https:\/\/www.pm.pb.gov.br\/portal\/wp-json\/wp\/v2\/media?parent=899986"}],"wp:term":[{"taxonomy":"category","embeddable":true,"href":"https:\/\/www.pm.pb.gov.br\/portal\/wp-json\/wp\/v2\/categories?post=899986"},{"taxonomy":"post_tag","embeddable":true,"href":"https:\/\/www.pm.pb.gov.br\/portal\/wp-json\/wp\/v2\/tags?post=899986"}],"curies":[{"name":"wp","href":"https:\/\/api.w.org\/{rel}","templated":true}]}}