{"id":899983,"date":"2019-02-14T16:37:41","date_gmt":"2019-02-14T19:37:41","guid":{"rendered":"http:\/\/www.pm.pb.gov.br\/portal\/?p=899983"},"modified":"2019-02-14T16:37:43","modified_gmt":"2019-02-14T19:37:43","slug":"policia-militar-prende-suspeitos-de-ataque-ao-banco-do-brasil-de-sao-joao-do-rio-do-peixe","status":"publish","type":"post","link":"https:\/\/www.pm.pb.gov.br\/portal\/2019\/02\/14\/policia-militar-prende-suspeitos-de-ataque-ao-banco-do-brasil-de-sao-joao-do-rio-do-peixe\/","title":{"rendered":"Pol\u00edcia Militar prende suspeitos de ataque ao Banco do Brasil de S\u00e3o Jo\u00e3o do Rio do Peixe"},"content":{"rendered":"\n<p>A Pol\u00edcia Militar prendeu, na noite dessa quarta-feira (13), oito integrantes da quadrilha suspeita de explodir o Banco do Brasil de S\u00e3o Jo\u00e3o do Rio do Peixe, na madrugada da \u00faltima ter\u00e7a (12), no Sert\u00e3o da Para\u00edba. Eles foram presos em um s\u00edtio, entre as cidades de Santa Cruz e S\u00e3o Francisco, onde a PM apreendeu sete motos, um carro, mais de R$ 2,5 mil e uma pistola calibre 9 mil\u00edmetros (foto abaixo) &#8211; que teria sido usada na a\u00e7\u00e3o, j\u00e1 que estojos de mesmo calibre foram encontrados no local do crime<\/p>\n\n\n\n<figure class=\"wp-block-image\"><img loading=\"lazy\" decoding=\"async\" width=\"1012\" height=\"570\" src=\"http:\/\/www.pm.pb.gov.br\/portal\/wp-content\/uploads\/2019\/02\/Ataque-BB2-1012x570.jpg\" alt=\"\" class=\"wp-image-899984\" srcset=\"https:\/\/www.pm.pb.gov.br\/portal\/wp-content\/uploads\/2019\/02\/Ataque-BB2-1012x570.jpg 1012w, https:\/\/www.pm.pb.gov.br\/portal\/wp-content\/uploads\/2019\/02\/Ataque-BB2-790x445.jpg 790w, https:\/\/www.pm.pb.gov.br\/portal\/wp-content\/uploads\/2019\/02\/Ataque-BB2-768x432.jpg 768w, https:\/\/www.pm.pb.gov.br\/portal\/wp-content\/uploads\/2019\/02\/Ataque-BB2.jpg 1032w\" sizes=\"(max-width: 1012px) 100vw, 1012px\" \/><\/figure>\n\n\n\n<p>De acordo com o tenente Thiago Feitosa, do 14\u00ba Batalh\u00e3o, o bando j\u00e1 vinha sendo procurando pela PM. \u201cJ\u00e1 t\u00ednhamos informa\u00e7\u00f5es sobre esse grupo, que teria atua\u00e7\u00e3o criminosa n\u00e3o s\u00f3 na Para\u00edba, mas tamb\u00e9m no Rio Grande do Norte, e depois da explos\u00e3o ao banco de S\u00e3o Jo\u00e3o do Rio do Peixe, foi montada essa opera\u00e7\u00e3o que conseguiu chegar ao local exato onde eles estavam escondidos\u201d,disse.<\/p>\n\n\n\n<p>O s\u00edtio onde os suspeitos estavam ficava em um local de dif\u00edcil acesso.\nEles estavam bebendo, possivelmente em comemora\u00e7\u00e3o ao crime, quando foram\ncercados pelos policiais militares. A opera\u00e7\u00e3o contou com equipes do Batalh\u00e3o\nde Opera\u00e7\u00f5es Especiais (Bope), Ronda Ostensiva T\u00e1tica com Apoio de Motocicletas\n(Rotam) e For\u00e7a T\u00e1tica do 14\u00ba Batalh\u00e3o, al\u00e9m do 12\u00ba Batalh\u00e3o.<\/p>\n\n\n\n<p>Os presos, com idades entre 28 e 55 anos, s\u00e3o todos paraibanos. Eles foram levados com o material apreendido para a Delegacia de Pol\u00edcia Civil, em Sousa. Tr\u00eas deles j\u00e1 tinham passagens pela pol\u00edcia por homic\u00eddio, porte ilegal de arma e les\u00e3o corporal.<\/p>\n\n\n\n<p><strong>Pris\u00f5es de suspeitos de ataques a bancos<\/strong> &#8211; A Pol\u00edcia Militar prendeu 107 suspeitos de a\u00e7\u00f5es contra bancos na Para\u00edba, no ano de 2018, com a apreens\u00e3o de mais de 70 armas e v\u00e1rios explosivos usados pelos criminosos nos crimes.<\/p>\n","protected":false},"excerpt":{"rendered":"<p>A Pol\u00edcia Militar prendeu, na noite dessa quarta-feira (13), oito integrantes da quadrilha suspeita de explodir o Banco do Brasil<\/p>\n","protected":false},"author":12,"featured_media":899721,"comment_status":"closed","ping_status":"closed","sticky":false,"template":"","format":"standard","meta":{"_exactmetrics_skip_tracking":false,"_exactmetrics_sitenote_active":false,"_exactmetrics_sitenote_note":"","_exactmetrics_sitenote_category":0,"footnotes":""},"categories":[4],"tags":[],"yoast_head":"<!-- This site is optimized with the Yoast SEO plugin v22.0 - https:\/\/yoast.com\/wordpress\/plugins\/seo\/ -->\n<title>Pol\u00edcia Militar prende suspeitos de ataque ao Banco do Brasil de S\u00e3o Jo\u00e3o do Rio do Peixe - Pol\u00edcia Militar da Para\u00edba<\/title>\n<meta name=\"robots\" content=\"index, follow, max-snippet:-1, max-image-preview:large, max-video-preview:-1\" \/>\n<link rel=\"canonical\" href=\"https:\/\/www.pm.pb.gov.br\/portal\/2019\/02\/14\/policia-militar-prende-suspeitos-de-ataque-ao-banco-do-brasil-de-sao-joao-do-rio-do-peixe\/\" \/>\n<meta property=\"og:locale\" content=\"pt_BR\" \/>\n<meta property=\"og:type\" content=\"article\" \/>\n<meta property=\"og:title\" content=\"Pol\u00edcia Militar prende suspeitos de ataque ao Banco do Brasil de S\u00e3o Jo\u00e3o do Rio do Peixe - Pol\u00edcia Militar da Para\u00edba\" \/>\n<meta property=\"og:description\" content=\"A Pol\u00edcia Militar prendeu, na noite dessa quarta-feira (13), oito integrantes da quadrilha suspeita de explodir o Banco do Brasil\" \/>\n<meta property=\"og:url\" content=\"https:\/\/www.pm.pb.gov.br\/portal\/2019\/02\/14\/policia-militar-prende-suspeitos-de-ataque-ao-banco-do-brasil-de-sao-joao-do-rio-do-peixe\/\" \/>\n<meta property=\"og:site_name\" content=\"Pol\u00edcia Militar da Para\u00edba\" \/>\n<meta property=\"article:published_time\" content=\"2019-02-14T19:37:41+00:00\" \/>\n<meta property=\"article:modified_time\" content=\"2019-02-14T19:37:43+00:00\" \/>\n<meta property=\"og:image\" content=\"https:\/\/www.pm.pb.gov.br\/portal\/wp-content\/uploads\/2019\/01\/ilustrativa.jpg\" \/>\n\t<meta property=\"og:image:width\" content=\"800\" \/>\n\t<meta property=\"og:image:height\" content=\"445\" \/>\n\t<meta property=\"og:image:type\" content=\"image\/jpeg\" \/>\n<meta name=\"author\" content=\"Tarcisio Oliveira\" \/>\n<meta name=\"twitter:card\" content=\"summary_large_image\" \/>\n<meta name=\"twitter:label1\" content=\"Escrito por\" \/>\n\t<meta name=\"twitter:data1\" content=\"Tarcisio Oliveira\" \/>\n\t<meta name=\"twitter:label2\" content=\"Est. tempo de leitura\" \/>\n\t<meta name=\"twitter:data2\" content=\"2 minutos\" \/>\n<script type=\"application\/ld+json\" class=\"yoast-schema-graph\">{\"@context\":\"https:\/\/schema.org\",\"@graph\":[{\"@type\":\"Article\",\"@id\":\"https:\/\/www.pm.pb.gov.br\/portal\/2019\/02\/14\/policia-militar-prende-suspeitos-de-ataque-ao-banco-do-brasil-de-sao-joao-do-rio-do-peixe\/#article\",\"isPartOf\":{\"@id\":\"https:\/\/www.pm.pb.gov.br\/portal\/2019\/02\/14\/policia-militar-prende-suspeitos-de-ataque-ao-banco-do-brasil-de-sao-joao-do-rio-do-peixe\/\"},\"author\":{\"name\":\"Tarcisio Oliveira\",\"@id\":\"https:\/\/www.pm.pb.gov.br\/portal\/#\/schema\/person\/f84f56dcc78ce4357054da888b8247fd\"},\"headline\":\"Pol\u00edcia Militar prende suspeitos de ataque ao Banco do Brasil de S\u00e3o Jo\u00e3o do Rio do Peixe\",\"datePublished\":\"2019-02-14T19:37:41+00:00\",\"dateModified\":\"2019-02-14T19:37:43+00:00\",\"mainEntityOfPage\":{\"@id\":\"https:\/\/www.pm.pb.gov.br\/portal\/2019\/02\/14\/policia-militar-prende-suspeitos-de-ataque-ao-banco-do-brasil-de-sao-joao-do-rio-do-peixe\/\"},\"wordCount\":351,\"publisher\":{\"@id\":\"https:\/\/www.pm.pb.gov.br\/portal\/#organization\"},\"articleSection\":[\"A\u00e7\u00f5es Policiais\"],\"inLanguage\":\"pt-BR\"},{\"@type\":\"WebPage\",\"@id\":\"https:\/\/www.pm.pb.gov.br\/portal\/2019\/02\/14\/policia-militar-prende-suspeitos-de-ataque-ao-banco-do-brasil-de-sao-joao-do-rio-do-peixe\/\",\"url\":\"https:\/\/www.pm.pb.gov.br\/portal\/2019\/02\/14\/policia-militar-prende-suspeitos-de-ataque-ao-banco-do-brasil-de-sao-joao-do-rio-do-peixe\/\",\"name\":\"Pol\u00edcia Militar prende suspeitos de ataque ao Banco do Brasil de S\u00e3o Jo\u00e3o do Rio do Peixe - Pol\u00edcia Militar da Para\u00edba\",\"isPartOf\":{\"@id\":\"https:\/\/www.pm.pb.gov.br\/portal\/#website\"},\"datePublished\":\"2019-02-14T19:37:41+00:00\",\"dateModified\":\"2019-02-14T19:37:43+00:00\",\"breadcrumb\":{\"@id\":\"https:\/\/www.pm.pb.gov.br\/portal\/2019\/02\/14\/policia-militar-prende-suspeitos-de-ataque-ao-banco-do-brasil-de-sao-joao-do-rio-do-peixe\/#breadcrumb\"},\"inLanguage\":\"pt-BR\",\"potentialAction\":[{\"@type\":\"ReadAction\",\"target\":[\"https:\/\/www.pm.pb.gov.br\/portal\/2019\/02\/14\/policia-militar-prende-suspeitos-de-ataque-ao-banco-do-brasil-de-sao-joao-do-rio-do-peixe\/\"]}]},{\"@type\":\"BreadcrumbList\",\"@id\":\"https:\/\/www.pm.pb.gov.br\/portal\/2019\/02\/14\/policia-militar-prende-suspeitos-de-ataque-ao-banco-do-brasil-de-sao-joao-do-rio-do-peixe\/#breadcrumb\",\"itemListElement\":[{\"@type\":\"ListItem\",\"position\":1,\"name\":\"In\u00edcio\",\"item\":\"https:\/\/www.pm.pb.gov.br\/portal\/\"},{\"@type\":\"ListItem\",\"position\":2,\"name\":\"Pol\u00edcia Militar prende suspeitos de ataque ao Banco do Brasil de S\u00e3o Jo\u00e3o do Rio do Peixe\"}]},{\"@type\":\"WebSite\",\"@id\":\"https:\/\/www.pm.pb.gov.br\/portal\/#website\",\"url\":\"https:\/\/www.pm.pb.gov.br\/portal\/\",\"name\":\"Pol\u00edcia Militar da Para\u00edba\",\"description\":\"\",\"publisher\":{\"@id\":\"https:\/\/www.pm.pb.gov.br\/portal\/#organization\"},\"potentialAction\":[{\"@type\":\"SearchAction\",\"target\":{\"@type\":\"EntryPoint\",\"urlTemplate\":\"https:\/\/www.pm.pb.gov.br\/portal\/?s={search_term_string}\"},\"query-input\":\"required name=search_term_string\"}],\"inLanguage\":\"pt-BR\"},{\"@type\":\"Organization\",\"@id\":\"https:\/\/www.pm.pb.gov.br\/portal\/#organization\",\"name\":\"Pol\u00edcia Militar da Para\u00edba\",\"url\":\"https:\/\/www.pm.pb.gov.br\/portal\/\",\"logo\":{\"@type\":\"ImageObject\",\"inLanguage\":\"pt-BR\",\"@id\":\"https:\/\/www.pm.pb.gov.br\/portal\/#\/schema\/logo\/image\/\",\"url\":\"https:\/\/www.pm.pb.gov.br\/portal\/wp-content\/uploads\/2025\/03\/cropped-logo-site-mag2-1.png\",\"contentUrl\":\"https:\/\/www.pm.pb.gov.br\/portal\/wp-content\/uploads\/2025\/03\/cropped-logo-site-mag2-1.png\",\"width\":320,\"height\":90,\"caption\":\"Pol\u00edcia Militar da Para\u00edba\"},\"image\":{\"@id\":\"https:\/\/www.pm.pb.gov.br\/portal\/#\/schema\/logo\/image\/\"}},{\"@type\":\"Person\",\"@id\":\"https:\/\/www.pm.pb.gov.br\/portal\/#\/schema\/person\/f84f56dcc78ce4357054da888b8247fd\",\"name\":\"Tarcisio Oliveira\",\"image\":{\"@type\":\"ImageObject\",\"inLanguage\":\"pt-BR\",\"@id\":\"https:\/\/www.pm.pb.gov.br\/portal\/#\/schema\/person\/image\/\",\"url\":\"https:\/\/secure.gravatar.com\/avatar\/72917b630b69d31cd0297507f34bac97?s=96&d=mm&r=g\",\"contentUrl\":\"https:\/\/secure.gravatar.com\/avatar\/72917b630b69d31cd0297507f34bac97?s=96&d=mm&r=g\",\"caption\":\"Tarcisio Oliveira\"},\"url\":\"https:\/\/www.pm.pb.gov.br\/portal\/author\/tarcisio\/\"}]}<\/script>\n<!-- \/ Yoast SEO plugin. -->","yoast_head_json":{"title":"Pol\u00edcia Militar prende suspeitos de ataque ao Banco do Brasil de S\u00e3o Jo\u00e3o do Rio do Peixe - Pol\u00edcia Militar da Para\u00edba","robots":{"index":"index","follow":"follow","max-snippet":"max-snippet:-1","max-image-preview":"max-image-preview:large","max-video-preview":"max-video-preview:-1"},"canonical":"https:\/\/www.pm.pb.gov.br\/portal\/2019\/02\/14\/policia-militar-prende-suspeitos-de-ataque-ao-banco-do-brasil-de-sao-joao-do-rio-do-peixe\/","og_locale":"pt_BR","og_type":"article","og_title":"Pol\u00edcia Militar prende suspeitos de ataque ao Banco do Brasil de S\u00e3o Jo\u00e3o do Rio do Peixe - Pol\u00edcia Militar da Para\u00edba","og_description":"A Pol\u00edcia Militar prendeu, na noite dessa quarta-feira (13), oito integrantes da quadrilha suspeita de explodir o Banco do Brasil","og_url":"https:\/\/www.pm.pb.gov.br\/portal\/2019\/02\/14\/policia-militar-prende-suspeitos-de-ataque-ao-banco-do-brasil-de-sao-joao-do-rio-do-peixe\/","og_site_name":"Pol\u00edcia Militar da Para\u00edba","article_published_time":"2019-02-14T19:37:41+00:00","article_modified_time":"2019-02-14T19:37:43+00:00","og_image":[{"width":800,"height":445,"url":"https:\/\/www.pm.pb.gov.br\/portal\/wp-content\/uploads\/2019\/01\/ilustrativa.jpg","type":"image\/jpeg"}],"author":"Tarcisio Oliveira","twitter_card":"summary_large_image","twitter_misc":{"Escrito por":"Tarcisio Oliveira","Est. tempo de leitura":"2 minutos"},"schema":{"@context":"https:\/\/schema.org","@graph":[{"@type":"Article","@id":"https:\/\/www.pm.pb.gov.br\/portal\/2019\/02\/14\/policia-militar-prende-suspeitos-de-ataque-ao-banco-do-brasil-de-sao-joao-do-rio-do-peixe\/#article","isPartOf":{"@id":"https:\/\/www.pm.pb.gov.br\/portal\/2019\/02\/14\/policia-militar-prende-suspeitos-de-ataque-ao-banco-do-brasil-de-sao-joao-do-rio-do-peixe\/"},"author":{"name":"Tarcisio Oliveira","@id":"https:\/\/www.pm.pb.gov.br\/portal\/#\/schema\/person\/f84f56dcc78ce4357054da888b8247fd"},"headline":"Pol\u00edcia Militar prende suspeitos de ataque ao Banco do Brasil de S\u00e3o Jo\u00e3o do Rio do Peixe","datePublished":"2019-02-14T19:37:41+00:00","dateModified":"2019-02-14T19:37:43+00:00","mainEntityOfPage":{"@id":"https:\/\/www.pm.pb.gov.br\/portal\/2019\/02\/14\/policia-militar-prende-suspeitos-de-ataque-ao-banco-do-brasil-de-sao-joao-do-rio-do-peixe\/"},"wordCount":351,"publisher":{"@id":"https:\/\/www.pm.pb.gov.br\/portal\/#organization"},"articleSection":["A\u00e7\u00f5es Policiais"],"inLanguage":"pt-BR"},{"@type":"WebPage","@id":"https:\/\/www.pm.pb.gov.br\/portal\/2019\/02\/14\/policia-militar-prende-suspeitos-de-ataque-ao-banco-do-brasil-de-sao-joao-do-rio-do-peixe\/","url":"https:\/\/www.pm.pb.gov.br\/portal\/2019\/02\/14\/policia-militar-prende-suspeitos-de-ataque-ao-banco-do-brasil-de-sao-joao-do-rio-do-peixe\/","name":"Pol\u00edcia Militar prende suspeitos de ataque ao Banco do Brasil de S\u00e3o Jo\u00e3o do Rio do Peixe - Pol\u00edcia Militar da Para\u00edba","isPartOf":{"@id":"https:\/\/www.pm.pb.gov.br\/portal\/#website"},"datePublished":"2019-02-14T19:37:41+00:00","dateModified":"2019-02-14T19:37:43+00:00","breadcrumb":{"@id":"https:\/\/www.pm.pb.gov.br\/portal\/2019\/02\/14\/policia-militar-prende-suspeitos-de-ataque-ao-banco-do-brasil-de-sao-joao-do-rio-do-peixe\/#breadcrumb"},"inLanguage":"pt-BR","potentialAction":[{"@type":"ReadAction","target":["https:\/\/www.pm.pb.gov.br\/portal\/2019\/02\/14\/policia-militar-prende-suspeitos-de-ataque-ao-banco-do-brasil-de-sao-joao-do-rio-do-peixe\/"]}]},{"@type":"BreadcrumbList","@id":"https:\/\/www.pm.pb.gov.br\/portal\/2019\/02\/14\/policia-militar-prende-suspeitos-de-ataque-ao-banco-do-brasil-de-sao-joao-do-rio-do-peixe\/#breadcrumb","itemListElement":[{"@type":"ListItem","position":1,"name":"In\u00edcio","item":"https:\/\/www.pm.pb.gov.br\/portal\/"},{"@type":"ListItem","position":2,"name":"Pol\u00edcia Militar prende suspeitos de ataque ao Banco do Brasil de S\u00e3o Jo\u00e3o do Rio do Peixe"}]},{"@type":"WebSite","@id":"https:\/\/www.pm.pb.gov.br\/portal\/#website","url":"https:\/\/www.pm.pb.gov.br\/portal\/","name":"Pol\u00edcia Militar da Para\u00edba","description":"","publisher":{"@id":"https:\/\/www.pm.pb.gov.br\/portal\/#organization"},"potentialAction":[{"@type":"SearchAction","target":{"@type":"EntryPoint","urlTemplate":"https:\/\/www.pm.pb.gov.br\/portal\/?s={search_term_string}"},"query-input":"required name=search_term_string"}],"inLanguage":"pt-BR"},{"@type":"Organization","@id":"https:\/\/www.pm.pb.gov.br\/portal\/#organization","name":"Pol\u00edcia Militar da Para\u00edba","url":"https:\/\/www.pm.pb.gov.br\/portal\/","logo":{"@type":"ImageObject","inLanguage":"pt-BR","@id":"https:\/\/www.pm.pb.gov.br\/portal\/#\/schema\/logo\/image\/","url":"https:\/\/www.pm.pb.gov.br\/portal\/wp-content\/uploads\/2025\/03\/cropped-logo-site-mag2-1.png","contentUrl":"https:\/\/www.pm.pb.gov.br\/portal\/wp-content\/uploads\/2025\/03\/cropped-logo-site-mag2-1.png","width":320,"height":90,"caption":"Pol\u00edcia Militar da Para\u00edba"},"image":{"@id":"https:\/\/www.pm.pb.gov.br\/portal\/#\/schema\/logo\/image\/"}},{"@type":"Person","@id":"https:\/\/www.pm.pb.gov.br\/portal\/#\/schema\/person\/f84f56dcc78ce4357054da888b8247fd","name":"Tarcisio Oliveira","image":{"@type":"ImageObject","inLanguage":"pt-BR","@id":"https:\/\/www.pm.pb.gov.br\/portal\/#\/schema\/person\/image\/","url":"https:\/\/secure.gravatar.com\/avatar\/72917b630b69d31cd0297507f34bac97?s=96&d=mm&r=g","contentUrl":"https:\/\/secure.gravatar.com\/avatar\/72917b630b69d31cd0297507f34bac97?s=96&d=mm&r=g","caption":"Tarcisio Oliveira"},"url":"https:\/\/www.pm.pb.gov.br\/portal\/author\/tarcisio\/"}]}},"_links":{"self":[{"href":"https:\/\/www.pm.pb.gov.br\/portal\/wp-json\/wp\/v2\/posts\/899983"}],"collection":[{"href":"https:\/\/www.pm.pb.gov.br\/portal\/wp-json\/wp\/v2\/posts"}],"about":[{"href":"https:\/\/www.pm.pb.gov.br\/portal\/wp-json\/wp\/v2\/types\/post"}],"author":[{"embeddable":true,"href":"https:\/\/www.pm.pb.gov.br\/portal\/wp-json\/wp\/v2\/users\/12"}],"replies":[{"embeddable":true,"href":"https:\/\/www.pm.pb.gov.br\/portal\/wp-json\/wp\/v2\/comments?post=899983"}],"version-history":[{"count":1,"href":"https:\/\/www.pm.pb.gov.br\/portal\/wp-json\/wp\/v2\/posts\/899983\/revisions"}],"predecessor-version":[{"id":899985,"href":"https:\/\/www.pm.pb.gov.br\/portal\/wp-json\/wp\/v2\/posts\/899983\/revisions\/899985"}],"wp:featuredmedia":[{"embeddable":true,"href":"https:\/\/www.pm.pb.gov.br\/portal\/wp-json\/wp\/v2\/media\/899721"}],"wp:attachment":[{"href":"https:\/\/www.pm.pb.gov.br\/portal\/wp-json\/wp\/v2\/media?parent=899983"}],"wp:term":[{"taxonomy":"category","embeddable":true,"href":"https:\/\/www.pm.pb.gov.br\/portal\/wp-json\/wp\/v2\/categories?post=899983"},{"taxonomy":"post_tag","embeddable":true,"href":"https:\/\/www.pm.pb.gov.br\/portal\/wp-json\/wp\/v2\/tags?post=899983"}],"curies":[{"name":"wp","href":"https:\/\/api.w.org\/{rel}","templated":true}]}}