{"id":899978,"date":"2019-02-13T12:02:24","date_gmt":"2019-02-13T15:02:24","guid":{"rendered":"http:\/\/www.pm.pb.gov.br\/portal\/?p=899978"},"modified":"2019-02-13T12:02:57","modified_gmt":"2019-02-13T15:02:57","slug":"899978","status":"publish","type":"post","link":"https:\/\/www.pm.pb.gov.br\/portal\/2019\/02\/13\/899978\/","title":{"rendered":"A\u00e7\u00f5es de combate ao tr\u00e1fico resultam em apreens\u00f5es de drogas em quatro bairros da regi\u00e3o metropolitana da capital"},"content":{"rendered":"\n<p>A Pol\u00edcia Militar continua com as a\u00e7\u00f5es de combate ao tr\u00e1fico na Para\u00edba e realizou, nessa ter\u00e7a-feira (12), apreens\u00f5es de drogas nos bairros de Mangabeira e Cristo, na Capital, no centro de Bayeux e no Alto das Populares,em Santa Rita. Quatro suspeitos foram presos em flagrante.<\/p>\n\n\n\n<p>A maior apreens\u00e3o foi em Mangabeira 4, no come\u00e7o da noite, em Jo\u00e3o Pessoa. Um homem de 21 anos foi preso com cinco quilos de maconha, crack e coca\u00edna, al\u00e9m de dinheiro. O material estava em uma casa, usada como ponto de venda de drogas. Ainda na Capital, foram apreendidos 59 papelotes de maconha prontos para a venda, durante incurs\u00e3o realizada tamb\u00e9m a noite, no bairro do Cristo. O dono do material conseguiu fugir e abandonou um r\u00e1dio comunicador e dinheiro trocado.<\/p>\n\n\n\n<p>Em Bayeux, uma abordagem a um suspeito de 25 anos resultou na apreens\u00e3o\nde quase 1 kg de maconha, por volta das 18h, no Centro. J\u00e1 na cidade vizinha,\nem Santa Rita, a PM cercou um local que era usado pelo tr\u00e1fico como ponto de\ncomercializa\u00e7\u00e3o de drogas, na comunidade do Onze, no Alto das Populares, e apreendeu\n30 por\u00e7\u00f5es de maconha e seis de crack, no fim da tarde. Dois suspeitos, de 49 e\n26 anos, foram presos em flagrante.<\/p>\n","protected":false},"excerpt":{"rendered":"<p>A Pol\u00edcia Militar continua com as a\u00e7\u00f5es de combate ao tr\u00e1fico na Para\u00edba e realizou, nessa ter\u00e7a-feira (12), apreens\u00f5es de<\/p>\n","protected":false},"author":12,"featured_media":899980,"comment_status":"closed","ping_status":"closed","sticky":false,"template":"","format":"standard","meta":{"_exactmetrics_skip_tracking":false,"_exactmetrics_sitenote_active":false,"_exactmetrics_sitenote_note":"","_exactmetrics_sitenote_category":0,"footnotes":""},"categories":[4],"tags":[],"yoast_head":"<!-- This site is optimized with the Yoast SEO plugin v22.0 - https:\/\/yoast.com\/wordpress\/plugins\/seo\/ -->\n<title>A\u00e7\u00f5es de combate ao tr\u00e1fico resultam em apreens\u00f5es de drogas em quatro bairros da regi\u00e3o metropolitana da capital - Pol\u00edcia Militar da Para\u00edba<\/title>\n<meta name=\"robots\" content=\"index, follow, max-snippet:-1, max-image-preview:large, max-video-preview:-1\" \/>\n<link rel=\"canonical\" href=\"https:\/\/www.pm.pb.gov.br\/portal\/2019\/02\/13\/899978\/\" \/>\n<meta property=\"og:locale\" content=\"pt_BR\" \/>\n<meta property=\"og:type\" content=\"article\" \/>\n<meta property=\"og:title\" content=\"A\u00e7\u00f5es de combate ao tr\u00e1fico resultam em apreens\u00f5es de drogas em quatro bairros da regi\u00e3o metropolitana da capital - Pol\u00edcia Militar da Para\u00edba\" \/>\n<meta property=\"og:description\" content=\"A Pol\u00edcia Militar continua com as a\u00e7\u00f5es de combate ao tr\u00e1fico na Para\u00edba e realizou, nessa ter\u00e7a-feira (12), apreens\u00f5es de\" \/>\n<meta property=\"og:url\" content=\"https:\/\/www.pm.pb.gov.br\/portal\/2019\/02\/13\/899978\/\" \/>\n<meta property=\"og:site_name\" content=\"Pol\u00edcia Militar da Para\u00edba\" \/>\n<meta property=\"article:published_time\" content=\"2019-02-13T15:02:24+00:00\" \/>\n<meta property=\"article:modified_time\" content=\"2019-02-13T15:02:57+00:00\" \/>\n<meta property=\"og:image\" content=\"https:\/\/www.pm.pb.gov.br\/portal\/wp-content\/uploads\/2019\/02\/Combate-trafico.jpg\" \/>\n\t<meta property=\"og:image:width\" content=\"800\" \/>\n\t<meta property=\"og:image:height\" content=\"445\" \/>\n\t<meta property=\"og:image:type\" content=\"image\/jpeg\" \/>\n<meta name=\"author\" content=\"Tarcisio Oliveira\" \/>\n<meta name=\"twitter:card\" content=\"summary_large_image\" \/>\n<meta name=\"twitter:label1\" content=\"Escrito por\" \/>\n\t<meta name=\"twitter:data1\" content=\"Tarcisio Oliveira\" \/>\n\t<meta name=\"twitter:label2\" content=\"Est. tempo de leitura\" \/>\n\t<meta name=\"twitter:data2\" content=\"1 minuto\" \/>\n<script type=\"application\/ld+json\" class=\"yoast-schema-graph\">{\"@context\":\"https:\/\/schema.org\",\"@graph\":[{\"@type\":\"Article\",\"@id\":\"https:\/\/www.pm.pb.gov.br\/portal\/2019\/02\/13\/899978\/#article\",\"isPartOf\":{\"@id\":\"https:\/\/www.pm.pb.gov.br\/portal\/2019\/02\/13\/899978\/\"},\"author\":{\"name\":\"Tarcisio Oliveira\",\"@id\":\"https:\/\/www.pm.pb.gov.br\/portal\/#\/schema\/person\/f84f56dcc78ce4357054da888b8247fd\"},\"headline\":\"A\u00e7\u00f5es de combate ao tr\u00e1fico resultam em apreens\u00f5es de drogas em quatro bairros da regi\u00e3o metropolitana da capital\",\"datePublished\":\"2019-02-13T15:02:24+00:00\",\"dateModified\":\"2019-02-13T15:02:57+00:00\",\"mainEntityOfPage\":{\"@id\":\"https:\/\/www.pm.pb.gov.br\/portal\/2019\/02\/13\/899978\/\"},\"wordCount\":241,\"publisher\":{\"@id\":\"https:\/\/www.pm.pb.gov.br\/portal\/#organization\"},\"articleSection\":[\"A\u00e7\u00f5es Policiais\"],\"inLanguage\":\"pt-BR\"},{\"@type\":\"WebPage\",\"@id\":\"https:\/\/www.pm.pb.gov.br\/portal\/2019\/02\/13\/899978\/\",\"url\":\"https:\/\/www.pm.pb.gov.br\/portal\/2019\/02\/13\/899978\/\",\"name\":\"A\u00e7\u00f5es de combate ao tr\u00e1fico resultam em apreens\u00f5es de drogas em quatro bairros da regi\u00e3o metropolitana da capital - Pol\u00edcia Militar da Para\u00edba\",\"isPartOf\":{\"@id\":\"https:\/\/www.pm.pb.gov.br\/portal\/#website\"},\"datePublished\":\"2019-02-13T15:02:24+00:00\",\"dateModified\":\"2019-02-13T15:02:57+00:00\",\"breadcrumb\":{\"@id\":\"https:\/\/www.pm.pb.gov.br\/portal\/2019\/02\/13\/899978\/#breadcrumb\"},\"inLanguage\":\"pt-BR\",\"potentialAction\":[{\"@type\":\"ReadAction\",\"target\":[\"https:\/\/www.pm.pb.gov.br\/portal\/2019\/02\/13\/899978\/\"]}]},{\"@type\":\"BreadcrumbList\",\"@id\":\"https:\/\/www.pm.pb.gov.br\/portal\/2019\/02\/13\/899978\/#breadcrumb\",\"itemListElement\":[{\"@type\":\"ListItem\",\"position\":1,\"name\":\"In\u00edcio\",\"item\":\"https:\/\/www.pm.pb.gov.br\/portal\/\"},{\"@type\":\"ListItem\",\"position\":2,\"name\":\"A\u00e7\u00f5es de combate ao tr\u00e1fico resultam em apreens\u00f5es de drogas em quatro bairros da regi\u00e3o metropolitana da capital\"}]},{\"@type\":\"WebSite\",\"@id\":\"https:\/\/www.pm.pb.gov.br\/portal\/#website\",\"url\":\"https:\/\/www.pm.pb.gov.br\/portal\/\",\"name\":\"Pol\u00edcia Militar da Para\u00edba\",\"description\":\"\",\"publisher\":{\"@id\":\"https:\/\/www.pm.pb.gov.br\/portal\/#organization\"},\"potentialAction\":[{\"@type\":\"SearchAction\",\"target\":{\"@type\":\"EntryPoint\",\"urlTemplate\":\"https:\/\/www.pm.pb.gov.br\/portal\/?s={search_term_string}\"},\"query-input\":\"required name=search_term_string\"}],\"inLanguage\":\"pt-BR\"},{\"@type\":\"Organization\",\"@id\":\"https:\/\/www.pm.pb.gov.br\/portal\/#organization\",\"name\":\"Pol\u00edcia Militar da Para\u00edba\",\"url\":\"https:\/\/www.pm.pb.gov.br\/portal\/\",\"logo\":{\"@type\":\"ImageObject\",\"inLanguage\":\"pt-BR\",\"@id\":\"https:\/\/www.pm.pb.gov.br\/portal\/#\/schema\/logo\/image\/\",\"url\":\"https:\/\/www.pm.pb.gov.br\/portal\/wp-content\/uploads\/2025\/03\/cropped-logo-site-mag2-1.png\",\"contentUrl\":\"https:\/\/www.pm.pb.gov.br\/portal\/wp-content\/uploads\/2025\/03\/cropped-logo-site-mag2-1.png\",\"width\":320,\"height\":90,\"caption\":\"Pol\u00edcia Militar da Para\u00edba\"},\"image\":{\"@id\":\"https:\/\/www.pm.pb.gov.br\/portal\/#\/schema\/logo\/image\/\"}},{\"@type\":\"Person\",\"@id\":\"https:\/\/www.pm.pb.gov.br\/portal\/#\/schema\/person\/f84f56dcc78ce4357054da888b8247fd\",\"name\":\"Tarcisio Oliveira\",\"image\":{\"@type\":\"ImageObject\",\"inLanguage\":\"pt-BR\",\"@id\":\"https:\/\/www.pm.pb.gov.br\/portal\/#\/schema\/person\/image\/\",\"url\":\"https:\/\/secure.gravatar.com\/avatar\/72917b630b69d31cd0297507f34bac97?s=96&d=mm&r=g\",\"contentUrl\":\"https:\/\/secure.gravatar.com\/avatar\/72917b630b69d31cd0297507f34bac97?s=96&d=mm&r=g\",\"caption\":\"Tarcisio Oliveira\"},\"url\":\"https:\/\/www.pm.pb.gov.br\/portal\/author\/tarcisio\/\"}]}<\/script>\n<!-- \/ Yoast SEO plugin. -->","yoast_head_json":{"title":"A\u00e7\u00f5es de combate ao tr\u00e1fico resultam em apreens\u00f5es de drogas em quatro bairros da regi\u00e3o metropolitana da capital - Pol\u00edcia Militar da Para\u00edba","robots":{"index":"index","follow":"follow","max-snippet":"max-snippet:-1","max-image-preview":"max-image-preview:large","max-video-preview":"max-video-preview:-1"},"canonical":"https:\/\/www.pm.pb.gov.br\/portal\/2019\/02\/13\/899978\/","og_locale":"pt_BR","og_type":"article","og_title":"A\u00e7\u00f5es de combate ao tr\u00e1fico resultam em apreens\u00f5es de drogas em quatro bairros da regi\u00e3o metropolitana da capital - Pol\u00edcia Militar da Para\u00edba","og_description":"A Pol\u00edcia Militar continua com as a\u00e7\u00f5es de combate ao tr\u00e1fico na Para\u00edba e realizou, nessa ter\u00e7a-feira (12), apreens\u00f5es de","og_url":"https:\/\/www.pm.pb.gov.br\/portal\/2019\/02\/13\/899978\/","og_site_name":"Pol\u00edcia Militar da Para\u00edba","article_published_time":"2019-02-13T15:02:24+00:00","article_modified_time":"2019-02-13T15:02:57+00:00","og_image":[{"width":800,"height":445,"url":"https:\/\/www.pm.pb.gov.br\/portal\/wp-content\/uploads\/2019\/02\/Combate-trafico.jpg","type":"image\/jpeg"}],"author":"Tarcisio Oliveira","twitter_card":"summary_large_image","twitter_misc":{"Escrito por":"Tarcisio Oliveira","Est. tempo de leitura":"1 minuto"},"schema":{"@context":"https:\/\/schema.org","@graph":[{"@type":"Article","@id":"https:\/\/www.pm.pb.gov.br\/portal\/2019\/02\/13\/899978\/#article","isPartOf":{"@id":"https:\/\/www.pm.pb.gov.br\/portal\/2019\/02\/13\/899978\/"},"author":{"name":"Tarcisio Oliveira","@id":"https:\/\/www.pm.pb.gov.br\/portal\/#\/schema\/person\/f84f56dcc78ce4357054da888b8247fd"},"headline":"A\u00e7\u00f5es de combate ao tr\u00e1fico resultam em apreens\u00f5es de drogas em quatro bairros da regi\u00e3o metropolitana da capital","datePublished":"2019-02-13T15:02:24+00:00","dateModified":"2019-02-13T15:02:57+00:00","mainEntityOfPage":{"@id":"https:\/\/www.pm.pb.gov.br\/portal\/2019\/02\/13\/899978\/"},"wordCount":241,"publisher":{"@id":"https:\/\/www.pm.pb.gov.br\/portal\/#organization"},"articleSection":["A\u00e7\u00f5es Policiais"],"inLanguage":"pt-BR"},{"@type":"WebPage","@id":"https:\/\/www.pm.pb.gov.br\/portal\/2019\/02\/13\/899978\/","url":"https:\/\/www.pm.pb.gov.br\/portal\/2019\/02\/13\/899978\/","name":"A\u00e7\u00f5es de combate ao tr\u00e1fico resultam em apreens\u00f5es de drogas em quatro bairros da regi\u00e3o metropolitana da capital - Pol\u00edcia Militar da Para\u00edba","isPartOf":{"@id":"https:\/\/www.pm.pb.gov.br\/portal\/#website"},"datePublished":"2019-02-13T15:02:24+00:00","dateModified":"2019-02-13T15:02:57+00:00","breadcrumb":{"@id":"https:\/\/www.pm.pb.gov.br\/portal\/2019\/02\/13\/899978\/#breadcrumb"},"inLanguage":"pt-BR","potentialAction":[{"@type":"ReadAction","target":["https:\/\/www.pm.pb.gov.br\/portal\/2019\/02\/13\/899978\/"]}]},{"@type":"BreadcrumbList","@id":"https:\/\/www.pm.pb.gov.br\/portal\/2019\/02\/13\/899978\/#breadcrumb","itemListElement":[{"@type":"ListItem","position":1,"name":"In\u00edcio","item":"https:\/\/www.pm.pb.gov.br\/portal\/"},{"@type":"ListItem","position":2,"name":"A\u00e7\u00f5es de combate ao tr\u00e1fico resultam em apreens\u00f5es de drogas em quatro bairros da regi\u00e3o metropolitana da capital"}]},{"@type":"WebSite","@id":"https:\/\/www.pm.pb.gov.br\/portal\/#website","url":"https:\/\/www.pm.pb.gov.br\/portal\/","name":"Pol\u00edcia Militar da Para\u00edba","description":"","publisher":{"@id":"https:\/\/www.pm.pb.gov.br\/portal\/#organization"},"potentialAction":[{"@type":"SearchAction","target":{"@type":"EntryPoint","urlTemplate":"https:\/\/www.pm.pb.gov.br\/portal\/?s={search_term_string}"},"query-input":"required name=search_term_string"}],"inLanguage":"pt-BR"},{"@type":"Organization","@id":"https:\/\/www.pm.pb.gov.br\/portal\/#organization","name":"Pol\u00edcia Militar da Para\u00edba","url":"https:\/\/www.pm.pb.gov.br\/portal\/","logo":{"@type":"ImageObject","inLanguage":"pt-BR","@id":"https:\/\/www.pm.pb.gov.br\/portal\/#\/schema\/logo\/image\/","url":"https:\/\/www.pm.pb.gov.br\/portal\/wp-content\/uploads\/2025\/03\/cropped-logo-site-mag2-1.png","contentUrl":"https:\/\/www.pm.pb.gov.br\/portal\/wp-content\/uploads\/2025\/03\/cropped-logo-site-mag2-1.png","width":320,"height":90,"caption":"Pol\u00edcia Militar da Para\u00edba"},"image":{"@id":"https:\/\/www.pm.pb.gov.br\/portal\/#\/schema\/logo\/image\/"}},{"@type":"Person","@id":"https:\/\/www.pm.pb.gov.br\/portal\/#\/schema\/person\/f84f56dcc78ce4357054da888b8247fd","name":"Tarcisio Oliveira","image":{"@type":"ImageObject","inLanguage":"pt-BR","@id":"https:\/\/www.pm.pb.gov.br\/portal\/#\/schema\/person\/image\/","url":"https:\/\/secure.gravatar.com\/avatar\/72917b630b69d31cd0297507f34bac97?s=96&d=mm&r=g","contentUrl":"https:\/\/secure.gravatar.com\/avatar\/72917b630b69d31cd0297507f34bac97?s=96&d=mm&r=g","caption":"Tarcisio Oliveira"},"url":"https:\/\/www.pm.pb.gov.br\/portal\/author\/tarcisio\/"}]}},"_links":{"self":[{"href":"https:\/\/www.pm.pb.gov.br\/portal\/wp-json\/wp\/v2\/posts\/899978"}],"collection":[{"href":"https:\/\/www.pm.pb.gov.br\/portal\/wp-json\/wp\/v2\/posts"}],"about":[{"href":"https:\/\/www.pm.pb.gov.br\/portal\/wp-json\/wp\/v2\/types\/post"}],"author":[{"embeddable":true,"href":"https:\/\/www.pm.pb.gov.br\/portal\/wp-json\/wp\/v2\/users\/12"}],"replies":[{"embeddable":true,"href":"https:\/\/www.pm.pb.gov.br\/portal\/wp-json\/wp\/v2\/comments?post=899978"}],"version-history":[{"count":3,"href":"https:\/\/www.pm.pb.gov.br\/portal\/wp-json\/wp\/v2\/posts\/899978\/revisions"}],"predecessor-version":[{"id":899982,"href":"https:\/\/www.pm.pb.gov.br\/portal\/wp-json\/wp\/v2\/posts\/899978\/revisions\/899982"}],"wp:featuredmedia":[{"embeddable":true,"href":"https:\/\/www.pm.pb.gov.br\/portal\/wp-json\/wp\/v2\/media\/899980"}],"wp:attachment":[{"href":"https:\/\/www.pm.pb.gov.br\/portal\/wp-json\/wp\/v2\/media?parent=899978"}],"wp:term":[{"taxonomy":"category","embeddable":true,"href":"https:\/\/www.pm.pb.gov.br\/portal\/wp-json\/wp\/v2\/categories?post=899978"},{"taxonomy":"post_tag","embeddable":true,"href":"https:\/\/www.pm.pb.gov.br\/portal\/wp-json\/wp\/v2\/tags?post=899978"}],"curies":[{"name":"wp","href":"https:\/\/api.w.org\/{rel}","templated":true}]}}