{"id":899976,"date":"2019-02-13T08:42:46","date_gmt":"2019-02-13T11:42:46","guid":{"rendered":"http:\/\/www.pm.pb.gov.br\/portal\/?p=899976"},"modified":"2019-02-13T11:57:42","modified_gmt":"2019-02-13T14:57:42","slug":"policia-militar-prende-suspeitos-de-praticar-assaltos-em-pelo-menos-quatro-bairros-de-joao-pessoa","status":"publish","type":"post","link":"https:\/\/www.pm.pb.gov.br\/portal\/2019\/02\/13\/policia-militar-prende-suspeitos-de-praticar-assaltos-em-pelo-menos-quatro-bairros-de-joao-pessoa\/","title":{"rendered":"Pol\u00edcia Militar prende suspeitos de praticar assaltos em pelo menos quatro bairros de Jo\u00e3o Pessoa"},"content":{"rendered":"\n<p>Em apenas 12 horas, a Pol\u00edcia Militar tirou de circula\u00e7\u00e3o quatro suspeitos que vinham sendo apontados por moradores dos bairros do Treze de Maio, dos Estados, Torre e Pedro Gondim como autores de assaltos ocorridos no s\u00faltimos dias nessas localidades, em Jo\u00e3o Pessoa. As pris\u00f5es aconteceram entre \u00e0s 6h e 18h dessa ter\u00e7a-feira (12).<\/p>\n\n\n\n<p>A \u00faltima delas foi no fim da tarde, quando equipes do 1\u00ba Batalh\u00e3o\ncercaram o bairro de Mandacaru e prenderam um trio que usava um carro para fazer\narrast\u00f5es pelas ruas do Pedro Gondim e Bairro dos Estados. Os presos t\u00eam 25, 27\ne 21 anos e s\u00e3o do bairro onde foram presos. Com eles, foram recuperados tr\u00eas\ncelulares, dois notebooks, duas bolsas femininas, um perfume, \u00f3culos de sol e\num par de t\u00eanis. O ve\u00edculo usado nos assaltos tamb\u00e9m foi apreendido.<\/p>\n\n\n\n<p>No come\u00e7o da manh\u00e3, uma a\u00e7\u00e3o da For\u00e7a T\u00e1tica do 1\u00ba Batalh\u00e3o resultou na\npris\u00e3o, no bairro do Varadouro, do principal suspeito dos roubos que vinham ocorrendo\nnos bairros, utilizando uma moto na pr\u00e1tica dos crimes. Ele, que tem 39 anos,\nagia com um comparsa, mas esse segue procurado. No momento da pris\u00e3o, o acusado\nestava com um rev\u00f3lver calibre 38.\n\nNos\ndois casos, os suspeitos foram apresentados na Central de Pol\u00edcia Civil, no\nGeisel. \n\n\n\n<\/p>\n","protected":false},"excerpt":{"rendered":"<p>Em apenas 12 horas, a Pol\u00edcia Militar tirou de circula\u00e7\u00e3o quatro suspeitos que vinham sendo apontados por moradores dos bairros<\/p>\n","protected":false},"author":12,"featured_media":899721,"comment_status":"closed","ping_status":"closed","sticky":false,"template":"","format":"standard","meta":{"_exactmetrics_skip_tracking":false,"_exactmetrics_sitenote_active":false,"_exactmetrics_sitenote_note":"","_exactmetrics_sitenote_category":0,"footnotes":""},"categories":[4],"tags":[],"yoast_head":"<!-- This site is optimized with the Yoast SEO plugin v22.0 - https:\/\/yoast.com\/wordpress\/plugins\/seo\/ -->\n<title>Pol\u00edcia Militar prende suspeitos de praticar assaltos em pelo menos quatro bairros de Jo\u00e3o Pessoa - Pol\u00edcia Militar da Para\u00edba<\/title>\n<meta name=\"robots\" content=\"index, follow, max-snippet:-1, max-image-preview:large, max-video-preview:-1\" \/>\n<link rel=\"canonical\" href=\"https:\/\/www.pm.pb.gov.br\/portal\/2019\/02\/13\/policia-militar-prende-suspeitos-de-praticar-assaltos-em-pelo-menos-quatro-bairros-de-joao-pessoa\/\" \/>\n<meta property=\"og:locale\" content=\"pt_BR\" \/>\n<meta property=\"og:type\" content=\"article\" \/>\n<meta property=\"og:title\" content=\"Pol\u00edcia Militar prende suspeitos de praticar assaltos em pelo menos quatro bairros de Jo\u00e3o Pessoa - Pol\u00edcia Militar da Para\u00edba\" \/>\n<meta property=\"og:description\" content=\"Em apenas 12 horas, a Pol\u00edcia Militar tirou de circula\u00e7\u00e3o quatro suspeitos que vinham sendo apontados por moradores dos bairros\" \/>\n<meta property=\"og:url\" content=\"https:\/\/www.pm.pb.gov.br\/portal\/2019\/02\/13\/policia-militar-prende-suspeitos-de-praticar-assaltos-em-pelo-menos-quatro-bairros-de-joao-pessoa\/\" \/>\n<meta property=\"og:site_name\" content=\"Pol\u00edcia Militar da Para\u00edba\" \/>\n<meta property=\"article:published_time\" content=\"2019-02-13T11:42:46+00:00\" \/>\n<meta property=\"article:modified_time\" content=\"2019-02-13T14:57:42+00:00\" \/>\n<meta property=\"og:image\" content=\"https:\/\/www.pm.pb.gov.br\/portal\/wp-content\/uploads\/2019\/01\/ilustrativa.jpg\" \/>\n\t<meta property=\"og:image:width\" content=\"800\" \/>\n\t<meta property=\"og:image:height\" content=\"445\" \/>\n\t<meta property=\"og:image:type\" content=\"image\/jpeg\" \/>\n<meta name=\"author\" content=\"Tarcisio Oliveira\" \/>\n<meta name=\"twitter:card\" content=\"summary_large_image\" \/>\n<meta name=\"twitter:label1\" content=\"Escrito por\" \/>\n\t<meta name=\"twitter:data1\" content=\"Tarcisio Oliveira\" \/>\n\t<meta name=\"twitter:label2\" content=\"Est. tempo de leitura\" \/>\n\t<meta name=\"twitter:data2\" content=\"1 minuto\" \/>\n<script type=\"application\/ld+json\" class=\"yoast-schema-graph\">{\"@context\":\"https:\/\/schema.org\",\"@graph\":[{\"@type\":\"Article\",\"@id\":\"https:\/\/www.pm.pb.gov.br\/portal\/2019\/02\/13\/policia-militar-prende-suspeitos-de-praticar-assaltos-em-pelo-menos-quatro-bairros-de-joao-pessoa\/#article\",\"isPartOf\":{\"@id\":\"https:\/\/www.pm.pb.gov.br\/portal\/2019\/02\/13\/policia-militar-prende-suspeitos-de-praticar-assaltos-em-pelo-menos-quatro-bairros-de-joao-pessoa\/\"},\"author\":{\"name\":\"Tarcisio Oliveira\",\"@id\":\"https:\/\/www.pm.pb.gov.br\/portal\/#\/schema\/person\/f84f56dcc78ce4357054da888b8247fd\"},\"headline\":\"Pol\u00edcia Militar prende suspeitos de praticar assaltos em pelo menos quatro bairros de Jo\u00e3o Pessoa\",\"datePublished\":\"2019-02-13T11:42:46+00:00\",\"dateModified\":\"2019-02-13T14:57:42+00:00\",\"mainEntityOfPage\":{\"@id\":\"https:\/\/www.pm.pb.gov.br\/portal\/2019\/02\/13\/policia-militar-prende-suspeitos-de-praticar-assaltos-em-pelo-menos-quatro-bairros-de-joao-pessoa\/\"},\"wordCount\":243,\"publisher\":{\"@id\":\"https:\/\/www.pm.pb.gov.br\/portal\/#organization\"},\"articleSection\":[\"A\u00e7\u00f5es Policiais\"],\"inLanguage\":\"pt-BR\"},{\"@type\":\"WebPage\",\"@id\":\"https:\/\/www.pm.pb.gov.br\/portal\/2019\/02\/13\/policia-militar-prende-suspeitos-de-praticar-assaltos-em-pelo-menos-quatro-bairros-de-joao-pessoa\/\",\"url\":\"https:\/\/www.pm.pb.gov.br\/portal\/2019\/02\/13\/policia-militar-prende-suspeitos-de-praticar-assaltos-em-pelo-menos-quatro-bairros-de-joao-pessoa\/\",\"name\":\"Pol\u00edcia Militar prende suspeitos de praticar assaltos em pelo menos quatro bairros de Jo\u00e3o Pessoa - Pol\u00edcia Militar da Para\u00edba\",\"isPartOf\":{\"@id\":\"https:\/\/www.pm.pb.gov.br\/portal\/#website\"},\"datePublished\":\"2019-02-13T11:42:46+00:00\",\"dateModified\":\"2019-02-13T14:57:42+00:00\",\"breadcrumb\":{\"@id\":\"https:\/\/www.pm.pb.gov.br\/portal\/2019\/02\/13\/policia-militar-prende-suspeitos-de-praticar-assaltos-em-pelo-menos-quatro-bairros-de-joao-pessoa\/#breadcrumb\"},\"inLanguage\":\"pt-BR\",\"potentialAction\":[{\"@type\":\"ReadAction\",\"target\":[\"https:\/\/www.pm.pb.gov.br\/portal\/2019\/02\/13\/policia-militar-prende-suspeitos-de-praticar-assaltos-em-pelo-menos-quatro-bairros-de-joao-pessoa\/\"]}]},{\"@type\":\"BreadcrumbList\",\"@id\":\"https:\/\/www.pm.pb.gov.br\/portal\/2019\/02\/13\/policia-militar-prende-suspeitos-de-praticar-assaltos-em-pelo-menos-quatro-bairros-de-joao-pessoa\/#breadcrumb\",\"itemListElement\":[{\"@type\":\"ListItem\",\"position\":1,\"name\":\"In\u00edcio\",\"item\":\"https:\/\/www.pm.pb.gov.br\/portal\/\"},{\"@type\":\"ListItem\",\"position\":2,\"name\":\"Pol\u00edcia Militar prende suspeitos de praticar assaltos em pelo menos quatro bairros de Jo\u00e3o Pessoa\"}]},{\"@type\":\"WebSite\",\"@id\":\"https:\/\/www.pm.pb.gov.br\/portal\/#website\",\"url\":\"https:\/\/www.pm.pb.gov.br\/portal\/\",\"name\":\"Pol\u00edcia Militar da Para\u00edba\",\"description\":\"\",\"publisher\":{\"@id\":\"https:\/\/www.pm.pb.gov.br\/portal\/#organization\"},\"potentialAction\":[{\"@type\":\"SearchAction\",\"target\":{\"@type\":\"EntryPoint\",\"urlTemplate\":\"https:\/\/www.pm.pb.gov.br\/portal\/?s={search_term_string}\"},\"query-input\":\"required name=search_term_string\"}],\"inLanguage\":\"pt-BR\"},{\"@type\":\"Organization\",\"@id\":\"https:\/\/www.pm.pb.gov.br\/portal\/#organization\",\"name\":\"Pol\u00edcia Militar da Para\u00edba\",\"url\":\"https:\/\/www.pm.pb.gov.br\/portal\/\",\"logo\":{\"@type\":\"ImageObject\",\"inLanguage\":\"pt-BR\",\"@id\":\"https:\/\/www.pm.pb.gov.br\/portal\/#\/schema\/logo\/image\/\",\"url\":\"https:\/\/www.pm.pb.gov.br\/portal\/wp-content\/uploads\/2025\/03\/cropped-logo-site-mag2-1.png\",\"contentUrl\":\"https:\/\/www.pm.pb.gov.br\/portal\/wp-content\/uploads\/2025\/03\/cropped-logo-site-mag2-1.png\",\"width\":320,\"height\":90,\"caption\":\"Pol\u00edcia Militar da Para\u00edba\"},\"image\":{\"@id\":\"https:\/\/www.pm.pb.gov.br\/portal\/#\/schema\/logo\/image\/\"}},{\"@type\":\"Person\",\"@id\":\"https:\/\/www.pm.pb.gov.br\/portal\/#\/schema\/person\/f84f56dcc78ce4357054da888b8247fd\",\"name\":\"Tarcisio Oliveira\",\"image\":{\"@type\":\"ImageObject\",\"inLanguage\":\"pt-BR\",\"@id\":\"https:\/\/www.pm.pb.gov.br\/portal\/#\/schema\/person\/image\/\",\"url\":\"https:\/\/secure.gravatar.com\/avatar\/72917b630b69d31cd0297507f34bac97?s=96&d=mm&r=g\",\"contentUrl\":\"https:\/\/secure.gravatar.com\/avatar\/72917b630b69d31cd0297507f34bac97?s=96&d=mm&r=g\",\"caption\":\"Tarcisio Oliveira\"},\"url\":\"https:\/\/www.pm.pb.gov.br\/portal\/author\/tarcisio\/\"}]}<\/script>\n<!-- \/ Yoast SEO plugin. -->","yoast_head_json":{"title":"Pol\u00edcia Militar prende suspeitos de praticar assaltos em pelo menos quatro bairros de Jo\u00e3o Pessoa - Pol\u00edcia Militar da Para\u00edba","robots":{"index":"index","follow":"follow","max-snippet":"max-snippet:-1","max-image-preview":"max-image-preview:large","max-video-preview":"max-video-preview:-1"},"canonical":"https:\/\/www.pm.pb.gov.br\/portal\/2019\/02\/13\/policia-militar-prende-suspeitos-de-praticar-assaltos-em-pelo-menos-quatro-bairros-de-joao-pessoa\/","og_locale":"pt_BR","og_type":"article","og_title":"Pol\u00edcia Militar prende suspeitos de praticar assaltos em pelo menos quatro bairros de Jo\u00e3o Pessoa - Pol\u00edcia Militar da Para\u00edba","og_description":"Em apenas 12 horas, a Pol\u00edcia Militar tirou de circula\u00e7\u00e3o quatro suspeitos que vinham sendo apontados por moradores dos bairros","og_url":"https:\/\/www.pm.pb.gov.br\/portal\/2019\/02\/13\/policia-militar-prende-suspeitos-de-praticar-assaltos-em-pelo-menos-quatro-bairros-de-joao-pessoa\/","og_site_name":"Pol\u00edcia Militar da Para\u00edba","article_published_time":"2019-02-13T11:42:46+00:00","article_modified_time":"2019-02-13T14:57:42+00:00","og_image":[{"width":800,"height":445,"url":"https:\/\/www.pm.pb.gov.br\/portal\/wp-content\/uploads\/2019\/01\/ilustrativa.jpg","type":"image\/jpeg"}],"author":"Tarcisio Oliveira","twitter_card":"summary_large_image","twitter_misc":{"Escrito por":"Tarcisio Oliveira","Est. tempo de leitura":"1 minuto"},"schema":{"@context":"https:\/\/schema.org","@graph":[{"@type":"Article","@id":"https:\/\/www.pm.pb.gov.br\/portal\/2019\/02\/13\/policia-militar-prende-suspeitos-de-praticar-assaltos-em-pelo-menos-quatro-bairros-de-joao-pessoa\/#article","isPartOf":{"@id":"https:\/\/www.pm.pb.gov.br\/portal\/2019\/02\/13\/policia-militar-prende-suspeitos-de-praticar-assaltos-em-pelo-menos-quatro-bairros-de-joao-pessoa\/"},"author":{"name":"Tarcisio Oliveira","@id":"https:\/\/www.pm.pb.gov.br\/portal\/#\/schema\/person\/f84f56dcc78ce4357054da888b8247fd"},"headline":"Pol\u00edcia Militar prende suspeitos de praticar assaltos em pelo menos quatro bairros de Jo\u00e3o Pessoa","datePublished":"2019-02-13T11:42:46+00:00","dateModified":"2019-02-13T14:57:42+00:00","mainEntityOfPage":{"@id":"https:\/\/www.pm.pb.gov.br\/portal\/2019\/02\/13\/policia-militar-prende-suspeitos-de-praticar-assaltos-em-pelo-menos-quatro-bairros-de-joao-pessoa\/"},"wordCount":243,"publisher":{"@id":"https:\/\/www.pm.pb.gov.br\/portal\/#organization"},"articleSection":["A\u00e7\u00f5es Policiais"],"inLanguage":"pt-BR"},{"@type":"WebPage","@id":"https:\/\/www.pm.pb.gov.br\/portal\/2019\/02\/13\/policia-militar-prende-suspeitos-de-praticar-assaltos-em-pelo-menos-quatro-bairros-de-joao-pessoa\/","url":"https:\/\/www.pm.pb.gov.br\/portal\/2019\/02\/13\/policia-militar-prende-suspeitos-de-praticar-assaltos-em-pelo-menos-quatro-bairros-de-joao-pessoa\/","name":"Pol\u00edcia Militar prende suspeitos de praticar assaltos em pelo menos quatro bairros de Jo\u00e3o Pessoa - Pol\u00edcia Militar da Para\u00edba","isPartOf":{"@id":"https:\/\/www.pm.pb.gov.br\/portal\/#website"},"datePublished":"2019-02-13T11:42:46+00:00","dateModified":"2019-02-13T14:57:42+00:00","breadcrumb":{"@id":"https:\/\/www.pm.pb.gov.br\/portal\/2019\/02\/13\/policia-militar-prende-suspeitos-de-praticar-assaltos-em-pelo-menos-quatro-bairros-de-joao-pessoa\/#breadcrumb"},"inLanguage":"pt-BR","potentialAction":[{"@type":"ReadAction","target":["https:\/\/www.pm.pb.gov.br\/portal\/2019\/02\/13\/policia-militar-prende-suspeitos-de-praticar-assaltos-em-pelo-menos-quatro-bairros-de-joao-pessoa\/"]}]},{"@type":"BreadcrumbList","@id":"https:\/\/www.pm.pb.gov.br\/portal\/2019\/02\/13\/policia-militar-prende-suspeitos-de-praticar-assaltos-em-pelo-menos-quatro-bairros-de-joao-pessoa\/#breadcrumb","itemListElement":[{"@type":"ListItem","position":1,"name":"In\u00edcio","item":"https:\/\/www.pm.pb.gov.br\/portal\/"},{"@type":"ListItem","position":2,"name":"Pol\u00edcia Militar prende suspeitos de praticar assaltos em pelo menos quatro bairros de Jo\u00e3o Pessoa"}]},{"@type":"WebSite","@id":"https:\/\/www.pm.pb.gov.br\/portal\/#website","url":"https:\/\/www.pm.pb.gov.br\/portal\/","name":"Pol\u00edcia Militar da Para\u00edba","description":"","publisher":{"@id":"https:\/\/www.pm.pb.gov.br\/portal\/#organization"},"potentialAction":[{"@type":"SearchAction","target":{"@type":"EntryPoint","urlTemplate":"https:\/\/www.pm.pb.gov.br\/portal\/?s={search_term_string}"},"query-input":"required name=search_term_string"}],"inLanguage":"pt-BR"},{"@type":"Organization","@id":"https:\/\/www.pm.pb.gov.br\/portal\/#organization","name":"Pol\u00edcia Militar da Para\u00edba","url":"https:\/\/www.pm.pb.gov.br\/portal\/","logo":{"@type":"ImageObject","inLanguage":"pt-BR","@id":"https:\/\/www.pm.pb.gov.br\/portal\/#\/schema\/logo\/image\/","url":"https:\/\/www.pm.pb.gov.br\/portal\/wp-content\/uploads\/2025\/03\/cropped-logo-site-mag2-1.png","contentUrl":"https:\/\/www.pm.pb.gov.br\/portal\/wp-content\/uploads\/2025\/03\/cropped-logo-site-mag2-1.png","width":320,"height":90,"caption":"Pol\u00edcia Militar da Para\u00edba"},"image":{"@id":"https:\/\/www.pm.pb.gov.br\/portal\/#\/schema\/logo\/image\/"}},{"@type":"Person","@id":"https:\/\/www.pm.pb.gov.br\/portal\/#\/schema\/person\/f84f56dcc78ce4357054da888b8247fd","name":"Tarcisio Oliveira","image":{"@type":"ImageObject","inLanguage":"pt-BR","@id":"https:\/\/www.pm.pb.gov.br\/portal\/#\/schema\/person\/image\/","url":"https:\/\/secure.gravatar.com\/avatar\/72917b630b69d31cd0297507f34bac97?s=96&d=mm&r=g","contentUrl":"https:\/\/secure.gravatar.com\/avatar\/72917b630b69d31cd0297507f34bac97?s=96&d=mm&r=g","caption":"Tarcisio Oliveira"},"url":"https:\/\/www.pm.pb.gov.br\/portal\/author\/tarcisio\/"}]}},"_links":{"self":[{"href":"https:\/\/www.pm.pb.gov.br\/portal\/wp-json\/wp\/v2\/posts\/899976"}],"collection":[{"href":"https:\/\/www.pm.pb.gov.br\/portal\/wp-json\/wp\/v2\/posts"}],"about":[{"href":"https:\/\/www.pm.pb.gov.br\/portal\/wp-json\/wp\/v2\/types\/post"}],"author":[{"embeddable":true,"href":"https:\/\/www.pm.pb.gov.br\/portal\/wp-json\/wp\/v2\/users\/12"}],"replies":[{"embeddable":true,"href":"https:\/\/www.pm.pb.gov.br\/portal\/wp-json\/wp\/v2\/comments?post=899976"}],"version-history":[{"count":1,"href":"https:\/\/www.pm.pb.gov.br\/portal\/wp-json\/wp\/v2\/posts\/899976\/revisions"}],"predecessor-version":[{"id":899977,"href":"https:\/\/www.pm.pb.gov.br\/portal\/wp-json\/wp\/v2\/posts\/899976\/revisions\/899977"}],"wp:featuredmedia":[{"embeddable":true,"href":"https:\/\/www.pm.pb.gov.br\/portal\/wp-json\/wp\/v2\/media\/899721"}],"wp:attachment":[{"href":"https:\/\/www.pm.pb.gov.br\/portal\/wp-json\/wp\/v2\/media?parent=899976"}],"wp:term":[{"taxonomy":"category","embeddable":true,"href":"https:\/\/www.pm.pb.gov.br\/portal\/wp-json\/wp\/v2\/categories?post=899976"},{"taxonomy":"post_tag","embeddable":true,"href":"https:\/\/www.pm.pb.gov.br\/portal\/wp-json\/wp\/v2\/tags?post=899976"}],"curies":[{"name":"wp","href":"https:\/\/api.w.org\/{rel}","templated":true}]}}