{"id":899968,"date":"2019-02-12T17:51:26","date_gmt":"2019-02-12T20:51:26","guid":{"rendered":"http:\/\/www.pm.pb.gov.br\/portal\/?p=899968"},"modified":"2019-02-12T17:51:27","modified_gmt":"2019-02-12T20:51:27","slug":"policia-prende-suspeito-de-varios-assaltos-na-regiao-metropolitana-de-joao-pessoa%ef%bb%bf","status":"publish","type":"post","link":"https:\/\/www.pm.pb.gov.br\/portal\/2019\/02\/12\/policia-prende-suspeito-de-varios-assaltos-na-regiao-metropolitana-de-joao-pessoa%ef%bb%bf\/","title":{"rendered":"Pol\u00edcia prende suspeito de v\u00e1rios assaltos na regi\u00e3o metropolitana de Jo\u00e3o Pessoa\ufeff"},"content":{"rendered":"\n<p><br><\/p>\n\n\n\n<p>A Pol\u00edcia Militar prendeu um suspeito de 22 anos que \u00e9 acusado de v\u00e1rios assaltos, nas cidades de Bayeux e Santa Rita. Ele foi preso logo ap\u00f3s realizar uma s\u00e9rie de roubos durante a manh\u00e3 desta ter\u00e7a-feira (12), no bairro de V\u00e1rzea Nova, em Santa Rita, levando celulares de tr\u00eas v\u00edtimas.<\/p>\n\n\n\n<p>Todos os aparelhos foram recuperados pelos policiais do 7\u00ba Batalh\u00e3o, que apreenderam ainda com o suspeito uma moto que tinha sido tomada por assalto de uma mulher, no \u00faltimo fim de semana, em Bayeux.<\/p>\n\n\n\n<p>O acusado, que j\u00e1 respondia pelo crime de roubo, estava com um simulacro de arma de fogo &#8211; usado para intimidaras v\u00edtimas durante os assaltos. Ele foi apresentado na 5\u00aa Delegacia Seccional,no Centro de Santa Rita, onde novas v\u00edtimas devem comparecer para reconhec\u00ea-lo de outros crimes.<\/p>\n","protected":false},"excerpt":{"rendered":"<p>A Pol\u00edcia Militar prendeu um suspeito de 22 anos que \u00e9 acusado de v\u00e1rios assaltos, nas cidades de Bayeux e<\/p>\n","protected":false},"author":15,"featured_media":899969,"comment_status":"closed","ping_status":"closed","sticky":false,"template":"","format":"standard","meta":{"_exactmetrics_skip_tracking":false,"_exactmetrics_sitenote_active":false,"_exactmetrics_sitenote_note":"","_exactmetrics_sitenote_category":0,"footnotes":""},"categories":[4],"tags":[],"yoast_head":"<!-- This site is optimized with the Yoast SEO plugin v22.0 - https:\/\/yoast.com\/wordpress\/plugins\/seo\/ -->\n<title>Pol\u00edcia prende suspeito de v\u00e1rios assaltos na regi\u00e3o metropolitana de Jo\u00e3o Pessoa\ufeff - Pol\u00edcia Militar da Para\u00edba<\/title>\n<meta name=\"robots\" content=\"index, follow, max-snippet:-1, max-image-preview:large, max-video-preview:-1\" \/>\n<link rel=\"canonical\" href=\"https:\/\/www.pm.pb.gov.br\/portal\/2019\/02\/12\/policia-prende-suspeito-de-varios-assaltos-na-regiao-metropolitana-de-joao-pessoa\ufeff\/\" \/>\n<meta property=\"og:locale\" content=\"pt_BR\" \/>\n<meta property=\"og:type\" content=\"article\" \/>\n<meta property=\"og:title\" content=\"Pol\u00edcia prende suspeito de v\u00e1rios assaltos na regi\u00e3o metropolitana de Jo\u00e3o Pessoa\ufeff - Pol\u00edcia Militar da Para\u00edba\" \/>\n<meta property=\"og:description\" content=\"A Pol\u00edcia Militar prendeu um suspeito de 22 anos que \u00e9 acusado de v\u00e1rios assaltos, nas cidades de Bayeux e\" \/>\n<meta property=\"og:url\" content=\"https:\/\/www.pm.pb.gov.br\/portal\/2019\/02\/12\/policia-prende-suspeito-de-varios-assaltos-na-regiao-metropolitana-de-joao-pessoa\ufeff\/\" \/>\n<meta property=\"og:site_name\" content=\"Pol\u00edcia Militar da Para\u00edba\" \/>\n<meta property=\"article:published_time\" content=\"2019-02-12T20:51:26+00:00\" \/>\n<meta property=\"article:modified_time\" content=\"2019-02-12T20:51:27+00:00\" \/>\n<meta property=\"og:image\" content=\"https:\/\/www.pm.pb.gov.br\/portal\/wp-content\/uploads\/2019\/02\/WhatsApp-Image-2019-02-12-at-18.11.39.jpeg\" \/>\n\t<meta property=\"og:image:width\" content=\"1280\" \/>\n\t<meta property=\"og:image:height\" content=\"720\" \/>\n\t<meta property=\"og:image:type\" content=\"image\/jpeg\" \/>\n<meta name=\"author\" content=\"Marcio Gomes dos Santos\" \/>\n<meta name=\"twitter:card\" content=\"summary_large_image\" \/>\n<meta name=\"twitter:label1\" content=\"Escrito por\" \/>\n\t<meta name=\"twitter:data1\" content=\"Marcio Gomes dos Santos\" \/>\n\t<meta name=\"twitter:label2\" content=\"Est. tempo de leitura\" \/>\n\t<meta name=\"twitter:data2\" content=\"1 minuto\" \/>\n<script type=\"application\/ld+json\" class=\"yoast-schema-graph\">{\"@context\":\"https:\/\/schema.org\",\"@graph\":[{\"@type\":\"Article\",\"@id\":\"https:\/\/www.pm.pb.gov.br\/portal\/2019\/02\/12\/policia-prende-suspeito-de-varios-assaltos-na-regiao-metropolitana-de-joao-pessoa%ef%bb%bf\/#article\",\"isPartOf\":{\"@id\":\"https:\/\/www.pm.pb.gov.br\/portal\/2019\/02\/12\/policia-prende-suspeito-de-varios-assaltos-na-regiao-metropolitana-de-joao-pessoa%ef%bb%bf\/\"},\"author\":{\"name\":\"Marcio Gomes dos Santos\",\"@id\":\"https:\/\/www.pm.pb.gov.br\/portal\/#\/schema\/person\/30d571652b38533c2211e4e89bf5a502\"},\"headline\":\"Pol\u00edcia prende suspeito de v\u00e1rios assaltos na regi\u00e3o metropolitana de Jo\u00e3o Pessoa\ufeff\",\"datePublished\":\"2019-02-12T20:51:26+00:00\",\"dateModified\":\"2019-02-12T20:51:27+00:00\",\"mainEntityOfPage\":{\"@id\":\"https:\/\/www.pm.pb.gov.br\/portal\/2019\/02\/12\/policia-prende-suspeito-de-varios-assaltos-na-regiao-metropolitana-de-joao-pessoa%ef%bb%bf\/\"},\"wordCount\":155,\"publisher\":{\"@id\":\"https:\/\/www.pm.pb.gov.br\/portal\/#organization\"},\"articleSection\":[\"A\u00e7\u00f5es Policiais\"],\"inLanguage\":\"pt-BR\"},{\"@type\":\"WebPage\",\"@id\":\"https:\/\/www.pm.pb.gov.br\/portal\/2019\/02\/12\/policia-prende-suspeito-de-varios-assaltos-na-regiao-metropolitana-de-joao-pessoa%ef%bb%bf\/\",\"url\":\"https:\/\/www.pm.pb.gov.br\/portal\/2019\/02\/12\/policia-prende-suspeito-de-varios-assaltos-na-regiao-metropolitana-de-joao-pessoa%ef%bb%bf\/\",\"name\":\"Pol\u00edcia prende suspeito de v\u00e1rios assaltos na regi\u00e3o metropolitana de Jo\u00e3o Pessoa\ufeff - Pol\u00edcia Militar da Para\u00edba\",\"isPartOf\":{\"@id\":\"https:\/\/www.pm.pb.gov.br\/portal\/#website\"},\"datePublished\":\"2019-02-12T20:51:26+00:00\",\"dateModified\":\"2019-02-12T20:51:27+00:00\",\"breadcrumb\":{\"@id\":\"https:\/\/www.pm.pb.gov.br\/portal\/2019\/02\/12\/policia-prende-suspeito-de-varios-assaltos-na-regiao-metropolitana-de-joao-pessoa%ef%bb%bf\/#breadcrumb\"},\"inLanguage\":\"pt-BR\",\"potentialAction\":[{\"@type\":\"ReadAction\",\"target\":[\"https:\/\/www.pm.pb.gov.br\/portal\/2019\/02\/12\/policia-prende-suspeito-de-varios-assaltos-na-regiao-metropolitana-de-joao-pessoa%ef%bb%bf\/\"]}]},{\"@type\":\"BreadcrumbList\",\"@id\":\"https:\/\/www.pm.pb.gov.br\/portal\/2019\/02\/12\/policia-prende-suspeito-de-varios-assaltos-na-regiao-metropolitana-de-joao-pessoa%ef%bb%bf\/#breadcrumb\",\"itemListElement\":[{\"@type\":\"ListItem\",\"position\":1,\"name\":\"In\u00edcio\",\"item\":\"https:\/\/www.pm.pb.gov.br\/portal\/\"},{\"@type\":\"ListItem\",\"position\":2,\"name\":\"Pol\u00edcia prende suspeito de v\u00e1rios assaltos na regi\u00e3o metropolitana de Jo\u00e3o Pessoa\ufeff\"}]},{\"@type\":\"WebSite\",\"@id\":\"https:\/\/www.pm.pb.gov.br\/portal\/#website\",\"url\":\"https:\/\/www.pm.pb.gov.br\/portal\/\",\"name\":\"Pol\u00edcia Militar da Para\u00edba\",\"description\":\"\",\"publisher\":{\"@id\":\"https:\/\/www.pm.pb.gov.br\/portal\/#organization\"},\"potentialAction\":[{\"@type\":\"SearchAction\",\"target\":{\"@type\":\"EntryPoint\",\"urlTemplate\":\"https:\/\/www.pm.pb.gov.br\/portal\/?s={search_term_string}\"},\"query-input\":\"required name=search_term_string\"}],\"inLanguage\":\"pt-BR\"},{\"@type\":\"Organization\",\"@id\":\"https:\/\/www.pm.pb.gov.br\/portal\/#organization\",\"name\":\"Pol\u00edcia Militar da Para\u00edba\",\"url\":\"https:\/\/www.pm.pb.gov.br\/portal\/\",\"logo\":{\"@type\":\"ImageObject\",\"inLanguage\":\"pt-BR\",\"@id\":\"https:\/\/www.pm.pb.gov.br\/portal\/#\/schema\/logo\/image\/\",\"url\":\"https:\/\/www.pm.pb.gov.br\/portal\/wp-content\/uploads\/2025\/03\/cropped-logo-site-mag2-1.png\",\"contentUrl\":\"https:\/\/www.pm.pb.gov.br\/portal\/wp-content\/uploads\/2025\/03\/cropped-logo-site-mag2-1.png\",\"width\":320,\"height\":90,\"caption\":\"Pol\u00edcia Militar da Para\u00edba\"},\"image\":{\"@id\":\"https:\/\/www.pm.pb.gov.br\/portal\/#\/schema\/logo\/image\/\"}},{\"@type\":\"Person\",\"@id\":\"https:\/\/www.pm.pb.gov.br\/portal\/#\/schema\/person\/30d571652b38533c2211e4e89bf5a502\",\"name\":\"Marcio Gomes dos Santos\",\"image\":{\"@type\":\"ImageObject\",\"inLanguage\":\"pt-BR\",\"@id\":\"https:\/\/www.pm.pb.gov.br\/portal\/#\/schema\/person\/image\/\",\"url\":\"https:\/\/secure.gravatar.com\/avatar\/cf4ec2cb690101e1581c7773aa350c19?s=96&d=mm&r=g\",\"contentUrl\":\"https:\/\/secure.gravatar.com\/avatar\/cf4ec2cb690101e1581c7773aa350c19?s=96&d=mm&r=g\",\"caption\":\"Marcio Gomes dos Santos\"},\"url\":\"https:\/\/www.pm.pb.gov.br\/portal\/author\/mgomes\/\"}]}<\/script>\n<!-- \/ Yoast SEO plugin. -->","yoast_head_json":{"title":"Pol\u00edcia prende suspeito de v\u00e1rios assaltos na regi\u00e3o metropolitana de Jo\u00e3o Pessoa\ufeff - Pol\u00edcia Militar da Para\u00edba","robots":{"index":"index","follow":"follow","max-snippet":"max-snippet:-1","max-image-preview":"max-image-preview:large","max-video-preview":"max-video-preview:-1"},"canonical":"https:\/\/www.pm.pb.gov.br\/portal\/2019\/02\/12\/policia-prende-suspeito-de-varios-assaltos-na-regiao-metropolitana-de-joao-pessoa\ufeff\/","og_locale":"pt_BR","og_type":"article","og_title":"Pol\u00edcia prende suspeito de v\u00e1rios assaltos na regi\u00e3o metropolitana de Jo\u00e3o Pessoa\ufeff - Pol\u00edcia Militar da Para\u00edba","og_description":"A Pol\u00edcia Militar prendeu um suspeito de 22 anos que \u00e9 acusado de v\u00e1rios assaltos, nas cidades de Bayeux e","og_url":"https:\/\/www.pm.pb.gov.br\/portal\/2019\/02\/12\/policia-prende-suspeito-de-varios-assaltos-na-regiao-metropolitana-de-joao-pessoa\ufeff\/","og_site_name":"Pol\u00edcia Militar da Para\u00edba","article_published_time":"2019-02-12T20:51:26+00:00","article_modified_time":"2019-02-12T20:51:27+00:00","og_image":[{"width":1280,"height":720,"url":"https:\/\/www.pm.pb.gov.br\/portal\/wp-content\/uploads\/2019\/02\/WhatsApp-Image-2019-02-12-at-18.11.39.jpeg","type":"image\/jpeg"}],"author":"Marcio Gomes dos Santos","twitter_card":"summary_large_image","twitter_misc":{"Escrito por":"Marcio Gomes dos Santos","Est. tempo de leitura":"1 minuto"},"schema":{"@context":"https:\/\/schema.org","@graph":[{"@type":"Article","@id":"https:\/\/www.pm.pb.gov.br\/portal\/2019\/02\/12\/policia-prende-suspeito-de-varios-assaltos-na-regiao-metropolitana-de-joao-pessoa%ef%bb%bf\/#article","isPartOf":{"@id":"https:\/\/www.pm.pb.gov.br\/portal\/2019\/02\/12\/policia-prende-suspeito-de-varios-assaltos-na-regiao-metropolitana-de-joao-pessoa%ef%bb%bf\/"},"author":{"name":"Marcio Gomes dos Santos","@id":"https:\/\/www.pm.pb.gov.br\/portal\/#\/schema\/person\/30d571652b38533c2211e4e89bf5a502"},"headline":"Pol\u00edcia prende suspeito de v\u00e1rios assaltos na regi\u00e3o metropolitana de Jo\u00e3o Pessoa\ufeff","datePublished":"2019-02-12T20:51:26+00:00","dateModified":"2019-02-12T20:51:27+00:00","mainEntityOfPage":{"@id":"https:\/\/www.pm.pb.gov.br\/portal\/2019\/02\/12\/policia-prende-suspeito-de-varios-assaltos-na-regiao-metropolitana-de-joao-pessoa%ef%bb%bf\/"},"wordCount":155,"publisher":{"@id":"https:\/\/www.pm.pb.gov.br\/portal\/#organization"},"articleSection":["A\u00e7\u00f5es Policiais"],"inLanguage":"pt-BR"},{"@type":"WebPage","@id":"https:\/\/www.pm.pb.gov.br\/portal\/2019\/02\/12\/policia-prende-suspeito-de-varios-assaltos-na-regiao-metropolitana-de-joao-pessoa%ef%bb%bf\/","url":"https:\/\/www.pm.pb.gov.br\/portal\/2019\/02\/12\/policia-prende-suspeito-de-varios-assaltos-na-regiao-metropolitana-de-joao-pessoa%ef%bb%bf\/","name":"Pol\u00edcia prende suspeito de v\u00e1rios assaltos na regi\u00e3o metropolitana de Jo\u00e3o Pessoa\ufeff - Pol\u00edcia Militar da Para\u00edba","isPartOf":{"@id":"https:\/\/www.pm.pb.gov.br\/portal\/#website"},"datePublished":"2019-02-12T20:51:26+00:00","dateModified":"2019-02-12T20:51:27+00:00","breadcrumb":{"@id":"https:\/\/www.pm.pb.gov.br\/portal\/2019\/02\/12\/policia-prende-suspeito-de-varios-assaltos-na-regiao-metropolitana-de-joao-pessoa%ef%bb%bf\/#breadcrumb"},"inLanguage":"pt-BR","potentialAction":[{"@type":"ReadAction","target":["https:\/\/www.pm.pb.gov.br\/portal\/2019\/02\/12\/policia-prende-suspeito-de-varios-assaltos-na-regiao-metropolitana-de-joao-pessoa%ef%bb%bf\/"]}]},{"@type":"BreadcrumbList","@id":"https:\/\/www.pm.pb.gov.br\/portal\/2019\/02\/12\/policia-prende-suspeito-de-varios-assaltos-na-regiao-metropolitana-de-joao-pessoa%ef%bb%bf\/#breadcrumb","itemListElement":[{"@type":"ListItem","position":1,"name":"In\u00edcio","item":"https:\/\/www.pm.pb.gov.br\/portal\/"},{"@type":"ListItem","position":2,"name":"Pol\u00edcia prende suspeito de v\u00e1rios assaltos na regi\u00e3o metropolitana de Jo\u00e3o Pessoa\ufeff"}]},{"@type":"WebSite","@id":"https:\/\/www.pm.pb.gov.br\/portal\/#website","url":"https:\/\/www.pm.pb.gov.br\/portal\/","name":"Pol\u00edcia Militar da Para\u00edba","description":"","publisher":{"@id":"https:\/\/www.pm.pb.gov.br\/portal\/#organization"},"potentialAction":[{"@type":"SearchAction","target":{"@type":"EntryPoint","urlTemplate":"https:\/\/www.pm.pb.gov.br\/portal\/?s={search_term_string}"},"query-input":"required name=search_term_string"}],"inLanguage":"pt-BR"},{"@type":"Organization","@id":"https:\/\/www.pm.pb.gov.br\/portal\/#organization","name":"Pol\u00edcia Militar da Para\u00edba","url":"https:\/\/www.pm.pb.gov.br\/portal\/","logo":{"@type":"ImageObject","inLanguage":"pt-BR","@id":"https:\/\/www.pm.pb.gov.br\/portal\/#\/schema\/logo\/image\/","url":"https:\/\/www.pm.pb.gov.br\/portal\/wp-content\/uploads\/2025\/03\/cropped-logo-site-mag2-1.png","contentUrl":"https:\/\/www.pm.pb.gov.br\/portal\/wp-content\/uploads\/2025\/03\/cropped-logo-site-mag2-1.png","width":320,"height":90,"caption":"Pol\u00edcia Militar da Para\u00edba"},"image":{"@id":"https:\/\/www.pm.pb.gov.br\/portal\/#\/schema\/logo\/image\/"}},{"@type":"Person","@id":"https:\/\/www.pm.pb.gov.br\/portal\/#\/schema\/person\/30d571652b38533c2211e4e89bf5a502","name":"Marcio Gomes dos Santos","image":{"@type":"ImageObject","inLanguage":"pt-BR","@id":"https:\/\/www.pm.pb.gov.br\/portal\/#\/schema\/person\/image\/","url":"https:\/\/secure.gravatar.com\/avatar\/cf4ec2cb690101e1581c7773aa350c19?s=96&d=mm&r=g","contentUrl":"https:\/\/secure.gravatar.com\/avatar\/cf4ec2cb690101e1581c7773aa350c19?s=96&d=mm&r=g","caption":"Marcio Gomes dos Santos"},"url":"https:\/\/www.pm.pb.gov.br\/portal\/author\/mgomes\/"}]}},"_links":{"self":[{"href":"https:\/\/www.pm.pb.gov.br\/portal\/wp-json\/wp\/v2\/posts\/899968"}],"collection":[{"href":"https:\/\/www.pm.pb.gov.br\/portal\/wp-json\/wp\/v2\/posts"}],"about":[{"href":"https:\/\/www.pm.pb.gov.br\/portal\/wp-json\/wp\/v2\/types\/post"}],"author":[{"embeddable":true,"href":"https:\/\/www.pm.pb.gov.br\/portal\/wp-json\/wp\/v2\/users\/15"}],"replies":[{"embeddable":true,"href":"https:\/\/www.pm.pb.gov.br\/portal\/wp-json\/wp\/v2\/comments?post=899968"}],"version-history":[{"count":1,"href":"https:\/\/www.pm.pb.gov.br\/portal\/wp-json\/wp\/v2\/posts\/899968\/revisions"}],"predecessor-version":[{"id":899970,"href":"https:\/\/www.pm.pb.gov.br\/portal\/wp-json\/wp\/v2\/posts\/899968\/revisions\/899970"}],"wp:featuredmedia":[{"embeddable":true,"href":"https:\/\/www.pm.pb.gov.br\/portal\/wp-json\/wp\/v2\/media\/899969"}],"wp:attachment":[{"href":"https:\/\/www.pm.pb.gov.br\/portal\/wp-json\/wp\/v2\/media?parent=899968"}],"wp:term":[{"taxonomy":"category","embeddable":true,"href":"https:\/\/www.pm.pb.gov.br\/portal\/wp-json\/wp\/v2\/categories?post=899968"},{"taxonomy":"post_tag","embeddable":true,"href":"https:\/\/www.pm.pb.gov.br\/portal\/wp-json\/wp\/v2\/tags?post=899968"}],"curies":[{"name":"wp","href":"https:\/\/api.w.org\/{rel}","templated":true}]}}