{"id":899855,"date":"2019-01-31T15:57:46","date_gmt":"2019-01-31T18:57:46","guid":{"rendered":"http:\/\/www.pm.pb.gov.br\/portal\/?p=899855"},"modified":"2019-01-31T15:57:47","modified_gmt":"2019-01-31T18:57:47","slug":"paraiba-registra-menor-indice-de-assassinatos-em-janeiro-e-governo-anuncia-criacao-de-batalhao-motorizado","status":"publish","type":"post","link":"https:\/\/www.pm.pb.gov.br\/portal\/2019\/01\/31\/paraiba-registra-menor-indice-de-assassinatos-em-janeiro-e-governo-anuncia-criacao-de-batalhao-motorizado\/","title":{"rendered":"Para\u00edba registra menor \u00edndice de assassinatos em janeiro e governo anuncia cria\u00e7\u00e3o de Batalh\u00e3o Motorizado"},"content":{"rendered":"\n<p>Janeiro de 2019 \u00e9 o m\u00eas com menor registro de assassinatos na Para\u00edba desde a implanta\u00e7\u00e3o do Programa Para\u00edba Unida pela Paz.O n\u00famero foi confirmado pelo governador Jo\u00e3o Azev\u00eado, nesta quinta-feira (31),durante reuni\u00e3o de monitoramento com os gestores de Seguran\u00e7a P\u00fablica do Estado, na qual tamb\u00e9m foi apresentado o Anu\u00e1rio de Seguran\u00e7a P\u00fablica 2018, que ratificou a redu\u00e7\u00e3o de crimes contra a vida durante sete anos seguidos no territ\u00f3rio paraibano.<\/p>\n\n\n\n<p>De acordo com o governador Jo\u00e3o Azev\u00eado, os dados\napresentados demonstram a for\u00e7a da pol\u00edtica de seguran\u00e7a p\u00fablica implantada no\nEstado nos \u00faltimos anos, com destaque para janeiro deste ano, quando foi registrada\numa redu\u00e7\u00e3o significativa no n\u00famero de assassinatos. \u201cGra\u00e7as\nao esfor\u00e7o de todo time que faz a seguran\u00e7a do Estado, tivemos redu\u00e7\u00f5es\nsignificativas em todos os segmentos que analisamos; seja de roubos a bancos a\nassassinatos. N\u00f3s temos a responsabilidade, cada vez maior, de continuar\ninvestindo para que esses n\u00fameros sejam reduzidos cada vez mais\u201d, ressaltou.<\/p>\n\n\n\n<p>Al\u00e9m da implanta\u00e7\u00e3o dos Centros de Comando e Controle em v\u00e1rias\nregi\u00f5es do Estado, o chefe do Executivo estadual tamb\u00e9m anunciou, na oportunidade,\na cria\u00e7\u00e3o do Batalh\u00e3o Motorizado que pretende dar agilidade \u00e0 Pol\u00edcia no\ncombate ao crime. \u201cEsse conjunto de a\u00e7\u00f5es permitir\u00e1 que a Para\u00edba se mantenha\ncomo Estado do Brasil que mais reduziu crimes de CVLI, que mais reduziu crimes\ncontra a mulher, que mais reduziu crimes no Nordeste; isso \u00e9 o que interessa\ndentro de uma pol\u00edtica de seguran\u00e7a como essa que tem demonstrado resultados\u201d,\ndestacou.<\/p>\n\n\n\n<p>Ele ainda garantiu a continuidade de reuni\u00f5es mensais com toda a\nc\u00fapula da Seguran\u00e7a do Estado para potencializar o combate \u00e0 viol\u00eancia. \u201cVamos\ndar continuidade aos programas em andamento na \u00e1rea da seguran\u00e7a, implementando\nnovas a\u00e7\u00f5es para que a gente possa reduzir cada vez mais esses \u00edndices\u201d,\nacrescentou.<\/p>\n\n\n\n<p>O secret\u00e1rio de Seguran\u00e7a P\u00fablica, Jean Nunes, assegurou que\nfortalecer\u00e1 as a\u00e7\u00f5es j\u00e1 desenvolvidas no programa \u2018Para\u00edba Unida pela Paz\u2019 para\nque o Estado continue dando respostas \u00e0 sociedade. \u201cJaneiro foi o melhor m\u00eas da\ns\u00e9rie hist\u00f3rica desse acompanhamento que estamos fazendo. N\u00f3s temos n\u00fameros\nsignificativos diante da realidade que a gente encontra. Vamos continuar\nfortalecendo a for\u00e7a-tarefa dos bancos, continuar fortalecendo as delegacias de\ncrimes contra o patrim\u00f4nio e o combate aos homic\u00eddios\u201d, enfatizou.<\/p>\n\n\n\n<p>J\u00e1 o comandante geral da Pol\u00edcia Militar, coronel Euller Chaves,\ndisse que os n\u00fameros positivos s\u00e3o fruto do trabalho de homens e mulheres que\nfazem a seguran\u00e7a da Para\u00edba. Ele ainda adiantou que o Batalh\u00e3o Motorizado ser\u00e1\ninstalado ainda neste semestre no Estado. \u201cN\u00f3s agregaremos todas as for\u00e7as de motociclistas\noperacionais nesse Batalh\u00e3o e o local que ser\u00e1 escolhido ter\u00e1 uma vis\u00e3o\nprivilegiada. A nossa meta \u00e9 potencializar a utiliza\u00e7\u00e3o dessas motocicletas no\npoliciamento ostensivo e vamos colocar a Para\u00edba mais ainda como refer\u00eancia na\nseguran\u00e7a p\u00fablica na Regi\u00e3o e no Brasil\u201d, adiantou.<\/p>\n\n\n\n<p><strong>Dados &#8211;<\/strong> Segundo o documento\nproduzido pelo N\u00facleo de An\u00e1lise Criminal e Estat\u00edstica (Nace) da Secretaria da\nSeguran\u00e7a e da Defesa Social (Sesds) \u2013 o Anu\u00e1rio da Seguran\u00e7a P\u00fablica 2018, a\nPara\u00edba registrou 1.210 casos de Crimes Violentos Letais Intencionais (CVLI) \u2013\nhomic\u00eddios dolosos ou qualquer outro crime doloso que resulte em morte \u2013 no ano\npassado, o que representa 5,8% a menos que em 2017, quando foram contabilizadas\n1.284 ocorr\u00eancias desse tipo. No ano de 2010, o n\u00famero de assassinatos no\nestado era de 1.563. Em termos de taxa, a redu\u00e7\u00e3o acumulada \u00e9 de 32%, saindo de\n44,3 assassinatos por 100 mil habitantes em 2011 para 30,3 em 2018. No m\u00eas de\njaneiro deste ano, at\u00e9 o dia 30, foram computados 73 CVLI.&nbsp;<\/p>\n\n\n\n<p>A Para\u00edba tamb\u00e9m saiu da 3\u00aa posi\u00e7\u00e3o no ranking\ndas unidades federativas com maiores taxas de CVLI em 2011 para a 14\u00aa posi\u00e7\u00e3o,\nobtendo, pela primeira vez na d\u00e9cada uma taxa de homic\u00eddios inferior \u00e0 m\u00e9dia\nnacional.&nbsp;<\/p>\n\n\n\n<p>O Anu\u00e1rio ainda demonstra que a redu\u00e7\u00e3o acumulada\nde assassinatos de mulheres na Para\u00edba \u00e9 29%, j\u00e1 que o n\u00famero de ocorr\u00eancias\nsaiu de 119 casos em 2010 para 84 registros em 2018. Em termos de taxa, o\nestado saiu de 6,13 mortes de mulheres por 100 mil habitantes para 4,8 no ano\npassado. No cen\u00e1rio nacional, a Para\u00edba saiu da 4\u00aa posi\u00e7\u00e3o em 2010 para a 19\u00aa\nem 2017, no ranking das unidades da federa\u00e7\u00e3o com maiores taxas de homic\u00eddios\nde mulheres.&nbsp;<br>\n<br>\n<\/p>\n\n\n\n<p>Na d\u00e9cada atual, Jo\u00e3o Pessoa \u00e9 a cidade com maior\nredu\u00e7\u00e3o percentual acumulada entre todas as capitais do pa\u00eds, com 55% de queda\nde crimes contra a vida. O registro de assassinatos saiu de 580 casos em 2010\npara 247 no ano passado, o que significa uma redu\u00e7\u00e3o de 57%. A taxa saiu de\n80,2 para 30,9 por cem mil habitantes. J\u00e1 Campina Grande \u00e9 a metr\u00f3pole do\ninterior do Nordeste com menor taxa de homic\u00eddios em 2018. A cidade registrou\n199 CVLI em 2010 e 95 no ano passado (redu\u00e7\u00e3o de 51,7 para 23,3 em termos de\ntaxa).<br>\n<br>\n<\/p>\n\n\n\n<p><strong>Redu\u00e7\u00e3o de crimes contra institui\u00e7\u00f5es financeiras<\/strong> \u2013 Ainda de acordo com o Anu\u00e1rio da Seguran\u00e7a P\u00fablica 2018,\ntamb\u00e9m houve redu\u00e7\u00e3o de crimes contra institui\u00e7\u00f5es financeiras no Estado. Em\n2017 foram 97 casos e no ano passado foram 76 ocorr\u00eancias. Nos furtos com\nexplos\u00f5es, foram 23 registros a menos (-28%).<\/p>\n\n\n\n<p>Este ano, a Secretaria da Seguran\u00e7a e da Defesa\nSocial criou uma for\u00e7a-tarefa para realizar o enfrentamento de roubos e furtos\nqualificados a banco, por meio do fortalecimento de delegacias, cria\u00e7\u00e3o de um\nbanco de dados de material biol\u00f3gico por parte do Instituto de Pol\u00edcia\nCient\u00edfica e integra\u00e7\u00e3o entre as pol\u00edcias Civil, Militar e pol\u00edcias de outros\nestados. No m\u00eas de janeiro, o trabalho integrado prendeu suspeitos desse tipo\nde crime na regi\u00e3o metropolitana e no sert\u00e3o da Para\u00edba.<\/p>\n\n\n\n<p><strong>Apreens\u00e3o de armas e drogas<\/strong> \u2013\nNo ano de 2018, as for\u00e7as de seguran\u00e7a da Para\u00edba apreenderam 2.440 armas de\nfogo, entre rev\u00f3lveres, pistolas, espingardas e outros armamentos de grosso\ncalibre. Foram 23.907 armas retiradas de circula\u00e7\u00e3o desde a implanta\u00e7\u00e3o do\nPrograma Para\u00edba Unida pela Paz. Em rela\u00e7\u00e3o \u00e0s drogas, o total apreendido \u00e9 de\n15,5 toneladas de entorpecentes apreendidos em a\u00e7\u00f5es policiais voltadas para o\nenfrentamento \u00e0 comercializa\u00e7\u00e3o de entorpecentes.<\/p>\n\n\n\n<p>Somente no ano de 2018, foram 2 toneladas e 703\nquilos de maconha, coca\u00edna, crack e outras drogas que deixaram de ser vendidas\nem territ\u00f3rio paraibano e ao longo de oito anos uma m\u00e9dia de 5,3 quilos de\nentorpecentes foram apreendidos por dia pelas pol\u00edcias Militar e Civil. Em\njaneiro de 2019, o resultado foi uma redu\u00e7\u00e3o de 51% dos homic\u00eddios por arma de\nfogo em rela\u00e7\u00e3o ao mesmo m\u00eas do ano anterior.<\/p>\n\n\n\n<p>Estiveram presentes na reuni\u00e3o, al\u00e9m do\ngovernador Jo\u00e3o Azev\u00eado e do secret\u00e1rio da Seguran\u00e7a e da Defesa Social, Jean\nNunes, o secret\u00e1rio executivo, Lamark Donato, o secret\u00e1rio executivo de\nAdministra\u00e7\u00e3o Penitenci\u00e1ria, Jo\u00e3o Paulo Ferreira Barros, o comandante geral da\nPol\u00edcia Militar, coronel Euller Chaves, o delegado geral de Pol\u00edcia Civil,\nIsa\u00edas Gualberto, e o coronel Marcelo Ara\u00fajo, comandante do Corpo de Bombeiros,\ne ainda outros gestores da pasta e de Regi\u00f5es e \u00c1reas Integradas de Seguran\u00e7a\nP\u00fablica das Pol\u00edcias Militar, Civil e do Corpo de Bombeiros Militar.<\/p>\n","protected":false},"excerpt":{"rendered":"<p>Janeiro de 2019 \u00e9 o m\u00eas com menor registro de assassinatos na Para\u00edba desde a implanta\u00e7\u00e3o do Programa Para\u00edba Unida<\/p>\n","protected":false},"author":12,"featured_media":899856,"comment_status":"closed","ping_status":"closed","sticky":false,"template":"","format":"standard","meta":{"_exactmetrics_skip_tracking":false,"_exactmetrics_sitenote_active":false,"_exactmetrics_sitenote_note":"","_exactmetrics_sitenote_category":0,"footnotes":""},"categories":[15],"tags":[],"yoast_head":"<!-- This site is optimized with the Yoast SEO plugin v22.0 - https:\/\/yoast.com\/wordpress\/plugins\/seo\/ -->\n<title>Para\u00edba registra menor \u00edndice de assassinatos em janeiro e governo anuncia cria\u00e7\u00e3o de Batalh\u00e3o Motorizado - Pol\u00edcia Militar da Para\u00edba<\/title>\n<meta name=\"robots\" content=\"index, follow, max-snippet:-1, max-image-preview:large, max-video-preview:-1\" \/>\n<link rel=\"canonical\" href=\"https:\/\/www.pm.pb.gov.br\/portal\/2019\/01\/31\/paraiba-registra-menor-indice-de-assassinatos-em-janeiro-e-governo-anuncia-criacao-de-batalhao-motorizado\/\" \/>\n<meta property=\"og:locale\" content=\"pt_BR\" \/>\n<meta property=\"og:type\" content=\"article\" \/>\n<meta property=\"og:title\" content=\"Para\u00edba registra menor \u00edndice de assassinatos em janeiro e governo anuncia cria\u00e7\u00e3o de Batalh\u00e3o Motorizado - Pol\u00edcia Militar da Para\u00edba\" \/>\n<meta property=\"og:description\" content=\"Janeiro de 2019 \u00e9 o m\u00eas com menor registro de assassinatos na Para\u00edba desde a implanta\u00e7\u00e3o do Programa Para\u00edba Unida\" \/>\n<meta property=\"og:url\" content=\"https:\/\/www.pm.pb.gov.br\/portal\/2019\/01\/31\/paraiba-registra-menor-indice-de-assassinatos-em-janeiro-e-governo-anuncia-criacao-de-batalhao-motorizado\/\" \/>\n<meta property=\"og:site_name\" content=\"Pol\u00edcia Militar da Para\u00edba\" \/>\n<meta property=\"article:published_time\" content=\"2019-01-31T18:57:46+00:00\" \/>\n<meta property=\"article:modified_time\" content=\"2019-01-31T18:57:47+00:00\" \/>\n<meta property=\"og:image\" content=\"https:\/\/www.pm.pb.gov.br\/portal\/wp-content\/uploads\/2019\/01\/reuniaopalacio.jpeg\" \/>\n\t<meta property=\"og:image:width\" content=\"800\" \/>\n\t<meta property=\"og:image:height\" content=\"445\" \/>\n\t<meta property=\"og:image:type\" content=\"image\/jpeg\" \/>\n<meta name=\"author\" content=\"Tarcisio Oliveira\" \/>\n<meta name=\"twitter:card\" content=\"summary_large_image\" \/>\n<meta name=\"twitter:label1\" content=\"Escrito por\" \/>\n\t<meta name=\"twitter:data1\" content=\"Tarcisio Oliveira\" \/>\n\t<meta name=\"twitter:label2\" content=\"Est. tempo de leitura\" \/>\n\t<meta name=\"twitter:data2\" content=\"6 minutos\" \/>\n<script type=\"application\/ld+json\" class=\"yoast-schema-graph\">{\"@context\":\"https:\/\/schema.org\",\"@graph\":[{\"@type\":\"Article\",\"@id\":\"https:\/\/www.pm.pb.gov.br\/portal\/2019\/01\/31\/paraiba-registra-menor-indice-de-assassinatos-em-janeiro-e-governo-anuncia-criacao-de-batalhao-motorizado\/#article\",\"isPartOf\":{\"@id\":\"https:\/\/www.pm.pb.gov.br\/portal\/2019\/01\/31\/paraiba-registra-menor-indice-de-assassinatos-em-janeiro-e-governo-anuncia-criacao-de-batalhao-motorizado\/\"},\"author\":{\"name\":\"Tarcisio Oliveira\",\"@id\":\"https:\/\/www.pm.pb.gov.br\/portal\/#\/schema\/person\/f84f56dcc78ce4357054da888b8247fd\"},\"headline\":\"Para\u00edba registra menor \u00edndice de assassinatos em janeiro e governo anuncia cria\u00e7\u00e3o de Batalh\u00e3o Motorizado\",\"datePublished\":\"2019-01-31T18:57:46+00:00\",\"dateModified\":\"2019-01-31T18:57:47+00:00\",\"mainEntityOfPage\":{\"@id\":\"https:\/\/www.pm.pb.gov.br\/portal\/2019\/01\/31\/paraiba-registra-menor-indice-de-assassinatos-em-janeiro-e-governo-anuncia-criacao-de-batalhao-motorizado\/\"},\"wordCount\":1285,\"publisher\":{\"@id\":\"https:\/\/www.pm.pb.gov.br\/portal\/#organization\"},\"articleSection\":[\"Informativo\"],\"inLanguage\":\"pt-BR\"},{\"@type\":\"WebPage\",\"@id\":\"https:\/\/www.pm.pb.gov.br\/portal\/2019\/01\/31\/paraiba-registra-menor-indice-de-assassinatos-em-janeiro-e-governo-anuncia-criacao-de-batalhao-motorizado\/\",\"url\":\"https:\/\/www.pm.pb.gov.br\/portal\/2019\/01\/31\/paraiba-registra-menor-indice-de-assassinatos-em-janeiro-e-governo-anuncia-criacao-de-batalhao-motorizado\/\",\"name\":\"Para\u00edba registra menor \u00edndice de assassinatos em janeiro e governo anuncia cria\u00e7\u00e3o de Batalh\u00e3o Motorizado - Pol\u00edcia Militar da Para\u00edba\",\"isPartOf\":{\"@id\":\"https:\/\/www.pm.pb.gov.br\/portal\/#website\"},\"datePublished\":\"2019-01-31T18:57:46+00:00\",\"dateModified\":\"2019-01-31T18:57:47+00:00\",\"breadcrumb\":{\"@id\":\"https:\/\/www.pm.pb.gov.br\/portal\/2019\/01\/31\/paraiba-registra-menor-indice-de-assassinatos-em-janeiro-e-governo-anuncia-criacao-de-batalhao-motorizado\/#breadcrumb\"},\"inLanguage\":\"pt-BR\",\"potentialAction\":[{\"@type\":\"ReadAction\",\"target\":[\"https:\/\/www.pm.pb.gov.br\/portal\/2019\/01\/31\/paraiba-registra-menor-indice-de-assassinatos-em-janeiro-e-governo-anuncia-criacao-de-batalhao-motorizado\/\"]}]},{\"@type\":\"BreadcrumbList\",\"@id\":\"https:\/\/www.pm.pb.gov.br\/portal\/2019\/01\/31\/paraiba-registra-menor-indice-de-assassinatos-em-janeiro-e-governo-anuncia-criacao-de-batalhao-motorizado\/#breadcrumb\",\"itemListElement\":[{\"@type\":\"ListItem\",\"position\":1,\"name\":\"In\u00edcio\",\"item\":\"https:\/\/www.pm.pb.gov.br\/portal\/\"},{\"@type\":\"ListItem\",\"position\":2,\"name\":\"Para\u00edba registra menor \u00edndice de assassinatos em janeiro e governo anuncia cria\u00e7\u00e3o de Batalh\u00e3o Motorizado\"}]},{\"@type\":\"WebSite\",\"@id\":\"https:\/\/www.pm.pb.gov.br\/portal\/#website\",\"url\":\"https:\/\/www.pm.pb.gov.br\/portal\/\",\"name\":\"Pol\u00edcia Militar da Para\u00edba\",\"description\":\"\",\"publisher\":{\"@id\":\"https:\/\/www.pm.pb.gov.br\/portal\/#organization\"},\"potentialAction\":[{\"@type\":\"SearchAction\",\"target\":{\"@type\":\"EntryPoint\",\"urlTemplate\":\"https:\/\/www.pm.pb.gov.br\/portal\/?s={search_term_string}\"},\"query-input\":\"required name=search_term_string\"}],\"inLanguage\":\"pt-BR\"},{\"@type\":\"Organization\",\"@id\":\"https:\/\/www.pm.pb.gov.br\/portal\/#organization\",\"name\":\"Pol\u00edcia Militar da Para\u00edba\",\"url\":\"https:\/\/www.pm.pb.gov.br\/portal\/\",\"logo\":{\"@type\":\"ImageObject\",\"inLanguage\":\"pt-BR\",\"@id\":\"https:\/\/www.pm.pb.gov.br\/portal\/#\/schema\/logo\/image\/\",\"url\":\"https:\/\/www.pm.pb.gov.br\/portal\/wp-content\/uploads\/2025\/03\/cropped-logo-site-mag2-1.png\",\"contentUrl\":\"https:\/\/www.pm.pb.gov.br\/portal\/wp-content\/uploads\/2025\/03\/cropped-logo-site-mag2-1.png\",\"width\":320,\"height\":90,\"caption\":\"Pol\u00edcia Militar da Para\u00edba\"},\"image\":{\"@id\":\"https:\/\/www.pm.pb.gov.br\/portal\/#\/schema\/logo\/image\/\"}},{\"@type\":\"Person\",\"@id\":\"https:\/\/www.pm.pb.gov.br\/portal\/#\/schema\/person\/f84f56dcc78ce4357054da888b8247fd\",\"name\":\"Tarcisio Oliveira\",\"image\":{\"@type\":\"ImageObject\",\"inLanguage\":\"pt-BR\",\"@id\":\"https:\/\/www.pm.pb.gov.br\/portal\/#\/schema\/person\/image\/\",\"url\":\"https:\/\/secure.gravatar.com\/avatar\/72917b630b69d31cd0297507f34bac97?s=96&d=mm&r=g\",\"contentUrl\":\"https:\/\/secure.gravatar.com\/avatar\/72917b630b69d31cd0297507f34bac97?s=96&d=mm&r=g\",\"caption\":\"Tarcisio Oliveira\"},\"url\":\"https:\/\/www.pm.pb.gov.br\/portal\/author\/tarcisio\/\"}]}<\/script>\n<!-- \/ Yoast SEO plugin. -->","yoast_head_json":{"title":"Para\u00edba registra menor \u00edndice de assassinatos em janeiro e governo anuncia cria\u00e7\u00e3o de Batalh\u00e3o Motorizado - Pol\u00edcia Militar da Para\u00edba","robots":{"index":"index","follow":"follow","max-snippet":"max-snippet:-1","max-image-preview":"max-image-preview:large","max-video-preview":"max-video-preview:-1"},"canonical":"https:\/\/www.pm.pb.gov.br\/portal\/2019\/01\/31\/paraiba-registra-menor-indice-de-assassinatos-em-janeiro-e-governo-anuncia-criacao-de-batalhao-motorizado\/","og_locale":"pt_BR","og_type":"article","og_title":"Para\u00edba registra menor \u00edndice de assassinatos em janeiro e governo anuncia cria\u00e7\u00e3o de Batalh\u00e3o Motorizado - Pol\u00edcia Militar da Para\u00edba","og_description":"Janeiro de 2019 \u00e9 o m\u00eas com menor registro de assassinatos na Para\u00edba desde a implanta\u00e7\u00e3o do Programa Para\u00edba Unida","og_url":"https:\/\/www.pm.pb.gov.br\/portal\/2019\/01\/31\/paraiba-registra-menor-indice-de-assassinatos-em-janeiro-e-governo-anuncia-criacao-de-batalhao-motorizado\/","og_site_name":"Pol\u00edcia Militar da Para\u00edba","article_published_time":"2019-01-31T18:57:46+00:00","article_modified_time":"2019-01-31T18:57:47+00:00","og_image":[{"width":800,"height":445,"url":"https:\/\/www.pm.pb.gov.br\/portal\/wp-content\/uploads\/2019\/01\/reuniaopalacio.jpeg","type":"image\/jpeg"}],"author":"Tarcisio Oliveira","twitter_card":"summary_large_image","twitter_misc":{"Escrito por":"Tarcisio Oliveira","Est. tempo de leitura":"6 minutos"},"schema":{"@context":"https:\/\/schema.org","@graph":[{"@type":"Article","@id":"https:\/\/www.pm.pb.gov.br\/portal\/2019\/01\/31\/paraiba-registra-menor-indice-de-assassinatos-em-janeiro-e-governo-anuncia-criacao-de-batalhao-motorizado\/#article","isPartOf":{"@id":"https:\/\/www.pm.pb.gov.br\/portal\/2019\/01\/31\/paraiba-registra-menor-indice-de-assassinatos-em-janeiro-e-governo-anuncia-criacao-de-batalhao-motorizado\/"},"author":{"name":"Tarcisio Oliveira","@id":"https:\/\/www.pm.pb.gov.br\/portal\/#\/schema\/person\/f84f56dcc78ce4357054da888b8247fd"},"headline":"Para\u00edba registra menor \u00edndice de assassinatos em janeiro e governo anuncia cria\u00e7\u00e3o de Batalh\u00e3o Motorizado","datePublished":"2019-01-31T18:57:46+00:00","dateModified":"2019-01-31T18:57:47+00:00","mainEntityOfPage":{"@id":"https:\/\/www.pm.pb.gov.br\/portal\/2019\/01\/31\/paraiba-registra-menor-indice-de-assassinatos-em-janeiro-e-governo-anuncia-criacao-de-batalhao-motorizado\/"},"wordCount":1285,"publisher":{"@id":"https:\/\/www.pm.pb.gov.br\/portal\/#organization"},"articleSection":["Informativo"],"inLanguage":"pt-BR"},{"@type":"WebPage","@id":"https:\/\/www.pm.pb.gov.br\/portal\/2019\/01\/31\/paraiba-registra-menor-indice-de-assassinatos-em-janeiro-e-governo-anuncia-criacao-de-batalhao-motorizado\/","url":"https:\/\/www.pm.pb.gov.br\/portal\/2019\/01\/31\/paraiba-registra-menor-indice-de-assassinatos-em-janeiro-e-governo-anuncia-criacao-de-batalhao-motorizado\/","name":"Para\u00edba registra menor \u00edndice de assassinatos em janeiro e governo anuncia cria\u00e7\u00e3o de Batalh\u00e3o Motorizado - Pol\u00edcia Militar da Para\u00edba","isPartOf":{"@id":"https:\/\/www.pm.pb.gov.br\/portal\/#website"},"datePublished":"2019-01-31T18:57:46+00:00","dateModified":"2019-01-31T18:57:47+00:00","breadcrumb":{"@id":"https:\/\/www.pm.pb.gov.br\/portal\/2019\/01\/31\/paraiba-registra-menor-indice-de-assassinatos-em-janeiro-e-governo-anuncia-criacao-de-batalhao-motorizado\/#breadcrumb"},"inLanguage":"pt-BR","potentialAction":[{"@type":"ReadAction","target":["https:\/\/www.pm.pb.gov.br\/portal\/2019\/01\/31\/paraiba-registra-menor-indice-de-assassinatos-em-janeiro-e-governo-anuncia-criacao-de-batalhao-motorizado\/"]}]},{"@type":"BreadcrumbList","@id":"https:\/\/www.pm.pb.gov.br\/portal\/2019\/01\/31\/paraiba-registra-menor-indice-de-assassinatos-em-janeiro-e-governo-anuncia-criacao-de-batalhao-motorizado\/#breadcrumb","itemListElement":[{"@type":"ListItem","position":1,"name":"In\u00edcio","item":"https:\/\/www.pm.pb.gov.br\/portal\/"},{"@type":"ListItem","position":2,"name":"Para\u00edba registra menor \u00edndice de assassinatos em janeiro e governo anuncia cria\u00e7\u00e3o de Batalh\u00e3o Motorizado"}]},{"@type":"WebSite","@id":"https:\/\/www.pm.pb.gov.br\/portal\/#website","url":"https:\/\/www.pm.pb.gov.br\/portal\/","name":"Pol\u00edcia Militar da Para\u00edba","description":"","publisher":{"@id":"https:\/\/www.pm.pb.gov.br\/portal\/#organization"},"potentialAction":[{"@type":"SearchAction","target":{"@type":"EntryPoint","urlTemplate":"https:\/\/www.pm.pb.gov.br\/portal\/?s={search_term_string}"},"query-input":"required name=search_term_string"}],"inLanguage":"pt-BR"},{"@type":"Organization","@id":"https:\/\/www.pm.pb.gov.br\/portal\/#organization","name":"Pol\u00edcia Militar da Para\u00edba","url":"https:\/\/www.pm.pb.gov.br\/portal\/","logo":{"@type":"ImageObject","inLanguage":"pt-BR","@id":"https:\/\/www.pm.pb.gov.br\/portal\/#\/schema\/logo\/image\/","url":"https:\/\/www.pm.pb.gov.br\/portal\/wp-content\/uploads\/2025\/03\/cropped-logo-site-mag2-1.png","contentUrl":"https:\/\/www.pm.pb.gov.br\/portal\/wp-content\/uploads\/2025\/03\/cropped-logo-site-mag2-1.png","width":320,"height":90,"caption":"Pol\u00edcia Militar da Para\u00edba"},"image":{"@id":"https:\/\/www.pm.pb.gov.br\/portal\/#\/schema\/logo\/image\/"}},{"@type":"Person","@id":"https:\/\/www.pm.pb.gov.br\/portal\/#\/schema\/person\/f84f56dcc78ce4357054da888b8247fd","name":"Tarcisio Oliveira","image":{"@type":"ImageObject","inLanguage":"pt-BR","@id":"https:\/\/www.pm.pb.gov.br\/portal\/#\/schema\/person\/image\/","url":"https:\/\/secure.gravatar.com\/avatar\/72917b630b69d31cd0297507f34bac97?s=96&d=mm&r=g","contentUrl":"https:\/\/secure.gravatar.com\/avatar\/72917b630b69d31cd0297507f34bac97?s=96&d=mm&r=g","caption":"Tarcisio Oliveira"},"url":"https:\/\/www.pm.pb.gov.br\/portal\/author\/tarcisio\/"}]}},"_links":{"self":[{"href":"https:\/\/www.pm.pb.gov.br\/portal\/wp-json\/wp\/v2\/posts\/899855"}],"collection":[{"href":"https:\/\/www.pm.pb.gov.br\/portal\/wp-json\/wp\/v2\/posts"}],"about":[{"href":"https:\/\/www.pm.pb.gov.br\/portal\/wp-json\/wp\/v2\/types\/post"}],"author":[{"embeddable":true,"href":"https:\/\/www.pm.pb.gov.br\/portal\/wp-json\/wp\/v2\/users\/12"}],"replies":[{"embeddable":true,"href":"https:\/\/www.pm.pb.gov.br\/portal\/wp-json\/wp\/v2\/comments?post=899855"}],"version-history":[{"count":1,"href":"https:\/\/www.pm.pb.gov.br\/portal\/wp-json\/wp\/v2\/posts\/899855\/revisions"}],"predecessor-version":[{"id":899857,"href":"https:\/\/www.pm.pb.gov.br\/portal\/wp-json\/wp\/v2\/posts\/899855\/revisions\/899857"}],"wp:featuredmedia":[{"embeddable":true,"href":"https:\/\/www.pm.pb.gov.br\/portal\/wp-json\/wp\/v2\/media\/899856"}],"wp:attachment":[{"href":"https:\/\/www.pm.pb.gov.br\/portal\/wp-json\/wp\/v2\/media?parent=899855"}],"wp:term":[{"taxonomy":"category","embeddable":true,"href":"https:\/\/www.pm.pb.gov.br\/portal\/wp-json\/wp\/v2\/categories?post=899855"},{"taxonomy":"post_tag","embeddable":true,"href":"https:\/\/www.pm.pb.gov.br\/portal\/wp-json\/wp\/v2\/tags?post=899855"}],"curies":[{"name":"wp","href":"https:\/\/api.w.org\/{rel}","templated":true}]}}