{"id":899844,"date":"2019-01-29T11:27:33","date_gmt":"2019-01-29T14:27:33","guid":{"rendered":"http:\/\/www.pm.pb.gov.br\/portal\/?p=899844"},"modified":"2019-01-29T12:37:48","modified_gmt":"2019-01-29T15:37:48","slug":"operacao-prende-suspeitos-de-comandar-trafico-de-drogas-em-jacuma","status":"publish","type":"post","link":"https:\/\/www.pm.pb.gov.br\/portal\/2019\/01\/29\/operacao-prende-suspeitos-de-comandar-trafico-de-drogas-em-jacuma\/","title":{"rendered":"Opera\u00e7\u00e3o prende suspeitos de comandar tr\u00e1fico de drogas em Jacum\u00e3"},"content":{"rendered":"\n<p>As pol\u00edcias Civil e Militar, Corpo de Bombeiros Militar da Para\u00edba e integrantes do Sistema Penitenci\u00e1rio deflagraram, no in\u00edcio da madrugada desta ter\u00e7a-feira (29), a Opera\u00e7\u00e3o Pareto, no Litoral Sul do estado, com o objetivo de cumprir mandados de pris\u00e3o e de busca e apreens\u00e3o na 6\u00aa \u00c1rea Integrada de Seguran\u00e7a P\u00fablica, contra suspeitos de crimes contra a vida, patrim\u00f4nio e comercializa\u00e7\u00e3o de entorpecentes. <\/p>\n\n\n\n<p>No trabalho integrado, que envolveu 120 homens e mulheres, foram presos\nLeandro Fagner da Silva, conhecido como \u2018L\u00e9o\u2019, e Anderson Valdevino Ferreira, o\n\u2018Diu\u2019, suspeitos de comandar o tr\u00e1fico de drogas em Jacum\u00e3. Tamb\u00e9m est\u00e3o sendo\nfeitas a\u00e7\u00f5es preventivas de controle na Cadeia P\u00fablica de Alhandra.<\/p>\n\n\n\n<p>\u201cFoi uma opera\u00e7\u00e3o com \u00eaxito, com esses dois mandados cumpridos com\nsucesso. Diu e L\u00e9o s\u00e3o da mesma associa\u00e7\u00e3o criminosa, eram respons\u00e1veis pelo\ngerenciamento local e acreditamos que est\u00e3o ligados \u00e0 apreens\u00e3o de mais de duas\ntoneladas de drogas realizada pela Pol\u00edcia Militar da Para\u00edba na regi\u00e3o, em\noutubro do ano passado\u201d, explicou o titular da 6\u00aa Delegacia Seccional, com sede\nem Alhandra. <\/p>\n\n\n\n<p>Segundo o coronel L\u00edvio Delgado, comandante Regional Metropolitano da\nPol\u00edcia Militar, a Opera\u00e7\u00e3o Pareto faz parte de uma determina\u00e7\u00e3o da Secretaria\nda Seguran\u00e7a P\u00fablica e da Defesa Social. \u201c\u00c9 uma nova din\u00e2mica que a pasta est\u00e1\nempreendendo, de realizar o m\u00e1ximo de a\u00e7\u00f5es nesses primeiros tr\u00eas meses do ano\nno Litoral Sul. Essas pris\u00f5es foram fundamentais no combate ao tr\u00e1fico. A gente\nprecisa focar o policiamento preventivo, mas tamb\u00e9m o repressivo, se for o\ncaso. Vamos combater tamb\u00e9m os homicidas que est\u00e3o nessa regi\u00e3o, contra os\nquais j\u00e1 existem mandados de pris\u00e3o expedidos\u201d, revelou o comandante. <\/p>\n\n\n\n<p>\u201cA opera\u00e7\u00e3o aconteceu para estabilizar o controle de homic\u00eddios na\nregi\u00e3o da 6\u00aa Aisp. Houve um aumento, no fim do ano, e nesse primeiro trimestre\nhaver\u00e1 a\u00e7\u00f5es integradas. Desde o m\u00eas de outubro h\u00e1 uma investiga\u00e7\u00e3o sobre a\natua\u00e7\u00e3o dessa dupla e esta foi a primeira etapa da Pareto\u201d, completou a\ndelegada Roberta Neiva, titular da 1\u00aa Superintend\u00eancia de Pol\u00edcia Civil. <\/p>\n\n\n\n<p>A tenente coronel Jousilene Tavares, comandante do Corpo de Bombeiros na1\u00aa Regi\u00e3o Integrada de Seguran\u00e7a P\u00fablica, explicou a participa\u00e7\u00e3o dainstitui\u00e7\u00e3o nos trabalhos. \u201cO Corpo de Bombeiros teve duas participa\u00e7\u00f5es nessaopera\u00e7\u00e3o: resgate, com as viaturas \u00e0 disposi\u00e7\u00e3o no caso de haver v\u00edtimas, sejampoliciais ou suspeitos, e tamb\u00e9m vistorias em locais que n\u00e3o s\u00e3o adequados parareceber pessoas, aplicando a norma t\u00e9cnica para interdi\u00e7\u00e3o do estabelecimento\u201d,frisou. <\/p>\n\n\n\n<p><strong>Pareto &#8211;<\/strong> O nome da opera\u00e7\u00e3o remete ao esquema desenvolvido pelo economista e soci\u00f3logo Vilfredo Pareto, que utilizou o recurso gr\u00e1fico do diagrama para ordenar as frequ\u00eancias das ocorr\u00eancias em ordem decrescente, e permite a localiza\u00e7\u00e3o de problemas vitais e a elimina\u00e7\u00e3o de futuras perdas. O esquema \u00e9 utilizado pelo N\u00facleo de An\u00e1lise Criminal e Estat\u00edstica (Nace) da Secretaria da Seguran\u00e7a P\u00fablica e da Defesa Social na confec\u00e7\u00e3o de seus relat\u00f3rios. <\/p>\n","protected":false},"excerpt":{"rendered":"<p>As pol\u00edcias Civil e Militar, Corpo de Bombeiros Militar da Para\u00edba e integrantes do Sistema Penitenci\u00e1rio deflagraram, no in\u00edcio da<\/p>\n","protected":false},"author":12,"featured_media":899845,"comment_status":"closed","ping_status":"closed","sticky":false,"template":"","format":"standard","meta":{"_exactmetrics_skip_tracking":false,"_exactmetrics_sitenote_active":false,"_exactmetrics_sitenote_note":"","_exactmetrics_sitenote_category":0,"footnotes":""},"categories":[4],"tags":[],"yoast_head":"<!-- This site is optimized with the Yoast SEO plugin v22.0 - https:\/\/yoast.com\/wordpress\/plugins\/seo\/ -->\n<title>Opera\u00e7\u00e3o prende suspeitos de comandar tr\u00e1fico de drogas em Jacum\u00e3 - Pol\u00edcia Militar da Para\u00edba<\/title>\n<meta name=\"robots\" content=\"index, follow, max-snippet:-1, max-image-preview:large, max-video-preview:-1\" \/>\n<link rel=\"canonical\" href=\"https:\/\/www.pm.pb.gov.br\/portal\/2019\/01\/29\/operacao-prende-suspeitos-de-comandar-trafico-de-drogas-em-jacuma\/\" \/>\n<meta property=\"og:locale\" content=\"pt_BR\" \/>\n<meta property=\"og:type\" content=\"article\" \/>\n<meta property=\"og:title\" content=\"Opera\u00e7\u00e3o prende suspeitos de comandar tr\u00e1fico de drogas em Jacum\u00e3 - Pol\u00edcia Militar da Para\u00edba\" \/>\n<meta property=\"og:description\" content=\"As pol\u00edcias Civil e Militar, Corpo de Bombeiros Militar da Para\u00edba e integrantes do Sistema Penitenci\u00e1rio deflagraram, no in\u00edcio da\" \/>\n<meta property=\"og:url\" content=\"https:\/\/www.pm.pb.gov.br\/portal\/2019\/01\/29\/operacao-prende-suspeitos-de-comandar-trafico-de-drogas-em-jacuma\/\" \/>\n<meta property=\"og:site_name\" content=\"Pol\u00edcia Militar da Para\u00edba\" \/>\n<meta property=\"article:published_time\" content=\"2019-01-29T14:27:33+00:00\" \/>\n<meta property=\"article:modified_time\" content=\"2019-01-29T15:37:48+00:00\" \/>\n<meta property=\"og:image\" content=\"https:\/\/www.pm.pb.gov.br\/portal\/wp-content\/uploads\/2019\/01\/Opera\u00e7\u00e3o-Pareto2.jpg\" \/>\n\t<meta property=\"og:image:width\" content=\"800\" \/>\n\t<meta property=\"og:image:height\" content=\"445\" \/>\n\t<meta property=\"og:image:type\" content=\"image\/jpeg\" \/>\n<meta name=\"author\" content=\"Tarcisio Oliveira\" \/>\n<meta name=\"twitter:card\" content=\"summary_large_image\" \/>\n<meta name=\"twitter:label1\" content=\"Escrito por\" \/>\n\t<meta name=\"twitter:data1\" content=\"Tarcisio Oliveira\" \/>\n\t<meta name=\"twitter:label2\" content=\"Est. tempo de leitura\" \/>\n\t<meta name=\"twitter:data2\" content=\"3 minutos\" \/>\n<script type=\"application\/ld+json\" class=\"yoast-schema-graph\">{\"@context\":\"https:\/\/schema.org\",\"@graph\":[{\"@type\":\"Article\",\"@id\":\"https:\/\/www.pm.pb.gov.br\/portal\/2019\/01\/29\/operacao-prende-suspeitos-de-comandar-trafico-de-drogas-em-jacuma\/#article\",\"isPartOf\":{\"@id\":\"https:\/\/www.pm.pb.gov.br\/portal\/2019\/01\/29\/operacao-prende-suspeitos-de-comandar-trafico-de-drogas-em-jacuma\/\"},\"author\":{\"name\":\"Tarcisio Oliveira\",\"@id\":\"https:\/\/www.pm.pb.gov.br\/portal\/#\/schema\/person\/f84f56dcc78ce4357054da888b8247fd\"},\"headline\":\"Opera\u00e7\u00e3o prende suspeitos de comandar tr\u00e1fico de drogas em Jacum\u00e3\",\"datePublished\":\"2019-01-29T14:27:33+00:00\",\"dateModified\":\"2019-01-29T15:37:48+00:00\",\"mainEntityOfPage\":{\"@id\":\"https:\/\/www.pm.pb.gov.br\/portal\/2019\/01\/29\/operacao-prende-suspeitos-de-comandar-trafico-de-drogas-em-jacuma\/\"},\"wordCount\":549,\"publisher\":{\"@id\":\"https:\/\/www.pm.pb.gov.br\/portal\/#organization\"},\"articleSection\":[\"A\u00e7\u00f5es Policiais\"],\"inLanguage\":\"pt-BR\"},{\"@type\":\"WebPage\",\"@id\":\"https:\/\/www.pm.pb.gov.br\/portal\/2019\/01\/29\/operacao-prende-suspeitos-de-comandar-trafico-de-drogas-em-jacuma\/\",\"url\":\"https:\/\/www.pm.pb.gov.br\/portal\/2019\/01\/29\/operacao-prende-suspeitos-de-comandar-trafico-de-drogas-em-jacuma\/\",\"name\":\"Opera\u00e7\u00e3o prende suspeitos de comandar tr\u00e1fico de drogas em Jacum\u00e3 - Pol\u00edcia Militar da Para\u00edba\",\"isPartOf\":{\"@id\":\"https:\/\/www.pm.pb.gov.br\/portal\/#website\"},\"datePublished\":\"2019-01-29T14:27:33+00:00\",\"dateModified\":\"2019-01-29T15:37:48+00:00\",\"breadcrumb\":{\"@id\":\"https:\/\/www.pm.pb.gov.br\/portal\/2019\/01\/29\/operacao-prende-suspeitos-de-comandar-trafico-de-drogas-em-jacuma\/#breadcrumb\"},\"inLanguage\":\"pt-BR\",\"potentialAction\":[{\"@type\":\"ReadAction\",\"target\":[\"https:\/\/www.pm.pb.gov.br\/portal\/2019\/01\/29\/operacao-prende-suspeitos-de-comandar-trafico-de-drogas-em-jacuma\/\"]}]},{\"@type\":\"BreadcrumbList\",\"@id\":\"https:\/\/www.pm.pb.gov.br\/portal\/2019\/01\/29\/operacao-prende-suspeitos-de-comandar-trafico-de-drogas-em-jacuma\/#breadcrumb\",\"itemListElement\":[{\"@type\":\"ListItem\",\"position\":1,\"name\":\"In\u00edcio\",\"item\":\"https:\/\/www.pm.pb.gov.br\/portal\/\"},{\"@type\":\"ListItem\",\"position\":2,\"name\":\"Opera\u00e7\u00e3o prende suspeitos de comandar tr\u00e1fico de drogas em Jacum\u00e3\"}]},{\"@type\":\"WebSite\",\"@id\":\"https:\/\/www.pm.pb.gov.br\/portal\/#website\",\"url\":\"https:\/\/www.pm.pb.gov.br\/portal\/\",\"name\":\"Pol\u00edcia Militar da Para\u00edba\",\"description\":\"\",\"publisher\":{\"@id\":\"https:\/\/www.pm.pb.gov.br\/portal\/#organization\"},\"potentialAction\":[{\"@type\":\"SearchAction\",\"target\":{\"@type\":\"EntryPoint\",\"urlTemplate\":\"https:\/\/www.pm.pb.gov.br\/portal\/?s={search_term_string}\"},\"query-input\":\"required name=search_term_string\"}],\"inLanguage\":\"pt-BR\"},{\"@type\":\"Organization\",\"@id\":\"https:\/\/www.pm.pb.gov.br\/portal\/#organization\",\"name\":\"Pol\u00edcia Militar da Para\u00edba\",\"url\":\"https:\/\/www.pm.pb.gov.br\/portal\/\",\"logo\":{\"@type\":\"ImageObject\",\"inLanguage\":\"pt-BR\",\"@id\":\"https:\/\/www.pm.pb.gov.br\/portal\/#\/schema\/logo\/image\/\",\"url\":\"https:\/\/www.pm.pb.gov.br\/portal\/wp-content\/uploads\/2025\/03\/cropped-logo-site-mag2-1.png\",\"contentUrl\":\"https:\/\/www.pm.pb.gov.br\/portal\/wp-content\/uploads\/2025\/03\/cropped-logo-site-mag2-1.png\",\"width\":320,\"height\":90,\"caption\":\"Pol\u00edcia Militar da Para\u00edba\"},\"image\":{\"@id\":\"https:\/\/www.pm.pb.gov.br\/portal\/#\/schema\/logo\/image\/\"}},{\"@type\":\"Person\",\"@id\":\"https:\/\/www.pm.pb.gov.br\/portal\/#\/schema\/person\/f84f56dcc78ce4357054da888b8247fd\",\"name\":\"Tarcisio Oliveira\",\"image\":{\"@type\":\"ImageObject\",\"inLanguage\":\"pt-BR\",\"@id\":\"https:\/\/www.pm.pb.gov.br\/portal\/#\/schema\/person\/image\/\",\"url\":\"https:\/\/secure.gravatar.com\/avatar\/72917b630b69d31cd0297507f34bac97?s=96&d=mm&r=g\",\"contentUrl\":\"https:\/\/secure.gravatar.com\/avatar\/72917b630b69d31cd0297507f34bac97?s=96&d=mm&r=g\",\"caption\":\"Tarcisio Oliveira\"},\"url\":\"https:\/\/www.pm.pb.gov.br\/portal\/author\/tarcisio\/\"}]}<\/script>\n<!-- \/ Yoast SEO plugin. -->","yoast_head_json":{"title":"Opera\u00e7\u00e3o prende suspeitos de comandar tr\u00e1fico de drogas em Jacum\u00e3 - Pol\u00edcia Militar da Para\u00edba","robots":{"index":"index","follow":"follow","max-snippet":"max-snippet:-1","max-image-preview":"max-image-preview:large","max-video-preview":"max-video-preview:-1"},"canonical":"https:\/\/www.pm.pb.gov.br\/portal\/2019\/01\/29\/operacao-prende-suspeitos-de-comandar-trafico-de-drogas-em-jacuma\/","og_locale":"pt_BR","og_type":"article","og_title":"Opera\u00e7\u00e3o prende suspeitos de comandar tr\u00e1fico de drogas em Jacum\u00e3 - Pol\u00edcia Militar da Para\u00edba","og_description":"As pol\u00edcias Civil e Militar, Corpo de Bombeiros Militar da Para\u00edba e integrantes do Sistema Penitenci\u00e1rio deflagraram, no in\u00edcio da","og_url":"https:\/\/www.pm.pb.gov.br\/portal\/2019\/01\/29\/operacao-prende-suspeitos-de-comandar-trafico-de-drogas-em-jacuma\/","og_site_name":"Pol\u00edcia Militar da Para\u00edba","article_published_time":"2019-01-29T14:27:33+00:00","article_modified_time":"2019-01-29T15:37:48+00:00","og_image":[{"width":800,"height":445,"url":"https:\/\/www.pm.pb.gov.br\/portal\/wp-content\/uploads\/2019\/01\/Opera\u00e7\u00e3o-Pareto2.jpg","type":"image\/jpeg"}],"author":"Tarcisio Oliveira","twitter_card":"summary_large_image","twitter_misc":{"Escrito por":"Tarcisio Oliveira","Est. tempo de leitura":"3 minutos"},"schema":{"@context":"https:\/\/schema.org","@graph":[{"@type":"Article","@id":"https:\/\/www.pm.pb.gov.br\/portal\/2019\/01\/29\/operacao-prende-suspeitos-de-comandar-trafico-de-drogas-em-jacuma\/#article","isPartOf":{"@id":"https:\/\/www.pm.pb.gov.br\/portal\/2019\/01\/29\/operacao-prende-suspeitos-de-comandar-trafico-de-drogas-em-jacuma\/"},"author":{"name":"Tarcisio Oliveira","@id":"https:\/\/www.pm.pb.gov.br\/portal\/#\/schema\/person\/f84f56dcc78ce4357054da888b8247fd"},"headline":"Opera\u00e7\u00e3o prende suspeitos de comandar tr\u00e1fico de drogas em Jacum\u00e3","datePublished":"2019-01-29T14:27:33+00:00","dateModified":"2019-01-29T15:37:48+00:00","mainEntityOfPage":{"@id":"https:\/\/www.pm.pb.gov.br\/portal\/2019\/01\/29\/operacao-prende-suspeitos-de-comandar-trafico-de-drogas-em-jacuma\/"},"wordCount":549,"publisher":{"@id":"https:\/\/www.pm.pb.gov.br\/portal\/#organization"},"articleSection":["A\u00e7\u00f5es Policiais"],"inLanguage":"pt-BR"},{"@type":"WebPage","@id":"https:\/\/www.pm.pb.gov.br\/portal\/2019\/01\/29\/operacao-prende-suspeitos-de-comandar-trafico-de-drogas-em-jacuma\/","url":"https:\/\/www.pm.pb.gov.br\/portal\/2019\/01\/29\/operacao-prende-suspeitos-de-comandar-trafico-de-drogas-em-jacuma\/","name":"Opera\u00e7\u00e3o prende suspeitos de comandar tr\u00e1fico de drogas em Jacum\u00e3 - Pol\u00edcia Militar da Para\u00edba","isPartOf":{"@id":"https:\/\/www.pm.pb.gov.br\/portal\/#website"},"datePublished":"2019-01-29T14:27:33+00:00","dateModified":"2019-01-29T15:37:48+00:00","breadcrumb":{"@id":"https:\/\/www.pm.pb.gov.br\/portal\/2019\/01\/29\/operacao-prende-suspeitos-de-comandar-trafico-de-drogas-em-jacuma\/#breadcrumb"},"inLanguage":"pt-BR","potentialAction":[{"@type":"ReadAction","target":["https:\/\/www.pm.pb.gov.br\/portal\/2019\/01\/29\/operacao-prende-suspeitos-de-comandar-trafico-de-drogas-em-jacuma\/"]}]},{"@type":"BreadcrumbList","@id":"https:\/\/www.pm.pb.gov.br\/portal\/2019\/01\/29\/operacao-prende-suspeitos-de-comandar-trafico-de-drogas-em-jacuma\/#breadcrumb","itemListElement":[{"@type":"ListItem","position":1,"name":"In\u00edcio","item":"https:\/\/www.pm.pb.gov.br\/portal\/"},{"@type":"ListItem","position":2,"name":"Opera\u00e7\u00e3o prende suspeitos de comandar tr\u00e1fico de drogas em Jacum\u00e3"}]},{"@type":"WebSite","@id":"https:\/\/www.pm.pb.gov.br\/portal\/#website","url":"https:\/\/www.pm.pb.gov.br\/portal\/","name":"Pol\u00edcia Militar da Para\u00edba","description":"","publisher":{"@id":"https:\/\/www.pm.pb.gov.br\/portal\/#organization"},"potentialAction":[{"@type":"SearchAction","target":{"@type":"EntryPoint","urlTemplate":"https:\/\/www.pm.pb.gov.br\/portal\/?s={search_term_string}"},"query-input":"required name=search_term_string"}],"inLanguage":"pt-BR"},{"@type":"Organization","@id":"https:\/\/www.pm.pb.gov.br\/portal\/#organization","name":"Pol\u00edcia Militar da Para\u00edba","url":"https:\/\/www.pm.pb.gov.br\/portal\/","logo":{"@type":"ImageObject","inLanguage":"pt-BR","@id":"https:\/\/www.pm.pb.gov.br\/portal\/#\/schema\/logo\/image\/","url":"https:\/\/www.pm.pb.gov.br\/portal\/wp-content\/uploads\/2025\/03\/cropped-logo-site-mag2-1.png","contentUrl":"https:\/\/www.pm.pb.gov.br\/portal\/wp-content\/uploads\/2025\/03\/cropped-logo-site-mag2-1.png","width":320,"height":90,"caption":"Pol\u00edcia Militar da Para\u00edba"},"image":{"@id":"https:\/\/www.pm.pb.gov.br\/portal\/#\/schema\/logo\/image\/"}},{"@type":"Person","@id":"https:\/\/www.pm.pb.gov.br\/portal\/#\/schema\/person\/f84f56dcc78ce4357054da888b8247fd","name":"Tarcisio Oliveira","image":{"@type":"ImageObject","inLanguage":"pt-BR","@id":"https:\/\/www.pm.pb.gov.br\/portal\/#\/schema\/person\/image\/","url":"https:\/\/secure.gravatar.com\/avatar\/72917b630b69d31cd0297507f34bac97?s=96&d=mm&r=g","contentUrl":"https:\/\/secure.gravatar.com\/avatar\/72917b630b69d31cd0297507f34bac97?s=96&d=mm&r=g","caption":"Tarcisio Oliveira"},"url":"https:\/\/www.pm.pb.gov.br\/portal\/author\/tarcisio\/"}]}},"_links":{"self":[{"href":"https:\/\/www.pm.pb.gov.br\/portal\/wp-json\/wp\/v2\/posts\/899844"}],"collection":[{"href":"https:\/\/www.pm.pb.gov.br\/portal\/wp-json\/wp\/v2\/posts"}],"about":[{"href":"https:\/\/www.pm.pb.gov.br\/portal\/wp-json\/wp\/v2\/types\/post"}],"author":[{"embeddable":true,"href":"https:\/\/www.pm.pb.gov.br\/portal\/wp-json\/wp\/v2\/users\/12"}],"replies":[{"embeddable":true,"href":"https:\/\/www.pm.pb.gov.br\/portal\/wp-json\/wp\/v2\/comments?post=899844"}],"version-history":[{"count":1,"href":"https:\/\/www.pm.pb.gov.br\/portal\/wp-json\/wp\/v2\/posts\/899844\/revisions"}],"predecessor-version":[{"id":899846,"href":"https:\/\/www.pm.pb.gov.br\/portal\/wp-json\/wp\/v2\/posts\/899844\/revisions\/899846"}],"wp:featuredmedia":[{"embeddable":true,"href":"https:\/\/www.pm.pb.gov.br\/portal\/wp-json\/wp\/v2\/media\/899845"}],"wp:attachment":[{"href":"https:\/\/www.pm.pb.gov.br\/portal\/wp-json\/wp\/v2\/media?parent=899844"}],"wp:term":[{"taxonomy":"category","embeddable":true,"href":"https:\/\/www.pm.pb.gov.br\/portal\/wp-json\/wp\/v2\/categories?post=899844"},{"taxonomy":"post_tag","embeddable":true,"href":"https:\/\/www.pm.pb.gov.br\/portal\/wp-json\/wp\/v2\/tags?post=899844"}],"curies":[{"name":"wp","href":"https:\/\/api.w.org\/{rel}","templated":true}]}}