{"id":899815,"date":"2019-01-25T11:07:16","date_gmt":"2019-01-25T14:07:16","guid":{"rendered":"http:\/\/www.pm.pb.gov.br\/portal\/?p=899815"},"modified":"2019-01-25T11:07:17","modified_gmt":"2019-01-25T14:07:17","slug":"dupla-suspeita-de-assalto-em-bairros-de-joao-pessoa-e-detida-apos-perseguicao-por-mais-de-5-km","status":"publish","type":"post","link":"https:\/\/www.pm.pb.gov.br\/portal\/2019\/01\/25\/dupla-suspeita-de-assalto-em-bairros-de-joao-pessoa-e-detida-apos-perseguicao-por-mais-de-5-km\/","title":{"rendered":"Dupla suspeita de assalto em bairros de Jo\u00e3o Pessoa \u00e9 detida ap\u00f3s persegui\u00e7\u00e3o por mais de 5 km"},"content":{"rendered":"\n<p>Dois suspeitos, de 17 e 21 anos, foram detidos ap\u00f3s persegui\u00e7\u00e3o de moto que come\u00e7ou no bairro do Jos\u00e9 Am\u00e9rico e s\u00f3 terminou na avenida principal do Bairro de Mangabeira, na noite dessa quinta-feira (25), na Zona Sul de Jo\u00e3o Pessoa. A dupla estava com um simulacro (arma falsa) de pistola, que seria usado para amea\u00e7ar as v\u00edtimas durante os assaltos.<\/p>\n\n\n\n<p>A a\u00e7\u00e3o, que terminou com os dois detidos, foi realizada pelos policiais da Rotam (Ronda Ostensiva T\u00e1tica com Apoio de Motocicleta) do 5\u00ba Batalh\u00e3o. Um dos policiais sofreu escoria\u00e7\u00f5es na perna durante a persegui\u00e7\u00e3o, ap\u00f3s cair da moto, mas a equipe n\u00e3o deixou os suspeitos escaparem. Os acusados foram apresentados na Central de Pol\u00edcia, no Geisel.<\/p>\n\n\n\n<p><strong>Na Zona Norte<\/strong> \u2013 A Pol\u00edcia Militar prendeu, no bairro do Cristo Redentor,um homem de 28 anos que assaltou uma estudante, no bairro Pedro Gondim, levando da v\u00edtima um celular e a bolsa com todos os materiais de estudos, na Capital. Ele estava em um carro quando praticou o crime e fugiu pela BR 230, mas por meio da numera\u00e7\u00e3o da placa do ve\u00edculo, a PM chegou at\u00e9 a casa dele, prendendo-o em flagrante. Ele foi levado para Central de Pol\u00edcia, no Geisel, onde foi reconhecido pela v\u00edtima.<\/p>\n","protected":false},"excerpt":{"rendered":"<p>Dois suspeitos, de 17 e 21 anos, foram detidos ap\u00f3s persegui\u00e7\u00e3o de moto que come\u00e7ou no bairro do Jos\u00e9 Am\u00e9rico<\/p>\n","protected":false},"author":12,"featured_media":899721,"comment_status":"closed","ping_status":"closed","sticky":false,"template":"","format":"standard","meta":{"_exactmetrics_skip_tracking":false,"_exactmetrics_sitenote_active":false,"_exactmetrics_sitenote_note":"","_exactmetrics_sitenote_category":0,"footnotes":""},"categories":[4],"tags":[],"yoast_head":"<!-- This site is optimized with the Yoast SEO plugin v22.0 - https:\/\/yoast.com\/wordpress\/plugins\/seo\/ -->\n<title>Dupla suspeita de assalto em bairros de Jo\u00e3o Pessoa \u00e9 detida ap\u00f3s persegui\u00e7\u00e3o por mais de 5 km - Pol\u00edcia Militar da Para\u00edba<\/title>\n<meta name=\"robots\" content=\"index, follow, max-snippet:-1, max-image-preview:large, max-video-preview:-1\" \/>\n<link rel=\"canonical\" href=\"https:\/\/www.pm.pb.gov.br\/portal\/2019\/01\/25\/dupla-suspeita-de-assalto-em-bairros-de-joao-pessoa-e-detida-apos-perseguicao-por-mais-de-5-km\/\" \/>\n<meta property=\"og:locale\" content=\"pt_BR\" \/>\n<meta property=\"og:type\" content=\"article\" \/>\n<meta property=\"og:title\" content=\"Dupla suspeita de assalto em bairros de Jo\u00e3o Pessoa \u00e9 detida ap\u00f3s persegui\u00e7\u00e3o por mais de 5 km - Pol\u00edcia Militar da Para\u00edba\" \/>\n<meta property=\"og:description\" content=\"Dois suspeitos, de 17 e 21 anos, foram detidos ap\u00f3s persegui\u00e7\u00e3o de moto que come\u00e7ou no bairro do Jos\u00e9 Am\u00e9rico\" \/>\n<meta property=\"og:url\" content=\"https:\/\/www.pm.pb.gov.br\/portal\/2019\/01\/25\/dupla-suspeita-de-assalto-em-bairros-de-joao-pessoa-e-detida-apos-perseguicao-por-mais-de-5-km\/\" \/>\n<meta property=\"og:site_name\" content=\"Pol\u00edcia Militar da Para\u00edba\" \/>\n<meta property=\"article:published_time\" content=\"2019-01-25T14:07:16+00:00\" \/>\n<meta property=\"article:modified_time\" content=\"2019-01-25T14:07:17+00:00\" \/>\n<meta property=\"og:image\" content=\"https:\/\/www.pm.pb.gov.br\/portal\/wp-content\/uploads\/2019\/01\/ilustrativa.jpg\" \/>\n\t<meta property=\"og:image:width\" content=\"800\" \/>\n\t<meta property=\"og:image:height\" content=\"445\" \/>\n\t<meta property=\"og:image:type\" content=\"image\/jpeg\" \/>\n<meta name=\"author\" content=\"Tarcisio Oliveira\" \/>\n<meta name=\"twitter:card\" content=\"summary_large_image\" \/>\n<meta name=\"twitter:label1\" content=\"Escrito por\" \/>\n\t<meta name=\"twitter:data1\" content=\"Tarcisio Oliveira\" \/>\n\t<meta name=\"twitter:label2\" content=\"Est. tempo de leitura\" \/>\n\t<meta name=\"twitter:data2\" content=\"1 minuto\" \/>\n<script type=\"application\/ld+json\" class=\"yoast-schema-graph\">{\"@context\":\"https:\/\/schema.org\",\"@graph\":[{\"@type\":\"Article\",\"@id\":\"https:\/\/www.pm.pb.gov.br\/portal\/2019\/01\/25\/dupla-suspeita-de-assalto-em-bairros-de-joao-pessoa-e-detida-apos-perseguicao-por-mais-de-5-km\/#article\",\"isPartOf\":{\"@id\":\"https:\/\/www.pm.pb.gov.br\/portal\/2019\/01\/25\/dupla-suspeita-de-assalto-em-bairros-de-joao-pessoa-e-detida-apos-perseguicao-por-mais-de-5-km\/\"},\"author\":{\"name\":\"Tarcisio Oliveira\",\"@id\":\"https:\/\/www.pm.pb.gov.br\/portal\/#\/schema\/person\/f84f56dcc78ce4357054da888b8247fd\"},\"headline\":\"Dupla suspeita de assalto em bairros de Jo\u00e3o Pessoa \u00e9 detida ap\u00f3s persegui\u00e7\u00e3o por mais de 5 km\",\"datePublished\":\"2019-01-25T14:07:16+00:00\",\"dateModified\":\"2019-01-25T14:07:17+00:00\",\"mainEntityOfPage\":{\"@id\":\"https:\/\/www.pm.pb.gov.br\/portal\/2019\/01\/25\/dupla-suspeita-de-assalto-em-bairros-de-joao-pessoa-e-detida-apos-perseguicao-por-mais-de-5-km\/\"},\"wordCount\":239,\"publisher\":{\"@id\":\"https:\/\/www.pm.pb.gov.br\/portal\/#organization\"},\"articleSection\":[\"A\u00e7\u00f5es Policiais\"],\"inLanguage\":\"pt-BR\"},{\"@type\":\"WebPage\",\"@id\":\"https:\/\/www.pm.pb.gov.br\/portal\/2019\/01\/25\/dupla-suspeita-de-assalto-em-bairros-de-joao-pessoa-e-detida-apos-perseguicao-por-mais-de-5-km\/\",\"url\":\"https:\/\/www.pm.pb.gov.br\/portal\/2019\/01\/25\/dupla-suspeita-de-assalto-em-bairros-de-joao-pessoa-e-detida-apos-perseguicao-por-mais-de-5-km\/\",\"name\":\"Dupla suspeita de assalto em bairros de Jo\u00e3o Pessoa \u00e9 detida ap\u00f3s persegui\u00e7\u00e3o por mais de 5 km - Pol\u00edcia Militar da Para\u00edba\",\"isPartOf\":{\"@id\":\"https:\/\/www.pm.pb.gov.br\/portal\/#website\"},\"datePublished\":\"2019-01-25T14:07:16+00:00\",\"dateModified\":\"2019-01-25T14:07:17+00:00\",\"breadcrumb\":{\"@id\":\"https:\/\/www.pm.pb.gov.br\/portal\/2019\/01\/25\/dupla-suspeita-de-assalto-em-bairros-de-joao-pessoa-e-detida-apos-perseguicao-por-mais-de-5-km\/#breadcrumb\"},\"inLanguage\":\"pt-BR\",\"potentialAction\":[{\"@type\":\"ReadAction\",\"target\":[\"https:\/\/www.pm.pb.gov.br\/portal\/2019\/01\/25\/dupla-suspeita-de-assalto-em-bairros-de-joao-pessoa-e-detida-apos-perseguicao-por-mais-de-5-km\/\"]}]},{\"@type\":\"BreadcrumbList\",\"@id\":\"https:\/\/www.pm.pb.gov.br\/portal\/2019\/01\/25\/dupla-suspeita-de-assalto-em-bairros-de-joao-pessoa-e-detida-apos-perseguicao-por-mais-de-5-km\/#breadcrumb\",\"itemListElement\":[{\"@type\":\"ListItem\",\"position\":1,\"name\":\"In\u00edcio\",\"item\":\"https:\/\/www.pm.pb.gov.br\/portal\/\"},{\"@type\":\"ListItem\",\"position\":2,\"name\":\"Dupla suspeita de assalto em bairros de Jo\u00e3o Pessoa \u00e9 detida ap\u00f3s persegui\u00e7\u00e3o por mais de 5 km\"}]},{\"@type\":\"WebSite\",\"@id\":\"https:\/\/www.pm.pb.gov.br\/portal\/#website\",\"url\":\"https:\/\/www.pm.pb.gov.br\/portal\/\",\"name\":\"Pol\u00edcia Militar da Para\u00edba\",\"description\":\"\",\"publisher\":{\"@id\":\"https:\/\/www.pm.pb.gov.br\/portal\/#organization\"},\"potentialAction\":[{\"@type\":\"SearchAction\",\"target\":{\"@type\":\"EntryPoint\",\"urlTemplate\":\"https:\/\/www.pm.pb.gov.br\/portal\/?s={search_term_string}\"},\"query-input\":\"required name=search_term_string\"}],\"inLanguage\":\"pt-BR\"},{\"@type\":\"Organization\",\"@id\":\"https:\/\/www.pm.pb.gov.br\/portal\/#organization\",\"name\":\"Pol\u00edcia Militar da Para\u00edba\",\"url\":\"https:\/\/www.pm.pb.gov.br\/portal\/\",\"logo\":{\"@type\":\"ImageObject\",\"inLanguage\":\"pt-BR\",\"@id\":\"https:\/\/www.pm.pb.gov.br\/portal\/#\/schema\/logo\/image\/\",\"url\":\"https:\/\/www.pm.pb.gov.br\/portal\/wp-content\/uploads\/2025\/03\/cropped-logo-site-mag2-1.png\",\"contentUrl\":\"https:\/\/www.pm.pb.gov.br\/portal\/wp-content\/uploads\/2025\/03\/cropped-logo-site-mag2-1.png\",\"width\":320,\"height\":90,\"caption\":\"Pol\u00edcia Militar da Para\u00edba\"},\"image\":{\"@id\":\"https:\/\/www.pm.pb.gov.br\/portal\/#\/schema\/logo\/image\/\"}},{\"@type\":\"Person\",\"@id\":\"https:\/\/www.pm.pb.gov.br\/portal\/#\/schema\/person\/f84f56dcc78ce4357054da888b8247fd\",\"name\":\"Tarcisio Oliveira\",\"image\":{\"@type\":\"ImageObject\",\"inLanguage\":\"pt-BR\",\"@id\":\"https:\/\/www.pm.pb.gov.br\/portal\/#\/schema\/person\/image\/\",\"url\":\"https:\/\/secure.gravatar.com\/avatar\/72917b630b69d31cd0297507f34bac97?s=96&d=mm&r=g\",\"contentUrl\":\"https:\/\/secure.gravatar.com\/avatar\/72917b630b69d31cd0297507f34bac97?s=96&d=mm&r=g\",\"caption\":\"Tarcisio Oliveira\"},\"url\":\"https:\/\/www.pm.pb.gov.br\/portal\/author\/tarcisio\/\"}]}<\/script>\n<!-- \/ Yoast SEO plugin. -->","yoast_head_json":{"title":"Dupla suspeita de assalto em bairros de Jo\u00e3o Pessoa \u00e9 detida ap\u00f3s persegui\u00e7\u00e3o por mais de 5 km - Pol\u00edcia Militar da Para\u00edba","robots":{"index":"index","follow":"follow","max-snippet":"max-snippet:-1","max-image-preview":"max-image-preview:large","max-video-preview":"max-video-preview:-1"},"canonical":"https:\/\/www.pm.pb.gov.br\/portal\/2019\/01\/25\/dupla-suspeita-de-assalto-em-bairros-de-joao-pessoa-e-detida-apos-perseguicao-por-mais-de-5-km\/","og_locale":"pt_BR","og_type":"article","og_title":"Dupla suspeita de assalto em bairros de Jo\u00e3o Pessoa \u00e9 detida ap\u00f3s persegui\u00e7\u00e3o por mais de 5 km - Pol\u00edcia Militar da Para\u00edba","og_description":"Dois suspeitos, de 17 e 21 anos, foram detidos ap\u00f3s persegui\u00e7\u00e3o de moto que come\u00e7ou no bairro do Jos\u00e9 Am\u00e9rico","og_url":"https:\/\/www.pm.pb.gov.br\/portal\/2019\/01\/25\/dupla-suspeita-de-assalto-em-bairros-de-joao-pessoa-e-detida-apos-perseguicao-por-mais-de-5-km\/","og_site_name":"Pol\u00edcia Militar da Para\u00edba","article_published_time":"2019-01-25T14:07:16+00:00","article_modified_time":"2019-01-25T14:07:17+00:00","og_image":[{"width":800,"height":445,"url":"https:\/\/www.pm.pb.gov.br\/portal\/wp-content\/uploads\/2019\/01\/ilustrativa.jpg","type":"image\/jpeg"}],"author":"Tarcisio Oliveira","twitter_card":"summary_large_image","twitter_misc":{"Escrito por":"Tarcisio Oliveira","Est. tempo de leitura":"1 minuto"},"schema":{"@context":"https:\/\/schema.org","@graph":[{"@type":"Article","@id":"https:\/\/www.pm.pb.gov.br\/portal\/2019\/01\/25\/dupla-suspeita-de-assalto-em-bairros-de-joao-pessoa-e-detida-apos-perseguicao-por-mais-de-5-km\/#article","isPartOf":{"@id":"https:\/\/www.pm.pb.gov.br\/portal\/2019\/01\/25\/dupla-suspeita-de-assalto-em-bairros-de-joao-pessoa-e-detida-apos-perseguicao-por-mais-de-5-km\/"},"author":{"name":"Tarcisio Oliveira","@id":"https:\/\/www.pm.pb.gov.br\/portal\/#\/schema\/person\/f84f56dcc78ce4357054da888b8247fd"},"headline":"Dupla suspeita de assalto em bairros de Jo\u00e3o Pessoa \u00e9 detida ap\u00f3s persegui\u00e7\u00e3o por mais de 5 km","datePublished":"2019-01-25T14:07:16+00:00","dateModified":"2019-01-25T14:07:17+00:00","mainEntityOfPage":{"@id":"https:\/\/www.pm.pb.gov.br\/portal\/2019\/01\/25\/dupla-suspeita-de-assalto-em-bairros-de-joao-pessoa-e-detida-apos-perseguicao-por-mais-de-5-km\/"},"wordCount":239,"publisher":{"@id":"https:\/\/www.pm.pb.gov.br\/portal\/#organization"},"articleSection":["A\u00e7\u00f5es Policiais"],"inLanguage":"pt-BR"},{"@type":"WebPage","@id":"https:\/\/www.pm.pb.gov.br\/portal\/2019\/01\/25\/dupla-suspeita-de-assalto-em-bairros-de-joao-pessoa-e-detida-apos-perseguicao-por-mais-de-5-km\/","url":"https:\/\/www.pm.pb.gov.br\/portal\/2019\/01\/25\/dupla-suspeita-de-assalto-em-bairros-de-joao-pessoa-e-detida-apos-perseguicao-por-mais-de-5-km\/","name":"Dupla suspeita de assalto em bairros de Jo\u00e3o Pessoa \u00e9 detida ap\u00f3s persegui\u00e7\u00e3o por mais de 5 km - Pol\u00edcia Militar da Para\u00edba","isPartOf":{"@id":"https:\/\/www.pm.pb.gov.br\/portal\/#website"},"datePublished":"2019-01-25T14:07:16+00:00","dateModified":"2019-01-25T14:07:17+00:00","breadcrumb":{"@id":"https:\/\/www.pm.pb.gov.br\/portal\/2019\/01\/25\/dupla-suspeita-de-assalto-em-bairros-de-joao-pessoa-e-detida-apos-perseguicao-por-mais-de-5-km\/#breadcrumb"},"inLanguage":"pt-BR","potentialAction":[{"@type":"ReadAction","target":["https:\/\/www.pm.pb.gov.br\/portal\/2019\/01\/25\/dupla-suspeita-de-assalto-em-bairros-de-joao-pessoa-e-detida-apos-perseguicao-por-mais-de-5-km\/"]}]},{"@type":"BreadcrumbList","@id":"https:\/\/www.pm.pb.gov.br\/portal\/2019\/01\/25\/dupla-suspeita-de-assalto-em-bairros-de-joao-pessoa-e-detida-apos-perseguicao-por-mais-de-5-km\/#breadcrumb","itemListElement":[{"@type":"ListItem","position":1,"name":"In\u00edcio","item":"https:\/\/www.pm.pb.gov.br\/portal\/"},{"@type":"ListItem","position":2,"name":"Dupla suspeita de assalto em bairros de Jo\u00e3o Pessoa \u00e9 detida ap\u00f3s persegui\u00e7\u00e3o por mais de 5 km"}]},{"@type":"WebSite","@id":"https:\/\/www.pm.pb.gov.br\/portal\/#website","url":"https:\/\/www.pm.pb.gov.br\/portal\/","name":"Pol\u00edcia Militar da Para\u00edba","description":"","publisher":{"@id":"https:\/\/www.pm.pb.gov.br\/portal\/#organization"},"potentialAction":[{"@type":"SearchAction","target":{"@type":"EntryPoint","urlTemplate":"https:\/\/www.pm.pb.gov.br\/portal\/?s={search_term_string}"},"query-input":"required name=search_term_string"}],"inLanguage":"pt-BR"},{"@type":"Organization","@id":"https:\/\/www.pm.pb.gov.br\/portal\/#organization","name":"Pol\u00edcia Militar da Para\u00edba","url":"https:\/\/www.pm.pb.gov.br\/portal\/","logo":{"@type":"ImageObject","inLanguage":"pt-BR","@id":"https:\/\/www.pm.pb.gov.br\/portal\/#\/schema\/logo\/image\/","url":"https:\/\/www.pm.pb.gov.br\/portal\/wp-content\/uploads\/2025\/03\/cropped-logo-site-mag2-1.png","contentUrl":"https:\/\/www.pm.pb.gov.br\/portal\/wp-content\/uploads\/2025\/03\/cropped-logo-site-mag2-1.png","width":320,"height":90,"caption":"Pol\u00edcia Militar da Para\u00edba"},"image":{"@id":"https:\/\/www.pm.pb.gov.br\/portal\/#\/schema\/logo\/image\/"}},{"@type":"Person","@id":"https:\/\/www.pm.pb.gov.br\/portal\/#\/schema\/person\/f84f56dcc78ce4357054da888b8247fd","name":"Tarcisio Oliveira","image":{"@type":"ImageObject","inLanguage":"pt-BR","@id":"https:\/\/www.pm.pb.gov.br\/portal\/#\/schema\/person\/image\/","url":"https:\/\/secure.gravatar.com\/avatar\/72917b630b69d31cd0297507f34bac97?s=96&d=mm&r=g","contentUrl":"https:\/\/secure.gravatar.com\/avatar\/72917b630b69d31cd0297507f34bac97?s=96&d=mm&r=g","caption":"Tarcisio Oliveira"},"url":"https:\/\/www.pm.pb.gov.br\/portal\/author\/tarcisio\/"}]}},"_links":{"self":[{"href":"https:\/\/www.pm.pb.gov.br\/portal\/wp-json\/wp\/v2\/posts\/899815"}],"collection":[{"href":"https:\/\/www.pm.pb.gov.br\/portal\/wp-json\/wp\/v2\/posts"}],"about":[{"href":"https:\/\/www.pm.pb.gov.br\/portal\/wp-json\/wp\/v2\/types\/post"}],"author":[{"embeddable":true,"href":"https:\/\/www.pm.pb.gov.br\/portal\/wp-json\/wp\/v2\/users\/12"}],"replies":[{"embeddable":true,"href":"https:\/\/www.pm.pb.gov.br\/portal\/wp-json\/wp\/v2\/comments?post=899815"}],"version-history":[{"count":1,"href":"https:\/\/www.pm.pb.gov.br\/portal\/wp-json\/wp\/v2\/posts\/899815\/revisions"}],"predecessor-version":[{"id":899816,"href":"https:\/\/www.pm.pb.gov.br\/portal\/wp-json\/wp\/v2\/posts\/899815\/revisions\/899816"}],"wp:featuredmedia":[{"embeddable":true,"href":"https:\/\/www.pm.pb.gov.br\/portal\/wp-json\/wp\/v2\/media\/899721"}],"wp:attachment":[{"href":"https:\/\/www.pm.pb.gov.br\/portal\/wp-json\/wp\/v2\/media?parent=899815"}],"wp:term":[{"taxonomy":"category","embeddable":true,"href":"https:\/\/www.pm.pb.gov.br\/portal\/wp-json\/wp\/v2\/categories?post=899815"},{"taxonomy":"post_tag","embeddable":true,"href":"https:\/\/www.pm.pb.gov.br\/portal\/wp-json\/wp\/v2\/tags?post=899815"}],"curies":[{"name":"wp","href":"https:\/\/api.w.org\/{rel}","templated":true}]}}