{"id":899812,"date":"2019-01-23T18:26:22","date_gmt":"2019-01-23T21:26:22","guid":{"rendered":"http:\/\/www.pm.pb.gov.br\/portal\/?p=899812"},"modified":"2019-01-24T23:29:16","modified_gmt":"2019-01-25T02:29:16","slug":"policia-militar-desarticula-esquema-de-trafico-de-drogas-que-funcionava-dentro-de-uma-mata-em-joao-pessoa","status":"publish","type":"post","link":"https:\/\/www.pm.pb.gov.br\/portal\/2019\/01\/23\/policia-militar-desarticula-esquema-de-trafico-de-drogas-que-funcionava-dentro-de-uma-mata-em-joao-pessoa\/","title":{"rendered":"Pol\u00edcia Militar desarticula esquema de tr\u00e1fico de drogas que funcionava dentro de uma mata em Jo\u00e3o Pessoa"},"content":{"rendered":"\n<p>A Pol\u00edcia Militar localizou uma base do tr\u00e1fico de drogas que funcionava dentro de uma mata, que fica na divisa dos bairros do Cristo e Cruz das Armas, em Jo\u00e3o Pessoa. O local foi descoberto durante a\u00e7\u00e3o realizada pela For\u00e7a Regional, na manh\u00e3 desta quarta-feira (23), ap\u00f3s den\u00fancias sobre o esquema criminoso que acontecia na localidade.<\/p>\n\n\n\n<p>Um\nsuspeito de 18 anos foi preso em flagrante no local. Com ele, foram apreendidos\noito sacos cheios de maconha, uma por\u00e7\u00e3o de coca\u00edna, tr\u00eas r\u00e1dios comunicadores\ne embalagens para armazenar as drogas para a venda.<\/p>\n\n\n\n<p>De\nacordo com o comandante da For\u00e7a Regional, major Giuseppe Bruno, o material\nestava enterrado \u00e0s margens de um rio que passa pela mata. \u201cA guarni\u00e7\u00e3o do\nsargento Kleber recebeu a den\u00fancia sobre esse ponto de tr\u00e1fico e flagrou o\nsuspeito com uma quantidade de drogas. Os pacotes com a quantidade maior e o\nrestante do material estavam enterrados, ao redor de onde ele foi preso, dentro\nda mata\u201d, detalhou.<\/p>\n\n\n\n<p>O\nsuspeito foi apresentado com todo o material apreendido na Central de\nFlagrantes, no Geisel. A droga ainda ser\u00e1 pesada. O material encontrado com ele\ndeve passar por per\u00edcia.<\/p>\n","protected":false},"excerpt":{"rendered":"<p>A Pol\u00edcia Militar localizou uma base do tr\u00e1fico de drogas que funcionava dentro de uma mata, que fica na divisa<\/p>\n","protected":false},"author":12,"featured_media":899813,"comment_status":"closed","ping_status":"closed","sticky":false,"template":"","format":"standard","meta":{"_exactmetrics_skip_tracking":false,"_exactmetrics_sitenote_active":false,"_exactmetrics_sitenote_note":"","_exactmetrics_sitenote_category":0,"footnotes":""},"categories":[4],"tags":[],"yoast_head":"<!-- This site is optimized with the Yoast SEO plugin v22.0 - https:\/\/yoast.com\/wordpress\/plugins\/seo\/ -->\n<title>Pol\u00edcia Militar desarticula esquema de tr\u00e1fico de drogas que funcionava dentro de uma mata em Jo\u00e3o Pessoa - Pol\u00edcia Militar da Para\u00edba<\/title>\n<meta name=\"robots\" content=\"index, follow, max-snippet:-1, max-image-preview:large, max-video-preview:-1\" \/>\n<link rel=\"canonical\" href=\"https:\/\/www.pm.pb.gov.br\/portal\/2019\/01\/23\/policia-militar-desarticula-esquema-de-trafico-de-drogas-que-funcionava-dentro-de-uma-mata-em-joao-pessoa\/\" \/>\n<meta property=\"og:locale\" content=\"pt_BR\" \/>\n<meta property=\"og:type\" content=\"article\" \/>\n<meta property=\"og:title\" content=\"Pol\u00edcia Militar desarticula esquema de tr\u00e1fico de drogas que funcionava dentro de uma mata em Jo\u00e3o Pessoa - Pol\u00edcia Militar da Para\u00edba\" \/>\n<meta property=\"og:description\" content=\"A Pol\u00edcia Militar localizou uma base do tr\u00e1fico de drogas que funcionava dentro de uma mata, que fica na divisa\" \/>\n<meta property=\"og:url\" content=\"https:\/\/www.pm.pb.gov.br\/portal\/2019\/01\/23\/policia-militar-desarticula-esquema-de-trafico-de-drogas-que-funcionava-dentro-de-uma-mata-em-joao-pessoa\/\" \/>\n<meta property=\"og:site_name\" content=\"Pol\u00edcia Militar da Para\u00edba\" \/>\n<meta property=\"article:published_time\" content=\"2019-01-23T21:26:22+00:00\" \/>\n<meta property=\"article:modified_time\" content=\"2019-01-25T02:29:16+00:00\" \/>\n<meta property=\"og:image\" content=\"https:\/\/www.pm.pb.gov.br\/portal\/wp-content\/uploads\/2019\/01\/drogastrafico.jpg\" \/>\n\t<meta property=\"og:image:width\" content=\"800\" \/>\n\t<meta property=\"og:image:height\" content=\"445\" \/>\n\t<meta property=\"og:image:type\" content=\"image\/jpeg\" \/>\n<meta name=\"author\" content=\"Tarcisio Oliveira\" \/>\n<meta name=\"twitter:card\" content=\"summary_large_image\" \/>\n<meta name=\"twitter:label1\" content=\"Escrito por\" \/>\n\t<meta name=\"twitter:data1\" content=\"Tarcisio Oliveira\" \/>\n\t<meta name=\"twitter:label2\" content=\"Est. tempo de leitura\" \/>\n\t<meta name=\"twitter:data2\" content=\"1 minuto\" \/>\n<script type=\"application\/ld+json\" class=\"yoast-schema-graph\">{\"@context\":\"https:\/\/schema.org\",\"@graph\":[{\"@type\":\"Article\",\"@id\":\"https:\/\/www.pm.pb.gov.br\/portal\/2019\/01\/23\/policia-militar-desarticula-esquema-de-trafico-de-drogas-que-funcionava-dentro-de-uma-mata-em-joao-pessoa\/#article\",\"isPartOf\":{\"@id\":\"https:\/\/www.pm.pb.gov.br\/portal\/2019\/01\/23\/policia-militar-desarticula-esquema-de-trafico-de-drogas-que-funcionava-dentro-de-uma-mata-em-joao-pessoa\/\"},\"author\":{\"name\":\"Tarcisio Oliveira\",\"@id\":\"https:\/\/www.pm.pb.gov.br\/portal\/#\/schema\/person\/f84f56dcc78ce4357054da888b8247fd\"},\"headline\":\"Pol\u00edcia Militar desarticula esquema de tr\u00e1fico de drogas que funcionava dentro de uma mata em Jo\u00e3o Pessoa\",\"datePublished\":\"2019-01-23T21:26:22+00:00\",\"dateModified\":\"2019-01-25T02:29:16+00:00\",\"mainEntityOfPage\":{\"@id\":\"https:\/\/www.pm.pb.gov.br\/portal\/2019\/01\/23\/policia-militar-desarticula-esquema-de-trafico-de-drogas-que-funcionava-dentro-de-uma-mata-em-joao-pessoa\/\"},\"wordCount\":225,\"publisher\":{\"@id\":\"https:\/\/www.pm.pb.gov.br\/portal\/#organization\"},\"articleSection\":[\"A\u00e7\u00f5es Policiais\"],\"inLanguage\":\"pt-BR\"},{\"@type\":\"WebPage\",\"@id\":\"https:\/\/www.pm.pb.gov.br\/portal\/2019\/01\/23\/policia-militar-desarticula-esquema-de-trafico-de-drogas-que-funcionava-dentro-de-uma-mata-em-joao-pessoa\/\",\"url\":\"https:\/\/www.pm.pb.gov.br\/portal\/2019\/01\/23\/policia-militar-desarticula-esquema-de-trafico-de-drogas-que-funcionava-dentro-de-uma-mata-em-joao-pessoa\/\",\"name\":\"Pol\u00edcia Militar desarticula esquema de tr\u00e1fico de drogas que funcionava dentro de uma mata em Jo\u00e3o Pessoa - Pol\u00edcia Militar da Para\u00edba\",\"isPartOf\":{\"@id\":\"https:\/\/www.pm.pb.gov.br\/portal\/#website\"},\"datePublished\":\"2019-01-23T21:26:22+00:00\",\"dateModified\":\"2019-01-25T02:29:16+00:00\",\"breadcrumb\":{\"@id\":\"https:\/\/www.pm.pb.gov.br\/portal\/2019\/01\/23\/policia-militar-desarticula-esquema-de-trafico-de-drogas-que-funcionava-dentro-de-uma-mata-em-joao-pessoa\/#breadcrumb\"},\"inLanguage\":\"pt-BR\",\"potentialAction\":[{\"@type\":\"ReadAction\",\"target\":[\"https:\/\/www.pm.pb.gov.br\/portal\/2019\/01\/23\/policia-militar-desarticula-esquema-de-trafico-de-drogas-que-funcionava-dentro-de-uma-mata-em-joao-pessoa\/\"]}]},{\"@type\":\"BreadcrumbList\",\"@id\":\"https:\/\/www.pm.pb.gov.br\/portal\/2019\/01\/23\/policia-militar-desarticula-esquema-de-trafico-de-drogas-que-funcionava-dentro-de-uma-mata-em-joao-pessoa\/#breadcrumb\",\"itemListElement\":[{\"@type\":\"ListItem\",\"position\":1,\"name\":\"In\u00edcio\",\"item\":\"https:\/\/www.pm.pb.gov.br\/portal\/\"},{\"@type\":\"ListItem\",\"position\":2,\"name\":\"Pol\u00edcia Militar desarticula esquema de tr\u00e1fico de drogas que funcionava dentro de uma mata em Jo\u00e3o Pessoa\"}]},{\"@type\":\"WebSite\",\"@id\":\"https:\/\/www.pm.pb.gov.br\/portal\/#website\",\"url\":\"https:\/\/www.pm.pb.gov.br\/portal\/\",\"name\":\"Pol\u00edcia Militar da Para\u00edba\",\"description\":\"\",\"publisher\":{\"@id\":\"https:\/\/www.pm.pb.gov.br\/portal\/#organization\"},\"potentialAction\":[{\"@type\":\"SearchAction\",\"target\":{\"@type\":\"EntryPoint\",\"urlTemplate\":\"https:\/\/www.pm.pb.gov.br\/portal\/?s={search_term_string}\"},\"query-input\":\"required name=search_term_string\"}],\"inLanguage\":\"pt-BR\"},{\"@type\":\"Organization\",\"@id\":\"https:\/\/www.pm.pb.gov.br\/portal\/#organization\",\"name\":\"Pol\u00edcia Militar da Para\u00edba\",\"url\":\"https:\/\/www.pm.pb.gov.br\/portal\/\",\"logo\":{\"@type\":\"ImageObject\",\"inLanguage\":\"pt-BR\",\"@id\":\"https:\/\/www.pm.pb.gov.br\/portal\/#\/schema\/logo\/image\/\",\"url\":\"https:\/\/www.pm.pb.gov.br\/portal\/wp-content\/uploads\/2025\/03\/cropped-logo-site-mag2-1.png\",\"contentUrl\":\"https:\/\/www.pm.pb.gov.br\/portal\/wp-content\/uploads\/2025\/03\/cropped-logo-site-mag2-1.png\",\"width\":320,\"height\":90,\"caption\":\"Pol\u00edcia Militar da Para\u00edba\"},\"image\":{\"@id\":\"https:\/\/www.pm.pb.gov.br\/portal\/#\/schema\/logo\/image\/\"}},{\"@type\":\"Person\",\"@id\":\"https:\/\/www.pm.pb.gov.br\/portal\/#\/schema\/person\/f84f56dcc78ce4357054da888b8247fd\",\"name\":\"Tarcisio Oliveira\",\"image\":{\"@type\":\"ImageObject\",\"inLanguage\":\"pt-BR\",\"@id\":\"https:\/\/www.pm.pb.gov.br\/portal\/#\/schema\/person\/image\/\",\"url\":\"https:\/\/secure.gravatar.com\/avatar\/72917b630b69d31cd0297507f34bac97?s=96&d=mm&r=g\",\"contentUrl\":\"https:\/\/secure.gravatar.com\/avatar\/72917b630b69d31cd0297507f34bac97?s=96&d=mm&r=g\",\"caption\":\"Tarcisio Oliveira\"},\"url\":\"https:\/\/www.pm.pb.gov.br\/portal\/author\/tarcisio\/\"}]}<\/script>\n<!-- \/ Yoast SEO plugin. -->","yoast_head_json":{"title":"Pol\u00edcia Militar desarticula esquema de tr\u00e1fico de drogas que funcionava dentro de uma mata em Jo\u00e3o Pessoa - Pol\u00edcia Militar da Para\u00edba","robots":{"index":"index","follow":"follow","max-snippet":"max-snippet:-1","max-image-preview":"max-image-preview:large","max-video-preview":"max-video-preview:-1"},"canonical":"https:\/\/www.pm.pb.gov.br\/portal\/2019\/01\/23\/policia-militar-desarticula-esquema-de-trafico-de-drogas-que-funcionava-dentro-de-uma-mata-em-joao-pessoa\/","og_locale":"pt_BR","og_type":"article","og_title":"Pol\u00edcia Militar desarticula esquema de tr\u00e1fico de drogas que funcionava dentro de uma mata em Jo\u00e3o Pessoa - Pol\u00edcia Militar da Para\u00edba","og_description":"A Pol\u00edcia Militar localizou uma base do tr\u00e1fico de drogas que funcionava dentro de uma mata, que fica na divisa","og_url":"https:\/\/www.pm.pb.gov.br\/portal\/2019\/01\/23\/policia-militar-desarticula-esquema-de-trafico-de-drogas-que-funcionava-dentro-de-uma-mata-em-joao-pessoa\/","og_site_name":"Pol\u00edcia Militar da Para\u00edba","article_published_time":"2019-01-23T21:26:22+00:00","article_modified_time":"2019-01-25T02:29:16+00:00","og_image":[{"width":800,"height":445,"url":"https:\/\/www.pm.pb.gov.br\/portal\/wp-content\/uploads\/2019\/01\/drogastrafico.jpg","type":"image\/jpeg"}],"author":"Tarcisio Oliveira","twitter_card":"summary_large_image","twitter_misc":{"Escrito por":"Tarcisio Oliveira","Est. tempo de leitura":"1 minuto"},"schema":{"@context":"https:\/\/schema.org","@graph":[{"@type":"Article","@id":"https:\/\/www.pm.pb.gov.br\/portal\/2019\/01\/23\/policia-militar-desarticula-esquema-de-trafico-de-drogas-que-funcionava-dentro-de-uma-mata-em-joao-pessoa\/#article","isPartOf":{"@id":"https:\/\/www.pm.pb.gov.br\/portal\/2019\/01\/23\/policia-militar-desarticula-esquema-de-trafico-de-drogas-que-funcionava-dentro-de-uma-mata-em-joao-pessoa\/"},"author":{"name":"Tarcisio Oliveira","@id":"https:\/\/www.pm.pb.gov.br\/portal\/#\/schema\/person\/f84f56dcc78ce4357054da888b8247fd"},"headline":"Pol\u00edcia Militar desarticula esquema de tr\u00e1fico de drogas que funcionava dentro de uma mata em Jo\u00e3o Pessoa","datePublished":"2019-01-23T21:26:22+00:00","dateModified":"2019-01-25T02:29:16+00:00","mainEntityOfPage":{"@id":"https:\/\/www.pm.pb.gov.br\/portal\/2019\/01\/23\/policia-militar-desarticula-esquema-de-trafico-de-drogas-que-funcionava-dentro-de-uma-mata-em-joao-pessoa\/"},"wordCount":225,"publisher":{"@id":"https:\/\/www.pm.pb.gov.br\/portal\/#organization"},"articleSection":["A\u00e7\u00f5es Policiais"],"inLanguage":"pt-BR"},{"@type":"WebPage","@id":"https:\/\/www.pm.pb.gov.br\/portal\/2019\/01\/23\/policia-militar-desarticula-esquema-de-trafico-de-drogas-que-funcionava-dentro-de-uma-mata-em-joao-pessoa\/","url":"https:\/\/www.pm.pb.gov.br\/portal\/2019\/01\/23\/policia-militar-desarticula-esquema-de-trafico-de-drogas-que-funcionava-dentro-de-uma-mata-em-joao-pessoa\/","name":"Pol\u00edcia Militar desarticula esquema de tr\u00e1fico de drogas que funcionava dentro de uma mata em Jo\u00e3o Pessoa - Pol\u00edcia Militar da Para\u00edba","isPartOf":{"@id":"https:\/\/www.pm.pb.gov.br\/portal\/#website"},"datePublished":"2019-01-23T21:26:22+00:00","dateModified":"2019-01-25T02:29:16+00:00","breadcrumb":{"@id":"https:\/\/www.pm.pb.gov.br\/portal\/2019\/01\/23\/policia-militar-desarticula-esquema-de-trafico-de-drogas-que-funcionava-dentro-de-uma-mata-em-joao-pessoa\/#breadcrumb"},"inLanguage":"pt-BR","potentialAction":[{"@type":"ReadAction","target":["https:\/\/www.pm.pb.gov.br\/portal\/2019\/01\/23\/policia-militar-desarticula-esquema-de-trafico-de-drogas-que-funcionava-dentro-de-uma-mata-em-joao-pessoa\/"]}]},{"@type":"BreadcrumbList","@id":"https:\/\/www.pm.pb.gov.br\/portal\/2019\/01\/23\/policia-militar-desarticula-esquema-de-trafico-de-drogas-que-funcionava-dentro-de-uma-mata-em-joao-pessoa\/#breadcrumb","itemListElement":[{"@type":"ListItem","position":1,"name":"In\u00edcio","item":"https:\/\/www.pm.pb.gov.br\/portal\/"},{"@type":"ListItem","position":2,"name":"Pol\u00edcia Militar desarticula esquema de tr\u00e1fico de drogas que funcionava dentro de uma mata em Jo\u00e3o Pessoa"}]},{"@type":"WebSite","@id":"https:\/\/www.pm.pb.gov.br\/portal\/#website","url":"https:\/\/www.pm.pb.gov.br\/portal\/","name":"Pol\u00edcia Militar da Para\u00edba","description":"","publisher":{"@id":"https:\/\/www.pm.pb.gov.br\/portal\/#organization"},"potentialAction":[{"@type":"SearchAction","target":{"@type":"EntryPoint","urlTemplate":"https:\/\/www.pm.pb.gov.br\/portal\/?s={search_term_string}"},"query-input":"required name=search_term_string"}],"inLanguage":"pt-BR"},{"@type":"Organization","@id":"https:\/\/www.pm.pb.gov.br\/portal\/#organization","name":"Pol\u00edcia Militar da Para\u00edba","url":"https:\/\/www.pm.pb.gov.br\/portal\/","logo":{"@type":"ImageObject","inLanguage":"pt-BR","@id":"https:\/\/www.pm.pb.gov.br\/portal\/#\/schema\/logo\/image\/","url":"https:\/\/www.pm.pb.gov.br\/portal\/wp-content\/uploads\/2025\/03\/cropped-logo-site-mag2-1.png","contentUrl":"https:\/\/www.pm.pb.gov.br\/portal\/wp-content\/uploads\/2025\/03\/cropped-logo-site-mag2-1.png","width":320,"height":90,"caption":"Pol\u00edcia Militar da Para\u00edba"},"image":{"@id":"https:\/\/www.pm.pb.gov.br\/portal\/#\/schema\/logo\/image\/"}},{"@type":"Person","@id":"https:\/\/www.pm.pb.gov.br\/portal\/#\/schema\/person\/f84f56dcc78ce4357054da888b8247fd","name":"Tarcisio Oliveira","image":{"@type":"ImageObject","inLanguage":"pt-BR","@id":"https:\/\/www.pm.pb.gov.br\/portal\/#\/schema\/person\/image\/","url":"https:\/\/secure.gravatar.com\/avatar\/72917b630b69d31cd0297507f34bac97?s=96&d=mm&r=g","contentUrl":"https:\/\/secure.gravatar.com\/avatar\/72917b630b69d31cd0297507f34bac97?s=96&d=mm&r=g","caption":"Tarcisio Oliveira"},"url":"https:\/\/www.pm.pb.gov.br\/portal\/author\/tarcisio\/"}]}},"_links":{"self":[{"href":"https:\/\/www.pm.pb.gov.br\/portal\/wp-json\/wp\/v2\/posts\/899812"}],"collection":[{"href":"https:\/\/www.pm.pb.gov.br\/portal\/wp-json\/wp\/v2\/posts"}],"about":[{"href":"https:\/\/www.pm.pb.gov.br\/portal\/wp-json\/wp\/v2\/types\/post"}],"author":[{"embeddable":true,"href":"https:\/\/www.pm.pb.gov.br\/portal\/wp-json\/wp\/v2\/users\/12"}],"replies":[{"embeddable":true,"href":"https:\/\/www.pm.pb.gov.br\/portal\/wp-json\/wp\/v2\/comments?post=899812"}],"version-history":[{"count":1,"href":"https:\/\/www.pm.pb.gov.br\/portal\/wp-json\/wp\/v2\/posts\/899812\/revisions"}],"predecessor-version":[{"id":899814,"href":"https:\/\/www.pm.pb.gov.br\/portal\/wp-json\/wp\/v2\/posts\/899812\/revisions\/899814"}],"wp:featuredmedia":[{"embeddable":true,"href":"https:\/\/www.pm.pb.gov.br\/portal\/wp-json\/wp\/v2\/media\/899813"}],"wp:attachment":[{"href":"https:\/\/www.pm.pb.gov.br\/portal\/wp-json\/wp\/v2\/media?parent=899812"}],"wp:term":[{"taxonomy":"category","embeddable":true,"href":"https:\/\/www.pm.pb.gov.br\/portal\/wp-json\/wp\/v2\/categories?post=899812"},{"taxonomy":"post_tag","embeddable":true,"href":"https:\/\/www.pm.pb.gov.br\/portal\/wp-json\/wp\/v2\/tags?post=899812"}],"curies":[{"name":"wp","href":"https:\/\/api.w.org\/{rel}","templated":true}]}}