{"id":899803,"date":"2019-01-23T08:49:51","date_gmt":"2019-01-23T11:49:51","guid":{"rendered":"http:\/\/www.pm.pb.gov.br\/portal\/?p=899803"},"modified":"2019-01-23T13:24:16","modified_gmt":"2019-01-23T16:24:16","slug":"projeto-lutando-pela-paz-abre-inscricoes-para-judo-e-beach-wrestling","status":"publish","type":"post","link":"https:\/\/www.pm.pb.gov.br\/portal\/2019\/01\/23\/projeto-lutando-pela-paz-abre-inscricoes-para-judo-e-beach-wrestling\/","title":{"rendered":"Projeto &#8220;Lutando pela Paz&#8221; abre inscri\u00e7\u00f5es para jud\u00f4 e beach wrestling"},"content":{"rendered":"\n<p>Um projeto da Pol\u00edcia Militar voltado para crian\u00e7as e adolescentes est\u00e1 com inscri\u00e7\u00f5es abertas nas modalidades jud\u00f4 e beach wrestling (tipo de luta ol\u00edmpica), at\u00e9 o dia 4 de fevereiro. O \u201cLutando pela Paz\u201d, que atende meninos e meninas das comunidades S\u00e3o Domingos e Rabo do Galo, na Unidade de Pol\u00edcia Solid\u00e1ria do Altiplano, em Jo\u00e3o Pessoa, est\u00e1 com 50 vagas dispon\u00edveis para novos alunos de toda a cidade.<\/p>\n\n\n\n<p>O projeto funciona desde outubro de 2016, utilizando o esporte para fortalecer a inclus\u00e3o social,agregando valores, desenvolvendo a disciplina, integrando pol\u00edcia e comunidade,contribuindo assim para redu\u00e7\u00e3o da viol\u00eancia. Ao todo, as atividades j\u00e1 atenderam mais de 100 crian\u00e7as e adolescentes com programa\u00e7\u00f5es esportivas e culturais, e participa\u00e7\u00e3o de campeonatos em todo o estado.<\/p>\n\n\n\n<div class=\"wp-block-image\"><figure class=\"aligncenter is-resized\"><img loading=\"lazy\" decoding=\"async\" src=\"http:\/\/www.pm.pb.gov.br\/portal\/wp-content\/uploads\/2019\/01\/lutandopelapaz2-1024x566.jpeg\" alt=\"\" class=\"wp-image-899805\" width=\"597\" height=\"329\" srcset=\"https:\/\/www.pm.pb.gov.br\/portal\/wp-content\/uploads\/2019\/01\/lutandopelapaz2-1024x566.jpeg 1024w, https:\/\/www.pm.pb.gov.br\/portal\/wp-content\/uploads\/2019\/01\/lutandopelapaz2-245x136.jpeg 245w, https:\/\/www.pm.pb.gov.br\/portal\/wp-content\/uploads\/2019\/01\/lutandopelapaz2-768x425.jpeg 768w, https:\/\/www.pm.pb.gov.br\/portal\/wp-content\/uploads\/2019\/01\/lutandopelapaz2.jpeg 1280w\" sizes=\"(max-width: 597px) 100vw, 597px\" \/><\/figure><\/div>\n\n\n\n<p>As inscri\u00e7\u00f5es s\u00e3o gratuitas e acontecem na pr\u00f3pria UPS do Altiplano, localizada na rua Jos\u00e9 Rufino. As aulas come\u00e7am no pr\u00f3ximo dia 12 de fevereiro, no hor\u00e1rio da tarde. A UPS do Altiplano faz parte da Companhia Especializada em Atendimento ao Turista (CEATur) da Pol\u00edcia Militar.<\/p>\n","protected":false},"excerpt":{"rendered":"<p>Um projeto da Pol\u00edcia Militar voltado para crian\u00e7as e adolescentes est\u00e1 com inscri\u00e7\u00f5es abertas nas modalidades jud\u00f4 e beach wrestling<\/p>\n","protected":false},"author":12,"featured_media":899804,"comment_status":"closed","ping_status":"closed","sticky":false,"template":"","format":"standard","meta":{"_exactmetrics_skip_tracking":false,"_exactmetrics_sitenote_active":false,"_exactmetrics_sitenote_note":"","_exactmetrics_sitenote_category":0,"footnotes":""},"categories":[15],"tags":[],"yoast_head":"<!-- This site is optimized with the Yoast SEO plugin v22.0 - https:\/\/yoast.com\/wordpress\/plugins\/seo\/ -->\n<title>Projeto &quot;Lutando pela Paz&quot; abre inscri\u00e7\u00f5es para jud\u00f4 e beach wrestling - Pol\u00edcia Militar da Para\u00edba<\/title>\n<meta name=\"robots\" content=\"index, follow, max-snippet:-1, max-image-preview:large, max-video-preview:-1\" \/>\n<link rel=\"canonical\" href=\"https:\/\/www.pm.pb.gov.br\/portal\/2019\/01\/23\/projeto-lutando-pela-paz-abre-inscricoes-para-judo-e-beach-wrestling\/\" \/>\n<meta property=\"og:locale\" content=\"pt_BR\" \/>\n<meta property=\"og:type\" content=\"article\" \/>\n<meta property=\"og:title\" content=\"Projeto &quot;Lutando pela Paz&quot; abre inscri\u00e7\u00f5es para jud\u00f4 e beach wrestling - Pol\u00edcia Militar da Para\u00edba\" \/>\n<meta property=\"og:description\" content=\"Um projeto da Pol\u00edcia Militar voltado para crian\u00e7as e adolescentes est\u00e1 com inscri\u00e7\u00f5es abertas nas modalidades jud\u00f4 e beach wrestling\" \/>\n<meta property=\"og:url\" content=\"https:\/\/www.pm.pb.gov.br\/portal\/2019\/01\/23\/projeto-lutando-pela-paz-abre-inscricoes-para-judo-e-beach-wrestling\/\" \/>\n<meta property=\"og:site_name\" content=\"Pol\u00edcia Militar da Para\u00edba\" \/>\n<meta property=\"article:published_time\" content=\"2019-01-23T11:49:51+00:00\" \/>\n<meta property=\"article:modified_time\" content=\"2019-01-23T16:24:16+00:00\" \/>\n<meta property=\"og:image\" content=\"https:\/\/www.pm.pb.gov.br\/portal\/wp-content\/uploads\/2019\/01\/lutandopelapaz.jpeg\" \/>\n\t<meta property=\"og:image:width\" content=\"800\" \/>\n\t<meta property=\"og:image:height\" content=\"445\" \/>\n\t<meta property=\"og:image:type\" content=\"image\/jpeg\" \/>\n<meta name=\"author\" content=\"Tarcisio Oliveira\" \/>\n<meta name=\"twitter:card\" content=\"summary_large_image\" \/>\n<meta name=\"twitter:label1\" content=\"Escrito por\" \/>\n\t<meta name=\"twitter:data1\" content=\"Tarcisio Oliveira\" \/>\n\t<meta name=\"twitter:label2\" content=\"Est. tempo de leitura\" \/>\n\t<meta name=\"twitter:data2\" content=\"1 minuto\" \/>\n<script type=\"application\/ld+json\" class=\"yoast-schema-graph\">{\"@context\":\"https:\/\/schema.org\",\"@graph\":[{\"@type\":\"Article\",\"@id\":\"https:\/\/www.pm.pb.gov.br\/portal\/2019\/01\/23\/projeto-lutando-pela-paz-abre-inscricoes-para-judo-e-beach-wrestling\/#article\",\"isPartOf\":{\"@id\":\"https:\/\/www.pm.pb.gov.br\/portal\/2019\/01\/23\/projeto-lutando-pela-paz-abre-inscricoes-para-judo-e-beach-wrestling\/\"},\"author\":{\"name\":\"Tarcisio Oliveira\",\"@id\":\"https:\/\/www.pm.pb.gov.br\/portal\/#\/schema\/person\/f84f56dcc78ce4357054da888b8247fd\"},\"headline\":\"Projeto &#8220;Lutando pela Paz&#8221; abre inscri\u00e7\u00f5es para jud\u00f4 e beach wrestling\",\"datePublished\":\"2019-01-23T11:49:51+00:00\",\"dateModified\":\"2019-01-23T16:24:16+00:00\",\"mainEntityOfPage\":{\"@id\":\"https:\/\/www.pm.pb.gov.br\/portal\/2019\/01\/23\/projeto-lutando-pela-paz-abre-inscricoes-para-judo-e-beach-wrestling\/\"},\"wordCount\":200,\"publisher\":{\"@id\":\"https:\/\/www.pm.pb.gov.br\/portal\/#organization\"},\"articleSection\":[\"Informativo\"],\"inLanguage\":\"pt-BR\"},{\"@type\":\"WebPage\",\"@id\":\"https:\/\/www.pm.pb.gov.br\/portal\/2019\/01\/23\/projeto-lutando-pela-paz-abre-inscricoes-para-judo-e-beach-wrestling\/\",\"url\":\"https:\/\/www.pm.pb.gov.br\/portal\/2019\/01\/23\/projeto-lutando-pela-paz-abre-inscricoes-para-judo-e-beach-wrestling\/\",\"name\":\"Projeto \\\"Lutando pela Paz\\\" abre inscri\u00e7\u00f5es para jud\u00f4 e beach wrestling - Pol\u00edcia Militar da Para\u00edba\",\"isPartOf\":{\"@id\":\"https:\/\/www.pm.pb.gov.br\/portal\/#website\"},\"datePublished\":\"2019-01-23T11:49:51+00:00\",\"dateModified\":\"2019-01-23T16:24:16+00:00\",\"breadcrumb\":{\"@id\":\"https:\/\/www.pm.pb.gov.br\/portal\/2019\/01\/23\/projeto-lutando-pela-paz-abre-inscricoes-para-judo-e-beach-wrestling\/#breadcrumb\"},\"inLanguage\":\"pt-BR\",\"potentialAction\":[{\"@type\":\"ReadAction\",\"target\":[\"https:\/\/www.pm.pb.gov.br\/portal\/2019\/01\/23\/projeto-lutando-pela-paz-abre-inscricoes-para-judo-e-beach-wrestling\/\"]}]},{\"@type\":\"BreadcrumbList\",\"@id\":\"https:\/\/www.pm.pb.gov.br\/portal\/2019\/01\/23\/projeto-lutando-pela-paz-abre-inscricoes-para-judo-e-beach-wrestling\/#breadcrumb\",\"itemListElement\":[{\"@type\":\"ListItem\",\"position\":1,\"name\":\"In\u00edcio\",\"item\":\"https:\/\/www.pm.pb.gov.br\/portal\/\"},{\"@type\":\"ListItem\",\"position\":2,\"name\":\"Projeto &#8220;Lutando pela Paz&#8221; abre inscri\u00e7\u00f5es para jud\u00f4 e beach wrestling\"}]},{\"@type\":\"WebSite\",\"@id\":\"https:\/\/www.pm.pb.gov.br\/portal\/#website\",\"url\":\"https:\/\/www.pm.pb.gov.br\/portal\/\",\"name\":\"Pol\u00edcia Militar da Para\u00edba\",\"description\":\"\",\"publisher\":{\"@id\":\"https:\/\/www.pm.pb.gov.br\/portal\/#organization\"},\"potentialAction\":[{\"@type\":\"SearchAction\",\"target\":{\"@type\":\"EntryPoint\",\"urlTemplate\":\"https:\/\/www.pm.pb.gov.br\/portal\/?s={search_term_string}\"},\"query-input\":\"required name=search_term_string\"}],\"inLanguage\":\"pt-BR\"},{\"@type\":\"Organization\",\"@id\":\"https:\/\/www.pm.pb.gov.br\/portal\/#organization\",\"name\":\"Pol\u00edcia Militar da Para\u00edba\",\"url\":\"https:\/\/www.pm.pb.gov.br\/portal\/\",\"logo\":{\"@type\":\"ImageObject\",\"inLanguage\":\"pt-BR\",\"@id\":\"https:\/\/www.pm.pb.gov.br\/portal\/#\/schema\/logo\/image\/\",\"url\":\"https:\/\/www.pm.pb.gov.br\/portal\/wp-content\/uploads\/2025\/03\/cropped-logo-site-mag2-1.png\",\"contentUrl\":\"https:\/\/www.pm.pb.gov.br\/portal\/wp-content\/uploads\/2025\/03\/cropped-logo-site-mag2-1.png\",\"width\":320,\"height\":90,\"caption\":\"Pol\u00edcia Militar da Para\u00edba\"},\"image\":{\"@id\":\"https:\/\/www.pm.pb.gov.br\/portal\/#\/schema\/logo\/image\/\"}},{\"@type\":\"Person\",\"@id\":\"https:\/\/www.pm.pb.gov.br\/portal\/#\/schema\/person\/f84f56dcc78ce4357054da888b8247fd\",\"name\":\"Tarcisio Oliveira\",\"image\":{\"@type\":\"ImageObject\",\"inLanguage\":\"pt-BR\",\"@id\":\"https:\/\/www.pm.pb.gov.br\/portal\/#\/schema\/person\/image\/\",\"url\":\"https:\/\/secure.gravatar.com\/avatar\/72917b630b69d31cd0297507f34bac97?s=96&d=mm&r=g\",\"contentUrl\":\"https:\/\/secure.gravatar.com\/avatar\/72917b630b69d31cd0297507f34bac97?s=96&d=mm&r=g\",\"caption\":\"Tarcisio Oliveira\"},\"url\":\"https:\/\/www.pm.pb.gov.br\/portal\/author\/tarcisio\/\"}]}<\/script>\n<!-- \/ Yoast SEO plugin. -->","yoast_head_json":{"title":"Projeto \"Lutando pela Paz\" abre inscri\u00e7\u00f5es para jud\u00f4 e beach wrestling - Pol\u00edcia Militar da Para\u00edba","robots":{"index":"index","follow":"follow","max-snippet":"max-snippet:-1","max-image-preview":"max-image-preview:large","max-video-preview":"max-video-preview:-1"},"canonical":"https:\/\/www.pm.pb.gov.br\/portal\/2019\/01\/23\/projeto-lutando-pela-paz-abre-inscricoes-para-judo-e-beach-wrestling\/","og_locale":"pt_BR","og_type":"article","og_title":"Projeto \"Lutando pela Paz\" abre inscri\u00e7\u00f5es para jud\u00f4 e beach wrestling - Pol\u00edcia Militar da Para\u00edba","og_description":"Um projeto da Pol\u00edcia Militar voltado para crian\u00e7as e adolescentes est\u00e1 com inscri\u00e7\u00f5es abertas nas modalidades jud\u00f4 e beach wrestling","og_url":"https:\/\/www.pm.pb.gov.br\/portal\/2019\/01\/23\/projeto-lutando-pela-paz-abre-inscricoes-para-judo-e-beach-wrestling\/","og_site_name":"Pol\u00edcia Militar da Para\u00edba","article_published_time":"2019-01-23T11:49:51+00:00","article_modified_time":"2019-01-23T16:24:16+00:00","og_image":[{"width":800,"height":445,"url":"https:\/\/www.pm.pb.gov.br\/portal\/wp-content\/uploads\/2019\/01\/lutandopelapaz.jpeg","type":"image\/jpeg"}],"author":"Tarcisio Oliveira","twitter_card":"summary_large_image","twitter_misc":{"Escrito por":"Tarcisio Oliveira","Est. tempo de leitura":"1 minuto"},"schema":{"@context":"https:\/\/schema.org","@graph":[{"@type":"Article","@id":"https:\/\/www.pm.pb.gov.br\/portal\/2019\/01\/23\/projeto-lutando-pela-paz-abre-inscricoes-para-judo-e-beach-wrestling\/#article","isPartOf":{"@id":"https:\/\/www.pm.pb.gov.br\/portal\/2019\/01\/23\/projeto-lutando-pela-paz-abre-inscricoes-para-judo-e-beach-wrestling\/"},"author":{"name":"Tarcisio Oliveira","@id":"https:\/\/www.pm.pb.gov.br\/portal\/#\/schema\/person\/f84f56dcc78ce4357054da888b8247fd"},"headline":"Projeto &#8220;Lutando pela Paz&#8221; abre inscri\u00e7\u00f5es para jud\u00f4 e beach wrestling","datePublished":"2019-01-23T11:49:51+00:00","dateModified":"2019-01-23T16:24:16+00:00","mainEntityOfPage":{"@id":"https:\/\/www.pm.pb.gov.br\/portal\/2019\/01\/23\/projeto-lutando-pela-paz-abre-inscricoes-para-judo-e-beach-wrestling\/"},"wordCount":200,"publisher":{"@id":"https:\/\/www.pm.pb.gov.br\/portal\/#organization"},"articleSection":["Informativo"],"inLanguage":"pt-BR"},{"@type":"WebPage","@id":"https:\/\/www.pm.pb.gov.br\/portal\/2019\/01\/23\/projeto-lutando-pela-paz-abre-inscricoes-para-judo-e-beach-wrestling\/","url":"https:\/\/www.pm.pb.gov.br\/portal\/2019\/01\/23\/projeto-lutando-pela-paz-abre-inscricoes-para-judo-e-beach-wrestling\/","name":"Projeto \"Lutando pela Paz\" abre inscri\u00e7\u00f5es para jud\u00f4 e beach wrestling - Pol\u00edcia Militar da Para\u00edba","isPartOf":{"@id":"https:\/\/www.pm.pb.gov.br\/portal\/#website"},"datePublished":"2019-01-23T11:49:51+00:00","dateModified":"2019-01-23T16:24:16+00:00","breadcrumb":{"@id":"https:\/\/www.pm.pb.gov.br\/portal\/2019\/01\/23\/projeto-lutando-pela-paz-abre-inscricoes-para-judo-e-beach-wrestling\/#breadcrumb"},"inLanguage":"pt-BR","potentialAction":[{"@type":"ReadAction","target":["https:\/\/www.pm.pb.gov.br\/portal\/2019\/01\/23\/projeto-lutando-pela-paz-abre-inscricoes-para-judo-e-beach-wrestling\/"]}]},{"@type":"BreadcrumbList","@id":"https:\/\/www.pm.pb.gov.br\/portal\/2019\/01\/23\/projeto-lutando-pela-paz-abre-inscricoes-para-judo-e-beach-wrestling\/#breadcrumb","itemListElement":[{"@type":"ListItem","position":1,"name":"In\u00edcio","item":"https:\/\/www.pm.pb.gov.br\/portal\/"},{"@type":"ListItem","position":2,"name":"Projeto &#8220;Lutando pela Paz&#8221; abre inscri\u00e7\u00f5es para jud\u00f4 e beach wrestling"}]},{"@type":"WebSite","@id":"https:\/\/www.pm.pb.gov.br\/portal\/#website","url":"https:\/\/www.pm.pb.gov.br\/portal\/","name":"Pol\u00edcia Militar da Para\u00edba","description":"","publisher":{"@id":"https:\/\/www.pm.pb.gov.br\/portal\/#organization"},"potentialAction":[{"@type":"SearchAction","target":{"@type":"EntryPoint","urlTemplate":"https:\/\/www.pm.pb.gov.br\/portal\/?s={search_term_string}"},"query-input":"required name=search_term_string"}],"inLanguage":"pt-BR"},{"@type":"Organization","@id":"https:\/\/www.pm.pb.gov.br\/portal\/#organization","name":"Pol\u00edcia Militar da Para\u00edba","url":"https:\/\/www.pm.pb.gov.br\/portal\/","logo":{"@type":"ImageObject","inLanguage":"pt-BR","@id":"https:\/\/www.pm.pb.gov.br\/portal\/#\/schema\/logo\/image\/","url":"https:\/\/www.pm.pb.gov.br\/portal\/wp-content\/uploads\/2025\/03\/cropped-logo-site-mag2-1.png","contentUrl":"https:\/\/www.pm.pb.gov.br\/portal\/wp-content\/uploads\/2025\/03\/cropped-logo-site-mag2-1.png","width":320,"height":90,"caption":"Pol\u00edcia Militar da Para\u00edba"},"image":{"@id":"https:\/\/www.pm.pb.gov.br\/portal\/#\/schema\/logo\/image\/"}},{"@type":"Person","@id":"https:\/\/www.pm.pb.gov.br\/portal\/#\/schema\/person\/f84f56dcc78ce4357054da888b8247fd","name":"Tarcisio Oliveira","image":{"@type":"ImageObject","inLanguage":"pt-BR","@id":"https:\/\/www.pm.pb.gov.br\/portal\/#\/schema\/person\/image\/","url":"https:\/\/secure.gravatar.com\/avatar\/72917b630b69d31cd0297507f34bac97?s=96&d=mm&r=g","contentUrl":"https:\/\/secure.gravatar.com\/avatar\/72917b630b69d31cd0297507f34bac97?s=96&d=mm&r=g","caption":"Tarcisio Oliveira"},"url":"https:\/\/www.pm.pb.gov.br\/portal\/author\/tarcisio\/"}]}},"_links":{"self":[{"href":"https:\/\/www.pm.pb.gov.br\/portal\/wp-json\/wp\/v2\/posts\/899803"}],"collection":[{"href":"https:\/\/www.pm.pb.gov.br\/portal\/wp-json\/wp\/v2\/posts"}],"about":[{"href":"https:\/\/www.pm.pb.gov.br\/portal\/wp-json\/wp\/v2\/types\/post"}],"author":[{"embeddable":true,"href":"https:\/\/www.pm.pb.gov.br\/portal\/wp-json\/wp\/v2\/users\/12"}],"replies":[{"embeddable":true,"href":"https:\/\/www.pm.pb.gov.br\/portal\/wp-json\/wp\/v2\/comments?post=899803"}],"version-history":[{"count":1,"href":"https:\/\/www.pm.pb.gov.br\/portal\/wp-json\/wp\/v2\/posts\/899803\/revisions"}],"predecessor-version":[{"id":899806,"href":"https:\/\/www.pm.pb.gov.br\/portal\/wp-json\/wp\/v2\/posts\/899803\/revisions\/899806"}],"wp:featuredmedia":[{"embeddable":true,"href":"https:\/\/www.pm.pb.gov.br\/portal\/wp-json\/wp\/v2\/media\/899804"}],"wp:attachment":[{"href":"https:\/\/www.pm.pb.gov.br\/portal\/wp-json\/wp\/v2\/media?parent=899803"}],"wp:term":[{"taxonomy":"category","embeddable":true,"href":"https:\/\/www.pm.pb.gov.br\/portal\/wp-json\/wp\/v2\/categories?post=899803"},{"taxonomy":"post_tag","embeddable":true,"href":"https:\/\/www.pm.pb.gov.br\/portal\/wp-json\/wp\/v2\/tags?post=899803"}],"curies":[{"name":"wp","href":"https:\/\/api.w.org\/{rel}","templated":true}]}}