{"id":899799,"date":"2019-01-23T09:41:23","date_gmt":"2019-01-23T12:41:23","guid":{"rendered":"http:\/\/www.pm.pb.gov.br\/portal\/?p=899799"},"modified":"2019-01-23T09:41:24","modified_gmt":"2019-01-23T12:41:24","slug":"policia-militar-prende-suspeito-de-assaltar-farmacia-no-centro-de-campina-grande","status":"publish","type":"post","link":"https:\/\/www.pm.pb.gov.br\/portal\/2019\/01\/23\/policia-militar-prende-suspeito-de-assaltar-farmacia-no-centro-de-campina-grande\/","title":{"rendered":"Pol\u00edcia Militar prende suspeito de assaltar farm\u00e1cia no Centro de Campina Grande"},"content":{"rendered":"\n<div class=\"wp-block-image\"><figure class=\"alignright is-resized\"><img loading=\"lazy\" decoding=\"async\" src=\"http:\/\/www.pm.pb.gov.br\/portal\/wp-content\/uploads\/2019\/01\/capturacg-549x570.jpeg\" alt=\"\" class=\"wp-image-899801\" width=\"370\" height=\"384\" srcset=\"https:\/\/www.pm.pb.gov.br\/portal\/wp-content\/uploads\/2019\/01\/capturacg-549x570.jpeg 549w, https:\/\/www.pm.pb.gov.br\/portal\/wp-content\/uploads\/2019\/01\/capturacg-429x445.jpeg 429w, https:\/\/www.pm.pb.gov.br\/portal\/wp-content\/uploads\/2019\/01\/capturacg-768x797.jpeg 768w, https:\/\/www.pm.pb.gov.br\/portal\/wp-content\/uploads\/2019\/01\/capturacg.jpeg 774w\" sizes=\"(max-width: 370px) 100vw, 370px\" \/><\/figure><\/div>\n\n\n\n<p>A Pol\u00edcia Militar prendeu, no fim da noite dessa ter\u00e7a-feira (22), o suspeito que invadiu e assaltou uma farm\u00e1cia, no in\u00edcio da tarde, no Centro de Campina Grande. O rapaz,que tem 18 anos, foi localizado e preso dentro de uma caixa d\u2019 \u00e1gua, que fica no telhado das lojas da rua (foto ao lado) onde praticou o crime. Com ele, os policiais recuperaram o dinheiro levado no roubo e a arma usada para amea\u00e7ar as v\u00edtimas,um rev\u00f3lver calibre 32. <\/p>\n\n\n\n<p>De acordo com o sargento\nWellington Barbosa, da 3\u00aa Companhia do Batalh\u00e3o de Policiamento de Tr\u00e2nsito,\nele estava de folga quando recebeu uma liga\u00e7\u00e3o informando onde o criminoso\nestava escondido. \u201cFui at\u00e9 o local e identifiquei que ele estava na caixa d\u2019\n\u00e1gua, que ficava em um local de dif\u00edcil acesso, no telhado das lojas. Ele ficou\numas 10 horas escondido pelo telhado, talvez acreditando que sairia de l\u00e1 sem\nser preso, mas a resposta foi dada com a pris\u00e3o dele realizada pela Pol\u00edcia\nMilitar\u201d, destacou.<\/p>\n\n\n\n<p>O suspeito disse que\ndecidiu praticar o assalto \u00e0 farm\u00e1cia depois que roubou um casal, no come\u00e7o da\nmanh\u00e3, onde na bolsa de uma das v\u00edtimas encontrou a farda do estabelecimento.\nMas a vers\u00e3o ainda ser\u00e1 apurada, j\u00e1 que ele chegou em uma moto, com uma caixa\nque tinha areia e pedra dentro, fingindo ser entregador para ter acesso direto\nao escrit\u00f3rio da farm\u00e1cia.\n\nO jovem disse ainda que \u00e9 a terceira vez que \u00e9\ndetido pela PM, revelando que foi apreendido duas vezes em flagrante por porte\nilegal de arma, quando menor de idade, mas que foi liberado no mesmo dia, nas\nduas ocasi\u00f5es. Ele foi levado para a Central de Pol\u00edcia Civil, em Campina\nGrande.\n\n\n\n<\/p>\n","protected":false},"excerpt":{"rendered":"<p>A Pol\u00edcia Militar prendeu, no fim da noite dessa ter\u00e7a-feira (22), o suspeito que invadiu e assaltou uma farm\u00e1cia, no<\/p>\n","protected":false},"author":12,"featured_media":899800,"comment_status":"closed","ping_status":"closed","sticky":false,"template":"","format":"standard","meta":{"_exactmetrics_skip_tracking":false,"_exactmetrics_sitenote_active":false,"_exactmetrics_sitenote_note":"","_exactmetrics_sitenote_category":0,"footnotes":""},"categories":[4],"tags":[],"yoast_head":"<!-- This site is optimized with the Yoast SEO plugin v22.0 - https:\/\/yoast.com\/wordpress\/plugins\/seo\/ -->\n<title>Pol\u00edcia Militar prende suspeito de assaltar farm\u00e1cia no Centro de Campina Grande - Pol\u00edcia Militar da Para\u00edba<\/title>\n<meta name=\"robots\" content=\"index, follow, max-snippet:-1, max-image-preview:large, max-video-preview:-1\" \/>\n<link rel=\"canonical\" href=\"https:\/\/www.pm.pb.gov.br\/portal\/2019\/01\/23\/policia-militar-prende-suspeito-de-assaltar-farmacia-no-centro-de-campina-grande\/\" \/>\n<meta property=\"og:locale\" content=\"pt_BR\" \/>\n<meta property=\"og:type\" content=\"article\" \/>\n<meta property=\"og:title\" content=\"Pol\u00edcia Militar prende suspeito de assaltar farm\u00e1cia no Centro de Campina Grande - Pol\u00edcia Militar da Para\u00edba\" \/>\n<meta property=\"og:description\" content=\"A Pol\u00edcia Militar prendeu, no fim da noite dessa ter\u00e7a-feira (22), o suspeito que invadiu e assaltou uma farm\u00e1cia, no\" \/>\n<meta property=\"og:url\" content=\"https:\/\/www.pm.pb.gov.br\/portal\/2019\/01\/23\/policia-militar-prende-suspeito-de-assaltar-farmacia-no-centro-de-campina-grande\/\" \/>\n<meta property=\"og:site_name\" content=\"Pol\u00edcia Militar da Para\u00edba\" \/>\n<meta property=\"article:published_time\" content=\"2019-01-23T12:41:23+00:00\" \/>\n<meta property=\"article:modified_time\" content=\"2019-01-23T12:41:24+00:00\" \/>\n<meta property=\"og:image\" content=\"https:\/\/www.pm.pb.gov.br\/portal\/wp-content\/uploads\/2019\/01\/prisaofarmacia1.jpg\" \/>\n\t<meta property=\"og:image:width\" content=\"800\" \/>\n\t<meta property=\"og:image:height\" content=\"445\" \/>\n\t<meta property=\"og:image:type\" content=\"image\/jpeg\" \/>\n<meta name=\"author\" content=\"Tarcisio Oliveira\" \/>\n<meta name=\"twitter:card\" content=\"summary_large_image\" \/>\n<meta name=\"twitter:label1\" content=\"Escrito por\" \/>\n\t<meta name=\"twitter:data1\" content=\"Tarcisio Oliveira\" \/>\n\t<meta name=\"twitter:label2\" content=\"Est. tempo de leitura\" \/>\n\t<meta name=\"twitter:data2\" content=\"1 minuto\" \/>\n<script type=\"application\/ld+json\" class=\"yoast-schema-graph\">{\"@context\":\"https:\/\/schema.org\",\"@graph\":[{\"@type\":\"Article\",\"@id\":\"https:\/\/www.pm.pb.gov.br\/portal\/2019\/01\/23\/policia-militar-prende-suspeito-de-assaltar-farmacia-no-centro-de-campina-grande\/#article\",\"isPartOf\":{\"@id\":\"https:\/\/www.pm.pb.gov.br\/portal\/2019\/01\/23\/policia-militar-prende-suspeito-de-assaltar-farmacia-no-centro-de-campina-grande\/\"},\"author\":{\"name\":\"Tarcisio Oliveira\",\"@id\":\"https:\/\/www.pm.pb.gov.br\/portal\/#\/schema\/person\/f84f56dcc78ce4357054da888b8247fd\"},\"headline\":\"Pol\u00edcia Militar prende suspeito de assaltar farm\u00e1cia no Centro de Campina Grande\",\"datePublished\":\"2019-01-23T12:41:23+00:00\",\"dateModified\":\"2019-01-23T12:41:24+00:00\",\"mainEntityOfPage\":{\"@id\":\"https:\/\/www.pm.pb.gov.br\/portal\/2019\/01\/23\/policia-militar-prende-suspeito-de-assaltar-farmacia-no-centro-de-campina-grande\/\"},\"wordCount\":311,\"publisher\":{\"@id\":\"https:\/\/www.pm.pb.gov.br\/portal\/#organization\"},\"articleSection\":[\"A\u00e7\u00f5es Policiais\"],\"inLanguage\":\"pt-BR\"},{\"@type\":\"WebPage\",\"@id\":\"https:\/\/www.pm.pb.gov.br\/portal\/2019\/01\/23\/policia-militar-prende-suspeito-de-assaltar-farmacia-no-centro-de-campina-grande\/\",\"url\":\"https:\/\/www.pm.pb.gov.br\/portal\/2019\/01\/23\/policia-militar-prende-suspeito-de-assaltar-farmacia-no-centro-de-campina-grande\/\",\"name\":\"Pol\u00edcia Militar prende suspeito de assaltar farm\u00e1cia no Centro de Campina Grande - Pol\u00edcia Militar da Para\u00edba\",\"isPartOf\":{\"@id\":\"https:\/\/www.pm.pb.gov.br\/portal\/#website\"},\"datePublished\":\"2019-01-23T12:41:23+00:00\",\"dateModified\":\"2019-01-23T12:41:24+00:00\",\"breadcrumb\":{\"@id\":\"https:\/\/www.pm.pb.gov.br\/portal\/2019\/01\/23\/policia-militar-prende-suspeito-de-assaltar-farmacia-no-centro-de-campina-grande\/#breadcrumb\"},\"inLanguage\":\"pt-BR\",\"potentialAction\":[{\"@type\":\"ReadAction\",\"target\":[\"https:\/\/www.pm.pb.gov.br\/portal\/2019\/01\/23\/policia-militar-prende-suspeito-de-assaltar-farmacia-no-centro-de-campina-grande\/\"]}]},{\"@type\":\"BreadcrumbList\",\"@id\":\"https:\/\/www.pm.pb.gov.br\/portal\/2019\/01\/23\/policia-militar-prende-suspeito-de-assaltar-farmacia-no-centro-de-campina-grande\/#breadcrumb\",\"itemListElement\":[{\"@type\":\"ListItem\",\"position\":1,\"name\":\"In\u00edcio\",\"item\":\"https:\/\/www.pm.pb.gov.br\/portal\/\"},{\"@type\":\"ListItem\",\"position\":2,\"name\":\"Pol\u00edcia Militar prende suspeito de assaltar farm\u00e1cia no Centro de Campina Grande\"}]},{\"@type\":\"WebSite\",\"@id\":\"https:\/\/www.pm.pb.gov.br\/portal\/#website\",\"url\":\"https:\/\/www.pm.pb.gov.br\/portal\/\",\"name\":\"Pol\u00edcia Militar da Para\u00edba\",\"description\":\"\",\"publisher\":{\"@id\":\"https:\/\/www.pm.pb.gov.br\/portal\/#organization\"},\"potentialAction\":[{\"@type\":\"SearchAction\",\"target\":{\"@type\":\"EntryPoint\",\"urlTemplate\":\"https:\/\/www.pm.pb.gov.br\/portal\/?s={search_term_string}\"},\"query-input\":\"required name=search_term_string\"}],\"inLanguage\":\"pt-BR\"},{\"@type\":\"Organization\",\"@id\":\"https:\/\/www.pm.pb.gov.br\/portal\/#organization\",\"name\":\"Pol\u00edcia Militar da Para\u00edba\",\"url\":\"https:\/\/www.pm.pb.gov.br\/portal\/\",\"logo\":{\"@type\":\"ImageObject\",\"inLanguage\":\"pt-BR\",\"@id\":\"https:\/\/www.pm.pb.gov.br\/portal\/#\/schema\/logo\/image\/\",\"url\":\"https:\/\/www.pm.pb.gov.br\/portal\/wp-content\/uploads\/2025\/03\/cropped-logo-site-mag2-1.png\",\"contentUrl\":\"https:\/\/www.pm.pb.gov.br\/portal\/wp-content\/uploads\/2025\/03\/cropped-logo-site-mag2-1.png\",\"width\":320,\"height\":90,\"caption\":\"Pol\u00edcia Militar da Para\u00edba\"},\"image\":{\"@id\":\"https:\/\/www.pm.pb.gov.br\/portal\/#\/schema\/logo\/image\/\"}},{\"@type\":\"Person\",\"@id\":\"https:\/\/www.pm.pb.gov.br\/portal\/#\/schema\/person\/f84f56dcc78ce4357054da888b8247fd\",\"name\":\"Tarcisio Oliveira\",\"image\":{\"@type\":\"ImageObject\",\"inLanguage\":\"pt-BR\",\"@id\":\"https:\/\/www.pm.pb.gov.br\/portal\/#\/schema\/person\/image\/\",\"url\":\"https:\/\/secure.gravatar.com\/avatar\/72917b630b69d31cd0297507f34bac97?s=96&d=mm&r=g\",\"contentUrl\":\"https:\/\/secure.gravatar.com\/avatar\/72917b630b69d31cd0297507f34bac97?s=96&d=mm&r=g\",\"caption\":\"Tarcisio Oliveira\"},\"url\":\"https:\/\/www.pm.pb.gov.br\/portal\/author\/tarcisio\/\"}]}<\/script>\n<!-- \/ Yoast SEO plugin. -->","yoast_head_json":{"title":"Pol\u00edcia Militar prende suspeito de assaltar farm\u00e1cia no Centro de Campina Grande - Pol\u00edcia Militar da Para\u00edba","robots":{"index":"index","follow":"follow","max-snippet":"max-snippet:-1","max-image-preview":"max-image-preview:large","max-video-preview":"max-video-preview:-1"},"canonical":"https:\/\/www.pm.pb.gov.br\/portal\/2019\/01\/23\/policia-militar-prende-suspeito-de-assaltar-farmacia-no-centro-de-campina-grande\/","og_locale":"pt_BR","og_type":"article","og_title":"Pol\u00edcia Militar prende suspeito de assaltar farm\u00e1cia no Centro de Campina Grande - Pol\u00edcia Militar da Para\u00edba","og_description":"A Pol\u00edcia Militar prendeu, no fim da noite dessa ter\u00e7a-feira (22), o suspeito que invadiu e assaltou uma farm\u00e1cia, no","og_url":"https:\/\/www.pm.pb.gov.br\/portal\/2019\/01\/23\/policia-militar-prende-suspeito-de-assaltar-farmacia-no-centro-de-campina-grande\/","og_site_name":"Pol\u00edcia Militar da Para\u00edba","article_published_time":"2019-01-23T12:41:23+00:00","article_modified_time":"2019-01-23T12:41:24+00:00","og_image":[{"width":800,"height":445,"url":"https:\/\/www.pm.pb.gov.br\/portal\/wp-content\/uploads\/2019\/01\/prisaofarmacia1.jpg","type":"image\/jpeg"}],"author":"Tarcisio Oliveira","twitter_card":"summary_large_image","twitter_misc":{"Escrito por":"Tarcisio Oliveira","Est. tempo de leitura":"1 minuto"},"schema":{"@context":"https:\/\/schema.org","@graph":[{"@type":"Article","@id":"https:\/\/www.pm.pb.gov.br\/portal\/2019\/01\/23\/policia-militar-prende-suspeito-de-assaltar-farmacia-no-centro-de-campina-grande\/#article","isPartOf":{"@id":"https:\/\/www.pm.pb.gov.br\/portal\/2019\/01\/23\/policia-militar-prende-suspeito-de-assaltar-farmacia-no-centro-de-campina-grande\/"},"author":{"name":"Tarcisio Oliveira","@id":"https:\/\/www.pm.pb.gov.br\/portal\/#\/schema\/person\/f84f56dcc78ce4357054da888b8247fd"},"headline":"Pol\u00edcia Militar prende suspeito de assaltar farm\u00e1cia no Centro de Campina Grande","datePublished":"2019-01-23T12:41:23+00:00","dateModified":"2019-01-23T12:41:24+00:00","mainEntityOfPage":{"@id":"https:\/\/www.pm.pb.gov.br\/portal\/2019\/01\/23\/policia-militar-prende-suspeito-de-assaltar-farmacia-no-centro-de-campina-grande\/"},"wordCount":311,"publisher":{"@id":"https:\/\/www.pm.pb.gov.br\/portal\/#organization"},"articleSection":["A\u00e7\u00f5es Policiais"],"inLanguage":"pt-BR"},{"@type":"WebPage","@id":"https:\/\/www.pm.pb.gov.br\/portal\/2019\/01\/23\/policia-militar-prende-suspeito-de-assaltar-farmacia-no-centro-de-campina-grande\/","url":"https:\/\/www.pm.pb.gov.br\/portal\/2019\/01\/23\/policia-militar-prende-suspeito-de-assaltar-farmacia-no-centro-de-campina-grande\/","name":"Pol\u00edcia Militar prende suspeito de assaltar farm\u00e1cia no Centro de Campina Grande - Pol\u00edcia Militar da Para\u00edba","isPartOf":{"@id":"https:\/\/www.pm.pb.gov.br\/portal\/#website"},"datePublished":"2019-01-23T12:41:23+00:00","dateModified":"2019-01-23T12:41:24+00:00","breadcrumb":{"@id":"https:\/\/www.pm.pb.gov.br\/portal\/2019\/01\/23\/policia-militar-prende-suspeito-de-assaltar-farmacia-no-centro-de-campina-grande\/#breadcrumb"},"inLanguage":"pt-BR","potentialAction":[{"@type":"ReadAction","target":["https:\/\/www.pm.pb.gov.br\/portal\/2019\/01\/23\/policia-militar-prende-suspeito-de-assaltar-farmacia-no-centro-de-campina-grande\/"]}]},{"@type":"BreadcrumbList","@id":"https:\/\/www.pm.pb.gov.br\/portal\/2019\/01\/23\/policia-militar-prende-suspeito-de-assaltar-farmacia-no-centro-de-campina-grande\/#breadcrumb","itemListElement":[{"@type":"ListItem","position":1,"name":"In\u00edcio","item":"https:\/\/www.pm.pb.gov.br\/portal\/"},{"@type":"ListItem","position":2,"name":"Pol\u00edcia Militar prende suspeito de assaltar farm\u00e1cia no Centro de Campina Grande"}]},{"@type":"WebSite","@id":"https:\/\/www.pm.pb.gov.br\/portal\/#website","url":"https:\/\/www.pm.pb.gov.br\/portal\/","name":"Pol\u00edcia Militar da Para\u00edba","description":"","publisher":{"@id":"https:\/\/www.pm.pb.gov.br\/portal\/#organization"},"potentialAction":[{"@type":"SearchAction","target":{"@type":"EntryPoint","urlTemplate":"https:\/\/www.pm.pb.gov.br\/portal\/?s={search_term_string}"},"query-input":"required name=search_term_string"}],"inLanguage":"pt-BR"},{"@type":"Organization","@id":"https:\/\/www.pm.pb.gov.br\/portal\/#organization","name":"Pol\u00edcia Militar da Para\u00edba","url":"https:\/\/www.pm.pb.gov.br\/portal\/","logo":{"@type":"ImageObject","inLanguage":"pt-BR","@id":"https:\/\/www.pm.pb.gov.br\/portal\/#\/schema\/logo\/image\/","url":"https:\/\/www.pm.pb.gov.br\/portal\/wp-content\/uploads\/2025\/03\/cropped-logo-site-mag2-1.png","contentUrl":"https:\/\/www.pm.pb.gov.br\/portal\/wp-content\/uploads\/2025\/03\/cropped-logo-site-mag2-1.png","width":320,"height":90,"caption":"Pol\u00edcia Militar da Para\u00edba"},"image":{"@id":"https:\/\/www.pm.pb.gov.br\/portal\/#\/schema\/logo\/image\/"}},{"@type":"Person","@id":"https:\/\/www.pm.pb.gov.br\/portal\/#\/schema\/person\/f84f56dcc78ce4357054da888b8247fd","name":"Tarcisio Oliveira","image":{"@type":"ImageObject","inLanguage":"pt-BR","@id":"https:\/\/www.pm.pb.gov.br\/portal\/#\/schema\/person\/image\/","url":"https:\/\/secure.gravatar.com\/avatar\/72917b630b69d31cd0297507f34bac97?s=96&d=mm&r=g","contentUrl":"https:\/\/secure.gravatar.com\/avatar\/72917b630b69d31cd0297507f34bac97?s=96&d=mm&r=g","caption":"Tarcisio Oliveira"},"url":"https:\/\/www.pm.pb.gov.br\/portal\/author\/tarcisio\/"}]}},"_links":{"self":[{"href":"https:\/\/www.pm.pb.gov.br\/portal\/wp-json\/wp\/v2\/posts\/899799"}],"collection":[{"href":"https:\/\/www.pm.pb.gov.br\/portal\/wp-json\/wp\/v2\/posts"}],"about":[{"href":"https:\/\/www.pm.pb.gov.br\/portal\/wp-json\/wp\/v2\/types\/post"}],"author":[{"embeddable":true,"href":"https:\/\/www.pm.pb.gov.br\/portal\/wp-json\/wp\/v2\/users\/12"}],"replies":[{"embeddable":true,"href":"https:\/\/www.pm.pb.gov.br\/portal\/wp-json\/wp\/v2\/comments?post=899799"}],"version-history":[{"count":1,"href":"https:\/\/www.pm.pb.gov.br\/portal\/wp-json\/wp\/v2\/posts\/899799\/revisions"}],"predecessor-version":[{"id":899802,"href":"https:\/\/www.pm.pb.gov.br\/portal\/wp-json\/wp\/v2\/posts\/899799\/revisions\/899802"}],"wp:featuredmedia":[{"embeddable":true,"href":"https:\/\/www.pm.pb.gov.br\/portal\/wp-json\/wp\/v2\/media\/899800"}],"wp:attachment":[{"href":"https:\/\/www.pm.pb.gov.br\/portal\/wp-json\/wp\/v2\/media?parent=899799"}],"wp:term":[{"taxonomy":"category","embeddable":true,"href":"https:\/\/www.pm.pb.gov.br\/portal\/wp-json\/wp\/v2\/categories?post=899799"},{"taxonomy":"post_tag","embeddable":true,"href":"https:\/\/www.pm.pb.gov.br\/portal\/wp-json\/wp\/v2\/tags?post=899799"}],"curies":[{"name":"wp","href":"https:\/\/api.w.org\/{rel}","templated":true}]}}