{"id":899796,"date":"2019-01-22T18:59:19","date_gmt":"2019-01-22T21:59:19","guid":{"rendered":"http:\/\/www.pm.pb.gov.br\/portal\/?p=899796"},"modified":"2019-01-22T18:59:20","modified_gmt":"2019-01-22T21:59:20","slug":"policia-militar-localiza-mais-de-30-celulares-furtados-em-festas-do-ultimo-fim-de-semana-na-paraiba","status":"publish","type":"post","link":"https:\/\/www.pm.pb.gov.br\/portal\/2019\/01\/22\/policia-militar-localiza-mais-de-30-celulares-furtados-em-festas-do-ultimo-fim-de-semana-na-paraiba\/","title":{"rendered":"Pol\u00edcia Militar localiza mais de 30 celulares furtados em festas do \u00faltimo fim de semana na Para\u00edba"},"content":{"rendered":"\n<p>A Pol\u00edcia Militar recuperou 38 celulares que tinham sido furtados durante a 94\u00aa edi\u00e7\u00e3o da Festa de S\u00e3o Sebasti\u00e3o, em Mari, e de um evento em Cabedelo, no \u00faltimo fim de semana, na Para\u00edba. O material estava em uma casa, na rua Dami\u00e3o Marcelino, no bairro de Tibiri, em Santa Rita, onde a For\u00e7a T\u00e1tica do 7\u00ba Batalh\u00e3o deteve em flagrante dois suspeitos de atuar em quadrilha especializada em praticar este tipo de crime.<\/p>\n\n\n\n<p>Assim\nque os policiais chegaram at\u00e9 a casa, seguindo o rastreador de um dos aparelhos\nfurtados, um dos suspeitos, de 29 anos, estava na frente da resid\u00eancia e\nconfessou que estava com os celulares. Os aparelhos foram encontrados em um\nfundo falso do telhado, dentro do quarto e em um carro que estava estacionado.\nAp\u00f3s a pris\u00e3o dele, a PM chegou at\u00e9 um segundo suspeito, que estava sem\ndocumento de identifica\u00e7\u00e3o. Ele tamb\u00e9m tinha em m\u00e3os um celular roubado.<\/p>\n\n\n\n<p>De\nacordo com os policiais da For\u00e7a T\u00e1tica, o segundo detido, ao perceber que\nseria abordado pela PM, teria acessado rapidamente um grupo de whatsapp para\nexcluir os integrantes, o que levanta a possibilidade de que a quadrilha usava\no aplicativo como principal canal para planejar e trocar informa\u00e7\u00f5es criminosas\nsobre o furto e destina\u00e7\u00e3o dos aparelhos.<\/p>\n\n\n\n<p>Os\ndois suspeitos e todo o material apreendido est\u00e3o na 14\u00aa Delegacia Distrital,\nem Tibiri, na cidade de Santa Rita, onde as v\u00edtimas podem conferir e buscar os\naparelhos.<\/p>\n","protected":false},"excerpt":{"rendered":"<p>A Pol\u00edcia Militar recuperou 38 celulares que tinham sido furtados durante a 94\u00aa edi\u00e7\u00e3o da Festa de S\u00e3o Sebasti\u00e3o, em<\/p>\n","protected":false},"author":12,"featured_media":899797,"comment_status":"closed","ping_status":"closed","sticky":false,"template":"","format":"standard","meta":{"_exactmetrics_skip_tracking":false,"_exactmetrics_sitenote_active":false,"_exactmetrics_sitenote_note":"","_exactmetrics_sitenote_category":0,"footnotes":""},"categories":[4],"tags":[],"yoast_head":"<!-- This site is optimized with the Yoast SEO plugin v22.0 - https:\/\/yoast.com\/wordpress\/plugins\/seo\/ -->\n<title>Pol\u00edcia Militar localiza mais de 30 celulares furtados em festas do \u00faltimo fim de semana na Para\u00edba - Pol\u00edcia Militar da Para\u00edba<\/title>\n<meta name=\"robots\" content=\"index, follow, max-snippet:-1, max-image-preview:large, max-video-preview:-1\" \/>\n<link rel=\"canonical\" href=\"https:\/\/www.pm.pb.gov.br\/portal\/2019\/01\/22\/policia-militar-localiza-mais-de-30-celulares-furtados-em-festas-do-ultimo-fim-de-semana-na-paraiba\/\" \/>\n<meta property=\"og:locale\" content=\"pt_BR\" \/>\n<meta property=\"og:type\" content=\"article\" \/>\n<meta property=\"og:title\" content=\"Pol\u00edcia Militar localiza mais de 30 celulares furtados em festas do \u00faltimo fim de semana na Para\u00edba - Pol\u00edcia Militar da Para\u00edba\" \/>\n<meta property=\"og:description\" content=\"A Pol\u00edcia Militar recuperou 38 celulares que tinham sido furtados durante a 94\u00aa edi\u00e7\u00e3o da Festa de S\u00e3o Sebasti\u00e3o, em\" \/>\n<meta property=\"og:url\" content=\"https:\/\/www.pm.pb.gov.br\/portal\/2019\/01\/22\/policia-militar-localiza-mais-de-30-celulares-furtados-em-festas-do-ultimo-fim-de-semana-na-paraiba\/\" \/>\n<meta property=\"og:site_name\" content=\"Pol\u00edcia Militar da Para\u00edba\" \/>\n<meta property=\"article:published_time\" content=\"2019-01-22T21:59:19+00:00\" \/>\n<meta property=\"article:modified_time\" content=\"2019-01-22T21:59:20+00:00\" \/>\n<meta property=\"og:image\" content=\"https:\/\/www.pm.pb.gov.br\/portal\/wp-content\/uploads\/2019\/01\/celularesrecuperados.jpg\" \/>\n\t<meta property=\"og:image:width\" content=\"800\" \/>\n\t<meta property=\"og:image:height\" content=\"445\" \/>\n\t<meta property=\"og:image:type\" content=\"image\/jpeg\" \/>\n<meta name=\"author\" content=\"Tarcisio Oliveira\" \/>\n<meta name=\"twitter:card\" content=\"summary_large_image\" \/>\n<meta name=\"twitter:label1\" content=\"Escrito por\" \/>\n\t<meta name=\"twitter:data1\" content=\"Tarcisio Oliveira\" \/>\n\t<meta name=\"twitter:label2\" content=\"Est. tempo de leitura\" \/>\n\t<meta name=\"twitter:data2\" content=\"1 minuto\" \/>\n<script type=\"application\/ld+json\" class=\"yoast-schema-graph\">{\"@context\":\"https:\/\/schema.org\",\"@graph\":[{\"@type\":\"Article\",\"@id\":\"https:\/\/www.pm.pb.gov.br\/portal\/2019\/01\/22\/policia-militar-localiza-mais-de-30-celulares-furtados-em-festas-do-ultimo-fim-de-semana-na-paraiba\/#article\",\"isPartOf\":{\"@id\":\"https:\/\/www.pm.pb.gov.br\/portal\/2019\/01\/22\/policia-militar-localiza-mais-de-30-celulares-furtados-em-festas-do-ultimo-fim-de-semana-na-paraiba\/\"},\"author\":{\"name\":\"Tarcisio Oliveira\",\"@id\":\"https:\/\/www.pm.pb.gov.br\/portal\/#\/schema\/person\/f84f56dcc78ce4357054da888b8247fd\"},\"headline\":\"Pol\u00edcia Militar localiza mais de 30 celulares furtados em festas do \u00faltimo fim de semana na Para\u00edba\",\"datePublished\":\"2019-01-22T21:59:19+00:00\",\"dateModified\":\"2019-01-22T21:59:20+00:00\",\"mainEntityOfPage\":{\"@id\":\"https:\/\/www.pm.pb.gov.br\/portal\/2019\/01\/22\/policia-militar-localiza-mais-de-30-celulares-furtados-em-festas-do-ultimo-fim-de-semana-na-paraiba\/\"},\"wordCount\":273,\"publisher\":{\"@id\":\"https:\/\/www.pm.pb.gov.br\/portal\/#organization\"},\"articleSection\":[\"A\u00e7\u00f5es Policiais\"],\"inLanguage\":\"pt-BR\"},{\"@type\":\"WebPage\",\"@id\":\"https:\/\/www.pm.pb.gov.br\/portal\/2019\/01\/22\/policia-militar-localiza-mais-de-30-celulares-furtados-em-festas-do-ultimo-fim-de-semana-na-paraiba\/\",\"url\":\"https:\/\/www.pm.pb.gov.br\/portal\/2019\/01\/22\/policia-militar-localiza-mais-de-30-celulares-furtados-em-festas-do-ultimo-fim-de-semana-na-paraiba\/\",\"name\":\"Pol\u00edcia Militar localiza mais de 30 celulares furtados em festas do \u00faltimo fim de semana na Para\u00edba - Pol\u00edcia Militar da Para\u00edba\",\"isPartOf\":{\"@id\":\"https:\/\/www.pm.pb.gov.br\/portal\/#website\"},\"datePublished\":\"2019-01-22T21:59:19+00:00\",\"dateModified\":\"2019-01-22T21:59:20+00:00\",\"breadcrumb\":{\"@id\":\"https:\/\/www.pm.pb.gov.br\/portal\/2019\/01\/22\/policia-militar-localiza-mais-de-30-celulares-furtados-em-festas-do-ultimo-fim-de-semana-na-paraiba\/#breadcrumb\"},\"inLanguage\":\"pt-BR\",\"potentialAction\":[{\"@type\":\"ReadAction\",\"target\":[\"https:\/\/www.pm.pb.gov.br\/portal\/2019\/01\/22\/policia-militar-localiza-mais-de-30-celulares-furtados-em-festas-do-ultimo-fim-de-semana-na-paraiba\/\"]}]},{\"@type\":\"BreadcrumbList\",\"@id\":\"https:\/\/www.pm.pb.gov.br\/portal\/2019\/01\/22\/policia-militar-localiza-mais-de-30-celulares-furtados-em-festas-do-ultimo-fim-de-semana-na-paraiba\/#breadcrumb\",\"itemListElement\":[{\"@type\":\"ListItem\",\"position\":1,\"name\":\"In\u00edcio\",\"item\":\"https:\/\/www.pm.pb.gov.br\/portal\/\"},{\"@type\":\"ListItem\",\"position\":2,\"name\":\"Pol\u00edcia Militar localiza mais de 30 celulares furtados em festas do \u00faltimo fim de semana na Para\u00edba\"}]},{\"@type\":\"WebSite\",\"@id\":\"https:\/\/www.pm.pb.gov.br\/portal\/#website\",\"url\":\"https:\/\/www.pm.pb.gov.br\/portal\/\",\"name\":\"Pol\u00edcia Militar da Para\u00edba\",\"description\":\"\",\"publisher\":{\"@id\":\"https:\/\/www.pm.pb.gov.br\/portal\/#organization\"},\"potentialAction\":[{\"@type\":\"SearchAction\",\"target\":{\"@type\":\"EntryPoint\",\"urlTemplate\":\"https:\/\/www.pm.pb.gov.br\/portal\/?s={search_term_string}\"},\"query-input\":\"required name=search_term_string\"}],\"inLanguage\":\"pt-BR\"},{\"@type\":\"Organization\",\"@id\":\"https:\/\/www.pm.pb.gov.br\/portal\/#organization\",\"name\":\"Pol\u00edcia Militar da Para\u00edba\",\"url\":\"https:\/\/www.pm.pb.gov.br\/portal\/\",\"logo\":{\"@type\":\"ImageObject\",\"inLanguage\":\"pt-BR\",\"@id\":\"https:\/\/www.pm.pb.gov.br\/portal\/#\/schema\/logo\/image\/\",\"url\":\"https:\/\/www.pm.pb.gov.br\/portal\/wp-content\/uploads\/2025\/03\/cropped-logo-site-mag2-1.png\",\"contentUrl\":\"https:\/\/www.pm.pb.gov.br\/portal\/wp-content\/uploads\/2025\/03\/cropped-logo-site-mag2-1.png\",\"width\":320,\"height\":90,\"caption\":\"Pol\u00edcia Militar da Para\u00edba\"},\"image\":{\"@id\":\"https:\/\/www.pm.pb.gov.br\/portal\/#\/schema\/logo\/image\/\"}},{\"@type\":\"Person\",\"@id\":\"https:\/\/www.pm.pb.gov.br\/portal\/#\/schema\/person\/f84f56dcc78ce4357054da888b8247fd\",\"name\":\"Tarcisio Oliveira\",\"image\":{\"@type\":\"ImageObject\",\"inLanguage\":\"pt-BR\",\"@id\":\"https:\/\/www.pm.pb.gov.br\/portal\/#\/schema\/person\/image\/\",\"url\":\"https:\/\/secure.gravatar.com\/avatar\/72917b630b69d31cd0297507f34bac97?s=96&d=mm&r=g\",\"contentUrl\":\"https:\/\/secure.gravatar.com\/avatar\/72917b630b69d31cd0297507f34bac97?s=96&d=mm&r=g\",\"caption\":\"Tarcisio Oliveira\"},\"url\":\"https:\/\/www.pm.pb.gov.br\/portal\/author\/tarcisio\/\"}]}<\/script>\n<!-- \/ Yoast SEO plugin. -->","yoast_head_json":{"title":"Pol\u00edcia Militar localiza mais de 30 celulares furtados em festas do \u00faltimo fim de semana na Para\u00edba - Pol\u00edcia Militar da Para\u00edba","robots":{"index":"index","follow":"follow","max-snippet":"max-snippet:-1","max-image-preview":"max-image-preview:large","max-video-preview":"max-video-preview:-1"},"canonical":"https:\/\/www.pm.pb.gov.br\/portal\/2019\/01\/22\/policia-militar-localiza-mais-de-30-celulares-furtados-em-festas-do-ultimo-fim-de-semana-na-paraiba\/","og_locale":"pt_BR","og_type":"article","og_title":"Pol\u00edcia Militar localiza mais de 30 celulares furtados em festas do \u00faltimo fim de semana na Para\u00edba - Pol\u00edcia Militar da Para\u00edba","og_description":"A Pol\u00edcia Militar recuperou 38 celulares que tinham sido furtados durante a 94\u00aa edi\u00e7\u00e3o da Festa de S\u00e3o Sebasti\u00e3o, em","og_url":"https:\/\/www.pm.pb.gov.br\/portal\/2019\/01\/22\/policia-militar-localiza-mais-de-30-celulares-furtados-em-festas-do-ultimo-fim-de-semana-na-paraiba\/","og_site_name":"Pol\u00edcia Militar da Para\u00edba","article_published_time":"2019-01-22T21:59:19+00:00","article_modified_time":"2019-01-22T21:59:20+00:00","og_image":[{"width":800,"height":445,"url":"https:\/\/www.pm.pb.gov.br\/portal\/wp-content\/uploads\/2019\/01\/celularesrecuperados.jpg","type":"image\/jpeg"}],"author":"Tarcisio Oliveira","twitter_card":"summary_large_image","twitter_misc":{"Escrito por":"Tarcisio Oliveira","Est. tempo de leitura":"1 minuto"},"schema":{"@context":"https:\/\/schema.org","@graph":[{"@type":"Article","@id":"https:\/\/www.pm.pb.gov.br\/portal\/2019\/01\/22\/policia-militar-localiza-mais-de-30-celulares-furtados-em-festas-do-ultimo-fim-de-semana-na-paraiba\/#article","isPartOf":{"@id":"https:\/\/www.pm.pb.gov.br\/portal\/2019\/01\/22\/policia-militar-localiza-mais-de-30-celulares-furtados-em-festas-do-ultimo-fim-de-semana-na-paraiba\/"},"author":{"name":"Tarcisio Oliveira","@id":"https:\/\/www.pm.pb.gov.br\/portal\/#\/schema\/person\/f84f56dcc78ce4357054da888b8247fd"},"headline":"Pol\u00edcia Militar localiza mais de 30 celulares furtados em festas do \u00faltimo fim de semana na Para\u00edba","datePublished":"2019-01-22T21:59:19+00:00","dateModified":"2019-01-22T21:59:20+00:00","mainEntityOfPage":{"@id":"https:\/\/www.pm.pb.gov.br\/portal\/2019\/01\/22\/policia-militar-localiza-mais-de-30-celulares-furtados-em-festas-do-ultimo-fim-de-semana-na-paraiba\/"},"wordCount":273,"publisher":{"@id":"https:\/\/www.pm.pb.gov.br\/portal\/#organization"},"articleSection":["A\u00e7\u00f5es Policiais"],"inLanguage":"pt-BR"},{"@type":"WebPage","@id":"https:\/\/www.pm.pb.gov.br\/portal\/2019\/01\/22\/policia-militar-localiza-mais-de-30-celulares-furtados-em-festas-do-ultimo-fim-de-semana-na-paraiba\/","url":"https:\/\/www.pm.pb.gov.br\/portal\/2019\/01\/22\/policia-militar-localiza-mais-de-30-celulares-furtados-em-festas-do-ultimo-fim-de-semana-na-paraiba\/","name":"Pol\u00edcia Militar localiza mais de 30 celulares furtados em festas do \u00faltimo fim de semana na Para\u00edba - Pol\u00edcia Militar da Para\u00edba","isPartOf":{"@id":"https:\/\/www.pm.pb.gov.br\/portal\/#website"},"datePublished":"2019-01-22T21:59:19+00:00","dateModified":"2019-01-22T21:59:20+00:00","breadcrumb":{"@id":"https:\/\/www.pm.pb.gov.br\/portal\/2019\/01\/22\/policia-militar-localiza-mais-de-30-celulares-furtados-em-festas-do-ultimo-fim-de-semana-na-paraiba\/#breadcrumb"},"inLanguage":"pt-BR","potentialAction":[{"@type":"ReadAction","target":["https:\/\/www.pm.pb.gov.br\/portal\/2019\/01\/22\/policia-militar-localiza-mais-de-30-celulares-furtados-em-festas-do-ultimo-fim-de-semana-na-paraiba\/"]}]},{"@type":"BreadcrumbList","@id":"https:\/\/www.pm.pb.gov.br\/portal\/2019\/01\/22\/policia-militar-localiza-mais-de-30-celulares-furtados-em-festas-do-ultimo-fim-de-semana-na-paraiba\/#breadcrumb","itemListElement":[{"@type":"ListItem","position":1,"name":"In\u00edcio","item":"https:\/\/www.pm.pb.gov.br\/portal\/"},{"@type":"ListItem","position":2,"name":"Pol\u00edcia Militar localiza mais de 30 celulares furtados em festas do \u00faltimo fim de semana na Para\u00edba"}]},{"@type":"WebSite","@id":"https:\/\/www.pm.pb.gov.br\/portal\/#website","url":"https:\/\/www.pm.pb.gov.br\/portal\/","name":"Pol\u00edcia Militar da Para\u00edba","description":"","publisher":{"@id":"https:\/\/www.pm.pb.gov.br\/portal\/#organization"},"potentialAction":[{"@type":"SearchAction","target":{"@type":"EntryPoint","urlTemplate":"https:\/\/www.pm.pb.gov.br\/portal\/?s={search_term_string}"},"query-input":"required name=search_term_string"}],"inLanguage":"pt-BR"},{"@type":"Organization","@id":"https:\/\/www.pm.pb.gov.br\/portal\/#organization","name":"Pol\u00edcia Militar da Para\u00edba","url":"https:\/\/www.pm.pb.gov.br\/portal\/","logo":{"@type":"ImageObject","inLanguage":"pt-BR","@id":"https:\/\/www.pm.pb.gov.br\/portal\/#\/schema\/logo\/image\/","url":"https:\/\/www.pm.pb.gov.br\/portal\/wp-content\/uploads\/2025\/03\/cropped-logo-site-mag2-1.png","contentUrl":"https:\/\/www.pm.pb.gov.br\/portal\/wp-content\/uploads\/2025\/03\/cropped-logo-site-mag2-1.png","width":320,"height":90,"caption":"Pol\u00edcia Militar da Para\u00edba"},"image":{"@id":"https:\/\/www.pm.pb.gov.br\/portal\/#\/schema\/logo\/image\/"}},{"@type":"Person","@id":"https:\/\/www.pm.pb.gov.br\/portal\/#\/schema\/person\/f84f56dcc78ce4357054da888b8247fd","name":"Tarcisio Oliveira","image":{"@type":"ImageObject","inLanguage":"pt-BR","@id":"https:\/\/www.pm.pb.gov.br\/portal\/#\/schema\/person\/image\/","url":"https:\/\/secure.gravatar.com\/avatar\/72917b630b69d31cd0297507f34bac97?s=96&d=mm&r=g","contentUrl":"https:\/\/secure.gravatar.com\/avatar\/72917b630b69d31cd0297507f34bac97?s=96&d=mm&r=g","caption":"Tarcisio Oliveira"},"url":"https:\/\/www.pm.pb.gov.br\/portal\/author\/tarcisio\/"}]}},"_links":{"self":[{"href":"https:\/\/www.pm.pb.gov.br\/portal\/wp-json\/wp\/v2\/posts\/899796"}],"collection":[{"href":"https:\/\/www.pm.pb.gov.br\/portal\/wp-json\/wp\/v2\/posts"}],"about":[{"href":"https:\/\/www.pm.pb.gov.br\/portal\/wp-json\/wp\/v2\/types\/post"}],"author":[{"embeddable":true,"href":"https:\/\/www.pm.pb.gov.br\/portal\/wp-json\/wp\/v2\/users\/12"}],"replies":[{"embeddable":true,"href":"https:\/\/www.pm.pb.gov.br\/portal\/wp-json\/wp\/v2\/comments?post=899796"}],"version-history":[{"count":1,"href":"https:\/\/www.pm.pb.gov.br\/portal\/wp-json\/wp\/v2\/posts\/899796\/revisions"}],"predecessor-version":[{"id":899798,"href":"https:\/\/www.pm.pb.gov.br\/portal\/wp-json\/wp\/v2\/posts\/899796\/revisions\/899798"}],"wp:featuredmedia":[{"embeddable":true,"href":"https:\/\/www.pm.pb.gov.br\/portal\/wp-json\/wp\/v2\/media\/899797"}],"wp:attachment":[{"href":"https:\/\/www.pm.pb.gov.br\/portal\/wp-json\/wp\/v2\/media?parent=899796"}],"wp:term":[{"taxonomy":"category","embeddable":true,"href":"https:\/\/www.pm.pb.gov.br\/portal\/wp-json\/wp\/v2\/categories?post=899796"},{"taxonomy":"post_tag","embeddable":true,"href":"https:\/\/www.pm.pb.gov.br\/portal\/wp-json\/wp\/v2\/tags?post=899796"}],"curies":[{"name":"wp","href":"https:\/\/api.w.org\/{rel}","templated":true}]}}