{"id":899791,"date":"2019-01-21T19:57:00","date_gmt":"2019-01-21T22:57:00","guid":{"rendered":"http:\/\/www.pm.pb.gov.br\/portal\/?p=899791"},"modified":"2019-01-21T19:57:01","modified_gmt":"2019-01-21T22:57:01","slug":"policia-militar-frustra-tentativa-de-resgate-de-presos-e-apreende-arma-usada-pelos-suspeitos-em-sousa","status":"publish","type":"post","link":"https:\/\/www.pm.pb.gov.br\/portal\/2019\/01\/21\/policia-militar-frustra-tentativa-de-resgate-de-presos-e-apreende-arma-usada-pelos-suspeitos-em-sousa\/","title":{"rendered":"Pol\u00edcia Militar frustra tentativa de resgate de presos e apreende arma usada pelos suspeitos em Sousa"},"content":{"rendered":"\n<p>A Pol\u00edcia Militar frustrou uma tentativa de resgate de presos da Col\u00f4nia Penal Agr\u00edcola de Sousa,que aconteceu por volta das 2h desta segunda-feira (21), no Sert\u00e3o Para\u00edba. Area\u00e7\u00e3o imediata da PM fez os autores da a\u00e7\u00e3o fugirem e abandonarem uma das armas usadas na a\u00e7\u00e3o, ap\u00f3s um cerco montando por equipes do 14\u00ba Batalh\u00e3o, do Batalh\u00e3o de Opera\u00e7\u00f5es Especiais (Bope) e 6\u00ba BPM.<\/p>\n\n\n\n<p>Conforme informa\u00e7\u00f5es do comandante do 14\u00ba Batalh\u00e3o, tenente-coronel Jurandy Pereira, dois sa\u00edram de dentro de uma mata atirando contra o muro do estabelecimento prisional, quando os policiais que estavam na guarita revidaram aos disparos. \u201cEles estavam com mochilas nas costas, possivelmente com algum material explosivo. Houve o revide por parte dos nossos policiais e, em seguida, de forma r\u00e1pida, mobilizamos todo um apoio que frustrou os planos da tentativa de resgate que eles pretendiam\u201d,disse.<\/p>\n\n\n\n<p>Os suspeitos fugiram\npor uma mata, abanando uma espingarda no trajeto. Os policiais militares se\ndividiram entre buscas na regi\u00e3o e na ocupa\u00e7\u00e3o dentro do pres\u00eddio, onde\nencontraram dois port\u00f5es que davam acesso aos pavilh\u00f5es abertos.<\/p>\n\n\n\n<p>O comandante do 14\u00ba\nBatalh\u00e3o detalhou ainda que j\u00e1 estabeleceu medidas em conjunto com a dire\u00e7\u00e3o do\npres\u00eddio para tentar identificar presos envolvidos na a\u00e7\u00e3o criminosa. \u201cA\nunidade tem cerca de 250 apenados, haver\u00e1&nbsp;\nremanejamento de presos para outras unidades e nesta segunda-feira\nestaremos fazendo uma revista em toda a unidade, em buscas de colher mais\ninforma\u00e7\u00f5es que identifiquem envolvidos neste plano de fuga, que foi\nprontamente frustrado\u201d, completou.\n\nToda a regi\u00e3o passar\u00e1 a ter um refor\u00e7o ap\u00f3s o\nfato, inclusive com levantamentos para chegar aos suspeitos que chegaram atirando\ne, consequentemente, \u00e0 quadrilha da qual eles faziam parte\n\n\n\n<\/p>\n","protected":false},"excerpt":{"rendered":"<p>A Pol\u00edcia Militar frustrou uma tentativa de resgate de presos da Col\u00f4nia Penal Agr\u00edcola de Sousa,que aconteceu por volta das<\/p>\n","protected":false},"author":12,"featured_media":899721,"comment_status":"closed","ping_status":"closed","sticky":false,"template":"","format":"standard","meta":{"_exactmetrics_skip_tracking":false,"_exactmetrics_sitenote_active":false,"_exactmetrics_sitenote_note":"","_exactmetrics_sitenote_category":0,"footnotes":""},"categories":[4],"tags":[],"yoast_head":"<!-- This site is optimized with the Yoast SEO plugin v22.0 - https:\/\/yoast.com\/wordpress\/plugins\/seo\/ -->\n<title>Pol\u00edcia Militar frustra tentativa de resgate de presos e apreende arma usada pelos suspeitos em Sousa - Pol\u00edcia Militar da Para\u00edba<\/title>\n<meta name=\"robots\" content=\"index, follow, max-snippet:-1, max-image-preview:large, max-video-preview:-1\" \/>\n<link rel=\"canonical\" href=\"https:\/\/www.pm.pb.gov.br\/portal\/2019\/01\/21\/policia-militar-frustra-tentativa-de-resgate-de-presos-e-apreende-arma-usada-pelos-suspeitos-em-sousa\/\" \/>\n<meta property=\"og:locale\" content=\"pt_BR\" \/>\n<meta property=\"og:type\" content=\"article\" \/>\n<meta property=\"og:title\" content=\"Pol\u00edcia Militar frustra tentativa de resgate de presos e apreende arma usada pelos suspeitos em Sousa - Pol\u00edcia Militar da Para\u00edba\" \/>\n<meta property=\"og:description\" content=\"A Pol\u00edcia Militar frustrou uma tentativa de resgate de presos da Col\u00f4nia Penal Agr\u00edcola de Sousa,que aconteceu por volta das\" \/>\n<meta property=\"og:url\" content=\"https:\/\/www.pm.pb.gov.br\/portal\/2019\/01\/21\/policia-militar-frustra-tentativa-de-resgate-de-presos-e-apreende-arma-usada-pelos-suspeitos-em-sousa\/\" \/>\n<meta property=\"og:site_name\" content=\"Pol\u00edcia Militar da Para\u00edba\" \/>\n<meta property=\"article:published_time\" content=\"2019-01-21T22:57:00+00:00\" \/>\n<meta property=\"article:modified_time\" content=\"2019-01-21T22:57:01+00:00\" \/>\n<meta property=\"og:image\" content=\"https:\/\/www.pm.pb.gov.br\/portal\/wp-content\/uploads\/2019\/01\/ilustrativa.jpg\" \/>\n\t<meta property=\"og:image:width\" content=\"800\" \/>\n\t<meta property=\"og:image:height\" content=\"445\" \/>\n\t<meta property=\"og:image:type\" content=\"image\/jpeg\" \/>\n<meta name=\"author\" content=\"Tarcisio Oliveira\" \/>\n<meta name=\"twitter:card\" content=\"summary_large_image\" \/>\n<meta name=\"twitter:label1\" content=\"Escrito por\" \/>\n\t<meta name=\"twitter:data1\" content=\"Tarcisio Oliveira\" \/>\n\t<meta name=\"twitter:label2\" content=\"Est. tempo de leitura\" \/>\n\t<meta name=\"twitter:data2\" content=\"1 minuto\" \/>\n<script type=\"application\/ld+json\" class=\"yoast-schema-graph\">{\"@context\":\"https:\/\/schema.org\",\"@graph\":[{\"@type\":\"Article\",\"@id\":\"https:\/\/www.pm.pb.gov.br\/portal\/2019\/01\/21\/policia-militar-frustra-tentativa-de-resgate-de-presos-e-apreende-arma-usada-pelos-suspeitos-em-sousa\/#article\",\"isPartOf\":{\"@id\":\"https:\/\/www.pm.pb.gov.br\/portal\/2019\/01\/21\/policia-militar-frustra-tentativa-de-resgate-de-presos-e-apreende-arma-usada-pelos-suspeitos-em-sousa\/\"},\"author\":{\"name\":\"Tarcisio Oliveira\",\"@id\":\"https:\/\/www.pm.pb.gov.br\/portal\/#\/schema\/person\/f84f56dcc78ce4357054da888b8247fd\"},\"headline\":\"Pol\u00edcia Militar frustra tentativa de resgate de presos e apreende arma usada pelos suspeitos em Sousa\",\"datePublished\":\"2019-01-21T22:57:00+00:00\",\"dateModified\":\"2019-01-21T22:57:01+00:00\",\"mainEntityOfPage\":{\"@id\":\"https:\/\/www.pm.pb.gov.br\/portal\/2019\/01\/21\/policia-militar-frustra-tentativa-de-resgate-de-presos-e-apreende-arma-usada-pelos-suspeitos-em-sousa\/\"},\"wordCount\":314,\"publisher\":{\"@id\":\"https:\/\/www.pm.pb.gov.br\/portal\/#organization\"},\"articleSection\":[\"A\u00e7\u00f5es Policiais\"],\"inLanguage\":\"pt-BR\"},{\"@type\":\"WebPage\",\"@id\":\"https:\/\/www.pm.pb.gov.br\/portal\/2019\/01\/21\/policia-militar-frustra-tentativa-de-resgate-de-presos-e-apreende-arma-usada-pelos-suspeitos-em-sousa\/\",\"url\":\"https:\/\/www.pm.pb.gov.br\/portal\/2019\/01\/21\/policia-militar-frustra-tentativa-de-resgate-de-presos-e-apreende-arma-usada-pelos-suspeitos-em-sousa\/\",\"name\":\"Pol\u00edcia Militar frustra tentativa de resgate de presos e apreende arma usada pelos suspeitos em Sousa - Pol\u00edcia Militar da Para\u00edba\",\"isPartOf\":{\"@id\":\"https:\/\/www.pm.pb.gov.br\/portal\/#website\"},\"datePublished\":\"2019-01-21T22:57:00+00:00\",\"dateModified\":\"2019-01-21T22:57:01+00:00\",\"breadcrumb\":{\"@id\":\"https:\/\/www.pm.pb.gov.br\/portal\/2019\/01\/21\/policia-militar-frustra-tentativa-de-resgate-de-presos-e-apreende-arma-usada-pelos-suspeitos-em-sousa\/#breadcrumb\"},\"inLanguage\":\"pt-BR\",\"potentialAction\":[{\"@type\":\"ReadAction\",\"target\":[\"https:\/\/www.pm.pb.gov.br\/portal\/2019\/01\/21\/policia-militar-frustra-tentativa-de-resgate-de-presos-e-apreende-arma-usada-pelos-suspeitos-em-sousa\/\"]}]},{\"@type\":\"BreadcrumbList\",\"@id\":\"https:\/\/www.pm.pb.gov.br\/portal\/2019\/01\/21\/policia-militar-frustra-tentativa-de-resgate-de-presos-e-apreende-arma-usada-pelos-suspeitos-em-sousa\/#breadcrumb\",\"itemListElement\":[{\"@type\":\"ListItem\",\"position\":1,\"name\":\"In\u00edcio\",\"item\":\"https:\/\/www.pm.pb.gov.br\/portal\/\"},{\"@type\":\"ListItem\",\"position\":2,\"name\":\"Pol\u00edcia Militar frustra tentativa de resgate de presos e apreende arma usada pelos suspeitos em Sousa\"}]},{\"@type\":\"WebSite\",\"@id\":\"https:\/\/www.pm.pb.gov.br\/portal\/#website\",\"url\":\"https:\/\/www.pm.pb.gov.br\/portal\/\",\"name\":\"Pol\u00edcia Militar da Para\u00edba\",\"description\":\"\",\"publisher\":{\"@id\":\"https:\/\/www.pm.pb.gov.br\/portal\/#organization\"},\"potentialAction\":[{\"@type\":\"SearchAction\",\"target\":{\"@type\":\"EntryPoint\",\"urlTemplate\":\"https:\/\/www.pm.pb.gov.br\/portal\/?s={search_term_string}\"},\"query-input\":\"required name=search_term_string\"}],\"inLanguage\":\"pt-BR\"},{\"@type\":\"Organization\",\"@id\":\"https:\/\/www.pm.pb.gov.br\/portal\/#organization\",\"name\":\"Pol\u00edcia Militar da Para\u00edba\",\"url\":\"https:\/\/www.pm.pb.gov.br\/portal\/\",\"logo\":{\"@type\":\"ImageObject\",\"inLanguage\":\"pt-BR\",\"@id\":\"https:\/\/www.pm.pb.gov.br\/portal\/#\/schema\/logo\/image\/\",\"url\":\"https:\/\/www.pm.pb.gov.br\/portal\/wp-content\/uploads\/2025\/03\/cropped-logo-site-mag2-1.png\",\"contentUrl\":\"https:\/\/www.pm.pb.gov.br\/portal\/wp-content\/uploads\/2025\/03\/cropped-logo-site-mag2-1.png\",\"width\":320,\"height\":90,\"caption\":\"Pol\u00edcia Militar da Para\u00edba\"},\"image\":{\"@id\":\"https:\/\/www.pm.pb.gov.br\/portal\/#\/schema\/logo\/image\/\"}},{\"@type\":\"Person\",\"@id\":\"https:\/\/www.pm.pb.gov.br\/portal\/#\/schema\/person\/f84f56dcc78ce4357054da888b8247fd\",\"name\":\"Tarcisio Oliveira\",\"image\":{\"@type\":\"ImageObject\",\"inLanguage\":\"pt-BR\",\"@id\":\"https:\/\/www.pm.pb.gov.br\/portal\/#\/schema\/person\/image\/\",\"url\":\"https:\/\/secure.gravatar.com\/avatar\/72917b630b69d31cd0297507f34bac97?s=96&d=mm&r=g\",\"contentUrl\":\"https:\/\/secure.gravatar.com\/avatar\/72917b630b69d31cd0297507f34bac97?s=96&d=mm&r=g\",\"caption\":\"Tarcisio Oliveira\"},\"url\":\"https:\/\/www.pm.pb.gov.br\/portal\/author\/tarcisio\/\"}]}<\/script>\n<!-- \/ Yoast SEO plugin. -->","yoast_head_json":{"title":"Pol\u00edcia Militar frustra tentativa de resgate de presos e apreende arma usada pelos suspeitos em Sousa - Pol\u00edcia Militar da Para\u00edba","robots":{"index":"index","follow":"follow","max-snippet":"max-snippet:-1","max-image-preview":"max-image-preview:large","max-video-preview":"max-video-preview:-1"},"canonical":"https:\/\/www.pm.pb.gov.br\/portal\/2019\/01\/21\/policia-militar-frustra-tentativa-de-resgate-de-presos-e-apreende-arma-usada-pelos-suspeitos-em-sousa\/","og_locale":"pt_BR","og_type":"article","og_title":"Pol\u00edcia Militar frustra tentativa de resgate de presos e apreende arma usada pelos suspeitos em Sousa - Pol\u00edcia Militar da Para\u00edba","og_description":"A Pol\u00edcia Militar frustrou uma tentativa de resgate de presos da Col\u00f4nia Penal Agr\u00edcola de Sousa,que aconteceu por volta das","og_url":"https:\/\/www.pm.pb.gov.br\/portal\/2019\/01\/21\/policia-militar-frustra-tentativa-de-resgate-de-presos-e-apreende-arma-usada-pelos-suspeitos-em-sousa\/","og_site_name":"Pol\u00edcia Militar da Para\u00edba","article_published_time":"2019-01-21T22:57:00+00:00","article_modified_time":"2019-01-21T22:57:01+00:00","og_image":[{"width":800,"height":445,"url":"https:\/\/www.pm.pb.gov.br\/portal\/wp-content\/uploads\/2019\/01\/ilustrativa.jpg","type":"image\/jpeg"}],"author":"Tarcisio Oliveira","twitter_card":"summary_large_image","twitter_misc":{"Escrito por":"Tarcisio Oliveira","Est. tempo de leitura":"1 minuto"},"schema":{"@context":"https:\/\/schema.org","@graph":[{"@type":"Article","@id":"https:\/\/www.pm.pb.gov.br\/portal\/2019\/01\/21\/policia-militar-frustra-tentativa-de-resgate-de-presos-e-apreende-arma-usada-pelos-suspeitos-em-sousa\/#article","isPartOf":{"@id":"https:\/\/www.pm.pb.gov.br\/portal\/2019\/01\/21\/policia-militar-frustra-tentativa-de-resgate-de-presos-e-apreende-arma-usada-pelos-suspeitos-em-sousa\/"},"author":{"name":"Tarcisio Oliveira","@id":"https:\/\/www.pm.pb.gov.br\/portal\/#\/schema\/person\/f84f56dcc78ce4357054da888b8247fd"},"headline":"Pol\u00edcia Militar frustra tentativa de resgate de presos e apreende arma usada pelos suspeitos em Sousa","datePublished":"2019-01-21T22:57:00+00:00","dateModified":"2019-01-21T22:57:01+00:00","mainEntityOfPage":{"@id":"https:\/\/www.pm.pb.gov.br\/portal\/2019\/01\/21\/policia-militar-frustra-tentativa-de-resgate-de-presos-e-apreende-arma-usada-pelos-suspeitos-em-sousa\/"},"wordCount":314,"publisher":{"@id":"https:\/\/www.pm.pb.gov.br\/portal\/#organization"},"articleSection":["A\u00e7\u00f5es Policiais"],"inLanguage":"pt-BR"},{"@type":"WebPage","@id":"https:\/\/www.pm.pb.gov.br\/portal\/2019\/01\/21\/policia-militar-frustra-tentativa-de-resgate-de-presos-e-apreende-arma-usada-pelos-suspeitos-em-sousa\/","url":"https:\/\/www.pm.pb.gov.br\/portal\/2019\/01\/21\/policia-militar-frustra-tentativa-de-resgate-de-presos-e-apreende-arma-usada-pelos-suspeitos-em-sousa\/","name":"Pol\u00edcia Militar frustra tentativa de resgate de presos e apreende arma usada pelos suspeitos em Sousa - Pol\u00edcia Militar da Para\u00edba","isPartOf":{"@id":"https:\/\/www.pm.pb.gov.br\/portal\/#website"},"datePublished":"2019-01-21T22:57:00+00:00","dateModified":"2019-01-21T22:57:01+00:00","breadcrumb":{"@id":"https:\/\/www.pm.pb.gov.br\/portal\/2019\/01\/21\/policia-militar-frustra-tentativa-de-resgate-de-presos-e-apreende-arma-usada-pelos-suspeitos-em-sousa\/#breadcrumb"},"inLanguage":"pt-BR","potentialAction":[{"@type":"ReadAction","target":["https:\/\/www.pm.pb.gov.br\/portal\/2019\/01\/21\/policia-militar-frustra-tentativa-de-resgate-de-presos-e-apreende-arma-usada-pelos-suspeitos-em-sousa\/"]}]},{"@type":"BreadcrumbList","@id":"https:\/\/www.pm.pb.gov.br\/portal\/2019\/01\/21\/policia-militar-frustra-tentativa-de-resgate-de-presos-e-apreende-arma-usada-pelos-suspeitos-em-sousa\/#breadcrumb","itemListElement":[{"@type":"ListItem","position":1,"name":"In\u00edcio","item":"https:\/\/www.pm.pb.gov.br\/portal\/"},{"@type":"ListItem","position":2,"name":"Pol\u00edcia Militar frustra tentativa de resgate de presos e apreende arma usada pelos suspeitos em Sousa"}]},{"@type":"WebSite","@id":"https:\/\/www.pm.pb.gov.br\/portal\/#website","url":"https:\/\/www.pm.pb.gov.br\/portal\/","name":"Pol\u00edcia Militar da Para\u00edba","description":"","publisher":{"@id":"https:\/\/www.pm.pb.gov.br\/portal\/#organization"},"potentialAction":[{"@type":"SearchAction","target":{"@type":"EntryPoint","urlTemplate":"https:\/\/www.pm.pb.gov.br\/portal\/?s={search_term_string}"},"query-input":"required name=search_term_string"}],"inLanguage":"pt-BR"},{"@type":"Organization","@id":"https:\/\/www.pm.pb.gov.br\/portal\/#organization","name":"Pol\u00edcia Militar da Para\u00edba","url":"https:\/\/www.pm.pb.gov.br\/portal\/","logo":{"@type":"ImageObject","inLanguage":"pt-BR","@id":"https:\/\/www.pm.pb.gov.br\/portal\/#\/schema\/logo\/image\/","url":"https:\/\/www.pm.pb.gov.br\/portal\/wp-content\/uploads\/2025\/03\/cropped-logo-site-mag2-1.png","contentUrl":"https:\/\/www.pm.pb.gov.br\/portal\/wp-content\/uploads\/2025\/03\/cropped-logo-site-mag2-1.png","width":320,"height":90,"caption":"Pol\u00edcia Militar da Para\u00edba"},"image":{"@id":"https:\/\/www.pm.pb.gov.br\/portal\/#\/schema\/logo\/image\/"}},{"@type":"Person","@id":"https:\/\/www.pm.pb.gov.br\/portal\/#\/schema\/person\/f84f56dcc78ce4357054da888b8247fd","name":"Tarcisio Oliveira","image":{"@type":"ImageObject","inLanguage":"pt-BR","@id":"https:\/\/www.pm.pb.gov.br\/portal\/#\/schema\/person\/image\/","url":"https:\/\/secure.gravatar.com\/avatar\/72917b630b69d31cd0297507f34bac97?s=96&d=mm&r=g","contentUrl":"https:\/\/secure.gravatar.com\/avatar\/72917b630b69d31cd0297507f34bac97?s=96&d=mm&r=g","caption":"Tarcisio Oliveira"},"url":"https:\/\/www.pm.pb.gov.br\/portal\/author\/tarcisio\/"}]}},"_links":{"self":[{"href":"https:\/\/www.pm.pb.gov.br\/portal\/wp-json\/wp\/v2\/posts\/899791"}],"collection":[{"href":"https:\/\/www.pm.pb.gov.br\/portal\/wp-json\/wp\/v2\/posts"}],"about":[{"href":"https:\/\/www.pm.pb.gov.br\/portal\/wp-json\/wp\/v2\/types\/post"}],"author":[{"embeddable":true,"href":"https:\/\/www.pm.pb.gov.br\/portal\/wp-json\/wp\/v2\/users\/12"}],"replies":[{"embeddable":true,"href":"https:\/\/www.pm.pb.gov.br\/portal\/wp-json\/wp\/v2\/comments?post=899791"}],"version-history":[{"count":1,"href":"https:\/\/www.pm.pb.gov.br\/portal\/wp-json\/wp\/v2\/posts\/899791\/revisions"}],"predecessor-version":[{"id":899792,"href":"https:\/\/www.pm.pb.gov.br\/portal\/wp-json\/wp\/v2\/posts\/899791\/revisions\/899792"}],"wp:featuredmedia":[{"embeddable":true,"href":"https:\/\/www.pm.pb.gov.br\/portal\/wp-json\/wp\/v2\/media\/899721"}],"wp:attachment":[{"href":"https:\/\/www.pm.pb.gov.br\/portal\/wp-json\/wp\/v2\/media?parent=899791"}],"wp:term":[{"taxonomy":"category","embeddable":true,"href":"https:\/\/www.pm.pb.gov.br\/portal\/wp-json\/wp\/v2\/categories?post=899791"},{"taxonomy":"post_tag","embeddable":true,"href":"https:\/\/www.pm.pb.gov.br\/portal\/wp-json\/wp\/v2\/tags?post=899791"}],"curies":[{"name":"wp","href":"https:\/\/api.w.org\/{rel}","templated":true}]}}