{"id":899704,"date":"2019-01-12T17:01:03","date_gmt":"2019-01-12T20:01:03","guid":{"rendered":"http:\/\/www.pm.pb.gov.br\/portal\/?p=899704"},"modified":"2019-01-14T08:53:31","modified_gmt":"2019-01-14T11:53:31","slug":"operacao-cidade-segura-prende-suspeitos-com-armas-fogo-e-recupera-veiculo-roubado-no-brejo","status":"publish","type":"post","link":"https:\/\/www.pm.pb.gov.br\/portal\/2019\/01\/12\/operacao-cidade-segura-prende-suspeitos-com-armas-fogo-e-recupera-veiculo-roubado-no-brejo\/","title":{"rendered":"Opera\u00e7\u00e3o Cidade Segura prende suspeitos com armas fogo e recupera ve\u00edculo roubado no Brejo"},"content":{"rendered":"\n<p>A Opera\u00e7\u00e3o Cidade Segura, realizada pela Pol\u00edcia Militar no fim da tarde e noite da \u00faltima sexta-feira (11), no brejo paraibano, resultou na pris\u00e3o de tr\u00eas pessoas suspeita de diversos crimes, apreens\u00e3o de armas de fogo, e recupera\u00e7\u00e3o de um ve\u00edculo roubado. As a\u00e7\u00f5es aconteceram com intensifica\u00e7\u00e3o de rondas e abordagens pelas equipes de policiamento preventivo e tropas especializadas.<\/p>\n\n\n\n\n\n<p>Na primeira ocorr\u00eancia, no fim da tarde, policiais militares da 7\u00aa Companhia Independente prenderam dois homens suspeitos de terem uma vasta ficha criminal, e que estavam com uma arma de fogo em um bar, na cidade de Araruna. Durante a aproxima\u00e7\u00e3o da PM, os acusados de 23 e 20 anos de idade ainda tentaram fugir, mas foram detidos.<\/p>\n\n\n\n<div class=\"wp-block-image\"><figure class=\"alignleft is-resized\"><img loading=\"lazy\" decoding=\"async\" src=\"http:\/\/www.pm.pb.gov.br\/portal\/wp-content\/uploads\/2019\/01\/opera\u00e7\u00e3o-cidade-segura-428x570.jpeg\" alt=\"\" class=\"wp-image-899718\" width=\"299\" height=\"398\" srcset=\"https:\/\/www.pm.pb.gov.br\/portal\/wp-content\/uploads\/2019\/01\/opera\u00e7\u00e3o-cidade-segura-428x570.jpeg 428w, https:\/\/www.pm.pb.gov.br\/portal\/wp-content\/uploads\/2019\/01\/opera\u00e7\u00e3o-cidade-segura-334x445.jpeg 334w, https:\/\/www.pm.pb.gov.br\/portal\/wp-content\/uploads\/2019\/01\/opera\u00e7\u00e3o-cidade-segura-768x1024.jpeg 768w, https:\/\/www.pm.pb.gov.br\/portal\/wp-content\/uploads\/2019\/01\/opera\u00e7\u00e3o-cidade-segura.jpeg 960w\" sizes=\"(max-width: 299px) 100vw, 299px\" \/><\/figure><\/div>\n\n\n\n<p>\u201cEles estavam com um rev\u00f3lver calibre 32 (foto ao lado), j\u00e1 s\u00e3o conhecidos da Pol\u00edcia, e s\u00e3o suspeitos de cometerem diversos roubos e tentativas de homic\u00eddio, atuando nos munic\u00edpios de Cacimba de Dentro, Arara e Casserengue. Os suspeitos foram reconhecidos por duas v\u00edtimas e agora est\u00e3o \u00e0 disposi\u00e7\u00e3o da Justi\u00e7a\u201d, explicou o major Jos\u00e9 Ferreira, comandante da 7\u00aa CIPM.<\/p>\n\n\n\n<p>Ainda segundo o comandante, os dois acusados, que foram encaminhados para a Delegacia de Sol\u00e2nea, respondem a v\u00e1rios processos na Justi\u00e7a. Um dos suspeitos j\u00e1 havia sido preso anteriormente, e o outro \u00e9 evadido do sistema prisional, onde cumpria pena no regime semiaberto.<\/p>\n\n\n\n<p>Outras a\u00e7\u00f5es &#8211; Mais tarde, ainda em Araruna, policiais militares localizaram e prenderam um homem suspeito de efetuar disparos com arma de fogo em via p\u00fablica. Na casa dele foi encontrado um rev\u00f3lver calibre 32, uma espingarda de calibre indefinido, e muni\u00e7\u00f5es intactas e deflagradas. O suspeito tem 27 anos de idade e foi conduzido para a Delegacia de Sol\u00e2nea.<\/p>\n\n\n\n<p>J\u00e1 na zona rural de Arara, os policiais recuperaram um ve\u00edculo Frontier da cor branca, que havia sido roubado no dia anterior, na cidade de Pil\u00f5es. Materiais pessoais do propriet\u00e1rio do carro tamb\u00e9m foram recuperados.<\/p>\n","protected":false},"excerpt":{"rendered":"<p>A Opera\u00e7\u00e3o Cidade Segura, realizada pela Pol\u00edcia Militar no fim da tarde e noite da \u00faltima sexta-feira (11), no brejo<\/p>\n","protected":false},"author":11,"featured_media":899717,"comment_status":"closed","ping_status":"closed","sticky":false,"template":"","format":"standard","meta":{"_exactmetrics_skip_tracking":false,"_exactmetrics_sitenote_active":false,"_exactmetrics_sitenote_note":"","_exactmetrics_sitenote_category":0,"footnotes":""},"categories":[4],"tags":[],"yoast_head":"<!-- This site is optimized with the Yoast SEO plugin v22.0 - https:\/\/yoast.com\/wordpress\/plugins\/seo\/ -->\n<title>Opera\u00e7\u00e3o Cidade Segura prende suspeitos com armas fogo e recupera ve\u00edculo roubado no Brejo - Pol\u00edcia Militar da Para\u00edba<\/title>\n<meta name=\"robots\" content=\"index, follow, max-snippet:-1, max-image-preview:large, max-video-preview:-1\" \/>\n<link rel=\"canonical\" href=\"https:\/\/www.pm.pb.gov.br\/portal\/2019\/01\/12\/operacao-cidade-segura-prende-suspeitos-com-armas-fogo-e-recupera-veiculo-roubado-no-brejo\/\" \/>\n<meta property=\"og:locale\" content=\"pt_BR\" \/>\n<meta property=\"og:type\" content=\"article\" \/>\n<meta property=\"og:title\" content=\"Opera\u00e7\u00e3o Cidade Segura prende suspeitos com armas fogo e recupera ve\u00edculo roubado no Brejo - Pol\u00edcia Militar da Para\u00edba\" \/>\n<meta property=\"og:description\" content=\"A Opera\u00e7\u00e3o Cidade Segura, realizada pela Pol\u00edcia Militar no fim da tarde e noite da \u00faltima sexta-feira (11), no brejo\" \/>\n<meta property=\"og:url\" content=\"https:\/\/www.pm.pb.gov.br\/portal\/2019\/01\/12\/operacao-cidade-segura-prende-suspeitos-com-armas-fogo-e-recupera-veiculo-roubado-no-brejo\/\" \/>\n<meta property=\"og:site_name\" content=\"Pol\u00edcia Militar da Para\u00edba\" \/>\n<meta property=\"article:published_time\" content=\"2019-01-12T20:01:03+00:00\" \/>\n<meta property=\"article:modified_time\" content=\"2019-01-14T11:53:31+00:00\" \/>\n<meta property=\"og:image\" content=\"https:\/\/www.pm.pb.gov.br\/portal\/wp-content\/uploads\/2019\/01\/WhatsApp-Image-2019-01-12-at-12.15.2711.jpg\" \/>\n\t<meta property=\"og:image:width\" content=\"800\" \/>\n\t<meta property=\"og:image:height\" content=\"445\" \/>\n\t<meta property=\"og:image:type\" content=\"image\/jpeg\" \/>\n<meta name=\"author\" content=\"Hermerson Pedro\" \/>\n<meta name=\"twitter:card\" content=\"summary_large_image\" \/>\n<meta name=\"twitter:label1\" content=\"Escrito por\" \/>\n\t<meta name=\"twitter:data1\" content=\"Hermerson Pedro\" \/>\n\t<meta name=\"twitter:label2\" content=\"Est. tempo de leitura\" \/>\n\t<meta name=\"twitter:data2\" content=\"2 minutos\" \/>\n<script type=\"application\/ld+json\" class=\"yoast-schema-graph\">{\"@context\":\"https:\/\/schema.org\",\"@graph\":[{\"@type\":\"Article\",\"@id\":\"https:\/\/www.pm.pb.gov.br\/portal\/2019\/01\/12\/operacao-cidade-segura-prende-suspeitos-com-armas-fogo-e-recupera-veiculo-roubado-no-brejo\/#article\",\"isPartOf\":{\"@id\":\"https:\/\/www.pm.pb.gov.br\/portal\/2019\/01\/12\/operacao-cidade-segura-prende-suspeitos-com-armas-fogo-e-recupera-veiculo-roubado-no-brejo\/\"},\"author\":{\"name\":\"Hermerson Pedro\",\"@id\":\"https:\/\/www.pm.pb.gov.br\/portal\/#\/schema\/person\/d14ec57cfec6ba094c033291a557dc3b\"},\"headline\":\"Opera\u00e7\u00e3o Cidade Segura prende suspeitos com armas fogo e recupera ve\u00edculo roubado no Brejo\",\"datePublished\":\"2019-01-12T20:01:03+00:00\",\"dateModified\":\"2019-01-14T11:53:31+00:00\",\"mainEntityOfPage\":{\"@id\":\"https:\/\/www.pm.pb.gov.br\/portal\/2019\/01\/12\/operacao-cidade-segura-prende-suspeitos-com-armas-fogo-e-recupera-veiculo-roubado-no-brejo\/\"},\"wordCount\":353,\"publisher\":{\"@id\":\"https:\/\/www.pm.pb.gov.br\/portal\/#organization\"},\"articleSection\":[\"A\u00e7\u00f5es Policiais\"],\"inLanguage\":\"pt-BR\"},{\"@type\":\"WebPage\",\"@id\":\"https:\/\/www.pm.pb.gov.br\/portal\/2019\/01\/12\/operacao-cidade-segura-prende-suspeitos-com-armas-fogo-e-recupera-veiculo-roubado-no-brejo\/\",\"url\":\"https:\/\/www.pm.pb.gov.br\/portal\/2019\/01\/12\/operacao-cidade-segura-prende-suspeitos-com-armas-fogo-e-recupera-veiculo-roubado-no-brejo\/\",\"name\":\"Opera\u00e7\u00e3o Cidade Segura prende suspeitos com armas fogo e recupera ve\u00edculo roubado no Brejo - Pol\u00edcia Militar da Para\u00edba\",\"isPartOf\":{\"@id\":\"https:\/\/www.pm.pb.gov.br\/portal\/#website\"},\"datePublished\":\"2019-01-12T20:01:03+00:00\",\"dateModified\":\"2019-01-14T11:53:31+00:00\",\"breadcrumb\":{\"@id\":\"https:\/\/www.pm.pb.gov.br\/portal\/2019\/01\/12\/operacao-cidade-segura-prende-suspeitos-com-armas-fogo-e-recupera-veiculo-roubado-no-brejo\/#breadcrumb\"},\"inLanguage\":\"pt-BR\",\"potentialAction\":[{\"@type\":\"ReadAction\",\"target\":[\"https:\/\/www.pm.pb.gov.br\/portal\/2019\/01\/12\/operacao-cidade-segura-prende-suspeitos-com-armas-fogo-e-recupera-veiculo-roubado-no-brejo\/\"]}]},{\"@type\":\"BreadcrumbList\",\"@id\":\"https:\/\/www.pm.pb.gov.br\/portal\/2019\/01\/12\/operacao-cidade-segura-prende-suspeitos-com-armas-fogo-e-recupera-veiculo-roubado-no-brejo\/#breadcrumb\",\"itemListElement\":[{\"@type\":\"ListItem\",\"position\":1,\"name\":\"In\u00edcio\",\"item\":\"https:\/\/www.pm.pb.gov.br\/portal\/\"},{\"@type\":\"ListItem\",\"position\":2,\"name\":\"Opera\u00e7\u00e3o Cidade Segura prende suspeitos com armas fogo e recupera ve\u00edculo roubado no Brejo\"}]},{\"@type\":\"WebSite\",\"@id\":\"https:\/\/www.pm.pb.gov.br\/portal\/#website\",\"url\":\"https:\/\/www.pm.pb.gov.br\/portal\/\",\"name\":\"Pol\u00edcia Militar da Para\u00edba\",\"description\":\"\",\"publisher\":{\"@id\":\"https:\/\/www.pm.pb.gov.br\/portal\/#organization\"},\"potentialAction\":[{\"@type\":\"SearchAction\",\"target\":{\"@type\":\"EntryPoint\",\"urlTemplate\":\"https:\/\/www.pm.pb.gov.br\/portal\/?s={search_term_string}\"},\"query-input\":\"required name=search_term_string\"}],\"inLanguage\":\"pt-BR\"},{\"@type\":\"Organization\",\"@id\":\"https:\/\/www.pm.pb.gov.br\/portal\/#organization\",\"name\":\"Pol\u00edcia Militar da Para\u00edba\",\"url\":\"https:\/\/www.pm.pb.gov.br\/portal\/\",\"logo\":{\"@type\":\"ImageObject\",\"inLanguage\":\"pt-BR\",\"@id\":\"https:\/\/www.pm.pb.gov.br\/portal\/#\/schema\/logo\/image\/\",\"url\":\"https:\/\/www.pm.pb.gov.br\/portal\/wp-content\/uploads\/2025\/03\/cropped-logo-site-mag2-1.png\",\"contentUrl\":\"https:\/\/www.pm.pb.gov.br\/portal\/wp-content\/uploads\/2025\/03\/cropped-logo-site-mag2-1.png\",\"width\":320,\"height\":90,\"caption\":\"Pol\u00edcia Militar da Para\u00edba\"},\"image\":{\"@id\":\"https:\/\/www.pm.pb.gov.br\/portal\/#\/schema\/logo\/image\/\"}},{\"@type\":\"Person\",\"@id\":\"https:\/\/www.pm.pb.gov.br\/portal\/#\/schema\/person\/d14ec57cfec6ba094c033291a557dc3b\",\"name\":\"Hermerson Pedro\",\"image\":{\"@type\":\"ImageObject\",\"inLanguage\":\"pt-BR\",\"@id\":\"https:\/\/www.pm.pb.gov.br\/portal\/#\/schema\/person\/image\/\",\"url\":\"https:\/\/secure.gravatar.com\/avatar\/179290e0ec2caf97139df534dc3e55df?s=96&d=mm&r=g\",\"contentUrl\":\"https:\/\/secure.gravatar.com\/avatar\/179290e0ec2caf97139df534dc3e55df?s=96&d=mm&r=g\",\"caption\":\"Hermerson Pedro\"},\"url\":\"https:\/\/www.pm.pb.gov.br\/portal\/author\/hermerson\/\"}]}<\/script>\n<!-- \/ Yoast SEO plugin. -->","yoast_head_json":{"title":"Opera\u00e7\u00e3o Cidade Segura prende suspeitos com armas fogo e recupera ve\u00edculo roubado no Brejo - Pol\u00edcia Militar da Para\u00edba","robots":{"index":"index","follow":"follow","max-snippet":"max-snippet:-1","max-image-preview":"max-image-preview:large","max-video-preview":"max-video-preview:-1"},"canonical":"https:\/\/www.pm.pb.gov.br\/portal\/2019\/01\/12\/operacao-cidade-segura-prende-suspeitos-com-armas-fogo-e-recupera-veiculo-roubado-no-brejo\/","og_locale":"pt_BR","og_type":"article","og_title":"Opera\u00e7\u00e3o Cidade Segura prende suspeitos com armas fogo e recupera ve\u00edculo roubado no Brejo - Pol\u00edcia Militar da Para\u00edba","og_description":"A Opera\u00e7\u00e3o Cidade Segura, realizada pela Pol\u00edcia Militar no fim da tarde e noite da \u00faltima sexta-feira (11), no brejo","og_url":"https:\/\/www.pm.pb.gov.br\/portal\/2019\/01\/12\/operacao-cidade-segura-prende-suspeitos-com-armas-fogo-e-recupera-veiculo-roubado-no-brejo\/","og_site_name":"Pol\u00edcia Militar da Para\u00edba","article_published_time":"2019-01-12T20:01:03+00:00","article_modified_time":"2019-01-14T11:53:31+00:00","og_image":[{"width":800,"height":445,"url":"https:\/\/www.pm.pb.gov.br\/portal\/wp-content\/uploads\/2019\/01\/WhatsApp-Image-2019-01-12-at-12.15.2711.jpg","type":"image\/jpeg"}],"author":"Hermerson Pedro","twitter_card":"summary_large_image","twitter_misc":{"Escrito por":"Hermerson Pedro","Est. tempo de leitura":"2 minutos"},"schema":{"@context":"https:\/\/schema.org","@graph":[{"@type":"Article","@id":"https:\/\/www.pm.pb.gov.br\/portal\/2019\/01\/12\/operacao-cidade-segura-prende-suspeitos-com-armas-fogo-e-recupera-veiculo-roubado-no-brejo\/#article","isPartOf":{"@id":"https:\/\/www.pm.pb.gov.br\/portal\/2019\/01\/12\/operacao-cidade-segura-prende-suspeitos-com-armas-fogo-e-recupera-veiculo-roubado-no-brejo\/"},"author":{"name":"Hermerson Pedro","@id":"https:\/\/www.pm.pb.gov.br\/portal\/#\/schema\/person\/d14ec57cfec6ba094c033291a557dc3b"},"headline":"Opera\u00e7\u00e3o Cidade Segura prende suspeitos com armas fogo e recupera ve\u00edculo roubado no Brejo","datePublished":"2019-01-12T20:01:03+00:00","dateModified":"2019-01-14T11:53:31+00:00","mainEntityOfPage":{"@id":"https:\/\/www.pm.pb.gov.br\/portal\/2019\/01\/12\/operacao-cidade-segura-prende-suspeitos-com-armas-fogo-e-recupera-veiculo-roubado-no-brejo\/"},"wordCount":353,"publisher":{"@id":"https:\/\/www.pm.pb.gov.br\/portal\/#organization"},"articleSection":["A\u00e7\u00f5es Policiais"],"inLanguage":"pt-BR"},{"@type":"WebPage","@id":"https:\/\/www.pm.pb.gov.br\/portal\/2019\/01\/12\/operacao-cidade-segura-prende-suspeitos-com-armas-fogo-e-recupera-veiculo-roubado-no-brejo\/","url":"https:\/\/www.pm.pb.gov.br\/portal\/2019\/01\/12\/operacao-cidade-segura-prende-suspeitos-com-armas-fogo-e-recupera-veiculo-roubado-no-brejo\/","name":"Opera\u00e7\u00e3o Cidade Segura prende suspeitos com armas fogo e recupera ve\u00edculo roubado no Brejo - Pol\u00edcia Militar da Para\u00edba","isPartOf":{"@id":"https:\/\/www.pm.pb.gov.br\/portal\/#website"},"datePublished":"2019-01-12T20:01:03+00:00","dateModified":"2019-01-14T11:53:31+00:00","breadcrumb":{"@id":"https:\/\/www.pm.pb.gov.br\/portal\/2019\/01\/12\/operacao-cidade-segura-prende-suspeitos-com-armas-fogo-e-recupera-veiculo-roubado-no-brejo\/#breadcrumb"},"inLanguage":"pt-BR","potentialAction":[{"@type":"ReadAction","target":["https:\/\/www.pm.pb.gov.br\/portal\/2019\/01\/12\/operacao-cidade-segura-prende-suspeitos-com-armas-fogo-e-recupera-veiculo-roubado-no-brejo\/"]}]},{"@type":"BreadcrumbList","@id":"https:\/\/www.pm.pb.gov.br\/portal\/2019\/01\/12\/operacao-cidade-segura-prende-suspeitos-com-armas-fogo-e-recupera-veiculo-roubado-no-brejo\/#breadcrumb","itemListElement":[{"@type":"ListItem","position":1,"name":"In\u00edcio","item":"https:\/\/www.pm.pb.gov.br\/portal\/"},{"@type":"ListItem","position":2,"name":"Opera\u00e7\u00e3o Cidade Segura prende suspeitos com armas fogo e recupera ve\u00edculo roubado no Brejo"}]},{"@type":"WebSite","@id":"https:\/\/www.pm.pb.gov.br\/portal\/#website","url":"https:\/\/www.pm.pb.gov.br\/portal\/","name":"Pol\u00edcia Militar da Para\u00edba","description":"","publisher":{"@id":"https:\/\/www.pm.pb.gov.br\/portal\/#organization"},"potentialAction":[{"@type":"SearchAction","target":{"@type":"EntryPoint","urlTemplate":"https:\/\/www.pm.pb.gov.br\/portal\/?s={search_term_string}"},"query-input":"required name=search_term_string"}],"inLanguage":"pt-BR"},{"@type":"Organization","@id":"https:\/\/www.pm.pb.gov.br\/portal\/#organization","name":"Pol\u00edcia Militar da Para\u00edba","url":"https:\/\/www.pm.pb.gov.br\/portal\/","logo":{"@type":"ImageObject","inLanguage":"pt-BR","@id":"https:\/\/www.pm.pb.gov.br\/portal\/#\/schema\/logo\/image\/","url":"https:\/\/www.pm.pb.gov.br\/portal\/wp-content\/uploads\/2025\/03\/cropped-logo-site-mag2-1.png","contentUrl":"https:\/\/www.pm.pb.gov.br\/portal\/wp-content\/uploads\/2025\/03\/cropped-logo-site-mag2-1.png","width":320,"height":90,"caption":"Pol\u00edcia Militar da Para\u00edba"},"image":{"@id":"https:\/\/www.pm.pb.gov.br\/portal\/#\/schema\/logo\/image\/"}},{"@type":"Person","@id":"https:\/\/www.pm.pb.gov.br\/portal\/#\/schema\/person\/d14ec57cfec6ba094c033291a557dc3b","name":"Hermerson Pedro","image":{"@type":"ImageObject","inLanguage":"pt-BR","@id":"https:\/\/www.pm.pb.gov.br\/portal\/#\/schema\/person\/image\/","url":"https:\/\/secure.gravatar.com\/avatar\/179290e0ec2caf97139df534dc3e55df?s=96&d=mm&r=g","contentUrl":"https:\/\/secure.gravatar.com\/avatar\/179290e0ec2caf97139df534dc3e55df?s=96&d=mm&r=g","caption":"Hermerson Pedro"},"url":"https:\/\/www.pm.pb.gov.br\/portal\/author\/hermerson\/"}]}},"_links":{"self":[{"href":"https:\/\/www.pm.pb.gov.br\/portal\/wp-json\/wp\/v2\/posts\/899704"}],"collection":[{"href":"https:\/\/www.pm.pb.gov.br\/portal\/wp-json\/wp\/v2\/posts"}],"about":[{"href":"https:\/\/www.pm.pb.gov.br\/portal\/wp-json\/wp\/v2\/types\/post"}],"author":[{"embeddable":true,"href":"https:\/\/www.pm.pb.gov.br\/portal\/wp-json\/wp\/v2\/users\/11"}],"replies":[{"embeddable":true,"href":"https:\/\/www.pm.pb.gov.br\/portal\/wp-json\/wp\/v2\/comments?post=899704"}],"version-history":[{"count":2,"href":"https:\/\/www.pm.pb.gov.br\/portal\/wp-json\/wp\/v2\/posts\/899704\/revisions"}],"predecessor-version":[{"id":899719,"href":"https:\/\/www.pm.pb.gov.br\/portal\/wp-json\/wp\/v2\/posts\/899704\/revisions\/899719"}],"wp:featuredmedia":[{"embeddable":true,"href":"https:\/\/www.pm.pb.gov.br\/portal\/wp-json\/wp\/v2\/media\/899717"}],"wp:attachment":[{"href":"https:\/\/www.pm.pb.gov.br\/portal\/wp-json\/wp\/v2\/media?parent=899704"}],"wp:term":[{"taxonomy":"category","embeddable":true,"href":"https:\/\/www.pm.pb.gov.br\/portal\/wp-json\/wp\/v2\/categories?post=899704"},{"taxonomy":"post_tag","embeddable":true,"href":"https:\/\/www.pm.pb.gov.br\/portal\/wp-json\/wp\/v2\/tags?post=899704"}],"curies":[{"name":"wp","href":"https:\/\/api.w.org\/{rel}","templated":true}]}}