{"id":899650,"date":"2019-01-05T17:47:47","date_gmt":"2019-01-05T20:47:47","guid":{"rendered":"http:\/\/www.pm.pb.gov.br\/portal\/?p=899650"},"modified":"2019-01-05T18:45:59","modified_gmt":"2019-01-05T21:45:59","slug":"%ef%bb%bfoperacao-praia-do-sol-policia-apreende-duas-armas-de-fogo-drogas-e-recupera-carro-roubado-na-capital","status":"publish","type":"post","link":"https:\/\/www.pm.pb.gov.br\/portal\/2019\/01\/05\/%ef%bb%bfoperacao-praia-do-sol-policia-apreende-duas-armas-de-fogo-drogas-e-recupera-carro-roubado-na-capital\/","title":{"rendered":"\ufeffOpera\u00e7\u00e3o Praia do Sol: Pol\u00edcia apreende duas armas de fogo, drogas e recupera carro roubado na Capital"},"content":{"rendered":"\n<p>Policiais Militares do 5\u00ba Batalh\u00e3o com o apoio do Batalh\u00e3o Ambiental, BPTran, For\u00e7a Regional, For\u00e7a T\u00e1tica e Rotam apreenderam, na madrugada deste s\u00e1bado (5), dois rev\u00f3lveres calibre 38, drogas e recuperaram um ve\u00edculo com restri\u00e7\u00e3o de roubo durante a Opera\u00e7\u00e3o Praia do Sol, no bairro do Valentina, na Capital.<\/p>\n\n\n\n<p>A opera\u00e7\u00e3o foi realizada, no in\u00edcio da madrugada, na Praia do Sol, onde centenas de pessoas estavam praticando v\u00e1rios crimes como ambientais, com o uso de pared\u00f5es de som;tr\u00e1fico de drogas e posse de arma de fogo. Foram realizada v\u00e1rias abordagens apessoas e ve\u00edculos e quando foi feita uma varredura no local, eles encontraram v\u00e1rios materiais il\u00edcitos que foram jogados com a chegada das guarni\u00e7\u00f5es. Os policiais encontraram dois rev\u00f3lveres calibre 38, seis muni\u00e7\u00f5es intactas, oito trouxinhas de coca\u00edna e doze por\u00e7\u00f5es de maconha. <\/p>\n\n\n\n<p>&nbsp;Na a\u00e7\u00e3o, a PM ainda apreendeu um ve\u00edculo que\nestava com restri\u00e7\u00e3o de roubo ou furto e os dois suspeitos que estavam dentro\ndo carro foram detidos.<\/p>\n\n\n\n<p>Todo o material apreendido, o ve\u00edculo e os suspeitos foram conduzidos para a Central de Flagrantes no bairro do Geisel.<\/p>\n\n\n\n<div class=\"wp-block-image\"><figure class=\"aligncenter\"><img loading=\"lazy\" decoding=\"async\" width=\"1024\" height=\"485\" src=\"http:\/\/www.pm.pb.gov.br\/portal\/wp-content\/uploads\/2019\/01\/armas-PDS-05-01-19-1024x485.jpeg\" alt=\"\" class=\"wp-image-899651\" srcset=\"https:\/\/www.pm.pb.gov.br\/portal\/wp-content\/uploads\/2019\/01\/armas-PDS-05-01-19-1024x485.jpeg 1024w, https:\/\/www.pm.pb.gov.br\/portal\/wp-content\/uploads\/2019\/01\/armas-PDS-05-01-19-800x379.jpeg 800w, https:\/\/www.pm.pb.gov.br\/portal\/wp-content\/uploads\/2019\/01\/armas-PDS-05-01-19-768x364.jpeg 768w, https:\/\/www.pm.pb.gov.br\/portal\/wp-content\/uploads\/2019\/01\/armas-PDS-05-01-19.jpeg 1280w\" sizes=\"(max-width: 1024px) 100vw, 1024px\" \/><\/figure><\/div>\n","protected":false},"excerpt":{"rendered":"<p>Policiais Militares do 5\u00ba Batalh\u00e3o com o apoio do Batalh\u00e3o Ambiental, BPTran, For\u00e7a Regional, For\u00e7a T\u00e1tica e Rotam apreenderam, na<\/p>\n","protected":false},"author":15,"featured_media":899651,"comment_status":"closed","ping_status":"closed","sticky":false,"template":"","format":"standard","meta":{"_exactmetrics_skip_tracking":false,"_exactmetrics_sitenote_active":false,"_exactmetrics_sitenote_note":"","_exactmetrics_sitenote_category":0,"footnotes":""},"categories":[4],"tags":[],"yoast_head":"<!-- This site is optimized with the Yoast SEO plugin v22.0 - https:\/\/yoast.com\/wordpress\/plugins\/seo\/ -->\n<title>\ufeffOpera\u00e7\u00e3o Praia do Sol: Pol\u00edcia apreende duas armas de fogo, drogas e recupera carro roubado na Capital - Pol\u00edcia Militar da Para\u00edba<\/title>\n<meta name=\"robots\" content=\"index, follow, max-snippet:-1, max-image-preview:large, max-video-preview:-1\" \/>\n<link rel=\"canonical\" href=\"https:\/\/www.pm.pb.gov.br\/portal\/2019\/01\/05\/\ufeffoperacao-praia-do-sol-policia-apreende-duas-armas-de-fogo-drogas-e-recupera-carro-roubado-na-capital\/\" \/>\n<meta property=\"og:locale\" content=\"pt_BR\" \/>\n<meta property=\"og:type\" content=\"article\" \/>\n<meta property=\"og:title\" content=\"\ufeffOpera\u00e7\u00e3o Praia do Sol: Pol\u00edcia apreende duas armas de fogo, drogas e recupera carro roubado na Capital - Pol\u00edcia Militar da Para\u00edba\" \/>\n<meta property=\"og:description\" content=\"Policiais Militares do 5\u00ba Batalh\u00e3o com o apoio do Batalh\u00e3o Ambiental, BPTran, For\u00e7a Regional, For\u00e7a T\u00e1tica e Rotam apreenderam, na\" \/>\n<meta property=\"og:url\" content=\"https:\/\/www.pm.pb.gov.br\/portal\/2019\/01\/05\/\ufeffoperacao-praia-do-sol-policia-apreende-duas-armas-de-fogo-drogas-e-recupera-carro-roubado-na-capital\/\" \/>\n<meta property=\"og:site_name\" content=\"Pol\u00edcia Militar da Para\u00edba\" \/>\n<meta property=\"article:published_time\" content=\"2019-01-05T20:47:47+00:00\" \/>\n<meta property=\"article:modified_time\" content=\"2019-01-05T21:45:59+00:00\" \/>\n<meta property=\"og:image\" content=\"https:\/\/www.pm.pb.gov.br\/portal\/wp-content\/uploads\/2019\/01\/armas-PDS-05-01-19.jpeg\" \/>\n\t<meta property=\"og:image:width\" content=\"1280\" \/>\n\t<meta property=\"og:image:height\" content=\"606\" \/>\n\t<meta property=\"og:image:type\" content=\"image\/jpeg\" \/>\n<meta name=\"author\" content=\"Marcio Gomes dos Santos\" \/>\n<meta name=\"twitter:card\" content=\"summary_large_image\" \/>\n<meta name=\"twitter:label1\" content=\"Escrito por\" \/>\n\t<meta name=\"twitter:data1\" content=\"Marcio Gomes dos Santos\" \/>\n\t<meta name=\"twitter:label2\" content=\"Est. tempo de leitura\" \/>\n\t<meta name=\"twitter:data2\" content=\"1 minuto\" \/>\n<script type=\"application\/ld+json\" class=\"yoast-schema-graph\">{\"@context\":\"https:\/\/schema.org\",\"@graph\":[{\"@type\":\"Article\",\"@id\":\"https:\/\/www.pm.pb.gov.br\/portal\/2019\/01\/05\/%ef%bb%bfoperacao-praia-do-sol-policia-apreende-duas-armas-de-fogo-drogas-e-recupera-carro-roubado-na-capital\/#article\",\"isPartOf\":{\"@id\":\"https:\/\/www.pm.pb.gov.br\/portal\/2019\/01\/05\/%ef%bb%bfoperacao-praia-do-sol-policia-apreende-duas-armas-de-fogo-drogas-e-recupera-carro-roubado-na-capital\/\"},\"author\":{\"name\":\"Marcio Gomes dos Santos\",\"@id\":\"https:\/\/www.pm.pb.gov.br\/portal\/#\/schema\/person\/30d571652b38533c2211e4e89bf5a502\"},\"headline\":\"\ufeffOpera\u00e7\u00e3o Praia do Sol: Pol\u00edcia apreende duas armas de fogo, drogas e recupera carro roubado na Capital\",\"datePublished\":\"2019-01-05T20:47:47+00:00\",\"dateModified\":\"2019-01-05T21:45:59+00:00\",\"mainEntityOfPage\":{\"@id\":\"https:\/\/www.pm.pb.gov.br\/portal\/2019\/01\/05\/%ef%bb%bfoperacao-praia-do-sol-policia-apreende-duas-armas-de-fogo-drogas-e-recupera-carro-roubado-na-capital\/\"},\"wordCount\":225,\"publisher\":{\"@id\":\"https:\/\/www.pm.pb.gov.br\/portal\/#organization\"},\"articleSection\":[\"A\u00e7\u00f5es Policiais\"],\"inLanguage\":\"pt-BR\"},{\"@type\":\"WebPage\",\"@id\":\"https:\/\/www.pm.pb.gov.br\/portal\/2019\/01\/05\/%ef%bb%bfoperacao-praia-do-sol-policia-apreende-duas-armas-de-fogo-drogas-e-recupera-carro-roubado-na-capital\/\",\"url\":\"https:\/\/www.pm.pb.gov.br\/portal\/2019\/01\/05\/%ef%bb%bfoperacao-praia-do-sol-policia-apreende-duas-armas-de-fogo-drogas-e-recupera-carro-roubado-na-capital\/\",\"name\":\"\ufeffOpera\u00e7\u00e3o Praia do Sol: Pol\u00edcia apreende duas armas de fogo, drogas e recupera carro roubado na Capital - Pol\u00edcia Militar da Para\u00edba\",\"isPartOf\":{\"@id\":\"https:\/\/www.pm.pb.gov.br\/portal\/#website\"},\"datePublished\":\"2019-01-05T20:47:47+00:00\",\"dateModified\":\"2019-01-05T21:45:59+00:00\",\"breadcrumb\":{\"@id\":\"https:\/\/www.pm.pb.gov.br\/portal\/2019\/01\/05\/%ef%bb%bfoperacao-praia-do-sol-policia-apreende-duas-armas-de-fogo-drogas-e-recupera-carro-roubado-na-capital\/#breadcrumb\"},\"inLanguage\":\"pt-BR\",\"potentialAction\":[{\"@type\":\"ReadAction\",\"target\":[\"https:\/\/www.pm.pb.gov.br\/portal\/2019\/01\/05\/%ef%bb%bfoperacao-praia-do-sol-policia-apreende-duas-armas-de-fogo-drogas-e-recupera-carro-roubado-na-capital\/\"]}]},{\"@type\":\"BreadcrumbList\",\"@id\":\"https:\/\/www.pm.pb.gov.br\/portal\/2019\/01\/05\/%ef%bb%bfoperacao-praia-do-sol-policia-apreende-duas-armas-de-fogo-drogas-e-recupera-carro-roubado-na-capital\/#breadcrumb\",\"itemListElement\":[{\"@type\":\"ListItem\",\"position\":1,\"name\":\"In\u00edcio\",\"item\":\"https:\/\/www.pm.pb.gov.br\/portal\/\"},{\"@type\":\"ListItem\",\"position\":2,\"name\":\"\ufeffOpera\u00e7\u00e3o Praia do Sol: Pol\u00edcia apreende duas armas de fogo, drogas e recupera carro roubado na Capital\"}]},{\"@type\":\"WebSite\",\"@id\":\"https:\/\/www.pm.pb.gov.br\/portal\/#website\",\"url\":\"https:\/\/www.pm.pb.gov.br\/portal\/\",\"name\":\"Pol\u00edcia Militar da Para\u00edba\",\"description\":\"\",\"publisher\":{\"@id\":\"https:\/\/www.pm.pb.gov.br\/portal\/#organization\"},\"potentialAction\":[{\"@type\":\"SearchAction\",\"target\":{\"@type\":\"EntryPoint\",\"urlTemplate\":\"https:\/\/www.pm.pb.gov.br\/portal\/?s={search_term_string}\"},\"query-input\":\"required name=search_term_string\"}],\"inLanguage\":\"pt-BR\"},{\"@type\":\"Organization\",\"@id\":\"https:\/\/www.pm.pb.gov.br\/portal\/#organization\",\"name\":\"Pol\u00edcia Militar da Para\u00edba\",\"url\":\"https:\/\/www.pm.pb.gov.br\/portal\/\",\"logo\":{\"@type\":\"ImageObject\",\"inLanguage\":\"pt-BR\",\"@id\":\"https:\/\/www.pm.pb.gov.br\/portal\/#\/schema\/logo\/image\/\",\"url\":\"https:\/\/www.pm.pb.gov.br\/portal\/wp-content\/uploads\/2025\/03\/cropped-logo-site-mag2-1.png\",\"contentUrl\":\"https:\/\/www.pm.pb.gov.br\/portal\/wp-content\/uploads\/2025\/03\/cropped-logo-site-mag2-1.png\",\"width\":320,\"height\":90,\"caption\":\"Pol\u00edcia Militar da Para\u00edba\"},\"image\":{\"@id\":\"https:\/\/www.pm.pb.gov.br\/portal\/#\/schema\/logo\/image\/\"}},{\"@type\":\"Person\",\"@id\":\"https:\/\/www.pm.pb.gov.br\/portal\/#\/schema\/person\/30d571652b38533c2211e4e89bf5a502\",\"name\":\"Marcio Gomes dos Santos\",\"image\":{\"@type\":\"ImageObject\",\"inLanguage\":\"pt-BR\",\"@id\":\"https:\/\/www.pm.pb.gov.br\/portal\/#\/schema\/person\/image\/\",\"url\":\"https:\/\/secure.gravatar.com\/avatar\/cf4ec2cb690101e1581c7773aa350c19?s=96&d=mm&r=g\",\"contentUrl\":\"https:\/\/secure.gravatar.com\/avatar\/cf4ec2cb690101e1581c7773aa350c19?s=96&d=mm&r=g\",\"caption\":\"Marcio Gomes dos Santos\"},\"url\":\"https:\/\/www.pm.pb.gov.br\/portal\/author\/mgomes\/\"}]}<\/script>\n<!-- \/ Yoast SEO plugin. -->","yoast_head_json":{"title":"\ufeffOpera\u00e7\u00e3o Praia do Sol: Pol\u00edcia apreende duas armas de fogo, drogas e recupera carro roubado na Capital - Pol\u00edcia Militar da Para\u00edba","robots":{"index":"index","follow":"follow","max-snippet":"max-snippet:-1","max-image-preview":"max-image-preview:large","max-video-preview":"max-video-preview:-1"},"canonical":"https:\/\/www.pm.pb.gov.br\/portal\/2019\/01\/05\/\ufeffoperacao-praia-do-sol-policia-apreende-duas-armas-de-fogo-drogas-e-recupera-carro-roubado-na-capital\/","og_locale":"pt_BR","og_type":"article","og_title":"\ufeffOpera\u00e7\u00e3o Praia do Sol: Pol\u00edcia apreende duas armas de fogo, drogas e recupera carro roubado na Capital - Pol\u00edcia Militar da Para\u00edba","og_description":"Policiais Militares do 5\u00ba Batalh\u00e3o com o apoio do Batalh\u00e3o Ambiental, BPTran, For\u00e7a Regional, For\u00e7a T\u00e1tica e Rotam apreenderam, na","og_url":"https:\/\/www.pm.pb.gov.br\/portal\/2019\/01\/05\/\ufeffoperacao-praia-do-sol-policia-apreende-duas-armas-de-fogo-drogas-e-recupera-carro-roubado-na-capital\/","og_site_name":"Pol\u00edcia Militar da Para\u00edba","article_published_time":"2019-01-05T20:47:47+00:00","article_modified_time":"2019-01-05T21:45:59+00:00","og_image":[{"width":1280,"height":606,"url":"https:\/\/www.pm.pb.gov.br\/portal\/wp-content\/uploads\/2019\/01\/armas-PDS-05-01-19.jpeg","type":"image\/jpeg"}],"author":"Marcio Gomes dos Santos","twitter_card":"summary_large_image","twitter_misc":{"Escrito por":"Marcio Gomes dos Santos","Est. tempo de leitura":"1 minuto"},"schema":{"@context":"https:\/\/schema.org","@graph":[{"@type":"Article","@id":"https:\/\/www.pm.pb.gov.br\/portal\/2019\/01\/05\/%ef%bb%bfoperacao-praia-do-sol-policia-apreende-duas-armas-de-fogo-drogas-e-recupera-carro-roubado-na-capital\/#article","isPartOf":{"@id":"https:\/\/www.pm.pb.gov.br\/portal\/2019\/01\/05\/%ef%bb%bfoperacao-praia-do-sol-policia-apreende-duas-armas-de-fogo-drogas-e-recupera-carro-roubado-na-capital\/"},"author":{"name":"Marcio Gomes dos Santos","@id":"https:\/\/www.pm.pb.gov.br\/portal\/#\/schema\/person\/30d571652b38533c2211e4e89bf5a502"},"headline":"\ufeffOpera\u00e7\u00e3o Praia do Sol: Pol\u00edcia apreende duas armas de fogo, drogas e recupera carro roubado na Capital","datePublished":"2019-01-05T20:47:47+00:00","dateModified":"2019-01-05T21:45:59+00:00","mainEntityOfPage":{"@id":"https:\/\/www.pm.pb.gov.br\/portal\/2019\/01\/05\/%ef%bb%bfoperacao-praia-do-sol-policia-apreende-duas-armas-de-fogo-drogas-e-recupera-carro-roubado-na-capital\/"},"wordCount":225,"publisher":{"@id":"https:\/\/www.pm.pb.gov.br\/portal\/#organization"},"articleSection":["A\u00e7\u00f5es Policiais"],"inLanguage":"pt-BR"},{"@type":"WebPage","@id":"https:\/\/www.pm.pb.gov.br\/portal\/2019\/01\/05\/%ef%bb%bfoperacao-praia-do-sol-policia-apreende-duas-armas-de-fogo-drogas-e-recupera-carro-roubado-na-capital\/","url":"https:\/\/www.pm.pb.gov.br\/portal\/2019\/01\/05\/%ef%bb%bfoperacao-praia-do-sol-policia-apreende-duas-armas-de-fogo-drogas-e-recupera-carro-roubado-na-capital\/","name":"\ufeffOpera\u00e7\u00e3o Praia do Sol: Pol\u00edcia apreende duas armas de fogo, drogas e recupera carro roubado na Capital - Pol\u00edcia Militar da Para\u00edba","isPartOf":{"@id":"https:\/\/www.pm.pb.gov.br\/portal\/#website"},"datePublished":"2019-01-05T20:47:47+00:00","dateModified":"2019-01-05T21:45:59+00:00","breadcrumb":{"@id":"https:\/\/www.pm.pb.gov.br\/portal\/2019\/01\/05\/%ef%bb%bfoperacao-praia-do-sol-policia-apreende-duas-armas-de-fogo-drogas-e-recupera-carro-roubado-na-capital\/#breadcrumb"},"inLanguage":"pt-BR","potentialAction":[{"@type":"ReadAction","target":["https:\/\/www.pm.pb.gov.br\/portal\/2019\/01\/05\/%ef%bb%bfoperacao-praia-do-sol-policia-apreende-duas-armas-de-fogo-drogas-e-recupera-carro-roubado-na-capital\/"]}]},{"@type":"BreadcrumbList","@id":"https:\/\/www.pm.pb.gov.br\/portal\/2019\/01\/05\/%ef%bb%bfoperacao-praia-do-sol-policia-apreende-duas-armas-de-fogo-drogas-e-recupera-carro-roubado-na-capital\/#breadcrumb","itemListElement":[{"@type":"ListItem","position":1,"name":"In\u00edcio","item":"https:\/\/www.pm.pb.gov.br\/portal\/"},{"@type":"ListItem","position":2,"name":"\ufeffOpera\u00e7\u00e3o Praia do Sol: Pol\u00edcia apreende duas armas de fogo, drogas e recupera carro roubado na Capital"}]},{"@type":"WebSite","@id":"https:\/\/www.pm.pb.gov.br\/portal\/#website","url":"https:\/\/www.pm.pb.gov.br\/portal\/","name":"Pol\u00edcia Militar da Para\u00edba","description":"","publisher":{"@id":"https:\/\/www.pm.pb.gov.br\/portal\/#organization"},"potentialAction":[{"@type":"SearchAction","target":{"@type":"EntryPoint","urlTemplate":"https:\/\/www.pm.pb.gov.br\/portal\/?s={search_term_string}"},"query-input":"required name=search_term_string"}],"inLanguage":"pt-BR"},{"@type":"Organization","@id":"https:\/\/www.pm.pb.gov.br\/portal\/#organization","name":"Pol\u00edcia Militar da Para\u00edba","url":"https:\/\/www.pm.pb.gov.br\/portal\/","logo":{"@type":"ImageObject","inLanguage":"pt-BR","@id":"https:\/\/www.pm.pb.gov.br\/portal\/#\/schema\/logo\/image\/","url":"https:\/\/www.pm.pb.gov.br\/portal\/wp-content\/uploads\/2025\/03\/cropped-logo-site-mag2-1.png","contentUrl":"https:\/\/www.pm.pb.gov.br\/portal\/wp-content\/uploads\/2025\/03\/cropped-logo-site-mag2-1.png","width":320,"height":90,"caption":"Pol\u00edcia Militar da Para\u00edba"},"image":{"@id":"https:\/\/www.pm.pb.gov.br\/portal\/#\/schema\/logo\/image\/"}},{"@type":"Person","@id":"https:\/\/www.pm.pb.gov.br\/portal\/#\/schema\/person\/30d571652b38533c2211e4e89bf5a502","name":"Marcio Gomes dos Santos","image":{"@type":"ImageObject","inLanguage":"pt-BR","@id":"https:\/\/www.pm.pb.gov.br\/portal\/#\/schema\/person\/image\/","url":"https:\/\/secure.gravatar.com\/avatar\/cf4ec2cb690101e1581c7773aa350c19?s=96&d=mm&r=g","contentUrl":"https:\/\/secure.gravatar.com\/avatar\/cf4ec2cb690101e1581c7773aa350c19?s=96&d=mm&r=g","caption":"Marcio Gomes dos Santos"},"url":"https:\/\/www.pm.pb.gov.br\/portal\/author\/mgomes\/"}]}},"_links":{"self":[{"href":"https:\/\/www.pm.pb.gov.br\/portal\/wp-json\/wp\/v2\/posts\/899650"}],"collection":[{"href":"https:\/\/www.pm.pb.gov.br\/portal\/wp-json\/wp\/v2\/posts"}],"about":[{"href":"https:\/\/www.pm.pb.gov.br\/portal\/wp-json\/wp\/v2\/types\/post"}],"author":[{"embeddable":true,"href":"https:\/\/www.pm.pb.gov.br\/portal\/wp-json\/wp\/v2\/users\/15"}],"replies":[{"embeddable":true,"href":"https:\/\/www.pm.pb.gov.br\/portal\/wp-json\/wp\/v2\/comments?post=899650"}],"version-history":[{"count":2,"href":"https:\/\/www.pm.pb.gov.br\/portal\/wp-json\/wp\/v2\/posts\/899650\/revisions"}],"predecessor-version":[{"id":899653,"href":"https:\/\/www.pm.pb.gov.br\/portal\/wp-json\/wp\/v2\/posts\/899650\/revisions\/899653"}],"wp:featuredmedia":[{"embeddable":true,"href":"https:\/\/www.pm.pb.gov.br\/portal\/wp-json\/wp\/v2\/media\/899651"}],"wp:attachment":[{"href":"https:\/\/www.pm.pb.gov.br\/portal\/wp-json\/wp\/v2\/media?parent=899650"}],"wp:term":[{"taxonomy":"category","embeddable":true,"href":"https:\/\/www.pm.pb.gov.br\/portal\/wp-json\/wp\/v2\/categories?post=899650"},{"taxonomy":"post_tag","embeddable":true,"href":"https:\/\/www.pm.pb.gov.br\/portal\/wp-json\/wp\/v2\/tags?post=899650"}],"curies":[{"name":"wp","href":"https:\/\/api.w.org\/{rel}","templated":true}]}}