{"id":899645,"date":"2019-01-05T17:43:44","date_gmt":"2019-01-05T20:43:44","guid":{"rendered":"http:\/\/www.pm.pb.gov.br\/portal\/?p=899645"},"modified":"2019-01-07T08:32:01","modified_gmt":"2019-01-07T11:32:01","slug":"operacaonomade-policia-apreende-armas-de-fogo-e-prende-suspeitos-na-regiao-de-solanea%ef%bb%bf","status":"publish","type":"post","link":"https:\/\/www.pm.pb.gov.br\/portal\/2019\/01\/05\/operacaonomade-policia-apreende-armas-de-fogo-e-prende-suspeitos-na-regiao-de-solanea%ef%bb%bf\/","title":{"rendered":"Opera\u00e7\u00e3o N\u00f4made: Pol\u00edcia apreende armas de fogo e prende suspeitos na regi\u00e3o de Sol\u00e2nea\ufeff"},"content":{"rendered":"\n<p>Policiais militares da7\u00aa Companhia Independente apreenderam duas armas de fogo e prenderam doishomens, na noite dessa sexta-feira (4), durante as a\u00e7\u00f5es da Opera\u00e7\u00e3o N\u00f4made. A sarmas foram apreendidas nas cidades de Cacimba de Dentro e Sol\u00e2nea.<\/p>\n\n\n\n<p>As guarni\u00e7\u00f5es realizavam\nrondas e abordagens na cidade de Cacimba de Dentro, quando um motociclista\npercebeu a aproxima\u00e7\u00e3o da pol\u00edcia e empreendeu fuga. A PM conseguiu alcan\u00e7ar o suspeito\ne, durante a abordagem policial, tamb\u00e9m foram encontrados com o homem, de 46\nanos, um rev\u00f3lver calibre 38 e cinco muni\u00e7\u00f5es. <\/p>\n\n\n\n<p>J\u00e1 na cidade de\nSol\u00e2nea, os policiais da 7\u00aa CIPM davam continuidade aos trabalhos quando visualizaram\num motociclista trafegando na contram\u00e3o. Foi feita a abordagem e detectado que o\nhomem, de 40 anos, portava um rev\u00f3lver calibre 38 especial com cinco muni\u00e7\u00f5es\nintactas.<\/p>\n\n\n\n<p>Os dois suspeitos e as\narmas apreendidas foram conduzidos para a delegacia de Sol\u00e2nea.<\/p>\n\n\n\n<div class=\"wp-block-image\"><figure class=\"aligncenter\"><img loading=\"lazy\" decoding=\"async\" width=\"428\" height=\"570\" src=\"http:\/\/www.pm.pb.gov.br\/portal\/wp-content\/uploads\/2019\/01\/arma-Cacimba-04-01-19-1-428x570.jpeg\" alt=\"\" class=\"wp-image-899648\" srcset=\"https:\/\/www.pm.pb.gov.br\/portal\/wp-content\/uploads\/2019\/01\/arma-Cacimba-04-01-19-1-428x570.jpeg 428w, https:\/\/www.pm.pb.gov.br\/portal\/wp-content\/uploads\/2019\/01\/arma-Cacimba-04-01-19-1-334x445.jpeg 334w, https:\/\/www.pm.pb.gov.br\/portal\/wp-content\/uploads\/2019\/01\/arma-Cacimba-04-01-19-1-768x1024.jpeg 768w, https:\/\/www.pm.pb.gov.br\/portal\/wp-content\/uploads\/2019\/01\/arma-Cacimba-04-01-19-1.jpeg 960w\" sizes=\"(max-width: 428px) 100vw, 428px\" \/><\/figure><\/div>\n","protected":false},"excerpt":{"rendered":"<p>Policiais militares da7\u00aa Companhia Independente apreenderam duas armas de fogo e prenderam doishomens, na noite dessa sexta-feira (4), durante as<\/p>\n","protected":false},"author":15,"featured_media":899648,"comment_status":"closed","ping_status":"closed","sticky":false,"template":"","format":"standard","meta":{"_exactmetrics_skip_tracking":false,"_exactmetrics_sitenote_active":false,"_exactmetrics_sitenote_note":"","_exactmetrics_sitenote_category":0,"footnotes":""},"categories":[4],"tags":[],"yoast_head":"<!-- This site is optimized with the Yoast SEO plugin v22.0 - https:\/\/yoast.com\/wordpress\/plugins\/seo\/ -->\n<title>Opera\u00e7\u00e3o N\u00f4made: Pol\u00edcia apreende armas de fogo e prende suspeitos na regi\u00e3o de Sol\u00e2nea\ufeff - Pol\u00edcia Militar da Para\u00edba<\/title>\n<meta name=\"robots\" content=\"index, follow, max-snippet:-1, max-image-preview:large, max-video-preview:-1\" \/>\n<link rel=\"canonical\" href=\"https:\/\/www.pm.pb.gov.br\/portal\/2019\/01\/05\/operacaonomade-policia-apreende-armas-de-fogo-e-prende-suspeitos-na-regiao-de-solanea\ufeff\/\" \/>\n<meta property=\"og:locale\" content=\"pt_BR\" \/>\n<meta property=\"og:type\" content=\"article\" \/>\n<meta property=\"og:title\" content=\"Opera\u00e7\u00e3o N\u00f4made: Pol\u00edcia apreende armas de fogo e prende suspeitos na regi\u00e3o de Sol\u00e2nea\ufeff - Pol\u00edcia Militar da Para\u00edba\" \/>\n<meta property=\"og:description\" content=\"Policiais militares da7\u00aa Companhia Independente apreenderam duas armas de fogo e prenderam doishomens, na noite dessa sexta-feira (4), durante as\" \/>\n<meta property=\"og:url\" content=\"https:\/\/www.pm.pb.gov.br\/portal\/2019\/01\/05\/operacaonomade-policia-apreende-armas-de-fogo-e-prende-suspeitos-na-regiao-de-solanea\ufeff\/\" \/>\n<meta property=\"og:site_name\" content=\"Pol\u00edcia Militar da Para\u00edba\" \/>\n<meta property=\"article:published_time\" content=\"2019-01-05T20:43:44+00:00\" \/>\n<meta property=\"article:modified_time\" content=\"2019-01-07T11:32:01+00:00\" \/>\n<meta property=\"og:image\" content=\"https:\/\/www.pm.pb.gov.br\/portal\/wp-content\/uploads\/2019\/01\/arma-Cacimba-04-01-19-1.jpeg\" \/>\n\t<meta property=\"og:image:width\" content=\"960\" \/>\n\t<meta property=\"og:image:height\" content=\"1280\" \/>\n\t<meta property=\"og:image:type\" content=\"image\/jpeg\" \/>\n<meta name=\"author\" content=\"Marcio Gomes dos Santos\" \/>\n<meta name=\"twitter:card\" content=\"summary_large_image\" \/>\n<meta name=\"twitter:label1\" content=\"Escrito por\" \/>\n\t<meta name=\"twitter:data1\" content=\"Marcio Gomes dos Santos\" \/>\n\t<meta name=\"twitter:label2\" content=\"Est. tempo de leitura\" \/>\n\t<meta name=\"twitter:data2\" content=\"1 minuto\" \/>\n<script type=\"application\/ld+json\" class=\"yoast-schema-graph\">{\"@context\":\"https:\/\/schema.org\",\"@graph\":[{\"@type\":\"Article\",\"@id\":\"https:\/\/www.pm.pb.gov.br\/portal\/2019\/01\/05\/operacaonomade-policia-apreende-armas-de-fogo-e-prende-suspeitos-na-regiao-de-solanea%ef%bb%bf\/#article\",\"isPartOf\":{\"@id\":\"https:\/\/www.pm.pb.gov.br\/portal\/2019\/01\/05\/operacaonomade-policia-apreende-armas-de-fogo-e-prende-suspeitos-na-regiao-de-solanea%ef%bb%bf\/\"},\"author\":{\"name\":\"Marcio Gomes dos Santos\",\"@id\":\"https:\/\/www.pm.pb.gov.br\/portal\/#\/schema\/person\/30d571652b38533c2211e4e89bf5a502\"},\"headline\":\"Opera\u00e7\u00e3o N\u00f4made: Pol\u00edcia apreende armas de fogo e prende suspeitos na regi\u00e3o de Sol\u00e2nea\ufeff\",\"datePublished\":\"2019-01-05T20:43:44+00:00\",\"dateModified\":\"2019-01-07T11:32:01+00:00\",\"mainEntityOfPage\":{\"@id\":\"https:\/\/www.pm.pb.gov.br\/portal\/2019\/01\/05\/operacaonomade-policia-apreende-armas-de-fogo-e-prende-suspeitos-na-regiao-de-solanea%ef%bb%bf\/\"},\"wordCount\":172,\"publisher\":{\"@id\":\"https:\/\/www.pm.pb.gov.br\/portal\/#organization\"},\"articleSection\":[\"A\u00e7\u00f5es Policiais\"],\"inLanguage\":\"pt-BR\"},{\"@type\":\"WebPage\",\"@id\":\"https:\/\/www.pm.pb.gov.br\/portal\/2019\/01\/05\/operacaonomade-policia-apreende-armas-de-fogo-e-prende-suspeitos-na-regiao-de-solanea%ef%bb%bf\/\",\"url\":\"https:\/\/www.pm.pb.gov.br\/portal\/2019\/01\/05\/operacaonomade-policia-apreende-armas-de-fogo-e-prende-suspeitos-na-regiao-de-solanea%ef%bb%bf\/\",\"name\":\"Opera\u00e7\u00e3o N\u00f4made: Pol\u00edcia apreende armas de fogo e prende suspeitos na regi\u00e3o de Sol\u00e2nea\ufeff - Pol\u00edcia Militar da Para\u00edba\",\"isPartOf\":{\"@id\":\"https:\/\/www.pm.pb.gov.br\/portal\/#website\"},\"datePublished\":\"2019-01-05T20:43:44+00:00\",\"dateModified\":\"2019-01-07T11:32:01+00:00\",\"breadcrumb\":{\"@id\":\"https:\/\/www.pm.pb.gov.br\/portal\/2019\/01\/05\/operacaonomade-policia-apreende-armas-de-fogo-e-prende-suspeitos-na-regiao-de-solanea%ef%bb%bf\/#breadcrumb\"},\"inLanguage\":\"pt-BR\",\"potentialAction\":[{\"@type\":\"ReadAction\",\"target\":[\"https:\/\/www.pm.pb.gov.br\/portal\/2019\/01\/05\/operacaonomade-policia-apreende-armas-de-fogo-e-prende-suspeitos-na-regiao-de-solanea%ef%bb%bf\/\"]}]},{\"@type\":\"BreadcrumbList\",\"@id\":\"https:\/\/www.pm.pb.gov.br\/portal\/2019\/01\/05\/operacaonomade-policia-apreende-armas-de-fogo-e-prende-suspeitos-na-regiao-de-solanea%ef%bb%bf\/#breadcrumb\",\"itemListElement\":[{\"@type\":\"ListItem\",\"position\":1,\"name\":\"In\u00edcio\",\"item\":\"https:\/\/www.pm.pb.gov.br\/portal\/\"},{\"@type\":\"ListItem\",\"position\":2,\"name\":\"Opera\u00e7\u00e3o N\u00f4made: Pol\u00edcia apreende armas de fogo e prende suspeitos na regi\u00e3o de Sol\u00e2nea\ufeff\"}]},{\"@type\":\"WebSite\",\"@id\":\"https:\/\/www.pm.pb.gov.br\/portal\/#website\",\"url\":\"https:\/\/www.pm.pb.gov.br\/portal\/\",\"name\":\"Pol\u00edcia Militar da Para\u00edba\",\"description\":\"\",\"publisher\":{\"@id\":\"https:\/\/www.pm.pb.gov.br\/portal\/#organization\"},\"potentialAction\":[{\"@type\":\"SearchAction\",\"target\":{\"@type\":\"EntryPoint\",\"urlTemplate\":\"https:\/\/www.pm.pb.gov.br\/portal\/?s={search_term_string}\"},\"query-input\":\"required name=search_term_string\"}],\"inLanguage\":\"pt-BR\"},{\"@type\":\"Organization\",\"@id\":\"https:\/\/www.pm.pb.gov.br\/portal\/#organization\",\"name\":\"Pol\u00edcia Militar da Para\u00edba\",\"url\":\"https:\/\/www.pm.pb.gov.br\/portal\/\",\"logo\":{\"@type\":\"ImageObject\",\"inLanguage\":\"pt-BR\",\"@id\":\"https:\/\/www.pm.pb.gov.br\/portal\/#\/schema\/logo\/image\/\",\"url\":\"https:\/\/www.pm.pb.gov.br\/portal\/wp-content\/uploads\/2025\/03\/cropped-logo-site-mag2-1.png\",\"contentUrl\":\"https:\/\/www.pm.pb.gov.br\/portal\/wp-content\/uploads\/2025\/03\/cropped-logo-site-mag2-1.png\",\"width\":320,\"height\":90,\"caption\":\"Pol\u00edcia Militar da Para\u00edba\"},\"image\":{\"@id\":\"https:\/\/www.pm.pb.gov.br\/portal\/#\/schema\/logo\/image\/\"}},{\"@type\":\"Person\",\"@id\":\"https:\/\/www.pm.pb.gov.br\/portal\/#\/schema\/person\/30d571652b38533c2211e4e89bf5a502\",\"name\":\"Marcio Gomes dos Santos\",\"image\":{\"@type\":\"ImageObject\",\"inLanguage\":\"pt-BR\",\"@id\":\"https:\/\/www.pm.pb.gov.br\/portal\/#\/schema\/person\/image\/\",\"url\":\"https:\/\/secure.gravatar.com\/avatar\/cf4ec2cb690101e1581c7773aa350c19?s=96&d=mm&r=g\",\"contentUrl\":\"https:\/\/secure.gravatar.com\/avatar\/cf4ec2cb690101e1581c7773aa350c19?s=96&d=mm&r=g\",\"caption\":\"Marcio Gomes dos Santos\"},\"url\":\"https:\/\/www.pm.pb.gov.br\/portal\/author\/mgomes\/\"}]}<\/script>\n<!-- \/ Yoast SEO plugin. -->","yoast_head_json":{"title":"Opera\u00e7\u00e3o N\u00f4made: Pol\u00edcia apreende armas de fogo e prende suspeitos na regi\u00e3o de Sol\u00e2nea\ufeff - Pol\u00edcia Militar da Para\u00edba","robots":{"index":"index","follow":"follow","max-snippet":"max-snippet:-1","max-image-preview":"max-image-preview:large","max-video-preview":"max-video-preview:-1"},"canonical":"https:\/\/www.pm.pb.gov.br\/portal\/2019\/01\/05\/operacaonomade-policia-apreende-armas-de-fogo-e-prende-suspeitos-na-regiao-de-solanea\ufeff\/","og_locale":"pt_BR","og_type":"article","og_title":"Opera\u00e7\u00e3o N\u00f4made: Pol\u00edcia apreende armas de fogo e prende suspeitos na regi\u00e3o de Sol\u00e2nea\ufeff - Pol\u00edcia Militar da Para\u00edba","og_description":"Policiais militares da7\u00aa Companhia Independente apreenderam duas armas de fogo e prenderam doishomens, na noite dessa sexta-feira (4), durante as","og_url":"https:\/\/www.pm.pb.gov.br\/portal\/2019\/01\/05\/operacaonomade-policia-apreende-armas-de-fogo-e-prende-suspeitos-na-regiao-de-solanea\ufeff\/","og_site_name":"Pol\u00edcia Militar da Para\u00edba","article_published_time":"2019-01-05T20:43:44+00:00","article_modified_time":"2019-01-07T11:32:01+00:00","og_image":[{"width":960,"height":1280,"url":"https:\/\/www.pm.pb.gov.br\/portal\/wp-content\/uploads\/2019\/01\/arma-Cacimba-04-01-19-1.jpeg","type":"image\/jpeg"}],"author":"Marcio Gomes dos Santos","twitter_card":"summary_large_image","twitter_misc":{"Escrito por":"Marcio Gomes dos Santos","Est. tempo de leitura":"1 minuto"},"schema":{"@context":"https:\/\/schema.org","@graph":[{"@type":"Article","@id":"https:\/\/www.pm.pb.gov.br\/portal\/2019\/01\/05\/operacaonomade-policia-apreende-armas-de-fogo-e-prende-suspeitos-na-regiao-de-solanea%ef%bb%bf\/#article","isPartOf":{"@id":"https:\/\/www.pm.pb.gov.br\/portal\/2019\/01\/05\/operacaonomade-policia-apreende-armas-de-fogo-e-prende-suspeitos-na-regiao-de-solanea%ef%bb%bf\/"},"author":{"name":"Marcio Gomes dos Santos","@id":"https:\/\/www.pm.pb.gov.br\/portal\/#\/schema\/person\/30d571652b38533c2211e4e89bf5a502"},"headline":"Opera\u00e7\u00e3o N\u00f4made: Pol\u00edcia apreende armas de fogo e prende suspeitos na regi\u00e3o de Sol\u00e2nea\ufeff","datePublished":"2019-01-05T20:43:44+00:00","dateModified":"2019-01-07T11:32:01+00:00","mainEntityOfPage":{"@id":"https:\/\/www.pm.pb.gov.br\/portal\/2019\/01\/05\/operacaonomade-policia-apreende-armas-de-fogo-e-prende-suspeitos-na-regiao-de-solanea%ef%bb%bf\/"},"wordCount":172,"publisher":{"@id":"https:\/\/www.pm.pb.gov.br\/portal\/#organization"},"articleSection":["A\u00e7\u00f5es Policiais"],"inLanguage":"pt-BR"},{"@type":"WebPage","@id":"https:\/\/www.pm.pb.gov.br\/portal\/2019\/01\/05\/operacaonomade-policia-apreende-armas-de-fogo-e-prende-suspeitos-na-regiao-de-solanea%ef%bb%bf\/","url":"https:\/\/www.pm.pb.gov.br\/portal\/2019\/01\/05\/operacaonomade-policia-apreende-armas-de-fogo-e-prende-suspeitos-na-regiao-de-solanea%ef%bb%bf\/","name":"Opera\u00e7\u00e3o N\u00f4made: Pol\u00edcia apreende armas de fogo e prende suspeitos na regi\u00e3o de Sol\u00e2nea\ufeff - Pol\u00edcia Militar da Para\u00edba","isPartOf":{"@id":"https:\/\/www.pm.pb.gov.br\/portal\/#website"},"datePublished":"2019-01-05T20:43:44+00:00","dateModified":"2019-01-07T11:32:01+00:00","breadcrumb":{"@id":"https:\/\/www.pm.pb.gov.br\/portal\/2019\/01\/05\/operacaonomade-policia-apreende-armas-de-fogo-e-prende-suspeitos-na-regiao-de-solanea%ef%bb%bf\/#breadcrumb"},"inLanguage":"pt-BR","potentialAction":[{"@type":"ReadAction","target":["https:\/\/www.pm.pb.gov.br\/portal\/2019\/01\/05\/operacaonomade-policia-apreende-armas-de-fogo-e-prende-suspeitos-na-regiao-de-solanea%ef%bb%bf\/"]}]},{"@type":"BreadcrumbList","@id":"https:\/\/www.pm.pb.gov.br\/portal\/2019\/01\/05\/operacaonomade-policia-apreende-armas-de-fogo-e-prende-suspeitos-na-regiao-de-solanea%ef%bb%bf\/#breadcrumb","itemListElement":[{"@type":"ListItem","position":1,"name":"In\u00edcio","item":"https:\/\/www.pm.pb.gov.br\/portal\/"},{"@type":"ListItem","position":2,"name":"Opera\u00e7\u00e3o N\u00f4made: Pol\u00edcia apreende armas de fogo e prende suspeitos na regi\u00e3o de Sol\u00e2nea\ufeff"}]},{"@type":"WebSite","@id":"https:\/\/www.pm.pb.gov.br\/portal\/#website","url":"https:\/\/www.pm.pb.gov.br\/portal\/","name":"Pol\u00edcia Militar da Para\u00edba","description":"","publisher":{"@id":"https:\/\/www.pm.pb.gov.br\/portal\/#organization"},"potentialAction":[{"@type":"SearchAction","target":{"@type":"EntryPoint","urlTemplate":"https:\/\/www.pm.pb.gov.br\/portal\/?s={search_term_string}"},"query-input":"required name=search_term_string"}],"inLanguage":"pt-BR"},{"@type":"Organization","@id":"https:\/\/www.pm.pb.gov.br\/portal\/#organization","name":"Pol\u00edcia Militar da Para\u00edba","url":"https:\/\/www.pm.pb.gov.br\/portal\/","logo":{"@type":"ImageObject","inLanguage":"pt-BR","@id":"https:\/\/www.pm.pb.gov.br\/portal\/#\/schema\/logo\/image\/","url":"https:\/\/www.pm.pb.gov.br\/portal\/wp-content\/uploads\/2025\/03\/cropped-logo-site-mag2-1.png","contentUrl":"https:\/\/www.pm.pb.gov.br\/portal\/wp-content\/uploads\/2025\/03\/cropped-logo-site-mag2-1.png","width":320,"height":90,"caption":"Pol\u00edcia Militar da Para\u00edba"},"image":{"@id":"https:\/\/www.pm.pb.gov.br\/portal\/#\/schema\/logo\/image\/"}},{"@type":"Person","@id":"https:\/\/www.pm.pb.gov.br\/portal\/#\/schema\/person\/30d571652b38533c2211e4e89bf5a502","name":"Marcio Gomes dos Santos","image":{"@type":"ImageObject","inLanguage":"pt-BR","@id":"https:\/\/www.pm.pb.gov.br\/portal\/#\/schema\/person\/image\/","url":"https:\/\/secure.gravatar.com\/avatar\/cf4ec2cb690101e1581c7773aa350c19?s=96&d=mm&r=g","contentUrl":"https:\/\/secure.gravatar.com\/avatar\/cf4ec2cb690101e1581c7773aa350c19?s=96&d=mm&r=g","caption":"Marcio Gomes dos Santos"},"url":"https:\/\/www.pm.pb.gov.br\/portal\/author\/mgomes\/"}]}},"_links":{"self":[{"href":"https:\/\/www.pm.pb.gov.br\/portal\/wp-json\/wp\/v2\/posts\/899645"}],"collection":[{"href":"https:\/\/www.pm.pb.gov.br\/portal\/wp-json\/wp\/v2\/posts"}],"about":[{"href":"https:\/\/www.pm.pb.gov.br\/portal\/wp-json\/wp\/v2\/types\/post"}],"author":[{"embeddable":true,"href":"https:\/\/www.pm.pb.gov.br\/portal\/wp-json\/wp\/v2\/users\/15"}],"replies":[{"embeddable":true,"href":"https:\/\/www.pm.pb.gov.br\/portal\/wp-json\/wp\/v2\/comments?post=899645"}],"version-history":[{"count":3,"href":"https:\/\/www.pm.pb.gov.br\/portal\/wp-json\/wp\/v2\/posts\/899645\/revisions"}],"predecessor-version":[{"id":899656,"href":"https:\/\/www.pm.pb.gov.br\/portal\/wp-json\/wp\/v2\/posts\/899645\/revisions\/899656"}],"wp:featuredmedia":[{"embeddable":true,"href":"https:\/\/www.pm.pb.gov.br\/portal\/wp-json\/wp\/v2\/media\/899648"}],"wp:attachment":[{"href":"https:\/\/www.pm.pb.gov.br\/portal\/wp-json\/wp\/v2\/media?parent=899645"}],"wp:term":[{"taxonomy":"category","embeddable":true,"href":"https:\/\/www.pm.pb.gov.br\/portal\/wp-json\/wp\/v2\/categories?post=899645"},{"taxonomy":"post_tag","embeddable":true,"href":"https:\/\/www.pm.pb.gov.br\/portal\/wp-json\/wp\/v2\/tags?post=899645"}],"curies":[{"name":"wp","href":"https:\/\/api.w.org\/{rel}","templated":true}]}}