{"id":899635,"date":"2019-01-04T10:44:57","date_gmt":"2019-01-04T13:44:57","guid":{"rendered":"http:\/\/www.pm.pb.gov.br\/portal\/?p=899635"},"modified":"2019-01-04T10:44:58","modified_gmt":"2019-01-04T13:44:58","slug":"operacao-na-capital-apreende-armas-mais-de-7-kg-de-cocaina-e-recupera-carga-roubada","status":"publish","type":"post","link":"https:\/\/www.pm.pb.gov.br\/portal\/2019\/01\/04\/operacao-na-capital-apreende-armas-mais-de-7-kg-de-cocaina-e-recupera-carga-roubada\/","title":{"rendered":"Opera\u00e7\u00e3o na Capital apreende armas, mais de 7 kg de coca\u00edna e recupera carga roubada"},"content":{"rendered":"\n<p>Uma opera\u00e7\u00e3o realizada em conjunto, entre as pol\u00edcias Federal e Militar, desarticulou um dos principais pontos de apoio ao crime, na zona sul de Jo\u00e3o Pessoa, que ficava instalado em uma granja, na comunidade do Aratu, em Mangabeira VIII. Nas primeiras horas desta sexta-feira (4), os policiais do Batalh\u00e3o de Opera\u00e7\u00f5es Especiais, inclusive com a presen\u00e7a de c\u00e3es farejadores, cercaram o local e apreenderam cinco armas de fogo, mais de sete quilos de coca\u00edna, alimentos e outros materiais que eram de uma carga roubada.<\/p>\n\n\n\n<p>Um suspeito de 21 anos, que fazia a seguran\u00e7a do\nlocal, ainda tentou impedir a opera\u00e7\u00e3o dos policiais, atirando contra as\nviaturas e foi ferido, durante o confronto. Na casa, estavam a droga, a carga\nroubada e duas armas, sendo um rev\u00f3lver e uma pistola. Do lado de fora,\nenterrado em um tonel, os c\u00e3es do Bope acharam mais dois rev\u00f3lveres e uma\nespingarda.<\/p>\n\n\n\n<p>Os policiais chegaram at\u00e9 a casa atrav\u00e9s do\ntrabalho conjunto entre as Intelig\u00eancias da Pol\u00edcia Federal e Militar, que\ndescobriram onde os bandidos que estariam atuando no tr\u00e1fico de drogas, crimes\nde homic\u00eddios e assaltos guardavam os armamentos, entorpecentes e materiais de\nassaltos.<\/p>\n\n\n\n<p>O suspeito preso na opera\u00e7\u00e3o, cuja identidade ainda\nest\u00e1 sendo checada, recebeu atendimento no Hospital de Emerg\u00eancia e Trauma de\nJo\u00e3o Pessoa. O material apreendido na opera\u00e7\u00e3o foi levado para a sede da\nPol\u00edcia Federal, em Cabedelo. <\/p>\n","protected":false},"excerpt":{"rendered":"<p>Uma opera\u00e7\u00e3o realizada em conjunto, entre as pol\u00edcias Federal e Militar, desarticulou um dos principais pontos de apoio ao crime,<\/p>\n","protected":false},"author":12,"featured_media":899634,"comment_status":"closed","ping_status":"closed","sticky":false,"template":"","format":"standard","meta":{"_exactmetrics_skip_tracking":false,"_exactmetrics_sitenote_active":false,"_exactmetrics_sitenote_note":"","_exactmetrics_sitenote_category":0,"footnotes":""},"categories":[4],"tags":[],"yoast_head":"<!-- This site is optimized with the Yoast SEO plugin v22.0 - https:\/\/yoast.com\/wordpress\/plugins\/seo\/ -->\n<title>Opera\u00e7\u00e3o na Capital apreende armas, mais de 7 kg de coca\u00edna e recupera carga roubada - Pol\u00edcia Militar da Para\u00edba<\/title>\n<meta name=\"robots\" content=\"index, follow, max-snippet:-1, max-image-preview:large, max-video-preview:-1\" \/>\n<link rel=\"canonical\" href=\"https:\/\/www.pm.pb.gov.br\/portal\/2019\/01\/04\/operacao-na-capital-apreende-armas-mais-de-7-kg-de-cocaina-e-recupera-carga-roubada\/\" \/>\n<meta property=\"og:locale\" content=\"pt_BR\" \/>\n<meta property=\"og:type\" content=\"article\" \/>\n<meta property=\"og:title\" content=\"Opera\u00e7\u00e3o na Capital apreende armas, mais de 7 kg de coca\u00edna e recupera carga roubada - Pol\u00edcia Militar da Para\u00edba\" \/>\n<meta property=\"og:description\" content=\"Uma opera\u00e7\u00e3o realizada em conjunto, entre as pol\u00edcias Federal e Militar, desarticulou um dos principais pontos de apoio ao crime,\" \/>\n<meta property=\"og:url\" content=\"https:\/\/www.pm.pb.gov.br\/portal\/2019\/01\/04\/operacao-na-capital-apreende-armas-mais-de-7-kg-de-cocaina-e-recupera-carga-roubada\/\" \/>\n<meta property=\"og:site_name\" content=\"Pol\u00edcia Militar da Para\u00edba\" \/>\n<meta property=\"article:published_time\" content=\"2019-01-04T13:44:57+00:00\" \/>\n<meta property=\"article:modified_time\" content=\"2019-01-04T13:44:58+00:00\" \/>\n<meta property=\"og:image\" content=\"https:\/\/www.pm.pb.gov.br\/portal\/wp-content\/uploads\/2019\/01\/operacao.jpeg\" \/>\n\t<meta property=\"og:image:width\" content=\"800\" \/>\n\t<meta property=\"og:image:height\" content=\"445\" \/>\n\t<meta property=\"og:image:type\" content=\"image\/jpeg\" \/>\n<meta name=\"author\" content=\"Tarcisio Oliveira\" \/>\n<meta name=\"twitter:card\" content=\"summary_large_image\" \/>\n<meta name=\"twitter:label1\" content=\"Escrito por\" \/>\n\t<meta name=\"twitter:data1\" content=\"Tarcisio Oliveira\" \/>\n\t<meta name=\"twitter:label2\" content=\"Est. tempo de leitura\" \/>\n\t<meta name=\"twitter:data2\" content=\"1 minuto\" \/>\n<script type=\"application\/ld+json\" class=\"yoast-schema-graph\">{\"@context\":\"https:\/\/schema.org\",\"@graph\":[{\"@type\":\"Article\",\"@id\":\"https:\/\/www.pm.pb.gov.br\/portal\/2019\/01\/04\/operacao-na-capital-apreende-armas-mais-de-7-kg-de-cocaina-e-recupera-carga-roubada\/#article\",\"isPartOf\":{\"@id\":\"https:\/\/www.pm.pb.gov.br\/portal\/2019\/01\/04\/operacao-na-capital-apreende-armas-mais-de-7-kg-de-cocaina-e-recupera-carga-roubada\/\"},\"author\":{\"name\":\"Tarcisio Oliveira\",\"@id\":\"https:\/\/www.pm.pb.gov.br\/portal\/#\/schema\/person\/f84f56dcc78ce4357054da888b8247fd\"},\"headline\":\"Opera\u00e7\u00e3o na Capital apreende armas, mais de 7 kg de coca\u00edna e recupera carga roubada\",\"datePublished\":\"2019-01-04T13:44:57+00:00\",\"dateModified\":\"2019-01-04T13:44:58+00:00\",\"mainEntityOfPage\":{\"@id\":\"https:\/\/www.pm.pb.gov.br\/portal\/2019\/01\/04\/operacao-na-capital-apreende-armas-mais-de-7-kg-de-cocaina-e-recupera-carga-roubada\/\"},\"wordCount\":265,\"publisher\":{\"@id\":\"https:\/\/www.pm.pb.gov.br\/portal\/#organization\"},\"articleSection\":[\"A\u00e7\u00f5es Policiais\"],\"inLanguage\":\"pt-BR\"},{\"@type\":\"WebPage\",\"@id\":\"https:\/\/www.pm.pb.gov.br\/portal\/2019\/01\/04\/operacao-na-capital-apreende-armas-mais-de-7-kg-de-cocaina-e-recupera-carga-roubada\/\",\"url\":\"https:\/\/www.pm.pb.gov.br\/portal\/2019\/01\/04\/operacao-na-capital-apreende-armas-mais-de-7-kg-de-cocaina-e-recupera-carga-roubada\/\",\"name\":\"Opera\u00e7\u00e3o na Capital apreende armas, mais de 7 kg de coca\u00edna e recupera carga roubada - Pol\u00edcia Militar da Para\u00edba\",\"isPartOf\":{\"@id\":\"https:\/\/www.pm.pb.gov.br\/portal\/#website\"},\"datePublished\":\"2019-01-04T13:44:57+00:00\",\"dateModified\":\"2019-01-04T13:44:58+00:00\",\"breadcrumb\":{\"@id\":\"https:\/\/www.pm.pb.gov.br\/portal\/2019\/01\/04\/operacao-na-capital-apreende-armas-mais-de-7-kg-de-cocaina-e-recupera-carga-roubada\/#breadcrumb\"},\"inLanguage\":\"pt-BR\",\"potentialAction\":[{\"@type\":\"ReadAction\",\"target\":[\"https:\/\/www.pm.pb.gov.br\/portal\/2019\/01\/04\/operacao-na-capital-apreende-armas-mais-de-7-kg-de-cocaina-e-recupera-carga-roubada\/\"]}]},{\"@type\":\"BreadcrumbList\",\"@id\":\"https:\/\/www.pm.pb.gov.br\/portal\/2019\/01\/04\/operacao-na-capital-apreende-armas-mais-de-7-kg-de-cocaina-e-recupera-carga-roubada\/#breadcrumb\",\"itemListElement\":[{\"@type\":\"ListItem\",\"position\":1,\"name\":\"In\u00edcio\",\"item\":\"https:\/\/www.pm.pb.gov.br\/portal\/\"},{\"@type\":\"ListItem\",\"position\":2,\"name\":\"Opera\u00e7\u00e3o na Capital apreende armas, mais de 7 kg de coca\u00edna e recupera carga roubada\"}]},{\"@type\":\"WebSite\",\"@id\":\"https:\/\/www.pm.pb.gov.br\/portal\/#website\",\"url\":\"https:\/\/www.pm.pb.gov.br\/portal\/\",\"name\":\"Pol\u00edcia Militar da Para\u00edba\",\"description\":\"\",\"publisher\":{\"@id\":\"https:\/\/www.pm.pb.gov.br\/portal\/#organization\"},\"potentialAction\":[{\"@type\":\"SearchAction\",\"target\":{\"@type\":\"EntryPoint\",\"urlTemplate\":\"https:\/\/www.pm.pb.gov.br\/portal\/?s={search_term_string}\"},\"query-input\":\"required name=search_term_string\"}],\"inLanguage\":\"pt-BR\"},{\"@type\":\"Organization\",\"@id\":\"https:\/\/www.pm.pb.gov.br\/portal\/#organization\",\"name\":\"Pol\u00edcia Militar da Para\u00edba\",\"url\":\"https:\/\/www.pm.pb.gov.br\/portal\/\",\"logo\":{\"@type\":\"ImageObject\",\"inLanguage\":\"pt-BR\",\"@id\":\"https:\/\/www.pm.pb.gov.br\/portal\/#\/schema\/logo\/image\/\",\"url\":\"https:\/\/www.pm.pb.gov.br\/portal\/wp-content\/uploads\/2025\/03\/cropped-logo-site-mag2-1.png\",\"contentUrl\":\"https:\/\/www.pm.pb.gov.br\/portal\/wp-content\/uploads\/2025\/03\/cropped-logo-site-mag2-1.png\",\"width\":320,\"height\":90,\"caption\":\"Pol\u00edcia Militar da Para\u00edba\"},\"image\":{\"@id\":\"https:\/\/www.pm.pb.gov.br\/portal\/#\/schema\/logo\/image\/\"}},{\"@type\":\"Person\",\"@id\":\"https:\/\/www.pm.pb.gov.br\/portal\/#\/schema\/person\/f84f56dcc78ce4357054da888b8247fd\",\"name\":\"Tarcisio Oliveira\",\"image\":{\"@type\":\"ImageObject\",\"inLanguage\":\"pt-BR\",\"@id\":\"https:\/\/www.pm.pb.gov.br\/portal\/#\/schema\/person\/image\/\",\"url\":\"https:\/\/secure.gravatar.com\/avatar\/72917b630b69d31cd0297507f34bac97?s=96&d=mm&r=g\",\"contentUrl\":\"https:\/\/secure.gravatar.com\/avatar\/72917b630b69d31cd0297507f34bac97?s=96&d=mm&r=g\",\"caption\":\"Tarcisio Oliveira\"},\"url\":\"https:\/\/www.pm.pb.gov.br\/portal\/author\/tarcisio\/\"}]}<\/script>\n<!-- \/ Yoast SEO plugin. -->","yoast_head_json":{"title":"Opera\u00e7\u00e3o na Capital apreende armas, mais de 7 kg de coca\u00edna e recupera carga roubada - Pol\u00edcia Militar da Para\u00edba","robots":{"index":"index","follow":"follow","max-snippet":"max-snippet:-1","max-image-preview":"max-image-preview:large","max-video-preview":"max-video-preview:-1"},"canonical":"https:\/\/www.pm.pb.gov.br\/portal\/2019\/01\/04\/operacao-na-capital-apreende-armas-mais-de-7-kg-de-cocaina-e-recupera-carga-roubada\/","og_locale":"pt_BR","og_type":"article","og_title":"Opera\u00e7\u00e3o na Capital apreende armas, mais de 7 kg de coca\u00edna e recupera carga roubada - Pol\u00edcia Militar da Para\u00edba","og_description":"Uma opera\u00e7\u00e3o realizada em conjunto, entre as pol\u00edcias Federal e Militar, desarticulou um dos principais pontos de apoio ao crime,","og_url":"https:\/\/www.pm.pb.gov.br\/portal\/2019\/01\/04\/operacao-na-capital-apreende-armas-mais-de-7-kg-de-cocaina-e-recupera-carga-roubada\/","og_site_name":"Pol\u00edcia Militar da Para\u00edba","article_published_time":"2019-01-04T13:44:57+00:00","article_modified_time":"2019-01-04T13:44:58+00:00","og_image":[{"width":800,"height":445,"url":"https:\/\/www.pm.pb.gov.br\/portal\/wp-content\/uploads\/2019\/01\/operacao.jpeg","type":"image\/jpeg"}],"author":"Tarcisio Oliveira","twitter_card":"summary_large_image","twitter_misc":{"Escrito por":"Tarcisio Oliveira","Est. tempo de leitura":"1 minuto"},"schema":{"@context":"https:\/\/schema.org","@graph":[{"@type":"Article","@id":"https:\/\/www.pm.pb.gov.br\/portal\/2019\/01\/04\/operacao-na-capital-apreende-armas-mais-de-7-kg-de-cocaina-e-recupera-carga-roubada\/#article","isPartOf":{"@id":"https:\/\/www.pm.pb.gov.br\/portal\/2019\/01\/04\/operacao-na-capital-apreende-armas-mais-de-7-kg-de-cocaina-e-recupera-carga-roubada\/"},"author":{"name":"Tarcisio Oliveira","@id":"https:\/\/www.pm.pb.gov.br\/portal\/#\/schema\/person\/f84f56dcc78ce4357054da888b8247fd"},"headline":"Opera\u00e7\u00e3o na Capital apreende armas, mais de 7 kg de coca\u00edna e recupera carga roubada","datePublished":"2019-01-04T13:44:57+00:00","dateModified":"2019-01-04T13:44:58+00:00","mainEntityOfPage":{"@id":"https:\/\/www.pm.pb.gov.br\/portal\/2019\/01\/04\/operacao-na-capital-apreende-armas-mais-de-7-kg-de-cocaina-e-recupera-carga-roubada\/"},"wordCount":265,"publisher":{"@id":"https:\/\/www.pm.pb.gov.br\/portal\/#organization"},"articleSection":["A\u00e7\u00f5es Policiais"],"inLanguage":"pt-BR"},{"@type":"WebPage","@id":"https:\/\/www.pm.pb.gov.br\/portal\/2019\/01\/04\/operacao-na-capital-apreende-armas-mais-de-7-kg-de-cocaina-e-recupera-carga-roubada\/","url":"https:\/\/www.pm.pb.gov.br\/portal\/2019\/01\/04\/operacao-na-capital-apreende-armas-mais-de-7-kg-de-cocaina-e-recupera-carga-roubada\/","name":"Opera\u00e7\u00e3o na Capital apreende armas, mais de 7 kg de coca\u00edna e recupera carga roubada - Pol\u00edcia Militar da Para\u00edba","isPartOf":{"@id":"https:\/\/www.pm.pb.gov.br\/portal\/#website"},"datePublished":"2019-01-04T13:44:57+00:00","dateModified":"2019-01-04T13:44:58+00:00","breadcrumb":{"@id":"https:\/\/www.pm.pb.gov.br\/portal\/2019\/01\/04\/operacao-na-capital-apreende-armas-mais-de-7-kg-de-cocaina-e-recupera-carga-roubada\/#breadcrumb"},"inLanguage":"pt-BR","potentialAction":[{"@type":"ReadAction","target":["https:\/\/www.pm.pb.gov.br\/portal\/2019\/01\/04\/operacao-na-capital-apreende-armas-mais-de-7-kg-de-cocaina-e-recupera-carga-roubada\/"]}]},{"@type":"BreadcrumbList","@id":"https:\/\/www.pm.pb.gov.br\/portal\/2019\/01\/04\/operacao-na-capital-apreende-armas-mais-de-7-kg-de-cocaina-e-recupera-carga-roubada\/#breadcrumb","itemListElement":[{"@type":"ListItem","position":1,"name":"In\u00edcio","item":"https:\/\/www.pm.pb.gov.br\/portal\/"},{"@type":"ListItem","position":2,"name":"Opera\u00e7\u00e3o na Capital apreende armas, mais de 7 kg de coca\u00edna e recupera carga roubada"}]},{"@type":"WebSite","@id":"https:\/\/www.pm.pb.gov.br\/portal\/#website","url":"https:\/\/www.pm.pb.gov.br\/portal\/","name":"Pol\u00edcia Militar da Para\u00edba","description":"","publisher":{"@id":"https:\/\/www.pm.pb.gov.br\/portal\/#organization"},"potentialAction":[{"@type":"SearchAction","target":{"@type":"EntryPoint","urlTemplate":"https:\/\/www.pm.pb.gov.br\/portal\/?s={search_term_string}"},"query-input":"required name=search_term_string"}],"inLanguage":"pt-BR"},{"@type":"Organization","@id":"https:\/\/www.pm.pb.gov.br\/portal\/#organization","name":"Pol\u00edcia Militar da Para\u00edba","url":"https:\/\/www.pm.pb.gov.br\/portal\/","logo":{"@type":"ImageObject","inLanguage":"pt-BR","@id":"https:\/\/www.pm.pb.gov.br\/portal\/#\/schema\/logo\/image\/","url":"https:\/\/www.pm.pb.gov.br\/portal\/wp-content\/uploads\/2025\/03\/cropped-logo-site-mag2-1.png","contentUrl":"https:\/\/www.pm.pb.gov.br\/portal\/wp-content\/uploads\/2025\/03\/cropped-logo-site-mag2-1.png","width":320,"height":90,"caption":"Pol\u00edcia Militar da Para\u00edba"},"image":{"@id":"https:\/\/www.pm.pb.gov.br\/portal\/#\/schema\/logo\/image\/"}},{"@type":"Person","@id":"https:\/\/www.pm.pb.gov.br\/portal\/#\/schema\/person\/f84f56dcc78ce4357054da888b8247fd","name":"Tarcisio Oliveira","image":{"@type":"ImageObject","inLanguage":"pt-BR","@id":"https:\/\/www.pm.pb.gov.br\/portal\/#\/schema\/person\/image\/","url":"https:\/\/secure.gravatar.com\/avatar\/72917b630b69d31cd0297507f34bac97?s=96&d=mm&r=g","contentUrl":"https:\/\/secure.gravatar.com\/avatar\/72917b630b69d31cd0297507f34bac97?s=96&d=mm&r=g","caption":"Tarcisio Oliveira"},"url":"https:\/\/www.pm.pb.gov.br\/portal\/author\/tarcisio\/"}]}},"_links":{"self":[{"href":"https:\/\/www.pm.pb.gov.br\/portal\/wp-json\/wp\/v2\/posts\/899635"}],"collection":[{"href":"https:\/\/www.pm.pb.gov.br\/portal\/wp-json\/wp\/v2\/posts"}],"about":[{"href":"https:\/\/www.pm.pb.gov.br\/portal\/wp-json\/wp\/v2\/types\/post"}],"author":[{"embeddable":true,"href":"https:\/\/www.pm.pb.gov.br\/portal\/wp-json\/wp\/v2\/users\/12"}],"replies":[{"embeddable":true,"href":"https:\/\/www.pm.pb.gov.br\/portal\/wp-json\/wp\/v2\/comments?post=899635"}],"version-history":[{"count":1,"href":"https:\/\/www.pm.pb.gov.br\/portal\/wp-json\/wp\/v2\/posts\/899635\/revisions"}],"predecessor-version":[{"id":899636,"href":"https:\/\/www.pm.pb.gov.br\/portal\/wp-json\/wp\/v2\/posts\/899635\/revisions\/899636"}],"wp:featuredmedia":[{"embeddable":true,"href":"https:\/\/www.pm.pb.gov.br\/portal\/wp-json\/wp\/v2\/media\/899634"}],"wp:attachment":[{"href":"https:\/\/www.pm.pb.gov.br\/portal\/wp-json\/wp\/v2\/media?parent=899635"}],"wp:term":[{"taxonomy":"category","embeddable":true,"href":"https:\/\/www.pm.pb.gov.br\/portal\/wp-json\/wp\/v2\/categories?post=899635"},{"taxonomy":"post_tag","embeddable":true,"href":"https:\/\/www.pm.pb.gov.br\/portal\/wp-json\/wp\/v2\/tags?post=899635"}],"curies":[{"name":"wp","href":"https:\/\/api.w.org\/{rel}","templated":true}]}}