{"id":899614,"date":"2019-01-02T10:16:24","date_gmt":"2019-01-02T13:16:24","guid":{"rendered":"http:\/\/www.pm.pb.gov.br\/portal\/?p=899614"},"modified":"2019-01-02T10:16:59","modified_gmt":"2019-01-02T13:16:59","slug":"policia-resgata-criancas-que-foram-mantidas-refens-pelo-proprio-pai-em-queimadas","status":"publish","type":"post","link":"https:\/\/www.pm.pb.gov.br\/portal\/2019\/01\/02\/policia-resgata-criancas-que-foram-mantidas-refens-pelo-proprio-pai-em-queimadas\/","title":{"rendered":"Pol\u00edcia Militar resgata crian\u00e7as que foram mantidas ref\u00e9ns pelo pr\u00f3prio pai em Queimadas"},"content":{"rendered":"\n<p>A Pol\u00edcia Militar resgatou duas crian\u00e7as, de 4 e 5 anos, que foram mantidas ref\u00e9ns pelo pr\u00f3prio pai, por quase 20 horas, em Queimadas. O homem amea\u00e7ava jog\u00e1-las do primeiro andar de uma casa. A ocorr\u00eancia come\u00e7ou por volta das 10h dessa ter\u00e7a-feira (1\u00ba) e s\u00f3 terminou \u00e0s 5h50 desta quarta-feira (2), com o Grupamento de A\u00e7\u00f5es T\u00e1ticas Especiais (Gate) resgatando os dois meninos e evitando que o pai tirasse a pr\u00f3pria vida (foto acima ilustrativa).<\/p>\n\n\n\n<p>O comandante do Gate, capit\u00e3o Assis Soares, ressaltou o profissionalismo da Pol\u00edcia Militar, que manteve 100% de \u00eaxito nas ocorr\u00eancias com ref\u00e9ns na Para\u00edba e trouxe como desfecho a preserva\u00e7\u00e3o das vidas de todos os envolvidos na situa\u00e7\u00e3o. \u201cA princ\u00edpio, quando os policiais da 3\u00aa Companhia Independente foram chamados, a informa\u00e7\u00e3o era de que se tratava de um senhor que estava em crise, mas ao chegar l\u00e1, a guarni\u00e7\u00e3o percebeu que era um homem de 45 anos com tr\u00eas facas e um fac\u00e3o, no primeiro andar de uma casa, amea\u00e7ando jogar os dois filhos da varanda e depois se matar. Foi feita a conten\u00e7\u00e3o e fomos chamados, iniciando as negocia\u00e7\u00f5es, que duraram quase 20 horas\u201d, detalhou.<\/p>\n\n\n\n<p>O capit\u00e3o contou que, na madrugada de hoje, o pai parou dedar sinais e depois foi ouvido um barulho de uma corda. \u201cNeste momento, ao amanhecer, fizemos a interven\u00e7\u00e3o na casa, resgatamos as crian\u00e7as e evitamos que o pai tirasse a pr\u00f3pria vida, garantindo a preserva\u00e7\u00e3o da vida de todos os envolvidos\u201d, disse.<\/p>\n\n\n\n<p>Durante as negocia\u00e7\u00f5es, os pr\u00f3prios integrantes da Pol\u00edcia Militar foram repassando alimentos para as crian\u00e7as, evitando que elas ficassem mais debilitadas, j\u00e1 que o ambiente onde elas moravam com o pai, estava com apar\u00eancia insalubre. <\/p>\n\n\n\n<p>Os meninos e o pai foram levados para o hospital de Queimadas para receber atendimento. As crian\u00e7as teriam sido abandonadas pela m\u00e3e h\u00e1 um tempo e deixadas com o pai. Elas ser\u00e3o encaminhadas ao Conselho Tutelar e o pai apresentado na delegacia de Pol\u00edcia Civil, na cidade.<\/p>\n","protected":false},"excerpt":{"rendered":"<p>A Pol\u00edcia Militar resgatou duas crian\u00e7as, de 4 e 5 anos, que foram mantidas ref\u00e9ns pelo pr\u00f3prio pai, por quase<\/p>\n","protected":false},"author":12,"featured_media":899617,"comment_status":"closed","ping_status":"closed","sticky":false,"template":"","format":"standard","meta":{"_exactmetrics_skip_tracking":false,"_exactmetrics_sitenote_active":false,"_exactmetrics_sitenote_note":"","_exactmetrics_sitenote_category":0,"footnotes":""},"categories":[4],"tags":[],"yoast_head":"<!-- This site is optimized with the Yoast SEO plugin v22.0 - https:\/\/yoast.com\/wordpress\/plugins\/seo\/ -->\n<title>Pol\u00edcia Militar resgata crian\u00e7as que foram mantidas ref\u00e9ns pelo pr\u00f3prio pai em Queimadas - Pol\u00edcia Militar da Para\u00edba<\/title>\n<meta name=\"robots\" content=\"index, follow, max-snippet:-1, max-image-preview:large, max-video-preview:-1\" \/>\n<link rel=\"canonical\" href=\"https:\/\/www.pm.pb.gov.br\/portal\/2019\/01\/02\/policia-resgata-criancas-que-foram-mantidas-refens-pelo-proprio-pai-em-queimadas\/\" \/>\n<meta property=\"og:locale\" content=\"pt_BR\" \/>\n<meta property=\"og:type\" content=\"article\" \/>\n<meta property=\"og:title\" content=\"Pol\u00edcia Militar resgata crian\u00e7as que foram mantidas ref\u00e9ns pelo pr\u00f3prio pai em Queimadas - Pol\u00edcia Militar da Para\u00edba\" \/>\n<meta property=\"og:description\" content=\"A Pol\u00edcia Militar resgatou duas crian\u00e7as, de 4 e 5 anos, que foram mantidas ref\u00e9ns pelo pr\u00f3prio pai, por quase\" \/>\n<meta property=\"og:url\" content=\"https:\/\/www.pm.pb.gov.br\/portal\/2019\/01\/02\/policia-resgata-criancas-que-foram-mantidas-refens-pelo-proprio-pai-em-queimadas\/\" \/>\n<meta property=\"og:site_name\" content=\"Pol\u00edcia Militar da Para\u00edba\" \/>\n<meta property=\"article:published_time\" content=\"2019-01-02T13:16:24+00:00\" \/>\n<meta property=\"article:modified_time\" content=\"2019-01-02T13:16:59+00:00\" \/>\n<meta property=\"og:image\" content=\"https:\/\/www.pm.pb.gov.br\/portal\/wp-content\/uploads\/2019\/01\/gate.jpg\" \/>\n\t<meta property=\"og:image:width\" content=\"800\" \/>\n\t<meta property=\"og:image:height\" content=\"445\" \/>\n\t<meta property=\"og:image:type\" content=\"image\/jpeg\" \/>\n<meta name=\"author\" content=\"Tarcisio Oliveira\" \/>\n<meta name=\"twitter:card\" content=\"summary_large_image\" \/>\n<meta name=\"twitter:label1\" content=\"Escrito por\" \/>\n\t<meta name=\"twitter:data1\" content=\"Tarcisio Oliveira\" \/>\n\t<meta name=\"twitter:label2\" content=\"Est. tempo de leitura\" \/>\n\t<meta name=\"twitter:data2\" content=\"2 minutos\" \/>\n<script type=\"application\/ld+json\" class=\"yoast-schema-graph\">{\"@context\":\"https:\/\/schema.org\",\"@graph\":[{\"@type\":\"Article\",\"@id\":\"https:\/\/www.pm.pb.gov.br\/portal\/2019\/01\/02\/policia-resgata-criancas-que-foram-mantidas-refens-pelo-proprio-pai-em-queimadas\/#article\",\"isPartOf\":{\"@id\":\"https:\/\/www.pm.pb.gov.br\/portal\/2019\/01\/02\/policia-resgata-criancas-que-foram-mantidas-refens-pelo-proprio-pai-em-queimadas\/\"},\"author\":{\"name\":\"Tarcisio Oliveira\",\"@id\":\"https:\/\/www.pm.pb.gov.br\/portal\/#\/schema\/person\/f84f56dcc78ce4357054da888b8247fd\"},\"headline\":\"Pol\u00edcia Militar resgata crian\u00e7as que foram mantidas ref\u00e9ns pelo pr\u00f3prio pai em Queimadas\",\"datePublished\":\"2019-01-02T13:16:24+00:00\",\"dateModified\":\"2019-01-02T13:16:59+00:00\",\"mainEntityOfPage\":{\"@id\":\"https:\/\/www.pm.pb.gov.br\/portal\/2019\/01\/02\/policia-resgata-criancas-que-foram-mantidas-refens-pelo-proprio-pai-em-queimadas\/\"},\"wordCount\":376,\"publisher\":{\"@id\":\"https:\/\/www.pm.pb.gov.br\/portal\/#organization\"},\"articleSection\":[\"A\u00e7\u00f5es Policiais\"],\"inLanguage\":\"pt-BR\"},{\"@type\":\"WebPage\",\"@id\":\"https:\/\/www.pm.pb.gov.br\/portal\/2019\/01\/02\/policia-resgata-criancas-que-foram-mantidas-refens-pelo-proprio-pai-em-queimadas\/\",\"url\":\"https:\/\/www.pm.pb.gov.br\/portal\/2019\/01\/02\/policia-resgata-criancas-que-foram-mantidas-refens-pelo-proprio-pai-em-queimadas\/\",\"name\":\"Pol\u00edcia Militar resgata crian\u00e7as que foram mantidas ref\u00e9ns pelo pr\u00f3prio pai em Queimadas - Pol\u00edcia Militar da Para\u00edba\",\"isPartOf\":{\"@id\":\"https:\/\/www.pm.pb.gov.br\/portal\/#website\"},\"datePublished\":\"2019-01-02T13:16:24+00:00\",\"dateModified\":\"2019-01-02T13:16:59+00:00\",\"breadcrumb\":{\"@id\":\"https:\/\/www.pm.pb.gov.br\/portal\/2019\/01\/02\/policia-resgata-criancas-que-foram-mantidas-refens-pelo-proprio-pai-em-queimadas\/#breadcrumb\"},\"inLanguage\":\"pt-BR\",\"potentialAction\":[{\"@type\":\"ReadAction\",\"target\":[\"https:\/\/www.pm.pb.gov.br\/portal\/2019\/01\/02\/policia-resgata-criancas-que-foram-mantidas-refens-pelo-proprio-pai-em-queimadas\/\"]}]},{\"@type\":\"BreadcrumbList\",\"@id\":\"https:\/\/www.pm.pb.gov.br\/portal\/2019\/01\/02\/policia-resgata-criancas-que-foram-mantidas-refens-pelo-proprio-pai-em-queimadas\/#breadcrumb\",\"itemListElement\":[{\"@type\":\"ListItem\",\"position\":1,\"name\":\"In\u00edcio\",\"item\":\"https:\/\/www.pm.pb.gov.br\/portal\/\"},{\"@type\":\"ListItem\",\"position\":2,\"name\":\"Pol\u00edcia Militar resgata crian\u00e7as que foram mantidas ref\u00e9ns pelo pr\u00f3prio pai em Queimadas\"}]},{\"@type\":\"WebSite\",\"@id\":\"https:\/\/www.pm.pb.gov.br\/portal\/#website\",\"url\":\"https:\/\/www.pm.pb.gov.br\/portal\/\",\"name\":\"Pol\u00edcia Militar da Para\u00edba\",\"description\":\"\",\"publisher\":{\"@id\":\"https:\/\/www.pm.pb.gov.br\/portal\/#organization\"},\"potentialAction\":[{\"@type\":\"SearchAction\",\"target\":{\"@type\":\"EntryPoint\",\"urlTemplate\":\"https:\/\/www.pm.pb.gov.br\/portal\/?s={search_term_string}\"},\"query-input\":\"required name=search_term_string\"}],\"inLanguage\":\"pt-BR\"},{\"@type\":\"Organization\",\"@id\":\"https:\/\/www.pm.pb.gov.br\/portal\/#organization\",\"name\":\"Pol\u00edcia Militar da Para\u00edba\",\"url\":\"https:\/\/www.pm.pb.gov.br\/portal\/\",\"logo\":{\"@type\":\"ImageObject\",\"inLanguage\":\"pt-BR\",\"@id\":\"https:\/\/www.pm.pb.gov.br\/portal\/#\/schema\/logo\/image\/\",\"url\":\"https:\/\/www.pm.pb.gov.br\/portal\/wp-content\/uploads\/2025\/03\/cropped-logo-site-mag2-1.png\",\"contentUrl\":\"https:\/\/www.pm.pb.gov.br\/portal\/wp-content\/uploads\/2025\/03\/cropped-logo-site-mag2-1.png\",\"width\":320,\"height\":90,\"caption\":\"Pol\u00edcia Militar da Para\u00edba\"},\"image\":{\"@id\":\"https:\/\/www.pm.pb.gov.br\/portal\/#\/schema\/logo\/image\/\"}},{\"@type\":\"Person\",\"@id\":\"https:\/\/www.pm.pb.gov.br\/portal\/#\/schema\/person\/f84f56dcc78ce4357054da888b8247fd\",\"name\":\"Tarcisio Oliveira\",\"image\":{\"@type\":\"ImageObject\",\"inLanguage\":\"pt-BR\",\"@id\":\"https:\/\/www.pm.pb.gov.br\/portal\/#\/schema\/person\/image\/\",\"url\":\"https:\/\/secure.gravatar.com\/avatar\/72917b630b69d31cd0297507f34bac97?s=96&d=mm&r=g\",\"contentUrl\":\"https:\/\/secure.gravatar.com\/avatar\/72917b630b69d31cd0297507f34bac97?s=96&d=mm&r=g\",\"caption\":\"Tarcisio Oliveira\"},\"url\":\"https:\/\/www.pm.pb.gov.br\/portal\/author\/tarcisio\/\"}]}<\/script>\n<!-- \/ Yoast SEO plugin. -->","yoast_head_json":{"title":"Pol\u00edcia Militar resgata crian\u00e7as que foram mantidas ref\u00e9ns pelo pr\u00f3prio pai em Queimadas - Pol\u00edcia Militar da Para\u00edba","robots":{"index":"index","follow":"follow","max-snippet":"max-snippet:-1","max-image-preview":"max-image-preview:large","max-video-preview":"max-video-preview:-1"},"canonical":"https:\/\/www.pm.pb.gov.br\/portal\/2019\/01\/02\/policia-resgata-criancas-que-foram-mantidas-refens-pelo-proprio-pai-em-queimadas\/","og_locale":"pt_BR","og_type":"article","og_title":"Pol\u00edcia Militar resgata crian\u00e7as que foram mantidas ref\u00e9ns pelo pr\u00f3prio pai em Queimadas - Pol\u00edcia Militar da Para\u00edba","og_description":"A Pol\u00edcia Militar resgatou duas crian\u00e7as, de 4 e 5 anos, que foram mantidas ref\u00e9ns pelo pr\u00f3prio pai, por quase","og_url":"https:\/\/www.pm.pb.gov.br\/portal\/2019\/01\/02\/policia-resgata-criancas-que-foram-mantidas-refens-pelo-proprio-pai-em-queimadas\/","og_site_name":"Pol\u00edcia Militar da Para\u00edba","article_published_time":"2019-01-02T13:16:24+00:00","article_modified_time":"2019-01-02T13:16:59+00:00","og_image":[{"width":800,"height":445,"url":"https:\/\/www.pm.pb.gov.br\/portal\/wp-content\/uploads\/2019\/01\/gate.jpg","type":"image\/jpeg"}],"author":"Tarcisio Oliveira","twitter_card":"summary_large_image","twitter_misc":{"Escrito por":"Tarcisio Oliveira","Est. tempo de leitura":"2 minutos"},"schema":{"@context":"https:\/\/schema.org","@graph":[{"@type":"Article","@id":"https:\/\/www.pm.pb.gov.br\/portal\/2019\/01\/02\/policia-resgata-criancas-que-foram-mantidas-refens-pelo-proprio-pai-em-queimadas\/#article","isPartOf":{"@id":"https:\/\/www.pm.pb.gov.br\/portal\/2019\/01\/02\/policia-resgata-criancas-que-foram-mantidas-refens-pelo-proprio-pai-em-queimadas\/"},"author":{"name":"Tarcisio Oliveira","@id":"https:\/\/www.pm.pb.gov.br\/portal\/#\/schema\/person\/f84f56dcc78ce4357054da888b8247fd"},"headline":"Pol\u00edcia Militar resgata crian\u00e7as que foram mantidas ref\u00e9ns pelo pr\u00f3prio pai em Queimadas","datePublished":"2019-01-02T13:16:24+00:00","dateModified":"2019-01-02T13:16:59+00:00","mainEntityOfPage":{"@id":"https:\/\/www.pm.pb.gov.br\/portal\/2019\/01\/02\/policia-resgata-criancas-que-foram-mantidas-refens-pelo-proprio-pai-em-queimadas\/"},"wordCount":376,"publisher":{"@id":"https:\/\/www.pm.pb.gov.br\/portal\/#organization"},"articleSection":["A\u00e7\u00f5es Policiais"],"inLanguage":"pt-BR"},{"@type":"WebPage","@id":"https:\/\/www.pm.pb.gov.br\/portal\/2019\/01\/02\/policia-resgata-criancas-que-foram-mantidas-refens-pelo-proprio-pai-em-queimadas\/","url":"https:\/\/www.pm.pb.gov.br\/portal\/2019\/01\/02\/policia-resgata-criancas-que-foram-mantidas-refens-pelo-proprio-pai-em-queimadas\/","name":"Pol\u00edcia Militar resgata crian\u00e7as que foram mantidas ref\u00e9ns pelo pr\u00f3prio pai em Queimadas - Pol\u00edcia Militar da Para\u00edba","isPartOf":{"@id":"https:\/\/www.pm.pb.gov.br\/portal\/#website"},"datePublished":"2019-01-02T13:16:24+00:00","dateModified":"2019-01-02T13:16:59+00:00","breadcrumb":{"@id":"https:\/\/www.pm.pb.gov.br\/portal\/2019\/01\/02\/policia-resgata-criancas-que-foram-mantidas-refens-pelo-proprio-pai-em-queimadas\/#breadcrumb"},"inLanguage":"pt-BR","potentialAction":[{"@type":"ReadAction","target":["https:\/\/www.pm.pb.gov.br\/portal\/2019\/01\/02\/policia-resgata-criancas-que-foram-mantidas-refens-pelo-proprio-pai-em-queimadas\/"]}]},{"@type":"BreadcrumbList","@id":"https:\/\/www.pm.pb.gov.br\/portal\/2019\/01\/02\/policia-resgata-criancas-que-foram-mantidas-refens-pelo-proprio-pai-em-queimadas\/#breadcrumb","itemListElement":[{"@type":"ListItem","position":1,"name":"In\u00edcio","item":"https:\/\/www.pm.pb.gov.br\/portal\/"},{"@type":"ListItem","position":2,"name":"Pol\u00edcia Militar resgata crian\u00e7as que foram mantidas ref\u00e9ns pelo pr\u00f3prio pai em Queimadas"}]},{"@type":"WebSite","@id":"https:\/\/www.pm.pb.gov.br\/portal\/#website","url":"https:\/\/www.pm.pb.gov.br\/portal\/","name":"Pol\u00edcia Militar da Para\u00edba","description":"","publisher":{"@id":"https:\/\/www.pm.pb.gov.br\/portal\/#organization"},"potentialAction":[{"@type":"SearchAction","target":{"@type":"EntryPoint","urlTemplate":"https:\/\/www.pm.pb.gov.br\/portal\/?s={search_term_string}"},"query-input":"required name=search_term_string"}],"inLanguage":"pt-BR"},{"@type":"Organization","@id":"https:\/\/www.pm.pb.gov.br\/portal\/#organization","name":"Pol\u00edcia Militar da Para\u00edba","url":"https:\/\/www.pm.pb.gov.br\/portal\/","logo":{"@type":"ImageObject","inLanguage":"pt-BR","@id":"https:\/\/www.pm.pb.gov.br\/portal\/#\/schema\/logo\/image\/","url":"https:\/\/www.pm.pb.gov.br\/portal\/wp-content\/uploads\/2025\/03\/cropped-logo-site-mag2-1.png","contentUrl":"https:\/\/www.pm.pb.gov.br\/portal\/wp-content\/uploads\/2025\/03\/cropped-logo-site-mag2-1.png","width":320,"height":90,"caption":"Pol\u00edcia Militar da Para\u00edba"},"image":{"@id":"https:\/\/www.pm.pb.gov.br\/portal\/#\/schema\/logo\/image\/"}},{"@type":"Person","@id":"https:\/\/www.pm.pb.gov.br\/portal\/#\/schema\/person\/f84f56dcc78ce4357054da888b8247fd","name":"Tarcisio Oliveira","image":{"@type":"ImageObject","inLanguage":"pt-BR","@id":"https:\/\/www.pm.pb.gov.br\/portal\/#\/schema\/person\/image\/","url":"https:\/\/secure.gravatar.com\/avatar\/72917b630b69d31cd0297507f34bac97?s=96&d=mm&r=g","contentUrl":"https:\/\/secure.gravatar.com\/avatar\/72917b630b69d31cd0297507f34bac97?s=96&d=mm&r=g","caption":"Tarcisio Oliveira"},"url":"https:\/\/www.pm.pb.gov.br\/portal\/author\/tarcisio\/"}]}},"_links":{"self":[{"href":"https:\/\/www.pm.pb.gov.br\/portal\/wp-json\/wp\/v2\/posts\/899614"}],"collection":[{"href":"https:\/\/www.pm.pb.gov.br\/portal\/wp-json\/wp\/v2\/posts"}],"about":[{"href":"https:\/\/www.pm.pb.gov.br\/portal\/wp-json\/wp\/v2\/types\/post"}],"author":[{"embeddable":true,"href":"https:\/\/www.pm.pb.gov.br\/portal\/wp-json\/wp\/v2\/users\/12"}],"replies":[{"embeddable":true,"href":"https:\/\/www.pm.pb.gov.br\/portal\/wp-json\/wp\/v2\/comments?post=899614"}],"version-history":[{"count":4,"href":"https:\/\/www.pm.pb.gov.br\/portal\/wp-json\/wp\/v2\/posts\/899614\/revisions"}],"predecessor-version":[{"id":899619,"href":"https:\/\/www.pm.pb.gov.br\/portal\/wp-json\/wp\/v2\/posts\/899614\/revisions\/899619"}],"wp:featuredmedia":[{"embeddable":true,"href":"https:\/\/www.pm.pb.gov.br\/portal\/wp-json\/wp\/v2\/media\/899617"}],"wp:attachment":[{"href":"https:\/\/www.pm.pb.gov.br\/portal\/wp-json\/wp\/v2\/media?parent=899614"}],"wp:term":[{"taxonomy":"category","embeddable":true,"href":"https:\/\/www.pm.pb.gov.br\/portal\/wp-json\/wp\/v2\/categories?post=899614"},{"taxonomy":"post_tag","embeddable":true,"href":"https:\/\/www.pm.pb.gov.br\/portal\/wp-json\/wp\/v2\/tags?post=899614"}],"curies":[{"name":"wp","href":"https:\/\/api.w.org\/{rel}","templated":true}]}}