{"id":899396,"date":"2018-11-29T09:08:42","date_gmt":"2018-11-29T12:08:42","guid":{"rendered":"http:\/\/www.pm.pb.gov.br\/portal\/?p=899396"},"modified":"2018-11-29T09:08:42","modified_gmt":"2018-11-29T12:08:42","slug":"policia-militar-prende-dupla-suspeita-de-homicidio-de-secretario-no-cariri","status":"publish","type":"post","link":"https:\/\/www.pm.pb.gov.br\/portal\/2018\/11\/29\/policia-militar-prende-dupla-suspeita-de-homicidio-de-secretario-no-cariri\/","title":{"rendered":"Pol\u00edcia Militar prende dupla suspeita de homic\u00eddio de secret\u00e1rio no Cariri"},"content":{"rendered":"<p style=\"text-align: justify;\">Em menos de oito horas, a Pol\u00edcia Militar prendeu os dois suspeitos de terem assassinado um secret\u00e1rio municipal em Pariri, cidade do Cariri paraibano. O crime aconteceu por volta das 10h, dessa quarta-feira (28), e teria sido realizado por uma dupla em uma motocicleta que efetuou os disparos. Imediatamente, a PM come\u00e7ou as dilig\u00eancias, localizando um dos suspeitos no fim da tarde.<\/p>\n<p style=\"text-align: justify;\">A pris\u00e3o do primeiro indiv\u00edduo, apontado como um dos autores do homic\u00eddio, foi realizada pelos policiais do 11\u00ba Batalh\u00e3o e do Grupamento Especializado de Opera\u00e7\u00f5es em \u00c1rea de Caatinga (GEOsAC). O suspeito foi rastreado at\u00e9 um s\u00edtio no munic\u00edpio de Santo Andr\u00e9, e estava escondido na vegeta\u00e7\u00e3o.<\/p>\n<p style=\"text-align: justify;\">No local, que possivelmente servia como ponto de apoio aos infratores, a PM encontrou uma moto e um carro, al\u00e9m de alimenta\u00e7\u00e3o, documentos pessoais, cart\u00f5es de banco e celulares (fotos abaixo). Outras duas pessoas que estavam na regi\u00e3o, sendo uma delas tamb\u00e9m suspeita do assassinato, foram detidas. Na casa desse segundo suspeito, os policiais apreenderam uma espingarda calibre 12 e muni\u00e7\u00f5es.<\/p>\n<p style=\"text-align: justify;\">Todo o material e os suspeitos foram encaminhados para a delegacia de Serra Branca.<\/p>\n<p>&nbsp;<\/p>\n<p><img loading=\"lazy\" decoding=\"async\" class=\"wp-image-899398 aligncenter\" src=\"http:\/\/www.pm.pb.gov.br\/portal\/wp-content\/uploads\/2018\/11\/WhatsApp-Image-2018-11-29-at-10.00.43-792x445.jpeg\" alt=\"\" width=\"566\" height=\"319\" srcset=\"https:\/\/www.pm.pb.gov.br\/portal\/wp-content\/uploads\/2018\/11\/WhatsApp-Image-2018-11-29-at-10.00.43-792x445.jpeg 792w, https:\/\/www.pm.pb.gov.br\/portal\/wp-content\/uploads\/2018\/11\/WhatsApp-Image-2018-11-29-at-10.00.43-768x431.jpeg 768w, https:\/\/www.pm.pb.gov.br\/portal\/wp-content\/uploads\/2018\/11\/WhatsApp-Image-2018-11-29-at-10.00.43-1015x570.jpeg 1015w, https:\/\/www.pm.pb.gov.br\/portal\/wp-content\/uploads\/2018\/11\/WhatsApp-Image-2018-11-29-at-10.00.43.jpeg 1280w\" sizes=\"(max-width: 566px) 100vw, 566px\" \/><\/p>\n<p>&nbsp;<\/p>\n<p><img loading=\"lazy\" decoding=\"async\" class=\"wp-image-899399 aligncenter\" src=\"http:\/\/www.pm.pb.gov.br\/portal\/wp-content\/uploads\/2018\/11\/WhatsApp-Image-2018-11-29-at-10.00.44-792x445.jpeg\" alt=\"\" width=\"577\" height=\"324\" srcset=\"https:\/\/www.pm.pb.gov.br\/portal\/wp-content\/uploads\/2018\/11\/WhatsApp-Image-2018-11-29-at-10.00.44-792x445.jpeg 792w, https:\/\/www.pm.pb.gov.br\/portal\/wp-content\/uploads\/2018\/11\/WhatsApp-Image-2018-11-29-at-10.00.44-768x431.jpeg 768w, https:\/\/www.pm.pb.gov.br\/portal\/wp-content\/uploads\/2018\/11\/WhatsApp-Image-2018-11-29-at-10.00.44-1015x570.jpeg 1015w, https:\/\/www.pm.pb.gov.br\/portal\/wp-content\/uploads\/2018\/11\/WhatsApp-Image-2018-11-29-at-10.00.44.jpeg 1280w\" sizes=\"(max-width: 577px) 100vw, 577px\" \/><\/p>\n<p>&nbsp;<\/p>\n<p>&nbsp;<\/p>\n<p>&nbsp;<\/p>\n","protected":false},"excerpt":{"rendered":"<p>Em menos de oito horas, a Pol\u00edcia Militar prendeu os dois suspeitos de terem assassinado um secret\u00e1rio municipal em Pariri,<\/p>\n","protected":false},"author":12,"featured_media":899397,"comment_status":"closed","ping_status":"closed","sticky":false,"template":"","format":"standard","meta":{"_exactmetrics_skip_tracking":false,"_exactmetrics_sitenote_active":false,"_exactmetrics_sitenote_note":"","_exactmetrics_sitenote_category":0,"footnotes":""},"categories":[4],"tags":[],"yoast_head":"<!-- This site is optimized with the Yoast SEO plugin v22.0 - https:\/\/yoast.com\/wordpress\/plugins\/seo\/ -->\n<title>Pol\u00edcia Militar prende dupla suspeita de homic\u00eddio de secret\u00e1rio no Cariri - Pol\u00edcia Militar da Para\u00edba<\/title>\n<meta name=\"robots\" content=\"index, follow, max-snippet:-1, max-image-preview:large, max-video-preview:-1\" \/>\n<link rel=\"canonical\" href=\"https:\/\/www.pm.pb.gov.br\/portal\/2018\/11\/29\/policia-militar-prende-dupla-suspeita-de-homicidio-de-secretario-no-cariri\/\" \/>\n<meta property=\"og:locale\" content=\"pt_BR\" \/>\n<meta property=\"og:type\" content=\"article\" \/>\n<meta property=\"og:title\" content=\"Pol\u00edcia Militar prende dupla suspeita de homic\u00eddio de secret\u00e1rio no Cariri - Pol\u00edcia Militar da Para\u00edba\" \/>\n<meta property=\"og:description\" content=\"Em menos de oito horas, a Pol\u00edcia Militar prendeu os dois suspeitos de terem assassinado um secret\u00e1rio municipal em Pariri,\" \/>\n<meta property=\"og:url\" content=\"https:\/\/www.pm.pb.gov.br\/portal\/2018\/11\/29\/policia-militar-prende-dupla-suspeita-de-homicidio-de-secretario-no-cariri\/\" \/>\n<meta property=\"og:site_name\" content=\"Pol\u00edcia Militar da Para\u00edba\" \/>\n<meta property=\"article:published_time\" content=\"2018-11-29T12:08:42+00:00\" \/>\n<meta property=\"og:image\" content=\"https:\/\/www.pm.pb.gov.br\/portal\/wp-content\/uploads\/2018\/11\/WhatsApp-Image-2018-11-29-at-10.00.421.jpeg\" \/>\n\t<meta property=\"og:image:width\" content=\"800\" \/>\n\t<meta property=\"og:image:height\" content=\"445\" \/>\n\t<meta property=\"og:image:type\" content=\"image\/jpeg\" \/>\n<meta name=\"author\" content=\"Tarcisio Oliveira\" \/>\n<meta name=\"twitter:card\" content=\"summary_large_image\" \/>\n<meta name=\"twitter:label1\" content=\"Escrito por\" \/>\n\t<meta name=\"twitter:data1\" content=\"Tarcisio Oliveira\" \/>\n\t<meta name=\"twitter:label2\" content=\"Est. tempo de leitura\" \/>\n\t<meta name=\"twitter:data2\" content=\"1 minuto\" \/>\n<script type=\"application\/ld+json\" class=\"yoast-schema-graph\">{\"@context\":\"https:\/\/schema.org\",\"@graph\":[{\"@type\":\"Article\",\"@id\":\"https:\/\/www.pm.pb.gov.br\/portal\/2018\/11\/29\/policia-militar-prende-dupla-suspeita-de-homicidio-de-secretario-no-cariri\/#article\",\"isPartOf\":{\"@id\":\"https:\/\/www.pm.pb.gov.br\/portal\/2018\/11\/29\/policia-militar-prende-dupla-suspeita-de-homicidio-de-secretario-no-cariri\/\"},\"author\":{\"name\":\"Tarcisio Oliveira\",\"@id\":\"https:\/\/www.pm.pb.gov.br\/portal\/#\/schema\/person\/f84f56dcc78ce4357054da888b8247fd\"},\"headline\":\"Pol\u00edcia Militar prende dupla suspeita de homic\u00eddio de secret\u00e1rio no Cariri\",\"datePublished\":\"2018-11-29T12:08:42+00:00\",\"dateModified\":\"2018-11-29T12:08:42+00:00\",\"mainEntityOfPage\":{\"@id\":\"https:\/\/www.pm.pb.gov.br\/portal\/2018\/11\/29\/policia-militar-prende-dupla-suspeita-de-homicidio-de-secretario-no-cariri\/\"},\"wordCount\":218,\"publisher\":{\"@id\":\"https:\/\/www.pm.pb.gov.br\/portal\/#organization\"},\"articleSection\":[\"A\u00e7\u00f5es Policiais\"],\"inLanguage\":\"pt-BR\"},{\"@type\":\"WebPage\",\"@id\":\"https:\/\/www.pm.pb.gov.br\/portal\/2018\/11\/29\/policia-militar-prende-dupla-suspeita-de-homicidio-de-secretario-no-cariri\/\",\"url\":\"https:\/\/www.pm.pb.gov.br\/portal\/2018\/11\/29\/policia-militar-prende-dupla-suspeita-de-homicidio-de-secretario-no-cariri\/\",\"name\":\"Pol\u00edcia Militar prende dupla suspeita de homic\u00eddio de secret\u00e1rio no Cariri - Pol\u00edcia Militar da Para\u00edba\",\"isPartOf\":{\"@id\":\"https:\/\/www.pm.pb.gov.br\/portal\/#website\"},\"datePublished\":\"2018-11-29T12:08:42+00:00\",\"dateModified\":\"2018-11-29T12:08:42+00:00\",\"breadcrumb\":{\"@id\":\"https:\/\/www.pm.pb.gov.br\/portal\/2018\/11\/29\/policia-militar-prende-dupla-suspeita-de-homicidio-de-secretario-no-cariri\/#breadcrumb\"},\"inLanguage\":\"pt-BR\",\"potentialAction\":[{\"@type\":\"ReadAction\",\"target\":[\"https:\/\/www.pm.pb.gov.br\/portal\/2018\/11\/29\/policia-militar-prende-dupla-suspeita-de-homicidio-de-secretario-no-cariri\/\"]}]},{\"@type\":\"BreadcrumbList\",\"@id\":\"https:\/\/www.pm.pb.gov.br\/portal\/2018\/11\/29\/policia-militar-prende-dupla-suspeita-de-homicidio-de-secretario-no-cariri\/#breadcrumb\",\"itemListElement\":[{\"@type\":\"ListItem\",\"position\":1,\"name\":\"In\u00edcio\",\"item\":\"https:\/\/www.pm.pb.gov.br\/portal\/\"},{\"@type\":\"ListItem\",\"position\":2,\"name\":\"Pol\u00edcia Militar prende dupla suspeita de homic\u00eddio de secret\u00e1rio no Cariri\"}]},{\"@type\":\"WebSite\",\"@id\":\"https:\/\/www.pm.pb.gov.br\/portal\/#website\",\"url\":\"https:\/\/www.pm.pb.gov.br\/portal\/\",\"name\":\"Pol\u00edcia Militar da Para\u00edba\",\"description\":\"\",\"publisher\":{\"@id\":\"https:\/\/www.pm.pb.gov.br\/portal\/#organization\"},\"potentialAction\":[{\"@type\":\"SearchAction\",\"target\":{\"@type\":\"EntryPoint\",\"urlTemplate\":\"https:\/\/www.pm.pb.gov.br\/portal\/?s={search_term_string}\"},\"query-input\":\"required name=search_term_string\"}],\"inLanguage\":\"pt-BR\"},{\"@type\":\"Organization\",\"@id\":\"https:\/\/www.pm.pb.gov.br\/portal\/#organization\",\"name\":\"Pol\u00edcia Militar da Para\u00edba\",\"url\":\"https:\/\/www.pm.pb.gov.br\/portal\/\",\"logo\":{\"@type\":\"ImageObject\",\"inLanguage\":\"pt-BR\",\"@id\":\"https:\/\/www.pm.pb.gov.br\/portal\/#\/schema\/logo\/image\/\",\"url\":\"https:\/\/www.pm.pb.gov.br\/portal\/wp-content\/uploads\/2025\/03\/cropped-logo-site-mag2-1.png\",\"contentUrl\":\"https:\/\/www.pm.pb.gov.br\/portal\/wp-content\/uploads\/2025\/03\/cropped-logo-site-mag2-1.png\",\"width\":320,\"height\":90,\"caption\":\"Pol\u00edcia Militar da Para\u00edba\"},\"image\":{\"@id\":\"https:\/\/www.pm.pb.gov.br\/portal\/#\/schema\/logo\/image\/\"}},{\"@type\":\"Person\",\"@id\":\"https:\/\/www.pm.pb.gov.br\/portal\/#\/schema\/person\/f84f56dcc78ce4357054da888b8247fd\",\"name\":\"Tarcisio Oliveira\",\"image\":{\"@type\":\"ImageObject\",\"inLanguage\":\"pt-BR\",\"@id\":\"https:\/\/www.pm.pb.gov.br\/portal\/#\/schema\/person\/image\/\",\"url\":\"https:\/\/secure.gravatar.com\/avatar\/72917b630b69d31cd0297507f34bac97?s=96&d=mm&r=g\",\"contentUrl\":\"https:\/\/secure.gravatar.com\/avatar\/72917b630b69d31cd0297507f34bac97?s=96&d=mm&r=g\",\"caption\":\"Tarcisio Oliveira\"},\"url\":\"https:\/\/www.pm.pb.gov.br\/portal\/author\/tarcisio\/\"}]}<\/script>\n<!-- \/ Yoast SEO plugin. -->","yoast_head_json":{"title":"Pol\u00edcia Militar prende dupla suspeita de homic\u00eddio de secret\u00e1rio no Cariri - Pol\u00edcia Militar da Para\u00edba","robots":{"index":"index","follow":"follow","max-snippet":"max-snippet:-1","max-image-preview":"max-image-preview:large","max-video-preview":"max-video-preview:-1"},"canonical":"https:\/\/www.pm.pb.gov.br\/portal\/2018\/11\/29\/policia-militar-prende-dupla-suspeita-de-homicidio-de-secretario-no-cariri\/","og_locale":"pt_BR","og_type":"article","og_title":"Pol\u00edcia Militar prende dupla suspeita de homic\u00eddio de secret\u00e1rio no Cariri - Pol\u00edcia Militar da Para\u00edba","og_description":"Em menos de oito horas, a Pol\u00edcia Militar prendeu os dois suspeitos de terem assassinado um secret\u00e1rio municipal em Pariri,","og_url":"https:\/\/www.pm.pb.gov.br\/portal\/2018\/11\/29\/policia-militar-prende-dupla-suspeita-de-homicidio-de-secretario-no-cariri\/","og_site_name":"Pol\u00edcia Militar da Para\u00edba","article_published_time":"2018-11-29T12:08:42+00:00","og_image":[{"width":800,"height":445,"url":"https:\/\/www.pm.pb.gov.br\/portal\/wp-content\/uploads\/2018\/11\/WhatsApp-Image-2018-11-29-at-10.00.421.jpeg","type":"image\/jpeg"}],"author":"Tarcisio Oliveira","twitter_card":"summary_large_image","twitter_misc":{"Escrito por":"Tarcisio Oliveira","Est. tempo de leitura":"1 minuto"},"schema":{"@context":"https:\/\/schema.org","@graph":[{"@type":"Article","@id":"https:\/\/www.pm.pb.gov.br\/portal\/2018\/11\/29\/policia-militar-prende-dupla-suspeita-de-homicidio-de-secretario-no-cariri\/#article","isPartOf":{"@id":"https:\/\/www.pm.pb.gov.br\/portal\/2018\/11\/29\/policia-militar-prende-dupla-suspeita-de-homicidio-de-secretario-no-cariri\/"},"author":{"name":"Tarcisio Oliveira","@id":"https:\/\/www.pm.pb.gov.br\/portal\/#\/schema\/person\/f84f56dcc78ce4357054da888b8247fd"},"headline":"Pol\u00edcia Militar prende dupla suspeita de homic\u00eddio de secret\u00e1rio no Cariri","datePublished":"2018-11-29T12:08:42+00:00","dateModified":"2018-11-29T12:08:42+00:00","mainEntityOfPage":{"@id":"https:\/\/www.pm.pb.gov.br\/portal\/2018\/11\/29\/policia-militar-prende-dupla-suspeita-de-homicidio-de-secretario-no-cariri\/"},"wordCount":218,"publisher":{"@id":"https:\/\/www.pm.pb.gov.br\/portal\/#organization"},"articleSection":["A\u00e7\u00f5es Policiais"],"inLanguage":"pt-BR"},{"@type":"WebPage","@id":"https:\/\/www.pm.pb.gov.br\/portal\/2018\/11\/29\/policia-militar-prende-dupla-suspeita-de-homicidio-de-secretario-no-cariri\/","url":"https:\/\/www.pm.pb.gov.br\/portal\/2018\/11\/29\/policia-militar-prende-dupla-suspeita-de-homicidio-de-secretario-no-cariri\/","name":"Pol\u00edcia Militar prende dupla suspeita de homic\u00eddio de secret\u00e1rio no Cariri - Pol\u00edcia Militar da Para\u00edba","isPartOf":{"@id":"https:\/\/www.pm.pb.gov.br\/portal\/#website"},"datePublished":"2018-11-29T12:08:42+00:00","dateModified":"2018-11-29T12:08:42+00:00","breadcrumb":{"@id":"https:\/\/www.pm.pb.gov.br\/portal\/2018\/11\/29\/policia-militar-prende-dupla-suspeita-de-homicidio-de-secretario-no-cariri\/#breadcrumb"},"inLanguage":"pt-BR","potentialAction":[{"@type":"ReadAction","target":["https:\/\/www.pm.pb.gov.br\/portal\/2018\/11\/29\/policia-militar-prende-dupla-suspeita-de-homicidio-de-secretario-no-cariri\/"]}]},{"@type":"BreadcrumbList","@id":"https:\/\/www.pm.pb.gov.br\/portal\/2018\/11\/29\/policia-militar-prende-dupla-suspeita-de-homicidio-de-secretario-no-cariri\/#breadcrumb","itemListElement":[{"@type":"ListItem","position":1,"name":"In\u00edcio","item":"https:\/\/www.pm.pb.gov.br\/portal\/"},{"@type":"ListItem","position":2,"name":"Pol\u00edcia Militar prende dupla suspeita de homic\u00eddio de secret\u00e1rio no Cariri"}]},{"@type":"WebSite","@id":"https:\/\/www.pm.pb.gov.br\/portal\/#website","url":"https:\/\/www.pm.pb.gov.br\/portal\/","name":"Pol\u00edcia Militar da Para\u00edba","description":"","publisher":{"@id":"https:\/\/www.pm.pb.gov.br\/portal\/#organization"},"potentialAction":[{"@type":"SearchAction","target":{"@type":"EntryPoint","urlTemplate":"https:\/\/www.pm.pb.gov.br\/portal\/?s={search_term_string}"},"query-input":"required name=search_term_string"}],"inLanguage":"pt-BR"},{"@type":"Organization","@id":"https:\/\/www.pm.pb.gov.br\/portal\/#organization","name":"Pol\u00edcia Militar da Para\u00edba","url":"https:\/\/www.pm.pb.gov.br\/portal\/","logo":{"@type":"ImageObject","inLanguage":"pt-BR","@id":"https:\/\/www.pm.pb.gov.br\/portal\/#\/schema\/logo\/image\/","url":"https:\/\/www.pm.pb.gov.br\/portal\/wp-content\/uploads\/2025\/03\/cropped-logo-site-mag2-1.png","contentUrl":"https:\/\/www.pm.pb.gov.br\/portal\/wp-content\/uploads\/2025\/03\/cropped-logo-site-mag2-1.png","width":320,"height":90,"caption":"Pol\u00edcia Militar da Para\u00edba"},"image":{"@id":"https:\/\/www.pm.pb.gov.br\/portal\/#\/schema\/logo\/image\/"}},{"@type":"Person","@id":"https:\/\/www.pm.pb.gov.br\/portal\/#\/schema\/person\/f84f56dcc78ce4357054da888b8247fd","name":"Tarcisio Oliveira","image":{"@type":"ImageObject","inLanguage":"pt-BR","@id":"https:\/\/www.pm.pb.gov.br\/portal\/#\/schema\/person\/image\/","url":"https:\/\/secure.gravatar.com\/avatar\/72917b630b69d31cd0297507f34bac97?s=96&d=mm&r=g","contentUrl":"https:\/\/secure.gravatar.com\/avatar\/72917b630b69d31cd0297507f34bac97?s=96&d=mm&r=g","caption":"Tarcisio Oliveira"},"url":"https:\/\/www.pm.pb.gov.br\/portal\/author\/tarcisio\/"}]}},"_links":{"self":[{"href":"https:\/\/www.pm.pb.gov.br\/portal\/wp-json\/wp\/v2\/posts\/899396"}],"collection":[{"href":"https:\/\/www.pm.pb.gov.br\/portal\/wp-json\/wp\/v2\/posts"}],"about":[{"href":"https:\/\/www.pm.pb.gov.br\/portal\/wp-json\/wp\/v2\/types\/post"}],"author":[{"embeddable":true,"href":"https:\/\/www.pm.pb.gov.br\/portal\/wp-json\/wp\/v2\/users\/12"}],"replies":[{"embeddable":true,"href":"https:\/\/www.pm.pb.gov.br\/portal\/wp-json\/wp\/v2\/comments?post=899396"}],"version-history":[{"count":1,"href":"https:\/\/www.pm.pb.gov.br\/portal\/wp-json\/wp\/v2\/posts\/899396\/revisions"}],"predecessor-version":[{"id":899400,"href":"https:\/\/www.pm.pb.gov.br\/portal\/wp-json\/wp\/v2\/posts\/899396\/revisions\/899400"}],"wp:featuredmedia":[{"embeddable":true,"href":"https:\/\/www.pm.pb.gov.br\/portal\/wp-json\/wp\/v2\/media\/899397"}],"wp:attachment":[{"href":"https:\/\/www.pm.pb.gov.br\/portal\/wp-json\/wp\/v2\/media?parent=899396"}],"wp:term":[{"taxonomy":"category","embeddable":true,"href":"https:\/\/www.pm.pb.gov.br\/portal\/wp-json\/wp\/v2\/categories?post=899396"},{"taxonomy":"post_tag","embeddable":true,"href":"https:\/\/www.pm.pb.gov.br\/portal\/wp-json\/wp\/v2\/tags?post=899396"}],"curies":[{"name":"wp","href":"https:\/\/api.w.org\/{rel}","templated":true}]}}