{"id":899382,"date":"2018-11-26T17:42:40","date_gmt":"2018-11-26T20:42:40","guid":{"rendered":"http:\/\/www.pm.pb.gov.br\/portal\/?p=899382"},"modified":"2018-11-26T17:42:40","modified_gmt":"2018-11-26T20:42:40","slug":"policia-militar-prende-foragido-do-rio-grande-do-norte-suspeito-de-comandar-grupo-criminoso","status":"publish","type":"post","link":"https:\/\/www.pm.pb.gov.br\/portal\/2018\/11\/26\/policia-militar-prende-foragido-do-rio-grande-do-norte-suspeito-de-comandar-grupo-criminoso\/","title":{"rendered":"Pol\u00edcia Militar prende foragido do Rio Grande do Norte suspeito de comandar grupo criminoso"},"content":{"rendered":"<p style=\"text-align: justify;\">A Pol\u00edcia Militar prendeu, na tarde do \u00faltimo domingo (25), um foragido do estado do Rio Grande do Norte, apontado como sendo l\u00edder de um grupo criminoso. Durante a a\u00e7\u00e3o de cumprimento de mandado de pris\u00e3o em Jo\u00e3o Pessoa, o acusado, de 37 anos de idade, estava com documentos falsos. Uma arma de fogo e um punhal tamb\u00e9m foram apreendidos.<\/p>\n<p style=\"text-align: justify;\">A captura do acusado foi realizada pelos policiais da Companhia de Choque do Batalh\u00e3o de Opera\u00e7\u00f5es Especiais (Bope). \u201cO foragido foi localizado no bairro do Castelo Branco, nas proximidades do Hospital Universit\u00e1rio. Nas dilig\u00eancias, ainda apreendemos na casa dele um rev\u00f3lver calibre 38 e muni\u00e7\u00f5es\u201d, disse o capit\u00e3o Guilherme Herculano.<\/p>\n<p style=\"text-align: justify;\">O foragido foi encaminhado para a Central de Flagrantes, com os documentos e a armas apreendidas.<\/p>\n<p style=\"text-align: justify;\"><strong>Dados \u2013<\/strong> Da \u00faltima sexta-feira at\u00e9 as 23h59 desse domingo, a Pol\u00edcia Militar cumpriu outros 10 mandados de pris\u00e3o contra acusados que estavam sendo procurados pela Justi\u00e7a, e apreendeu 37 armas de fogo em diversas ocorr\u00eancias e a\u00e7\u00f5es preventivas.<\/p>\n","protected":false},"excerpt":{"rendered":"<p>A Pol\u00edcia Militar prendeu, na tarde do \u00faltimo domingo (25), um foragido do estado do Rio Grande do Norte, apontado<\/p>\n","protected":false},"author":15,"featured_media":899383,"comment_status":"closed","ping_status":"closed","sticky":false,"template":"","format":"standard","meta":{"_exactmetrics_skip_tracking":false,"_exactmetrics_sitenote_active":false,"_exactmetrics_sitenote_note":"","_exactmetrics_sitenote_category":0,"footnotes":""},"categories":[4],"tags":[],"yoast_head":"<!-- This site is optimized with the Yoast SEO plugin v22.0 - https:\/\/yoast.com\/wordpress\/plugins\/seo\/ -->\n<title>Pol\u00edcia Militar prende foragido do Rio Grande do Norte suspeito de comandar grupo criminoso - Pol\u00edcia Militar da Para\u00edba<\/title>\n<meta name=\"robots\" content=\"index, follow, max-snippet:-1, max-image-preview:large, max-video-preview:-1\" \/>\n<link rel=\"canonical\" href=\"https:\/\/www.pm.pb.gov.br\/portal\/2018\/11\/26\/policia-militar-prende-foragido-do-rio-grande-do-norte-suspeito-de-comandar-grupo-criminoso\/\" \/>\n<meta property=\"og:locale\" content=\"pt_BR\" \/>\n<meta property=\"og:type\" content=\"article\" \/>\n<meta property=\"og:title\" content=\"Pol\u00edcia Militar prende foragido do Rio Grande do Norte suspeito de comandar grupo criminoso - Pol\u00edcia Militar da Para\u00edba\" \/>\n<meta property=\"og:description\" content=\"A Pol\u00edcia Militar prendeu, na tarde do \u00faltimo domingo (25), um foragido do estado do Rio Grande do Norte, apontado\" \/>\n<meta property=\"og:url\" content=\"https:\/\/www.pm.pb.gov.br\/portal\/2018\/11\/26\/policia-militar-prende-foragido-do-rio-grande-do-norte-suspeito-de-comandar-grupo-criminoso\/\" \/>\n<meta property=\"og:site_name\" content=\"Pol\u00edcia Militar da Para\u00edba\" \/>\n<meta property=\"article:published_time\" content=\"2018-11-26T20:42:40+00:00\" \/>\n<meta property=\"og:image\" content=\"https:\/\/www.pm.pb.gov.br\/portal\/wp-content\/uploads\/2018\/11\/Policia-prende-foragido-do-RN-suspeito-de-comandar-grupo-criminoso.jpg\" \/>\n\t<meta property=\"og:image:width\" content=\"1032\" \/>\n\t<meta property=\"og:image:height\" content=\"774\" \/>\n\t<meta property=\"og:image:type\" content=\"image\/jpeg\" \/>\n<meta name=\"author\" content=\"Marcio Gomes dos Santos\" \/>\n<meta name=\"twitter:card\" content=\"summary_large_image\" \/>\n<meta name=\"twitter:label1\" content=\"Escrito por\" \/>\n\t<meta name=\"twitter:data1\" content=\"Marcio Gomes dos Santos\" \/>\n\t<meta name=\"twitter:label2\" content=\"Est. tempo de leitura\" \/>\n\t<meta name=\"twitter:data2\" content=\"1 minuto\" \/>\n<script type=\"application\/ld+json\" class=\"yoast-schema-graph\">{\"@context\":\"https:\/\/schema.org\",\"@graph\":[{\"@type\":\"Article\",\"@id\":\"https:\/\/www.pm.pb.gov.br\/portal\/2018\/11\/26\/policia-militar-prende-foragido-do-rio-grande-do-norte-suspeito-de-comandar-grupo-criminoso\/#article\",\"isPartOf\":{\"@id\":\"https:\/\/www.pm.pb.gov.br\/portal\/2018\/11\/26\/policia-militar-prende-foragido-do-rio-grande-do-norte-suspeito-de-comandar-grupo-criminoso\/\"},\"author\":{\"name\":\"Marcio Gomes dos Santos\",\"@id\":\"https:\/\/www.pm.pb.gov.br\/portal\/#\/schema\/person\/30d571652b38533c2211e4e89bf5a502\"},\"headline\":\"Pol\u00edcia Militar prende foragido do Rio Grande do Norte suspeito de comandar grupo criminoso\",\"datePublished\":\"2018-11-26T20:42:40+00:00\",\"dateModified\":\"2018-11-26T20:42:40+00:00\",\"mainEntityOfPage\":{\"@id\":\"https:\/\/www.pm.pb.gov.br\/portal\/2018\/11\/26\/policia-militar-prende-foragido-do-rio-grande-do-norte-suspeito-de-comandar-grupo-criminoso\/\"},\"wordCount\":192,\"publisher\":{\"@id\":\"https:\/\/www.pm.pb.gov.br\/portal\/#organization\"},\"articleSection\":[\"A\u00e7\u00f5es Policiais\"],\"inLanguage\":\"pt-BR\"},{\"@type\":\"WebPage\",\"@id\":\"https:\/\/www.pm.pb.gov.br\/portal\/2018\/11\/26\/policia-militar-prende-foragido-do-rio-grande-do-norte-suspeito-de-comandar-grupo-criminoso\/\",\"url\":\"https:\/\/www.pm.pb.gov.br\/portal\/2018\/11\/26\/policia-militar-prende-foragido-do-rio-grande-do-norte-suspeito-de-comandar-grupo-criminoso\/\",\"name\":\"Pol\u00edcia Militar prende foragido do Rio Grande do Norte suspeito de comandar grupo criminoso - Pol\u00edcia Militar da Para\u00edba\",\"isPartOf\":{\"@id\":\"https:\/\/www.pm.pb.gov.br\/portal\/#website\"},\"datePublished\":\"2018-11-26T20:42:40+00:00\",\"dateModified\":\"2018-11-26T20:42:40+00:00\",\"breadcrumb\":{\"@id\":\"https:\/\/www.pm.pb.gov.br\/portal\/2018\/11\/26\/policia-militar-prende-foragido-do-rio-grande-do-norte-suspeito-de-comandar-grupo-criminoso\/#breadcrumb\"},\"inLanguage\":\"pt-BR\",\"potentialAction\":[{\"@type\":\"ReadAction\",\"target\":[\"https:\/\/www.pm.pb.gov.br\/portal\/2018\/11\/26\/policia-militar-prende-foragido-do-rio-grande-do-norte-suspeito-de-comandar-grupo-criminoso\/\"]}]},{\"@type\":\"BreadcrumbList\",\"@id\":\"https:\/\/www.pm.pb.gov.br\/portal\/2018\/11\/26\/policia-militar-prende-foragido-do-rio-grande-do-norte-suspeito-de-comandar-grupo-criminoso\/#breadcrumb\",\"itemListElement\":[{\"@type\":\"ListItem\",\"position\":1,\"name\":\"In\u00edcio\",\"item\":\"https:\/\/www.pm.pb.gov.br\/portal\/\"},{\"@type\":\"ListItem\",\"position\":2,\"name\":\"Pol\u00edcia Militar prende foragido do Rio Grande do Norte suspeito de comandar grupo criminoso\"}]},{\"@type\":\"WebSite\",\"@id\":\"https:\/\/www.pm.pb.gov.br\/portal\/#website\",\"url\":\"https:\/\/www.pm.pb.gov.br\/portal\/\",\"name\":\"Pol\u00edcia Militar da Para\u00edba\",\"description\":\"\",\"publisher\":{\"@id\":\"https:\/\/www.pm.pb.gov.br\/portal\/#organization\"},\"potentialAction\":[{\"@type\":\"SearchAction\",\"target\":{\"@type\":\"EntryPoint\",\"urlTemplate\":\"https:\/\/www.pm.pb.gov.br\/portal\/?s={search_term_string}\"},\"query-input\":\"required name=search_term_string\"}],\"inLanguage\":\"pt-BR\"},{\"@type\":\"Organization\",\"@id\":\"https:\/\/www.pm.pb.gov.br\/portal\/#organization\",\"name\":\"Pol\u00edcia Militar da Para\u00edba\",\"url\":\"https:\/\/www.pm.pb.gov.br\/portal\/\",\"logo\":{\"@type\":\"ImageObject\",\"inLanguage\":\"pt-BR\",\"@id\":\"https:\/\/www.pm.pb.gov.br\/portal\/#\/schema\/logo\/image\/\",\"url\":\"https:\/\/www.pm.pb.gov.br\/portal\/wp-content\/uploads\/2025\/03\/cropped-logo-site-mag2-1.png\",\"contentUrl\":\"https:\/\/www.pm.pb.gov.br\/portal\/wp-content\/uploads\/2025\/03\/cropped-logo-site-mag2-1.png\",\"width\":320,\"height\":90,\"caption\":\"Pol\u00edcia Militar da Para\u00edba\"},\"image\":{\"@id\":\"https:\/\/www.pm.pb.gov.br\/portal\/#\/schema\/logo\/image\/\"}},{\"@type\":\"Person\",\"@id\":\"https:\/\/www.pm.pb.gov.br\/portal\/#\/schema\/person\/30d571652b38533c2211e4e89bf5a502\",\"name\":\"Marcio Gomes dos Santos\",\"image\":{\"@type\":\"ImageObject\",\"inLanguage\":\"pt-BR\",\"@id\":\"https:\/\/www.pm.pb.gov.br\/portal\/#\/schema\/person\/image\/\",\"url\":\"https:\/\/secure.gravatar.com\/avatar\/cf4ec2cb690101e1581c7773aa350c19?s=96&d=mm&r=g\",\"contentUrl\":\"https:\/\/secure.gravatar.com\/avatar\/cf4ec2cb690101e1581c7773aa350c19?s=96&d=mm&r=g\",\"caption\":\"Marcio Gomes dos Santos\"},\"url\":\"https:\/\/www.pm.pb.gov.br\/portal\/author\/mgomes\/\"}]}<\/script>\n<!-- \/ Yoast SEO plugin. -->","yoast_head_json":{"title":"Pol\u00edcia Militar prende foragido do Rio Grande do Norte suspeito de comandar grupo criminoso - Pol\u00edcia Militar da Para\u00edba","robots":{"index":"index","follow":"follow","max-snippet":"max-snippet:-1","max-image-preview":"max-image-preview:large","max-video-preview":"max-video-preview:-1"},"canonical":"https:\/\/www.pm.pb.gov.br\/portal\/2018\/11\/26\/policia-militar-prende-foragido-do-rio-grande-do-norte-suspeito-de-comandar-grupo-criminoso\/","og_locale":"pt_BR","og_type":"article","og_title":"Pol\u00edcia Militar prende foragido do Rio Grande do Norte suspeito de comandar grupo criminoso - Pol\u00edcia Militar da Para\u00edba","og_description":"A Pol\u00edcia Militar prendeu, na tarde do \u00faltimo domingo (25), um foragido do estado do Rio Grande do Norte, apontado","og_url":"https:\/\/www.pm.pb.gov.br\/portal\/2018\/11\/26\/policia-militar-prende-foragido-do-rio-grande-do-norte-suspeito-de-comandar-grupo-criminoso\/","og_site_name":"Pol\u00edcia Militar da Para\u00edba","article_published_time":"2018-11-26T20:42:40+00:00","og_image":[{"width":1032,"height":774,"url":"https:\/\/www.pm.pb.gov.br\/portal\/wp-content\/uploads\/2018\/11\/Policia-prende-foragido-do-RN-suspeito-de-comandar-grupo-criminoso.jpg","type":"image\/jpeg"}],"author":"Marcio Gomes dos Santos","twitter_card":"summary_large_image","twitter_misc":{"Escrito por":"Marcio Gomes dos Santos","Est. tempo de leitura":"1 minuto"},"schema":{"@context":"https:\/\/schema.org","@graph":[{"@type":"Article","@id":"https:\/\/www.pm.pb.gov.br\/portal\/2018\/11\/26\/policia-militar-prende-foragido-do-rio-grande-do-norte-suspeito-de-comandar-grupo-criminoso\/#article","isPartOf":{"@id":"https:\/\/www.pm.pb.gov.br\/portal\/2018\/11\/26\/policia-militar-prende-foragido-do-rio-grande-do-norte-suspeito-de-comandar-grupo-criminoso\/"},"author":{"name":"Marcio Gomes dos Santos","@id":"https:\/\/www.pm.pb.gov.br\/portal\/#\/schema\/person\/30d571652b38533c2211e4e89bf5a502"},"headline":"Pol\u00edcia Militar prende foragido do Rio Grande do Norte suspeito de comandar grupo criminoso","datePublished":"2018-11-26T20:42:40+00:00","dateModified":"2018-11-26T20:42:40+00:00","mainEntityOfPage":{"@id":"https:\/\/www.pm.pb.gov.br\/portal\/2018\/11\/26\/policia-militar-prende-foragido-do-rio-grande-do-norte-suspeito-de-comandar-grupo-criminoso\/"},"wordCount":192,"publisher":{"@id":"https:\/\/www.pm.pb.gov.br\/portal\/#organization"},"articleSection":["A\u00e7\u00f5es Policiais"],"inLanguage":"pt-BR"},{"@type":"WebPage","@id":"https:\/\/www.pm.pb.gov.br\/portal\/2018\/11\/26\/policia-militar-prende-foragido-do-rio-grande-do-norte-suspeito-de-comandar-grupo-criminoso\/","url":"https:\/\/www.pm.pb.gov.br\/portal\/2018\/11\/26\/policia-militar-prende-foragido-do-rio-grande-do-norte-suspeito-de-comandar-grupo-criminoso\/","name":"Pol\u00edcia Militar prende foragido do Rio Grande do Norte suspeito de comandar grupo criminoso - Pol\u00edcia Militar da Para\u00edba","isPartOf":{"@id":"https:\/\/www.pm.pb.gov.br\/portal\/#website"},"datePublished":"2018-11-26T20:42:40+00:00","dateModified":"2018-11-26T20:42:40+00:00","breadcrumb":{"@id":"https:\/\/www.pm.pb.gov.br\/portal\/2018\/11\/26\/policia-militar-prende-foragido-do-rio-grande-do-norte-suspeito-de-comandar-grupo-criminoso\/#breadcrumb"},"inLanguage":"pt-BR","potentialAction":[{"@type":"ReadAction","target":["https:\/\/www.pm.pb.gov.br\/portal\/2018\/11\/26\/policia-militar-prende-foragido-do-rio-grande-do-norte-suspeito-de-comandar-grupo-criminoso\/"]}]},{"@type":"BreadcrumbList","@id":"https:\/\/www.pm.pb.gov.br\/portal\/2018\/11\/26\/policia-militar-prende-foragido-do-rio-grande-do-norte-suspeito-de-comandar-grupo-criminoso\/#breadcrumb","itemListElement":[{"@type":"ListItem","position":1,"name":"In\u00edcio","item":"https:\/\/www.pm.pb.gov.br\/portal\/"},{"@type":"ListItem","position":2,"name":"Pol\u00edcia Militar prende foragido do Rio Grande do Norte suspeito de comandar grupo criminoso"}]},{"@type":"WebSite","@id":"https:\/\/www.pm.pb.gov.br\/portal\/#website","url":"https:\/\/www.pm.pb.gov.br\/portal\/","name":"Pol\u00edcia Militar da Para\u00edba","description":"","publisher":{"@id":"https:\/\/www.pm.pb.gov.br\/portal\/#organization"},"potentialAction":[{"@type":"SearchAction","target":{"@type":"EntryPoint","urlTemplate":"https:\/\/www.pm.pb.gov.br\/portal\/?s={search_term_string}"},"query-input":"required name=search_term_string"}],"inLanguage":"pt-BR"},{"@type":"Organization","@id":"https:\/\/www.pm.pb.gov.br\/portal\/#organization","name":"Pol\u00edcia Militar da Para\u00edba","url":"https:\/\/www.pm.pb.gov.br\/portal\/","logo":{"@type":"ImageObject","inLanguage":"pt-BR","@id":"https:\/\/www.pm.pb.gov.br\/portal\/#\/schema\/logo\/image\/","url":"https:\/\/www.pm.pb.gov.br\/portal\/wp-content\/uploads\/2025\/03\/cropped-logo-site-mag2-1.png","contentUrl":"https:\/\/www.pm.pb.gov.br\/portal\/wp-content\/uploads\/2025\/03\/cropped-logo-site-mag2-1.png","width":320,"height":90,"caption":"Pol\u00edcia Militar da Para\u00edba"},"image":{"@id":"https:\/\/www.pm.pb.gov.br\/portal\/#\/schema\/logo\/image\/"}},{"@type":"Person","@id":"https:\/\/www.pm.pb.gov.br\/portal\/#\/schema\/person\/30d571652b38533c2211e4e89bf5a502","name":"Marcio Gomes dos Santos","image":{"@type":"ImageObject","inLanguage":"pt-BR","@id":"https:\/\/www.pm.pb.gov.br\/portal\/#\/schema\/person\/image\/","url":"https:\/\/secure.gravatar.com\/avatar\/cf4ec2cb690101e1581c7773aa350c19?s=96&d=mm&r=g","contentUrl":"https:\/\/secure.gravatar.com\/avatar\/cf4ec2cb690101e1581c7773aa350c19?s=96&d=mm&r=g","caption":"Marcio Gomes dos Santos"},"url":"https:\/\/www.pm.pb.gov.br\/portal\/author\/mgomes\/"}]}},"_links":{"self":[{"href":"https:\/\/www.pm.pb.gov.br\/portal\/wp-json\/wp\/v2\/posts\/899382"}],"collection":[{"href":"https:\/\/www.pm.pb.gov.br\/portal\/wp-json\/wp\/v2\/posts"}],"about":[{"href":"https:\/\/www.pm.pb.gov.br\/portal\/wp-json\/wp\/v2\/types\/post"}],"author":[{"embeddable":true,"href":"https:\/\/www.pm.pb.gov.br\/portal\/wp-json\/wp\/v2\/users\/15"}],"replies":[{"embeddable":true,"href":"https:\/\/www.pm.pb.gov.br\/portal\/wp-json\/wp\/v2\/comments?post=899382"}],"version-history":[{"count":1,"href":"https:\/\/www.pm.pb.gov.br\/portal\/wp-json\/wp\/v2\/posts\/899382\/revisions"}],"predecessor-version":[{"id":899384,"href":"https:\/\/www.pm.pb.gov.br\/portal\/wp-json\/wp\/v2\/posts\/899382\/revisions\/899384"}],"wp:featuredmedia":[{"embeddable":true,"href":"https:\/\/www.pm.pb.gov.br\/portal\/wp-json\/wp\/v2\/media\/899383"}],"wp:attachment":[{"href":"https:\/\/www.pm.pb.gov.br\/portal\/wp-json\/wp\/v2\/media?parent=899382"}],"wp:term":[{"taxonomy":"category","embeddable":true,"href":"https:\/\/www.pm.pb.gov.br\/portal\/wp-json\/wp\/v2\/categories?post=899382"},{"taxonomy":"post_tag","embeddable":true,"href":"https:\/\/www.pm.pb.gov.br\/portal\/wp-json\/wp\/v2\/tags?post=899382"}],"curies":[{"name":"wp","href":"https:\/\/api.w.org\/{rel}","templated":true}]}}