{"id":899373,"date":"2018-11-22T18:27:49","date_gmt":"2018-11-22T21:27:49","guid":{"rendered":"http:\/\/www.pm.pb.gov.br\/portal\/?p=899373"},"modified":"2018-11-26T08:35:44","modified_gmt":"2018-11-26T11:35:44","slug":"radio-comunicacao-digital-da-seguranca-publica-passa-a-funcionar-na-regiao-de-itaporanga","status":"publish","type":"post","link":"https:\/\/www.pm.pb.gov.br\/portal\/2018\/11\/22\/radio-comunicacao-digital-da-seguranca-publica-passa-a-funcionar-na-regiao-de-itaporanga\/","title":{"rendered":"R\u00e1dio comunica\u00e7\u00e3o digital da Seguran\u00e7a P\u00fablica passa a funcionar na regi\u00e3o de Itaporanga"},"content":{"rendered":"<p style=\"text-align: justify;\">Policiais militares, civis e bombeiros militares da 17\u00aa \u00c1rea Integrada de Seguran\u00e7a P\u00fablica, que abrange munic\u00edpios do Vale do Pianc\u00f3, passaram nesta quinta-feira (22) por uma instru\u00e7\u00e3o sobre o funcionamento do novo sistema de r\u00e1dio comunica\u00e7\u00e3o digital adquirido pela Secretaria da Seguran\u00e7a e da Defesa Social (Sesds), e que j\u00e1 est\u00e1 em funcionamento na regi\u00e3o. O treinamento aconteceu no audit\u00f3rio da 17\u00aa Ger\u00eancia Regional de Educa\u00e7\u00e3o da cidade de Itaporanga e foi ministrado pelo major BM Anderson Gomes e pelo soldado BM Ruelson Augusto, ambos da Ger\u00eancia de Tecnologia da Informa\u00e7\u00e3o da Sesds. Com o sistema da Motorola Solutions, que representa um investimento de R$ 33 milh\u00f5es, as for\u00e7as da Seguran\u00e7a da Para\u00edba passam a estar interligadas do litoral ao sert\u00e3o, por meio do sistema Tetra, utilizado em pa\u00edses da Uni\u00e3o Europeia, com uso de mensagens criptografadas, que se restringem aos agentes de seguran\u00e7a p\u00fablica.<\/p>\n<p style=\"text-align: justify;\">De acordo com o major Anderson, a regi\u00e3o do Vale do Pianc\u00f3 recebeu duas antenas, uma em Itapotanga e a outra em Pianc\u00f3, que passam a se comunicar com outros equipamentos instalados na Para\u00edba. \u201cAo todo s\u00e3o 47 sites (antenas) que servem \u00e0 Pol\u00edcia Militar, Pol\u00edcia Civil, Corpo de Bombeiros Militar, Sistema Penitenci\u00e1rio e Departamento Esradual de Tr\u00e2nsito, entre outros \u00f3rg\u00e3os. Estamos na fase final de implanta\u00e7\u00e3o e o resultado j\u00e1 est\u00e1 sendo a otimiza\u00e7\u00e3o do atendimento e o tempo de resposta \u00e0s ocorr\u00eancias\u201d, afirmou o major.<\/p>\n<p style=\"text-align: justify;\"><img loading=\"lazy\" decoding=\"async\" class=\"size-full wp-image-899374 aligncenter\" src=\"http:\/\/www.pm.pb.gov.br\/portal\/wp-content\/uploads\/2018\/11\/seds-reuniao-da-seguranca-em-itaporanga-2.jpg\" alt=\"\" width=\"480\" height=\"340\" \/><\/p>\n<p style=\"text-align: justify;\">O novo sistema de radiocomunica\u00e7\u00e3o da Seguran\u00e7a P\u00fablica da Para\u00edba inclui 47 s\u00edtios de repeti\u00e7\u00e3o (antenas) que levam sinal claro e com alta disponibilidade para os usu\u00e1rios da\u00a0seguran\u00e7a Pol\u00edcia Militar, Pol\u00edcia Civil, Corpo de Bombeiros, Sistema Penitenci\u00e1rio e Departamento Estadual de Tr\u00e2nsito (Detran). Conta ainda com \u00a0instala\u00e7\u00e3o de seis r\u00e1dios bases novas modelo MTS1, para dar cobertura em areas de sombra, com\u00a05.600 r\u00e1dios, sendo 4 mil port\u00e1teis, 1.300 m\u00f3veis e 332 fixos, e capacidade de expans\u00e3o conforme demanda dos usu\u00e1rios.<\/p>\n<p style=\"text-align: justify;\"><strong>Expans\u00e3o da rede<\/strong>\u00a0\u2013 No dia 21 de agosto deste ano, o titular da Seds, Cla\u00fadio Lima, assinou contrato com a Motorola Solutions para expans\u00e3o da rede, com acr\u00e9scimo de funcionalidades como o LTE (4G) t\u00e1tico, integrado ao Sistema Tetra, que proporciona a transmiss\u00e3o de dados multim\u00eddia pelos \u00f3rg\u00e3os de Seguran\u00e7a P\u00fablica.<\/p>\n<p style=\"text-align: justify;\">\u201cSa\u00edmos da comunica\u00e7\u00e3o anal\u00f3gica para a digital, com o maior investimento em Seguran\u00e7a P\u00fablica nesta gest\u00e3o, adquirindo uma comunica\u00e7\u00e3o segura e confi\u00e1vel. Com mais esse contrato, que integra aplicativos, a comunica\u00e7\u00e3o dos \u00f3rg\u00e3os operativos da \u00e1rea na Para\u00edba passa a ser um dos mais modernos do mundo, com uma tecnologia avan\u00e7ada e utilizada na Europa, por exemplo\u201d, reafirmou, acrescentando que\u00a0a tecnologia digital permite o desenvolvimento de diversas aplica\u00e7\u00f5es como a utiliza\u00e7\u00e3o do GPS, que fornece a localiza\u00e7\u00e3o exata de cada terminal, seja ele de viatura ou r\u00e1dio port\u00e1til.<\/p>\n","protected":false},"excerpt":{"rendered":"<p>Policiais militares, civis e bombeiros militares da 17\u00aa \u00c1rea Integrada de Seguran\u00e7a P\u00fablica, que abrange munic\u00edpios do Vale do Pianc\u00f3,<\/p>\n","protected":false},"author":12,"featured_media":895491,"comment_status":"closed","ping_status":"closed","sticky":false,"template":"","format":"standard","meta":{"_exactmetrics_skip_tracking":false,"_exactmetrics_sitenote_active":false,"_exactmetrics_sitenote_note":"","_exactmetrics_sitenote_category":0,"footnotes":""},"categories":[7],"tags":[],"yoast_head":"<!-- This site is optimized with the Yoast SEO plugin v22.0 - https:\/\/yoast.com\/wordpress\/plugins\/seo\/ -->\n<title>R\u00e1dio comunica\u00e7\u00e3o digital da Seguran\u00e7a P\u00fablica passa a funcionar na regi\u00e3o de Itaporanga - Pol\u00edcia Militar da Para\u00edba<\/title>\n<meta name=\"robots\" content=\"index, follow, max-snippet:-1, max-image-preview:large, max-video-preview:-1\" \/>\n<link rel=\"canonical\" href=\"https:\/\/www.pm.pb.gov.br\/portal\/2018\/11\/22\/radio-comunicacao-digital-da-seguranca-publica-passa-a-funcionar-na-regiao-de-itaporanga\/\" \/>\n<meta property=\"og:locale\" content=\"pt_BR\" \/>\n<meta property=\"og:type\" content=\"article\" \/>\n<meta property=\"og:title\" content=\"R\u00e1dio comunica\u00e7\u00e3o digital da Seguran\u00e7a P\u00fablica passa a funcionar na regi\u00e3o de Itaporanga - Pol\u00edcia Militar da Para\u00edba\" \/>\n<meta property=\"og:description\" content=\"Policiais militares, civis e bombeiros militares da 17\u00aa \u00c1rea Integrada de Seguran\u00e7a P\u00fablica, que abrange munic\u00edpios do Vale do Pianc\u00f3,\" \/>\n<meta property=\"og:url\" content=\"https:\/\/www.pm.pb.gov.br\/portal\/2018\/11\/22\/radio-comunicacao-digital-da-seguranca-publica-passa-a-funcionar-na-regiao-de-itaporanga\/\" \/>\n<meta property=\"og:site_name\" content=\"Pol\u00edcia Militar da Para\u00edba\" \/>\n<meta property=\"article:published_time\" content=\"2018-11-22T21:27:49+00:00\" \/>\n<meta property=\"article:modified_time\" content=\"2018-11-26T11:35:44+00:00\" \/>\n<meta property=\"og:image\" content=\"https:\/\/www.pm.pb.gov.br\/portal\/wp-content\/uploads\/2017\/09\/imagem-ilustrativa-1.jpg\" \/>\n\t<meta property=\"og:image:width\" content=\"800\" \/>\n\t<meta property=\"og:image:height\" content=\"445\" \/>\n\t<meta property=\"og:image:type\" content=\"image\/jpeg\" \/>\n<meta name=\"author\" content=\"Tarcisio Oliveira\" \/>\n<meta name=\"twitter:card\" content=\"summary_large_image\" \/>\n<meta name=\"twitter:label1\" content=\"Escrito por\" \/>\n\t<meta name=\"twitter:data1\" content=\"Tarcisio Oliveira\" \/>\n\t<meta name=\"twitter:label2\" content=\"Est. tempo de leitura\" \/>\n\t<meta name=\"twitter:data2\" content=\"3 minutos\" \/>\n<script type=\"application\/ld+json\" class=\"yoast-schema-graph\">{\"@context\":\"https:\/\/schema.org\",\"@graph\":[{\"@type\":\"Article\",\"@id\":\"https:\/\/www.pm.pb.gov.br\/portal\/2018\/11\/22\/radio-comunicacao-digital-da-seguranca-publica-passa-a-funcionar-na-regiao-de-itaporanga\/#article\",\"isPartOf\":{\"@id\":\"https:\/\/www.pm.pb.gov.br\/portal\/2018\/11\/22\/radio-comunicacao-digital-da-seguranca-publica-passa-a-funcionar-na-regiao-de-itaporanga\/\"},\"author\":{\"name\":\"Tarcisio Oliveira\",\"@id\":\"https:\/\/www.pm.pb.gov.br\/portal\/#\/schema\/person\/f84f56dcc78ce4357054da888b8247fd\"},\"headline\":\"R\u00e1dio comunica\u00e7\u00e3o digital da Seguran\u00e7a P\u00fablica passa a funcionar na regi\u00e3o de Itaporanga\",\"datePublished\":\"2018-11-22T21:27:49+00:00\",\"dateModified\":\"2018-11-26T11:35:44+00:00\",\"mainEntityOfPage\":{\"@id\":\"https:\/\/www.pm.pb.gov.br\/portal\/2018\/11\/22\/radio-comunicacao-digital-da-seguranca-publica-passa-a-funcionar-na-regiao-de-itaporanga\/\"},\"wordCount\":539,\"publisher\":{\"@id\":\"https:\/\/www.pm.pb.gov.br\/portal\/#organization\"},\"articleSection\":[\"Desenvolvimento e Tecnologia\"],\"inLanguage\":\"pt-BR\"},{\"@type\":\"WebPage\",\"@id\":\"https:\/\/www.pm.pb.gov.br\/portal\/2018\/11\/22\/radio-comunicacao-digital-da-seguranca-publica-passa-a-funcionar-na-regiao-de-itaporanga\/\",\"url\":\"https:\/\/www.pm.pb.gov.br\/portal\/2018\/11\/22\/radio-comunicacao-digital-da-seguranca-publica-passa-a-funcionar-na-regiao-de-itaporanga\/\",\"name\":\"R\u00e1dio comunica\u00e7\u00e3o digital da Seguran\u00e7a P\u00fablica passa a funcionar na regi\u00e3o de Itaporanga - Pol\u00edcia Militar da Para\u00edba\",\"isPartOf\":{\"@id\":\"https:\/\/www.pm.pb.gov.br\/portal\/#website\"},\"datePublished\":\"2018-11-22T21:27:49+00:00\",\"dateModified\":\"2018-11-26T11:35:44+00:00\",\"breadcrumb\":{\"@id\":\"https:\/\/www.pm.pb.gov.br\/portal\/2018\/11\/22\/radio-comunicacao-digital-da-seguranca-publica-passa-a-funcionar-na-regiao-de-itaporanga\/#breadcrumb\"},\"inLanguage\":\"pt-BR\",\"potentialAction\":[{\"@type\":\"ReadAction\",\"target\":[\"https:\/\/www.pm.pb.gov.br\/portal\/2018\/11\/22\/radio-comunicacao-digital-da-seguranca-publica-passa-a-funcionar-na-regiao-de-itaporanga\/\"]}]},{\"@type\":\"BreadcrumbList\",\"@id\":\"https:\/\/www.pm.pb.gov.br\/portal\/2018\/11\/22\/radio-comunicacao-digital-da-seguranca-publica-passa-a-funcionar-na-regiao-de-itaporanga\/#breadcrumb\",\"itemListElement\":[{\"@type\":\"ListItem\",\"position\":1,\"name\":\"In\u00edcio\",\"item\":\"https:\/\/www.pm.pb.gov.br\/portal\/\"},{\"@type\":\"ListItem\",\"position\":2,\"name\":\"R\u00e1dio comunica\u00e7\u00e3o digital da Seguran\u00e7a P\u00fablica passa a funcionar na regi\u00e3o de Itaporanga\"}]},{\"@type\":\"WebSite\",\"@id\":\"https:\/\/www.pm.pb.gov.br\/portal\/#website\",\"url\":\"https:\/\/www.pm.pb.gov.br\/portal\/\",\"name\":\"Pol\u00edcia Militar da Para\u00edba\",\"description\":\"\",\"publisher\":{\"@id\":\"https:\/\/www.pm.pb.gov.br\/portal\/#organization\"},\"potentialAction\":[{\"@type\":\"SearchAction\",\"target\":{\"@type\":\"EntryPoint\",\"urlTemplate\":\"https:\/\/www.pm.pb.gov.br\/portal\/?s={search_term_string}\"},\"query-input\":\"required name=search_term_string\"}],\"inLanguage\":\"pt-BR\"},{\"@type\":\"Organization\",\"@id\":\"https:\/\/www.pm.pb.gov.br\/portal\/#organization\",\"name\":\"Pol\u00edcia Militar da Para\u00edba\",\"url\":\"https:\/\/www.pm.pb.gov.br\/portal\/\",\"logo\":{\"@type\":\"ImageObject\",\"inLanguage\":\"pt-BR\",\"@id\":\"https:\/\/www.pm.pb.gov.br\/portal\/#\/schema\/logo\/image\/\",\"url\":\"https:\/\/www.pm.pb.gov.br\/portal\/wp-content\/uploads\/2025\/03\/cropped-logo-site-mag2-1.png\",\"contentUrl\":\"https:\/\/www.pm.pb.gov.br\/portal\/wp-content\/uploads\/2025\/03\/cropped-logo-site-mag2-1.png\",\"width\":320,\"height\":90,\"caption\":\"Pol\u00edcia Militar da Para\u00edba\"},\"image\":{\"@id\":\"https:\/\/www.pm.pb.gov.br\/portal\/#\/schema\/logo\/image\/\"}},{\"@type\":\"Person\",\"@id\":\"https:\/\/www.pm.pb.gov.br\/portal\/#\/schema\/person\/f84f56dcc78ce4357054da888b8247fd\",\"name\":\"Tarcisio Oliveira\",\"image\":{\"@type\":\"ImageObject\",\"inLanguage\":\"pt-BR\",\"@id\":\"https:\/\/www.pm.pb.gov.br\/portal\/#\/schema\/person\/image\/\",\"url\":\"https:\/\/secure.gravatar.com\/avatar\/72917b630b69d31cd0297507f34bac97?s=96&d=mm&r=g\",\"contentUrl\":\"https:\/\/secure.gravatar.com\/avatar\/72917b630b69d31cd0297507f34bac97?s=96&d=mm&r=g\",\"caption\":\"Tarcisio Oliveira\"},\"url\":\"https:\/\/www.pm.pb.gov.br\/portal\/author\/tarcisio\/\"}]}<\/script>\n<!-- \/ Yoast SEO plugin. -->","yoast_head_json":{"title":"R\u00e1dio comunica\u00e7\u00e3o digital da Seguran\u00e7a P\u00fablica passa a funcionar na regi\u00e3o de Itaporanga - Pol\u00edcia Militar da Para\u00edba","robots":{"index":"index","follow":"follow","max-snippet":"max-snippet:-1","max-image-preview":"max-image-preview:large","max-video-preview":"max-video-preview:-1"},"canonical":"https:\/\/www.pm.pb.gov.br\/portal\/2018\/11\/22\/radio-comunicacao-digital-da-seguranca-publica-passa-a-funcionar-na-regiao-de-itaporanga\/","og_locale":"pt_BR","og_type":"article","og_title":"R\u00e1dio comunica\u00e7\u00e3o digital da Seguran\u00e7a P\u00fablica passa a funcionar na regi\u00e3o de Itaporanga - Pol\u00edcia Militar da Para\u00edba","og_description":"Policiais militares, civis e bombeiros militares da 17\u00aa \u00c1rea Integrada de Seguran\u00e7a P\u00fablica, que abrange munic\u00edpios do Vale do Pianc\u00f3,","og_url":"https:\/\/www.pm.pb.gov.br\/portal\/2018\/11\/22\/radio-comunicacao-digital-da-seguranca-publica-passa-a-funcionar-na-regiao-de-itaporanga\/","og_site_name":"Pol\u00edcia Militar da Para\u00edba","article_published_time":"2018-11-22T21:27:49+00:00","article_modified_time":"2018-11-26T11:35:44+00:00","og_image":[{"width":800,"height":445,"url":"https:\/\/www.pm.pb.gov.br\/portal\/wp-content\/uploads\/2017\/09\/imagem-ilustrativa-1.jpg","type":"image\/jpeg"}],"author":"Tarcisio Oliveira","twitter_card":"summary_large_image","twitter_misc":{"Escrito por":"Tarcisio Oliveira","Est. tempo de leitura":"3 minutos"},"schema":{"@context":"https:\/\/schema.org","@graph":[{"@type":"Article","@id":"https:\/\/www.pm.pb.gov.br\/portal\/2018\/11\/22\/radio-comunicacao-digital-da-seguranca-publica-passa-a-funcionar-na-regiao-de-itaporanga\/#article","isPartOf":{"@id":"https:\/\/www.pm.pb.gov.br\/portal\/2018\/11\/22\/radio-comunicacao-digital-da-seguranca-publica-passa-a-funcionar-na-regiao-de-itaporanga\/"},"author":{"name":"Tarcisio Oliveira","@id":"https:\/\/www.pm.pb.gov.br\/portal\/#\/schema\/person\/f84f56dcc78ce4357054da888b8247fd"},"headline":"R\u00e1dio comunica\u00e7\u00e3o digital da Seguran\u00e7a P\u00fablica passa a funcionar na regi\u00e3o de Itaporanga","datePublished":"2018-11-22T21:27:49+00:00","dateModified":"2018-11-26T11:35:44+00:00","mainEntityOfPage":{"@id":"https:\/\/www.pm.pb.gov.br\/portal\/2018\/11\/22\/radio-comunicacao-digital-da-seguranca-publica-passa-a-funcionar-na-regiao-de-itaporanga\/"},"wordCount":539,"publisher":{"@id":"https:\/\/www.pm.pb.gov.br\/portal\/#organization"},"articleSection":["Desenvolvimento e Tecnologia"],"inLanguage":"pt-BR"},{"@type":"WebPage","@id":"https:\/\/www.pm.pb.gov.br\/portal\/2018\/11\/22\/radio-comunicacao-digital-da-seguranca-publica-passa-a-funcionar-na-regiao-de-itaporanga\/","url":"https:\/\/www.pm.pb.gov.br\/portal\/2018\/11\/22\/radio-comunicacao-digital-da-seguranca-publica-passa-a-funcionar-na-regiao-de-itaporanga\/","name":"R\u00e1dio comunica\u00e7\u00e3o digital da Seguran\u00e7a P\u00fablica passa a funcionar na regi\u00e3o de Itaporanga - Pol\u00edcia Militar da Para\u00edba","isPartOf":{"@id":"https:\/\/www.pm.pb.gov.br\/portal\/#website"},"datePublished":"2018-11-22T21:27:49+00:00","dateModified":"2018-11-26T11:35:44+00:00","breadcrumb":{"@id":"https:\/\/www.pm.pb.gov.br\/portal\/2018\/11\/22\/radio-comunicacao-digital-da-seguranca-publica-passa-a-funcionar-na-regiao-de-itaporanga\/#breadcrumb"},"inLanguage":"pt-BR","potentialAction":[{"@type":"ReadAction","target":["https:\/\/www.pm.pb.gov.br\/portal\/2018\/11\/22\/radio-comunicacao-digital-da-seguranca-publica-passa-a-funcionar-na-regiao-de-itaporanga\/"]}]},{"@type":"BreadcrumbList","@id":"https:\/\/www.pm.pb.gov.br\/portal\/2018\/11\/22\/radio-comunicacao-digital-da-seguranca-publica-passa-a-funcionar-na-regiao-de-itaporanga\/#breadcrumb","itemListElement":[{"@type":"ListItem","position":1,"name":"In\u00edcio","item":"https:\/\/www.pm.pb.gov.br\/portal\/"},{"@type":"ListItem","position":2,"name":"R\u00e1dio comunica\u00e7\u00e3o digital da Seguran\u00e7a P\u00fablica passa a funcionar na regi\u00e3o de Itaporanga"}]},{"@type":"WebSite","@id":"https:\/\/www.pm.pb.gov.br\/portal\/#website","url":"https:\/\/www.pm.pb.gov.br\/portal\/","name":"Pol\u00edcia Militar da Para\u00edba","description":"","publisher":{"@id":"https:\/\/www.pm.pb.gov.br\/portal\/#organization"},"potentialAction":[{"@type":"SearchAction","target":{"@type":"EntryPoint","urlTemplate":"https:\/\/www.pm.pb.gov.br\/portal\/?s={search_term_string}"},"query-input":"required name=search_term_string"}],"inLanguage":"pt-BR"},{"@type":"Organization","@id":"https:\/\/www.pm.pb.gov.br\/portal\/#organization","name":"Pol\u00edcia Militar da Para\u00edba","url":"https:\/\/www.pm.pb.gov.br\/portal\/","logo":{"@type":"ImageObject","inLanguage":"pt-BR","@id":"https:\/\/www.pm.pb.gov.br\/portal\/#\/schema\/logo\/image\/","url":"https:\/\/www.pm.pb.gov.br\/portal\/wp-content\/uploads\/2025\/03\/cropped-logo-site-mag2-1.png","contentUrl":"https:\/\/www.pm.pb.gov.br\/portal\/wp-content\/uploads\/2025\/03\/cropped-logo-site-mag2-1.png","width":320,"height":90,"caption":"Pol\u00edcia Militar da Para\u00edba"},"image":{"@id":"https:\/\/www.pm.pb.gov.br\/portal\/#\/schema\/logo\/image\/"}},{"@type":"Person","@id":"https:\/\/www.pm.pb.gov.br\/portal\/#\/schema\/person\/f84f56dcc78ce4357054da888b8247fd","name":"Tarcisio Oliveira","image":{"@type":"ImageObject","inLanguage":"pt-BR","@id":"https:\/\/www.pm.pb.gov.br\/portal\/#\/schema\/person\/image\/","url":"https:\/\/secure.gravatar.com\/avatar\/72917b630b69d31cd0297507f34bac97?s=96&d=mm&r=g","contentUrl":"https:\/\/secure.gravatar.com\/avatar\/72917b630b69d31cd0297507f34bac97?s=96&d=mm&r=g","caption":"Tarcisio Oliveira"},"url":"https:\/\/www.pm.pb.gov.br\/portal\/author\/tarcisio\/"}]}},"_links":{"self":[{"href":"https:\/\/www.pm.pb.gov.br\/portal\/wp-json\/wp\/v2\/posts\/899373"}],"collection":[{"href":"https:\/\/www.pm.pb.gov.br\/portal\/wp-json\/wp\/v2\/posts"}],"about":[{"href":"https:\/\/www.pm.pb.gov.br\/portal\/wp-json\/wp\/v2\/types\/post"}],"author":[{"embeddable":true,"href":"https:\/\/www.pm.pb.gov.br\/portal\/wp-json\/wp\/v2\/users\/12"}],"replies":[{"embeddable":true,"href":"https:\/\/www.pm.pb.gov.br\/portal\/wp-json\/wp\/v2\/comments?post=899373"}],"version-history":[{"count":2,"href":"https:\/\/www.pm.pb.gov.br\/portal\/wp-json\/wp\/v2\/posts\/899373\/revisions"}],"predecessor-version":[{"id":899376,"href":"https:\/\/www.pm.pb.gov.br\/portal\/wp-json\/wp\/v2\/posts\/899373\/revisions\/899376"}],"wp:featuredmedia":[{"embeddable":true,"href":"https:\/\/www.pm.pb.gov.br\/portal\/wp-json\/wp\/v2\/media\/895491"}],"wp:attachment":[{"href":"https:\/\/www.pm.pb.gov.br\/portal\/wp-json\/wp\/v2\/media?parent=899373"}],"wp:term":[{"taxonomy":"category","embeddable":true,"href":"https:\/\/www.pm.pb.gov.br\/portal\/wp-json\/wp\/v2\/categories?post=899373"},{"taxonomy":"post_tag","embeddable":true,"href":"https:\/\/www.pm.pb.gov.br\/portal\/wp-json\/wp\/v2\/tags?post=899373"}],"curies":[{"name":"wp","href":"https:\/\/api.w.org\/{rel}","templated":true}]}}