{"id":899161,"date":"2018-11-01T15:45:52","date_gmt":"2018-11-01T18:45:52","guid":{"rendered":"http:\/\/www.pm.pb.gov.br\/portal\/?p=899161"},"modified":"2018-11-01T15:45:52","modified_gmt":"2018-11-01T18:45:52","slug":"policia-militar-prende-suspeito-de-assalto-aos-correios-e-recupera-mais-de-r-12-mil","status":"publish","type":"post","link":"https:\/\/www.pm.pb.gov.br\/portal\/2018\/11\/01\/policia-militar-prende-suspeito-de-assalto-aos-correios-e-recupera-mais-de-r-12-mil\/","title":{"rendered":"Pol\u00edcia Militar prende suspeito de assalto aos Correios e recupera mais de R$ 12 mil"},"content":{"rendered":"<p style=\"text-align: justify;\"><img loading=\"lazy\" decoding=\"async\" class=\" wp-image-899162 alignright\" src=\"http:\/\/www.pm.pb.gov.br\/portal\/wp-content\/uploads\/2018\/11\/araruna-257x445.jpeg\" alt=\"\" width=\"308\" height=\"535\" srcset=\"https:\/\/www.pm.pb.gov.br\/portal\/wp-content\/uploads\/2018\/11\/araruna-257x445.jpeg 257w, https:\/\/www.pm.pb.gov.br\/portal\/wp-content\/uploads\/2018\/11\/araruna-329x570.jpeg 329w, https:\/\/www.pm.pb.gov.br\/portal\/wp-content\/uploads\/2018\/11\/araruna.jpeg 622w\" sizes=\"(max-width: 308px) 100vw, 308px\" \/>Mais um suspeito de assalto \u00e0 ag\u00eancia dos Correios foi preso em flagrante pela Pol\u00edcia Militar, na tarde dessa quarta-feira (31), na Para\u00edba. A pris\u00e3o aconteceu logo ap\u00f3s o roubo a um desses estabelecimentos, praticado por dois homens, no munic\u00edpio de Araruna. Em uma semana, este \u00e9 o quarto suspeito preso por esse tipo de crime. Mais de R$ 12 mil foram recuperados (foto ao lado).<\/p>\n<p style=\"text-align: justify;\">Nesta \u00faltima pris\u00e3o, uma dupla assaltou os Correios, levou um malote de dinheiro, a arma de fogo do vigilante, e tentou fugir em uma motocicleta que tinha registro de roubo e furto. Policiais militares da Rondas Ostensivas T\u00e1ticas com Apoio de Motocicletas (Rotam), da 7\u00aa Companhia Independente, rapidamente fizeram um cerco no local e frustraram a fuga de um desses suspeitos.<\/p>\n<p style=\"text-align: justify;\">O homem de 29 anos de idade, proveniente do estado do Rio Grande do Norte, foi encontrado em uma \u00e1rea de mata. Todo o material e o suspeito foram encaminhados para a delegacia da Pol\u00edcia Federal, em Cabedelo. As buscas pelo segundo acusado do crime continuam.<\/p>\n<p style=\"text-align: justify;\"><strong>Quadrilha desmantelada \u2013<\/strong> Na semana passada, na \u00faltima quinta-feira (25), tr\u00eas suspeitos de assalto \u00e0 ag\u00eancia dos Correios no munic\u00edpio de Borborema, tamb\u00e9m foram presos pela 7\u00aa Companhia Independente de Pol\u00edcia Militar. A a\u00e7\u00e3o apreendeu duas armas de fogo, recuperou o rev\u00f3lver e o colete bal\u00edstico levados do vigilante, e recuperou mais de R$ 18 mil roubados pelo trio.<\/p>\n<p style=\"text-align: justify;\">Dois dos suspeitos eram dos estados vizinhos do Rio Grande do Norte e Pernambuco. O trio foi autuado por roubo qualificado, porte ilegal de arma de fogo e associa\u00e7\u00e3o criminosa.<\/p>\n","protected":false},"excerpt":{"rendered":"<p>Mais um suspeito de assalto \u00e0 ag\u00eancia dos Correios foi preso em flagrante pela Pol\u00edcia Militar, na tarde dessa quarta-feira<\/p>\n","protected":false},"author":12,"featured_media":896136,"comment_status":"closed","ping_status":"closed","sticky":false,"template":"","format":"standard","meta":{"_exactmetrics_skip_tracking":false,"_exactmetrics_sitenote_active":false,"_exactmetrics_sitenote_note":"","_exactmetrics_sitenote_category":0,"footnotes":""},"categories":[4],"tags":[],"yoast_head":"<!-- This site is optimized with the Yoast SEO plugin v22.0 - https:\/\/yoast.com\/wordpress\/plugins\/seo\/ -->\n<title>Pol\u00edcia Militar prende suspeito de assalto aos Correios e recupera mais de R$ 12 mil - Pol\u00edcia Militar da Para\u00edba<\/title>\n<meta name=\"robots\" content=\"index, follow, max-snippet:-1, max-image-preview:large, max-video-preview:-1\" \/>\n<link rel=\"canonical\" href=\"https:\/\/www.pm.pb.gov.br\/portal\/2018\/11\/01\/policia-militar-prende-suspeito-de-assalto-aos-correios-e-recupera-mais-de-r-12-mil\/\" \/>\n<meta property=\"og:locale\" content=\"pt_BR\" \/>\n<meta property=\"og:type\" content=\"article\" \/>\n<meta property=\"og:title\" content=\"Pol\u00edcia Militar prende suspeito de assalto aos Correios e recupera mais de R$ 12 mil - Pol\u00edcia Militar da Para\u00edba\" \/>\n<meta property=\"og:description\" content=\"Mais um suspeito de assalto \u00e0 ag\u00eancia dos Correios foi preso em flagrante pela Pol\u00edcia Militar, na tarde dessa quarta-feira\" \/>\n<meta property=\"og:url\" content=\"https:\/\/www.pm.pb.gov.br\/portal\/2018\/11\/01\/policia-militar-prende-suspeito-de-assalto-aos-correios-e-recupera-mais-de-r-12-mil\/\" \/>\n<meta property=\"og:site_name\" content=\"Pol\u00edcia Militar da Para\u00edba\" \/>\n<meta property=\"article:published_time\" content=\"2018-11-01T18:45:52+00:00\" \/>\n<meta property=\"og:image\" content=\"https:\/\/www.pm.pb.gov.br\/portal\/wp-content\/uploads\/2017\/11\/Foto_Wagner_Varela.jpg\" \/>\n\t<meta property=\"og:image:width\" content=\"800\" \/>\n\t<meta property=\"og:image:height\" content=\"456\" \/>\n\t<meta property=\"og:image:type\" content=\"image\/jpeg\" \/>\n<meta name=\"author\" content=\"Tarcisio Oliveira\" \/>\n<meta name=\"twitter:card\" content=\"summary_large_image\" \/>\n<meta name=\"twitter:label1\" content=\"Escrito por\" \/>\n\t<meta name=\"twitter:data1\" content=\"Tarcisio Oliveira\" \/>\n\t<meta name=\"twitter:label2\" content=\"Est. tempo de leitura\" \/>\n\t<meta name=\"twitter:data2\" content=\"1 minuto\" \/>\n<script type=\"application\/ld+json\" class=\"yoast-schema-graph\">{\"@context\":\"https:\/\/schema.org\",\"@graph\":[{\"@type\":\"Article\",\"@id\":\"https:\/\/www.pm.pb.gov.br\/portal\/2018\/11\/01\/policia-militar-prende-suspeito-de-assalto-aos-correios-e-recupera-mais-de-r-12-mil\/#article\",\"isPartOf\":{\"@id\":\"https:\/\/www.pm.pb.gov.br\/portal\/2018\/11\/01\/policia-militar-prende-suspeito-de-assalto-aos-correios-e-recupera-mais-de-r-12-mil\/\"},\"author\":{\"name\":\"Tarcisio Oliveira\",\"@id\":\"https:\/\/www.pm.pb.gov.br\/portal\/#\/schema\/person\/f84f56dcc78ce4357054da888b8247fd\"},\"headline\":\"Pol\u00edcia Militar prende suspeito de assalto aos Correios e recupera mais de R$ 12 mil\",\"datePublished\":\"2018-11-01T18:45:52+00:00\",\"dateModified\":\"2018-11-01T18:45:52+00:00\",\"mainEntityOfPage\":{\"@id\":\"https:\/\/www.pm.pb.gov.br\/portal\/2018\/11\/01\/policia-militar-prende-suspeito-de-assalto-aos-correios-e-recupera-mais-de-r-12-mil\/\"},\"wordCount\":284,\"publisher\":{\"@id\":\"https:\/\/www.pm.pb.gov.br\/portal\/#organization\"},\"articleSection\":[\"A\u00e7\u00f5es Policiais\"],\"inLanguage\":\"pt-BR\"},{\"@type\":\"WebPage\",\"@id\":\"https:\/\/www.pm.pb.gov.br\/portal\/2018\/11\/01\/policia-militar-prende-suspeito-de-assalto-aos-correios-e-recupera-mais-de-r-12-mil\/\",\"url\":\"https:\/\/www.pm.pb.gov.br\/portal\/2018\/11\/01\/policia-militar-prende-suspeito-de-assalto-aos-correios-e-recupera-mais-de-r-12-mil\/\",\"name\":\"Pol\u00edcia Militar prende suspeito de assalto aos Correios e recupera mais de R$ 12 mil - Pol\u00edcia Militar da Para\u00edba\",\"isPartOf\":{\"@id\":\"https:\/\/www.pm.pb.gov.br\/portal\/#website\"},\"datePublished\":\"2018-11-01T18:45:52+00:00\",\"dateModified\":\"2018-11-01T18:45:52+00:00\",\"breadcrumb\":{\"@id\":\"https:\/\/www.pm.pb.gov.br\/portal\/2018\/11\/01\/policia-militar-prende-suspeito-de-assalto-aos-correios-e-recupera-mais-de-r-12-mil\/#breadcrumb\"},\"inLanguage\":\"pt-BR\",\"potentialAction\":[{\"@type\":\"ReadAction\",\"target\":[\"https:\/\/www.pm.pb.gov.br\/portal\/2018\/11\/01\/policia-militar-prende-suspeito-de-assalto-aos-correios-e-recupera-mais-de-r-12-mil\/\"]}]},{\"@type\":\"BreadcrumbList\",\"@id\":\"https:\/\/www.pm.pb.gov.br\/portal\/2018\/11\/01\/policia-militar-prende-suspeito-de-assalto-aos-correios-e-recupera-mais-de-r-12-mil\/#breadcrumb\",\"itemListElement\":[{\"@type\":\"ListItem\",\"position\":1,\"name\":\"In\u00edcio\",\"item\":\"https:\/\/www.pm.pb.gov.br\/portal\/\"},{\"@type\":\"ListItem\",\"position\":2,\"name\":\"Pol\u00edcia Militar prende suspeito de assalto aos Correios e recupera mais de R$ 12 mil\"}]},{\"@type\":\"WebSite\",\"@id\":\"https:\/\/www.pm.pb.gov.br\/portal\/#website\",\"url\":\"https:\/\/www.pm.pb.gov.br\/portal\/\",\"name\":\"Pol\u00edcia Militar da Para\u00edba\",\"description\":\"\",\"publisher\":{\"@id\":\"https:\/\/www.pm.pb.gov.br\/portal\/#organization\"},\"potentialAction\":[{\"@type\":\"SearchAction\",\"target\":{\"@type\":\"EntryPoint\",\"urlTemplate\":\"https:\/\/www.pm.pb.gov.br\/portal\/?s={search_term_string}\"},\"query-input\":\"required name=search_term_string\"}],\"inLanguage\":\"pt-BR\"},{\"@type\":\"Organization\",\"@id\":\"https:\/\/www.pm.pb.gov.br\/portal\/#organization\",\"name\":\"Pol\u00edcia Militar da Para\u00edba\",\"url\":\"https:\/\/www.pm.pb.gov.br\/portal\/\",\"logo\":{\"@type\":\"ImageObject\",\"inLanguage\":\"pt-BR\",\"@id\":\"https:\/\/www.pm.pb.gov.br\/portal\/#\/schema\/logo\/image\/\",\"url\":\"https:\/\/www.pm.pb.gov.br\/portal\/wp-content\/uploads\/2025\/03\/cropped-logo-site-mag2-1.png\",\"contentUrl\":\"https:\/\/www.pm.pb.gov.br\/portal\/wp-content\/uploads\/2025\/03\/cropped-logo-site-mag2-1.png\",\"width\":320,\"height\":90,\"caption\":\"Pol\u00edcia Militar da Para\u00edba\"},\"image\":{\"@id\":\"https:\/\/www.pm.pb.gov.br\/portal\/#\/schema\/logo\/image\/\"}},{\"@type\":\"Person\",\"@id\":\"https:\/\/www.pm.pb.gov.br\/portal\/#\/schema\/person\/f84f56dcc78ce4357054da888b8247fd\",\"name\":\"Tarcisio Oliveira\",\"image\":{\"@type\":\"ImageObject\",\"inLanguage\":\"pt-BR\",\"@id\":\"https:\/\/www.pm.pb.gov.br\/portal\/#\/schema\/person\/image\/\",\"url\":\"https:\/\/secure.gravatar.com\/avatar\/72917b630b69d31cd0297507f34bac97?s=96&d=mm&r=g\",\"contentUrl\":\"https:\/\/secure.gravatar.com\/avatar\/72917b630b69d31cd0297507f34bac97?s=96&d=mm&r=g\",\"caption\":\"Tarcisio Oliveira\"},\"url\":\"https:\/\/www.pm.pb.gov.br\/portal\/author\/tarcisio\/\"}]}<\/script>\n<!-- \/ Yoast SEO plugin. -->","yoast_head_json":{"title":"Pol\u00edcia Militar prende suspeito de assalto aos Correios e recupera mais de R$ 12 mil - Pol\u00edcia Militar da Para\u00edba","robots":{"index":"index","follow":"follow","max-snippet":"max-snippet:-1","max-image-preview":"max-image-preview:large","max-video-preview":"max-video-preview:-1"},"canonical":"https:\/\/www.pm.pb.gov.br\/portal\/2018\/11\/01\/policia-militar-prende-suspeito-de-assalto-aos-correios-e-recupera-mais-de-r-12-mil\/","og_locale":"pt_BR","og_type":"article","og_title":"Pol\u00edcia Militar prende suspeito de assalto aos Correios e recupera mais de R$ 12 mil - Pol\u00edcia Militar da Para\u00edba","og_description":"Mais um suspeito de assalto \u00e0 ag\u00eancia dos Correios foi preso em flagrante pela Pol\u00edcia Militar, na tarde dessa quarta-feira","og_url":"https:\/\/www.pm.pb.gov.br\/portal\/2018\/11\/01\/policia-militar-prende-suspeito-de-assalto-aos-correios-e-recupera-mais-de-r-12-mil\/","og_site_name":"Pol\u00edcia Militar da Para\u00edba","article_published_time":"2018-11-01T18:45:52+00:00","og_image":[{"width":800,"height":456,"url":"https:\/\/www.pm.pb.gov.br\/portal\/wp-content\/uploads\/2017\/11\/Foto_Wagner_Varela.jpg","type":"image\/jpeg"}],"author":"Tarcisio Oliveira","twitter_card":"summary_large_image","twitter_misc":{"Escrito por":"Tarcisio Oliveira","Est. tempo de leitura":"1 minuto"},"schema":{"@context":"https:\/\/schema.org","@graph":[{"@type":"Article","@id":"https:\/\/www.pm.pb.gov.br\/portal\/2018\/11\/01\/policia-militar-prende-suspeito-de-assalto-aos-correios-e-recupera-mais-de-r-12-mil\/#article","isPartOf":{"@id":"https:\/\/www.pm.pb.gov.br\/portal\/2018\/11\/01\/policia-militar-prende-suspeito-de-assalto-aos-correios-e-recupera-mais-de-r-12-mil\/"},"author":{"name":"Tarcisio Oliveira","@id":"https:\/\/www.pm.pb.gov.br\/portal\/#\/schema\/person\/f84f56dcc78ce4357054da888b8247fd"},"headline":"Pol\u00edcia Militar prende suspeito de assalto aos Correios e recupera mais de R$ 12 mil","datePublished":"2018-11-01T18:45:52+00:00","dateModified":"2018-11-01T18:45:52+00:00","mainEntityOfPage":{"@id":"https:\/\/www.pm.pb.gov.br\/portal\/2018\/11\/01\/policia-militar-prende-suspeito-de-assalto-aos-correios-e-recupera-mais-de-r-12-mil\/"},"wordCount":284,"publisher":{"@id":"https:\/\/www.pm.pb.gov.br\/portal\/#organization"},"articleSection":["A\u00e7\u00f5es Policiais"],"inLanguage":"pt-BR"},{"@type":"WebPage","@id":"https:\/\/www.pm.pb.gov.br\/portal\/2018\/11\/01\/policia-militar-prende-suspeito-de-assalto-aos-correios-e-recupera-mais-de-r-12-mil\/","url":"https:\/\/www.pm.pb.gov.br\/portal\/2018\/11\/01\/policia-militar-prende-suspeito-de-assalto-aos-correios-e-recupera-mais-de-r-12-mil\/","name":"Pol\u00edcia Militar prende suspeito de assalto aos Correios e recupera mais de R$ 12 mil - Pol\u00edcia Militar da Para\u00edba","isPartOf":{"@id":"https:\/\/www.pm.pb.gov.br\/portal\/#website"},"datePublished":"2018-11-01T18:45:52+00:00","dateModified":"2018-11-01T18:45:52+00:00","breadcrumb":{"@id":"https:\/\/www.pm.pb.gov.br\/portal\/2018\/11\/01\/policia-militar-prende-suspeito-de-assalto-aos-correios-e-recupera-mais-de-r-12-mil\/#breadcrumb"},"inLanguage":"pt-BR","potentialAction":[{"@type":"ReadAction","target":["https:\/\/www.pm.pb.gov.br\/portal\/2018\/11\/01\/policia-militar-prende-suspeito-de-assalto-aos-correios-e-recupera-mais-de-r-12-mil\/"]}]},{"@type":"BreadcrumbList","@id":"https:\/\/www.pm.pb.gov.br\/portal\/2018\/11\/01\/policia-militar-prende-suspeito-de-assalto-aos-correios-e-recupera-mais-de-r-12-mil\/#breadcrumb","itemListElement":[{"@type":"ListItem","position":1,"name":"In\u00edcio","item":"https:\/\/www.pm.pb.gov.br\/portal\/"},{"@type":"ListItem","position":2,"name":"Pol\u00edcia Militar prende suspeito de assalto aos Correios e recupera mais de R$ 12 mil"}]},{"@type":"WebSite","@id":"https:\/\/www.pm.pb.gov.br\/portal\/#website","url":"https:\/\/www.pm.pb.gov.br\/portal\/","name":"Pol\u00edcia Militar da Para\u00edba","description":"","publisher":{"@id":"https:\/\/www.pm.pb.gov.br\/portal\/#organization"},"potentialAction":[{"@type":"SearchAction","target":{"@type":"EntryPoint","urlTemplate":"https:\/\/www.pm.pb.gov.br\/portal\/?s={search_term_string}"},"query-input":"required name=search_term_string"}],"inLanguage":"pt-BR"},{"@type":"Organization","@id":"https:\/\/www.pm.pb.gov.br\/portal\/#organization","name":"Pol\u00edcia Militar da Para\u00edba","url":"https:\/\/www.pm.pb.gov.br\/portal\/","logo":{"@type":"ImageObject","inLanguage":"pt-BR","@id":"https:\/\/www.pm.pb.gov.br\/portal\/#\/schema\/logo\/image\/","url":"https:\/\/www.pm.pb.gov.br\/portal\/wp-content\/uploads\/2025\/03\/cropped-logo-site-mag2-1.png","contentUrl":"https:\/\/www.pm.pb.gov.br\/portal\/wp-content\/uploads\/2025\/03\/cropped-logo-site-mag2-1.png","width":320,"height":90,"caption":"Pol\u00edcia Militar da Para\u00edba"},"image":{"@id":"https:\/\/www.pm.pb.gov.br\/portal\/#\/schema\/logo\/image\/"}},{"@type":"Person","@id":"https:\/\/www.pm.pb.gov.br\/portal\/#\/schema\/person\/f84f56dcc78ce4357054da888b8247fd","name":"Tarcisio Oliveira","image":{"@type":"ImageObject","inLanguage":"pt-BR","@id":"https:\/\/www.pm.pb.gov.br\/portal\/#\/schema\/person\/image\/","url":"https:\/\/secure.gravatar.com\/avatar\/72917b630b69d31cd0297507f34bac97?s=96&d=mm&r=g","contentUrl":"https:\/\/secure.gravatar.com\/avatar\/72917b630b69d31cd0297507f34bac97?s=96&d=mm&r=g","caption":"Tarcisio Oliveira"},"url":"https:\/\/www.pm.pb.gov.br\/portal\/author\/tarcisio\/"}]}},"_links":{"self":[{"href":"https:\/\/www.pm.pb.gov.br\/portal\/wp-json\/wp\/v2\/posts\/899161"}],"collection":[{"href":"https:\/\/www.pm.pb.gov.br\/portal\/wp-json\/wp\/v2\/posts"}],"about":[{"href":"https:\/\/www.pm.pb.gov.br\/portal\/wp-json\/wp\/v2\/types\/post"}],"author":[{"embeddable":true,"href":"https:\/\/www.pm.pb.gov.br\/portal\/wp-json\/wp\/v2\/users\/12"}],"replies":[{"embeddable":true,"href":"https:\/\/www.pm.pb.gov.br\/portal\/wp-json\/wp\/v2\/comments?post=899161"}],"version-history":[{"count":2,"href":"https:\/\/www.pm.pb.gov.br\/portal\/wp-json\/wp\/v2\/posts\/899161\/revisions"}],"predecessor-version":[{"id":899164,"href":"https:\/\/www.pm.pb.gov.br\/portal\/wp-json\/wp\/v2\/posts\/899161\/revisions\/899164"}],"wp:featuredmedia":[{"embeddable":true,"href":"https:\/\/www.pm.pb.gov.br\/portal\/wp-json\/wp\/v2\/media\/896136"}],"wp:attachment":[{"href":"https:\/\/www.pm.pb.gov.br\/portal\/wp-json\/wp\/v2\/media?parent=899161"}],"wp:term":[{"taxonomy":"category","embeddable":true,"href":"https:\/\/www.pm.pb.gov.br\/portal\/wp-json\/wp\/v2\/categories?post=899161"},{"taxonomy":"post_tag","embeddable":true,"href":"https:\/\/www.pm.pb.gov.br\/portal\/wp-json\/wp\/v2\/tags?post=899161"}],"curies":[{"name":"wp","href":"https:\/\/api.w.org\/{rel}","templated":true}]}}