{"id":899151,"date":"2018-10-31T17:43:27","date_gmt":"2018-10-31T20:43:27","guid":{"rendered":"http:\/\/www.pm.pb.gov.br\/portal\/?p=899151"},"modified":"2018-11-05T09:06:19","modified_gmt":"2018-11-05T12:06:19","slug":"policial-militar-torna-se-pos-doutor-em-instituicao-federal-na-paraiba","status":"publish","type":"post","link":"https:\/\/www.pm.pb.gov.br\/portal\/2018\/10\/31\/policial-militar-torna-se-pos-doutor-em-instituicao-federal-na-paraiba\/","title":{"rendered":"Policial Militar torna-se p\u00f3s-Doutor em institui\u00e7\u00e3o federal na Para\u00edba"},"content":{"rendered":"<p style=\"text-align: justify;\">Ap\u00f3s um ano de estudos junto ao N\u00facleo de Cidadania e Direitos Humanos da Universidade Federal da Para\u00edba, o capit\u00e3o da Pol\u00edcia Militar da Para\u00edba, F\u00e1bio Gomes de Fran\u00e7a, torna-se p\u00f3s-doutor, estreitando ainda mais o di\u00e1logo entre a universidade, a PMPB e os policiais. O oficial est\u00e1 lotado atualmente no Centro de Educa\u00e7\u00e3o da PM, atuando na \u00e1rea de ensino da corpora\u00e7\u00e3o desde 2007.<\/p>\n<p style=\"text-align: justify;\">Com forma\u00e7\u00e3o consolidada em Sociologia \u2013 mestrado e doutorado -, o capit\u00e3o F\u00e1bio Fran\u00e7a passou o seu p\u00f3s-doutorado em diversas atividades de ensino e pesquisa na UFPB, atuando como professor em disciplina, participando de congressos e de banca de mestrado e mesa-redonda. O estudioso, que j\u00e1 tem dezenas de trabalhos publicados em diversos peri\u00f3dicos acad\u00eamicos, semin\u00e1rios, congressos, vem se dedicado desde 2010 ao estudo da Seguran\u00e7a P\u00fablica, Direitos Humanos, Criminologia, e Sociologia da Viol\u00eancia.<\/p>\n<p style=\"text-align: justify;\">Segundo o capit\u00e3o, o fato dele ter conclu\u00eddo o p\u00f3s-doutorado na UFPB, mostra a aproxima\u00e7\u00e3o entre a Universidade e as institui\u00e7\u00f5es de seguran\u00e7a, em especial, a Pol\u00edcia Militar. \u201cDesde o mestrado, venho estudando a tem\u00e1tica da seguran\u00e7a p\u00fablica, o que possibilitou o amadurecimento neste campo, favorecendo o di\u00e1logo entre discentes e docentes da Universidade, e a corpora\u00e7\u00e3o policial militar. A inten\u00e7\u00e3o foi n\u00e3o s\u00f3 me aperfei\u00e7oar, como tamb\u00e9m estar preparado para ajudar a institui\u00e7\u00e3o nesse sentido, fomentando e amadurecendo o campo de pesquisa na \u00e1rea da seguran\u00e7a p\u00fablica e da Pol\u00edcia Militar\u201d, explicou o oficial.<\/p>\n<p style=\"text-align: justify;\">O capit\u00e3o F\u00e1bio Fran\u00e7a est\u00e1 lotado no Centro de Educa\u00e7\u00e3o da PM, que \u00e9 o \u00f3rg\u00e3o que tem como finalidade a gest\u00e3o da pol\u00edtica educacional da corpora\u00e7\u00e3o por meio do planejamento, supervis\u00e3o, coordena\u00e7\u00e3o, fiscaliza\u00e7\u00e3o, controle e execu\u00e7\u00e3o das atividades de ensino, treinamento e pesquisa de policiais da Para\u00edba e tamb\u00e9m de outros estados. De 2011 \u00e0 2017, foram 22 cursos de forma\u00e7\u00e3o realizados, resultando em mais de 4500 policiais formados.<\/p>\n<p style=\"text-align: justify;\">O p\u00f3s-doutorado do oficial teve supervis\u00e3o da professora doutora Luziana Ramalho Ribeiro. O pr\u00f3prio capit\u00e3o F\u00e1bio Fran\u00e7a foi orientador em dezenas de trabalhos acad\u00eamicos desenvolvidos por policiais militares da Para\u00edba e de outros estados, em cursos da corpora\u00e7\u00e3o ou civis.<\/p>\n","protected":false},"excerpt":{"rendered":"<p>Ap\u00f3s um ano de estudos junto ao N\u00facleo de Cidadania e Direitos Humanos da Universidade Federal da Para\u00edba, o capit\u00e3o<\/p>\n","protected":false},"author":12,"featured_media":899153,"comment_status":"closed","ping_status":"closed","sticky":false,"template":"","format":"standard","meta":{"_exactmetrics_skip_tracking":false,"_exactmetrics_sitenote_active":false,"_exactmetrics_sitenote_note":"","_exactmetrics_sitenote_category":0,"footnotes":""},"categories":[21],"tags":[],"yoast_head":"<!-- This site is optimized with the Yoast SEO plugin v22.0 - https:\/\/yoast.com\/wordpress\/plugins\/seo\/ -->\n<title>Policial Militar torna-se p\u00f3s-Doutor em institui\u00e7\u00e3o federal na Para\u00edba - Pol\u00edcia Militar da Para\u00edba<\/title>\n<meta name=\"robots\" content=\"index, follow, max-snippet:-1, max-image-preview:large, max-video-preview:-1\" \/>\n<link rel=\"canonical\" href=\"https:\/\/www.pm.pb.gov.br\/portal\/2018\/10\/31\/policial-militar-torna-se-pos-doutor-em-instituicao-federal-na-paraiba\/\" \/>\n<meta property=\"og:locale\" content=\"pt_BR\" \/>\n<meta property=\"og:type\" content=\"article\" \/>\n<meta property=\"og:title\" content=\"Policial Militar torna-se p\u00f3s-Doutor em institui\u00e7\u00e3o federal na Para\u00edba - Pol\u00edcia Militar da Para\u00edba\" \/>\n<meta property=\"og:description\" content=\"Ap\u00f3s um ano de estudos junto ao N\u00facleo de Cidadania e Direitos Humanos da Universidade Federal da Para\u00edba, o capit\u00e3o\" \/>\n<meta property=\"og:url\" content=\"https:\/\/www.pm.pb.gov.br\/portal\/2018\/10\/31\/policial-militar-torna-se-pos-doutor-em-instituicao-federal-na-paraiba\/\" \/>\n<meta property=\"og:site_name\" content=\"Pol\u00edcia Militar da Para\u00edba\" \/>\n<meta property=\"article:published_time\" content=\"2018-10-31T20:43:27+00:00\" \/>\n<meta property=\"article:modified_time\" content=\"2018-11-05T12:06:19+00:00\" \/>\n<meta property=\"og:image\" content=\"https:\/\/www.pm.pb.gov.br\/portal\/wp-content\/uploads\/2018\/10\/WhatsApp-Image-2018-10-31-at-15.33.17.jpeg\" \/>\n\t<meta property=\"og:image:width\" content=\"960\" \/>\n\t<meta property=\"og:image:height\" content=\"1280\" \/>\n\t<meta property=\"og:image:type\" content=\"image\/jpeg\" \/>\n<meta name=\"author\" content=\"Tarcisio Oliveira\" \/>\n<meta name=\"twitter:card\" content=\"summary_large_image\" \/>\n<meta name=\"twitter:label1\" content=\"Escrito por\" \/>\n\t<meta name=\"twitter:data1\" content=\"Tarcisio Oliveira\" \/>\n\t<meta name=\"twitter:label2\" content=\"Est. tempo de leitura\" \/>\n\t<meta name=\"twitter:data2\" content=\"2 minutos\" \/>\n<script type=\"application\/ld+json\" class=\"yoast-schema-graph\">{\"@context\":\"https:\/\/schema.org\",\"@graph\":[{\"@type\":\"Article\",\"@id\":\"https:\/\/www.pm.pb.gov.br\/portal\/2018\/10\/31\/policial-militar-torna-se-pos-doutor-em-instituicao-federal-na-paraiba\/#article\",\"isPartOf\":{\"@id\":\"https:\/\/www.pm.pb.gov.br\/portal\/2018\/10\/31\/policial-militar-torna-se-pos-doutor-em-instituicao-federal-na-paraiba\/\"},\"author\":{\"name\":\"Tarcisio Oliveira\",\"@id\":\"https:\/\/www.pm.pb.gov.br\/portal\/#\/schema\/person\/f84f56dcc78ce4357054da888b8247fd\"},\"headline\":\"Policial Militar torna-se p\u00f3s-Doutor em institui\u00e7\u00e3o federal na Para\u00edba\",\"datePublished\":\"2018-10-31T20:43:27+00:00\",\"dateModified\":\"2018-11-05T12:06:19+00:00\",\"mainEntityOfPage\":{\"@id\":\"https:\/\/www.pm.pb.gov.br\/portal\/2018\/10\/31\/policial-militar-torna-se-pos-doutor-em-instituicao-federal-na-paraiba\/\"},\"wordCount\":413,\"publisher\":{\"@id\":\"https:\/\/www.pm.pb.gov.br\/portal\/#organization\"},\"articleSection\":[\"Not\u00edcia\"],\"inLanguage\":\"pt-BR\"},{\"@type\":\"WebPage\",\"@id\":\"https:\/\/www.pm.pb.gov.br\/portal\/2018\/10\/31\/policial-militar-torna-se-pos-doutor-em-instituicao-federal-na-paraiba\/\",\"url\":\"https:\/\/www.pm.pb.gov.br\/portal\/2018\/10\/31\/policial-militar-torna-se-pos-doutor-em-instituicao-federal-na-paraiba\/\",\"name\":\"Policial Militar torna-se p\u00f3s-Doutor em institui\u00e7\u00e3o federal na Para\u00edba - Pol\u00edcia Militar da Para\u00edba\",\"isPartOf\":{\"@id\":\"https:\/\/www.pm.pb.gov.br\/portal\/#website\"},\"datePublished\":\"2018-10-31T20:43:27+00:00\",\"dateModified\":\"2018-11-05T12:06:19+00:00\",\"breadcrumb\":{\"@id\":\"https:\/\/www.pm.pb.gov.br\/portal\/2018\/10\/31\/policial-militar-torna-se-pos-doutor-em-instituicao-federal-na-paraiba\/#breadcrumb\"},\"inLanguage\":\"pt-BR\",\"potentialAction\":[{\"@type\":\"ReadAction\",\"target\":[\"https:\/\/www.pm.pb.gov.br\/portal\/2018\/10\/31\/policial-militar-torna-se-pos-doutor-em-instituicao-federal-na-paraiba\/\"]}]},{\"@type\":\"BreadcrumbList\",\"@id\":\"https:\/\/www.pm.pb.gov.br\/portal\/2018\/10\/31\/policial-militar-torna-se-pos-doutor-em-instituicao-federal-na-paraiba\/#breadcrumb\",\"itemListElement\":[{\"@type\":\"ListItem\",\"position\":1,\"name\":\"In\u00edcio\",\"item\":\"https:\/\/www.pm.pb.gov.br\/portal\/\"},{\"@type\":\"ListItem\",\"position\":2,\"name\":\"Policial Militar torna-se p\u00f3s-Doutor em institui\u00e7\u00e3o federal na Para\u00edba\"}]},{\"@type\":\"WebSite\",\"@id\":\"https:\/\/www.pm.pb.gov.br\/portal\/#website\",\"url\":\"https:\/\/www.pm.pb.gov.br\/portal\/\",\"name\":\"Pol\u00edcia Militar da Para\u00edba\",\"description\":\"\",\"publisher\":{\"@id\":\"https:\/\/www.pm.pb.gov.br\/portal\/#organization\"},\"potentialAction\":[{\"@type\":\"SearchAction\",\"target\":{\"@type\":\"EntryPoint\",\"urlTemplate\":\"https:\/\/www.pm.pb.gov.br\/portal\/?s={search_term_string}\"},\"query-input\":\"required name=search_term_string\"}],\"inLanguage\":\"pt-BR\"},{\"@type\":\"Organization\",\"@id\":\"https:\/\/www.pm.pb.gov.br\/portal\/#organization\",\"name\":\"Pol\u00edcia Militar da Para\u00edba\",\"url\":\"https:\/\/www.pm.pb.gov.br\/portal\/\",\"logo\":{\"@type\":\"ImageObject\",\"inLanguage\":\"pt-BR\",\"@id\":\"https:\/\/www.pm.pb.gov.br\/portal\/#\/schema\/logo\/image\/\",\"url\":\"https:\/\/www.pm.pb.gov.br\/portal\/wp-content\/uploads\/2025\/03\/cropped-logo-site-mag2-1.png\",\"contentUrl\":\"https:\/\/www.pm.pb.gov.br\/portal\/wp-content\/uploads\/2025\/03\/cropped-logo-site-mag2-1.png\",\"width\":320,\"height\":90,\"caption\":\"Pol\u00edcia Militar da Para\u00edba\"},\"image\":{\"@id\":\"https:\/\/www.pm.pb.gov.br\/portal\/#\/schema\/logo\/image\/\"}},{\"@type\":\"Person\",\"@id\":\"https:\/\/www.pm.pb.gov.br\/portal\/#\/schema\/person\/f84f56dcc78ce4357054da888b8247fd\",\"name\":\"Tarcisio Oliveira\",\"image\":{\"@type\":\"ImageObject\",\"inLanguage\":\"pt-BR\",\"@id\":\"https:\/\/www.pm.pb.gov.br\/portal\/#\/schema\/person\/image\/\",\"url\":\"https:\/\/secure.gravatar.com\/avatar\/72917b630b69d31cd0297507f34bac97?s=96&d=mm&r=g\",\"contentUrl\":\"https:\/\/secure.gravatar.com\/avatar\/72917b630b69d31cd0297507f34bac97?s=96&d=mm&r=g\",\"caption\":\"Tarcisio Oliveira\"},\"url\":\"https:\/\/www.pm.pb.gov.br\/portal\/author\/tarcisio\/\"}]}<\/script>\n<!-- \/ Yoast SEO plugin. -->","yoast_head_json":{"title":"Policial Militar torna-se p\u00f3s-Doutor em institui\u00e7\u00e3o federal na Para\u00edba - Pol\u00edcia Militar da Para\u00edba","robots":{"index":"index","follow":"follow","max-snippet":"max-snippet:-1","max-image-preview":"max-image-preview:large","max-video-preview":"max-video-preview:-1"},"canonical":"https:\/\/www.pm.pb.gov.br\/portal\/2018\/10\/31\/policial-militar-torna-se-pos-doutor-em-instituicao-federal-na-paraiba\/","og_locale":"pt_BR","og_type":"article","og_title":"Policial Militar torna-se p\u00f3s-Doutor em institui\u00e7\u00e3o federal na Para\u00edba - Pol\u00edcia Militar da Para\u00edba","og_description":"Ap\u00f3s um ano de estudos junto ao N\u00facleo de Cidadania e Direitos Humanos da Universidade Federal da Para\u00edba, o capit\u00e3o","og_url":"https:\/\/www.pm.pb.gov.br\/portal\/2018\/10\/31\/policial-militar-torna-se-pos-doutor-em-instituicao-federal-na-paraiba\/","og_site_name":"Pol\u00edcia Militar da Para\u00edba","article_published_time":"2018-10-31T20:43:27+00:00","article_modified_time":"2018-11-05T12:06:19+00:00","og_image":[{"width":960,"height":1280,"url":"https:\/\/www.pm.pb.gov.br\/portal\/wp-content\/uploads\/2018\/10\/WhatsApp-Image-2018-10-31-at-15.33.17.jpeg","type":"image\/jpeg"}],"author":"Tarcisio Oliveira","twitter_card":"summary_large_image","twitter_misc":{"Escrito por":"Tarcisio Oliveira","Est. tempo de leitura":"2 minutos"},"schema":{"@context":"https:\/\/schema.org","@graph":[{"@type":"Article","@id":"https:\/\/www.pm.pb.gov.br\/portal\/2018\/10\/31\/policial-militar-torna-se-pos-doutor-em-instituicao-federal-na-paraiba\/#article","isPartOf":{"@id":"https:\/\/www.pm.pb.gov.br\/portal\/2018\/10\/31\/policial-militar-torna-se-pos-doutor-em-instituicao-federal-na-paraiba\/"},"author":{"name":"Tarcisio Oliveira","@id":"https:\/\/www.pm.pb.gov.br\/portal\/#\/schema\/person\/f84f56dcc78ce4357054da888b8247fd"},"headline":"Policial Militar torna-se p\u00f3s-Doutor em institui\u00e7\u00e3o federal na Para\u00edba","datePublished":"2018-10-31T20:43:27+00:00","dateModified":"2018-11-05T12:06:19+00:00","mainEntityOfPage":{"@id":"https:\/\/www.pm.pb.gov.br\/portal\/2018\/10\/31\/policial-militar-torna-se-pos-doutor-em-instituicao-federal-na-paraiba\/"},"wordCount":413,"publisher":{"@id":"https:\/\/www.pm.pb.gov.br\/portal\/#organization"},"articleSection":["Not\u00edcia"],"inLanguage":"pt-BR"},{"@type":"WebPage","@id":"https:\/\/www.pm.pb.gov.br\/portal\/2018\/10\/31\/policial-militar-torna-se-pos-doutor-em-instituicao-federal-na-paraiba\/","url":"https:\/\/www.pm.pb.gov.br\/portal\/2018\/10\/31\/policial-militar-torna-se-pos-doutor-em-instituicao-federal-na-paraiba\/","name":"Policial Militar torna-se p\u00f3s-Doutor em institui\u00e7\u00e3o federal na Para\u00edba - Pol\u00edcia Militar da Para\u00edba","isPartOf":{"@id":"https:\/\/www.pm.pb.gov.br\/portal\/#website"},"datePublished":"2018-10-31T20:43:27+00:00","dateModified":"2018-11-05T12:06:19+00:00","breadcrumb":{"@id":"https:\/\/www.pm.pb.gov.br\/portal\/2018\/10\/31\/policial-militar-torna-se-pos-doutor-em-instituicao-federal-na-paraiba\/#breadcrumb"},"inLanguage":"pt-BR","potentialAction":[{"@type":"ReadAction","target":["https:\/\/www.pm.pb.gov.br\/portal\/2018\/10\/31\/policial-militar-torna-se-pos-doutor-em-instituicao-federal-na-paraiba\/"]}]},{"@type":"BreadcrumbList","@id":"https:\/\/www.pm.pb.gov.br\/portal\/2018\/10\/31\/policial-militar-torna-se-pos-doutor-em-instituicao-federal-na-paraiba\/#breadcrumb","itemListElement":[{"@type":"ListItem","position":1,"name":"In\u00edcio","item":"https:\/\/www.pm.pb.gov.br\/portal\/"},{"@type":"ListItem","position":2,"name":"Policial Militar torna-se p\u00f3s-Doutor em institui\u00e7\u00e3o federal na Para\u00edba"}]},{"@type":"WebSite","@id":"https:\/\/www.pm.pb.gov.br\/portal\/#website","url":"https:\/\/www.pm.pb.gov.br\/portal\/","name":"Pol\u00edcia Militar da Para\u00edba","description":"","publisher":{"@id":"https:\/\/www.pm.pb.gov.br\/portal\/#organization"},"potentialAction":[{"@type":"SearchAction","target":{"@type":"EntryPoint","urlTemplate":"https:\/\/www.pm.pb.gov.br\/portal\/?s={search_term_string}"},"query-input":"required name=search_term_string"}],"inLanguage":"pt-BR"},{"@type":"Organization","@id":"https:\/\/www.pm.pb.gov.br\/portal\/#organization","name":"Pol\u00edcia Militar da Para\u00edba","url":"https:\/\/www.pm.pb.gov.br\/portal\/","logo":{"@type":"ImageObject","inLanguage":"pt-BR","@id":"https:\/\/www.pm.pb.gov.br\/portal\/#\/schema\/logo\/image\/","url":"https:\/\/www.pm.pb.gov.br\/portal\/wp-content\/uploads\/2025\/03\/cropped-logo-site-mag2-1.png","contentUrl":"https:\/\/www.pm.pb.gov.br\/portal\/wp-content\/uploads\/2025\/03\/cropped-logo-site-mag2-1.png","width":320,"height":90,"caption":"Pol\u00edcia Militar da Para\u00edba"},"image":{"@id":"https:\/\/www.pm.pb.gov.br\/portal\/#\/schema\/logo\/image\/"}},{"@type":"Person","@id":"https:\/\/www.pm.pb.gov.br\/portal\/#\/schema\/person\/f84f56dcc78ce4357054da888b8247fd","name":"Tarcisio Oliveira","image":{"@type":"ImageObject","inLanguage":"pt-BR","@id":"https:\/\/www.pm.pb.gov.br\/portal\/#\/schema\/person\/image\/","url":"https:\/\/secure.gravatar.com\/avatar\/72917b630b69d31cd0297507f34bac97?s=96&d=mm&r=g","contentUrl":"https:\/\/secure.gravatar.com\/avatar\/72917b630b69d31cd0297507f34bac97?s=96&d=mm&r=g","caption":"Tarcisio Oliveira"},"url":"https:\/\/www.pm.pb.gov.br\/portal\/author\/tarcisio\/"}]}},"_links":{"self":[{"href":"https:\/\/www.pm.pb.gov.br\/portal\/wp-json\/wp\/v2\/posts\/899151"}],"collection":[{"href":"https:\/\/www.pm.pb.gov.br\/portal\/wp-json\/wp\/v2\/posts"}],"about":[{"href":"https:\/\/www.pm.pb.gov.br\/portal\/wp-json\/wp\/v2\/types\/post"}],"author":[{"embeddable":true,"href":"https:\/\/www.pm.pb.gov.br\/portal\/wp-json\/wp\/v2\/users\/12"}],"replies":[{"embeddable":true,"href":"https:\/\/www.pm.pb.gov.br\/portal\/wp-json\/wp\/v2\/comments?post=899151"}],"version-history":[{"count":2,"href":"https:\/\/www.pm.pb.gov.br\/portal\/wp-json\/wp\/v2\/posts\/899151\/revisions"}],"predecessor-version":[{"id":899154,"href":"https:\/\/www.pm.pb.gov.br\/portal\/wp-json\/wp\/v2\/posts\/899151\/revisions\/899154"}],"wp:featuredmedia":[{"embeddable":true,"href":"https:\/\/www.pm.pb.gov.br\/portal\/wp-json\/wp\/v2\/media\/899153"}],"wp:attachment":[{"href":"https:\/\/www.pm.pb.gov.br\/portal\/wp-json\/wp\/v2\/media?parent=899151"}],"wp:term":[{"taxonomy":"category","embeddable":true,"href":"https:\/\/www.pm.pb.gov.br\/portal\/wp-json\/wp\/v2\/categories?post=899151"},{"taxonomy":"post_tag","embeddable":true,"href":"https:\/\/www.pm.pb.gov.br\/portal\/wp-json\/wp\/v2\/tags?post=899151"}],"curies":[{"name":"wp","href":"https:\/\/api.w.org\/{rel}","templated":true}]}}