{"id":899146,"date":"2018-10-30T17:00:30","date_gmt":"2018-10-30T20:00:30","guid":{"rendered":"http:\/\/www.pm.pb.gov.br\/portal\/?p=899146"},"modified":"2018-10-31T21:51:22","modified_gmt":"2018-11-01T00:51:22","slug":"reuniao-encerra-operacao-voto-seguro-e-comando-geral-avalia-acoes","status":"publish","type":"post","link":"https:\/\/www.pm.pb.gov.br\/portal\/2018\/10\/30\/reuniao-encerra-operacao-voto-seguro-e-comando-geral-avalia-acoes\/","title":{"rendered":"Reuni\u00e3o encerra \u201cOpera\u00e7\u00e3o Voto Seguro\u201d e Comando-Geral avalia a\u00e7\u00f5es"},"content":{"rendered":"<p style=\"text-align: justify;\">Uma reuni\u00e3o fechou oficialmente as a\u00e7\u00f5es da Opera\u00e7\u00e3o Voto Seguro, realizada pela Pol\u00edcia Militar, durante os dois turnos da elei\u00e7\u00e3o neste m\u00eas de outubro na Para\u00edba. Na ocasi\u00e3o, o comandante-geral da PM, coronel Euller Chaves, avaliou a atua\u00e7\u00e3o da corpora\u00e7\u00e3o que, desde o planejamento estrat\u00e9gico, atua\u00e7\u00e3o em eventos p\u00fablicos, embarque e deslocamento do efetivo, e festividades ap\u00f3s o resultado do pleito, trabalhou pela manuten\u00e7\u00e3o da ordem p\u00fablica e garantia da paz. A avalia\u00e7\u00e3o aconteceu no fim da manh\u00e3 desta ter\u00e7a-feira (30), no Comando Geral da PM.<\/p>\n<p style=\"text-align: justify;\">No primeiro turno foram realizados 122 acionamentos para ocorr\u00eancias de natureza eleitoral, da quarta-feira (3) at\u00e9 o domingo (7), sendo que em 62 casos foram constatados ind\u00edcios de crime. No per\u00edodo, 77 pessoas foram conduzidas at\u00e9 as delegacias ou apresentadas na Justi\u00e7a eleitoral. O dia do pleito foi o que mais teve ocorr\u00eancias constatadas, com 47 no total, e 64 conduzidos at\u00e9 \u00e0s 21h. Entre as principais naturezas das ocorr\u00eancias no geral, estavam a tentativa de compra de votos, propaganda irregular e transporte de eleitores.<\/p>\n<p style=\"text-align: justify;\">J\u00e1 no segundo turno, foram 37 acionamentos, que resultaram na condu\u00e7\u00e3o de 16 pessoas, sendo 12 no domingo, at\u00e9 \u00e0s 19h. Nos dias 26 e 27, foram 50 eventos p\u00fablicos em que a Pol\u00edcia Militar esteve presente. Para os eventos p\u00f3s-vota\u00e7\u00e3o, cerca de 1700 policiais foram empregados em todo o estado, no \u00faltimo domingo.<\/p>\n<p style=\"text-align: justify;\">Geral &#8211; A atua\u00e7\u00e3o da PM aconteceu nos 223 munic\u00edpios paraibanos, em mais de 1750 locais de vota\u00e7\u00e3o, realizando policiamento ostensivo e preventivo para os mais de dois milh\u00f5es e oitocentos mil eleitores aptos ao voto, segundo dados do Tribunal Regional Eleitoral. A corpora\u00e7\u00e3o trabalhou junto com outras for\u00e7as de seguran\u00e7a, que atuaram de forma integrada atrav\u00e9s dos Centros de Comando e Controle, instalados pelo TRE em Jo\u00e3o Pessoa, Campina Grande e Patos.<\/p>\n<p style=\"text-align: justify;\">\u201cTudo isso demonstra o profissionalismo, a aten\u00e7\u00e3o e o esfor\u00e7o da Pol\u00edcia Militar, para garantir aos eleitores e a popula\u00e7\u00e3o em geral, o exerc\u00edcio dos seus direitos da maneira mais tranquila poss\u00edvel, nesses dois turnos da elei\u00e7\u00e3o. O trabalho integrado com outras for\u00e7as, o planejamento estrat\u00e9gico, a disponibiliza\u00e7\u00e3o de recursos log\u00edsticos e de tecnologia, proporcionaram ao policial militar e \u00e0 nossa corpora\u00e7\u00e3o um trabalho mais eficiente na garantia da ordem e da tranquilidade p\u00fablica\u201d, afirmou o coronel Euller.<\/p>\n<p style=\"text-align: justify;\">Outras a\u00e7\u00f5es \u2013 Ainda nesta semana, a Pol\u00edcia Militar termina o planejamento e realiza duas outras Opera\u00e7\u00f5es, que acontecer\u00e3o em todo o estado: Eternidade, que acontece na pr\u00f3xima sexta-feira (2), e a Opera\u00e7\u00e3o Enem, a ser realizada nos pr\u00f3ximos domingos.<\/p>\n","protected":false},"excerpt":{"rendered":"<p>Uma reuni\u00e3o fechou oficialmente as a\u00e7\u00f5es da Opera\u00e7\u00e3o Voto Seguro, realizada pela Pol\u00edcia Militar, durante os dois turnos da elei\u00e7\u00e3o<\/p>\n","protected":false},"author":15,"featured_media":899147,"comment_status":"closed","ping_status":"closed","sticky":false,"template":"","format":"standard","meta":{"_exactmetrics_skip_tracking":false,"_exactmetrics_sitenote_active":false,"_exactmetrics_sitenote_note":"","_exactmetrics_sitenote_category":0,"footnotes":""},"categories":[4],"tags":[],"yoast_head":"<!-- This site is optimized with the Yoast SEO plugin v22.0 - https:\/\/yoast.com\/wordpress\/plugins\/seo\/ -->\n<title>Reuni\u00e3o encerra \u201cOpera\u00e7\u00e3o Voto Seguro\u201d e Comando-Geral avalia a\u00e7\u00f5es - Pol\u00edcia Militar da Para\u00edba<\/title>\n<meta name=\"robots\" content=\"index, follow, max-snippet:-1, max-image-preview:large, max-video-preview:-1\" \/>\n<link rel=\"canonical\" href=\"https:\/\/www.pm.pb.gov.br\/portal\/2018\/10\/30\/reuniao-encerra-operacao-voto-seguro-e-comando-geral-avalia-acoes\/\" \/>\n<meta property=\"og:locale\" content=\"pt_BR\" \/>\n<meta property=\"og:type\" content=\"article\" \/>\n<meta property=\"og:title\" content=\"Reuni\u00e3o encerra \u201cOpera\u00e7\u00e3o Voto Seguro\u201d e Comando-Geral avalia a\u00e7\u00f5es - Pol\u00edcia Militar da Para\u00edba\" \/>\n<meta property=\"og:description\" content=\"Uma reuni\u00e3o fechou oficialmente as a\u00e7\u00f5es da Opera\u00e7\u00e3o Voto Seguro, realizada pela Pol\u00edcia Militar, durante os dois turnos da elei\u00e7\u00e3o\" \/>\n<meta property=\"og:url\" content=\"https:\/\/www.pm.pb.gov.br\/portal\/2018\/10\/30\/reuniao-encerra-operacao-voto-seguro-e-comando-geral-avalia-acoes\/\" \/>\n<meta property=\"og:site_name\" content=\"Pol\u00edcia Militar da Para\u00edba\" \/>\n<meta property=\"article:published_time\" content=\"2018-10-30T20:00:30+00:00\" \/>\n<meta property=\"article:modified_time\" content=\"2018-11-01T00:51:22+00:00\" \/>\n<meta property=\"og:image\" content=\"https:\/\/www.pm.pb.gov.br\/portal\/wp-content\/uploads\/2018\/10\/WhatsApp-Image-2018-10-30-at-16.54.33.jpeg\" \/>\n\t<meta property=\"og:image:width\" content=\"978\" \/>\n\t<meta property=\"og:image:height\" content=\"853\" \/>\n\t<meta property=\"og:image:type\" content=\"image\/jpeg\" \/>\n<meta name=\"author\" content=\"Marcio Gomes dos Santos\" \/>\n<meta name=\"twitter:card\" content=\"summary_large_image\" \/>\n<meta name=\"twitter:label1\" content=\"Escrito por\" \/>\n\t<meta name=\"twitter:data1\" content=\"Marcio Gomes dos Santos\" \/>\n\t<meta name=\"twitter:label2\" content=\"Est. tempo de leitura\" \/>\n\t<meta name=\"twitter:data2\" content=\"2 minutos\" \/>\n<script type=\"application\/ld+json\" class=\"yoast-schema-graph\">{\"@context\":\"https:\/\/schema.org\",\"@graph\":[{\"@type\":\"Article\",\"@id\":\"https:\/\/www.pm.pb.gov.br\/portal\/2018\/10\/30\/reuniao-encerra-operacao-voto-seguro-e-comando-geral-avalia-acoes\/#article\",\"isPartOf\":{\"@id\":\"https:\/\/www.pm.pb.gov.br\/portal\/2018\/10\/30\/reuniao-encerra-operacao-voto-seguro-e-comando-geral-avalia-acoes\/\"},\"author\":{\"name\":\"Marcio Gomes dos Santos\",\"@id\":\"https:\/\/www.pm.pb.gov.br\/portal\/#\/schema\/person\/30d571652b38533c2211e4e89bf5a502\"},\"headline\":\"Reuni\u00e3o encerra \u201cOpera\u00e7\u00e3o Voto Seguro\u201d e Comando-Geral avalia a\u00e7\u00f5es\",\"datePublished\":\"2018-10-30T20:00:30+00:00\",\"dateModified\":\"2018-11-01T00:51:22+00:00\",\"mainEntityOfPage\":{\"@id\":\"https:\/\/www.pm.pb.gov.br\/portal\/2018\/10\/30\/reuniao-encerra-operacao-voto-seguro-e-comando-geral-avalia-acoes\/\"},\"wordCount\":466,\"publisher\":{\"@id\":\"https:\/\/www.pm.pb.gov.br\/portal\/#organization\"},\"articleSection\":[\"A\u00e7\u00f5es Policiais\"],\"inLanguage\":\"pt-BR\"},{\"@type\":\"WebPage\",\"@id\":\"https:\/\/www.pm.pb.gov.br\/portal\/2018\/10\/30\/reuniao-encerra-operacao-voto-seguro-e-comando-geral-avalia-acoes\/\",\"url\":\"https:\/\/www.pm.pb.gov.br\/portal\/2018\/10\/30\/reuniao-encerra-operacao-voto-seguro-e-comando-geral-avalia-acoes\/\",\"name\":\"Reuni\u00e3o encerra \u201cOpera\u00e7\u00e3o Voto Seguro\u201d e Comando-Geral avalia a\u00e7\u00f5es - Pol\u00edcia Militar da Para\u00edba\",\"isPartOf\":{\"@id\":\"https:\/\/www.pm.pb.gov.br\/portal\/#website\"},\"datePublished\":\"2018-10-30T20:00:30+00:00\",\"dateModified\":\"2018-11-01T00:51:22+00:00\",\"breadcrumb\":{\"@id\":\"https:\/\/www.pm.pb.gov.br\/portal\/2018\/10\/30\/reuniao-encerra-operacao-voto-seguro-e-comando-geral-avalia-acoes\/#breadcrumb\"},\"inLanguage\":\"pt-BR\",\"potentialAction\":[{\"@type\":\"ReadAction\",\"target\":[\"https:\/\/www.pm.pb.gov.br\/portal\/2018\/10\/30\/reuniao-encerra-operacao-voto-seguro-e-comando-geral-avalia-acoes\/\"]}]},{\"@type\":\"BreadcrumbList\",\"@id\":\"https:\/\/www.pm.pb.gov.br\/portal\/2018\/10\/30\/reuniao-encerra-operacao-voto-seguro-e-comando-geral-avalia-acoes\/#breadcrumb\",\"itemListElement\":[{\"@type\":\"ListItem\",\"position\":1,\"name\":\"In\u00edcio\",\"item\":\"https:\/\/www.pm.pb.gov.br\/portal\/\"},{\"@type\":\"ListItem\",\"position\":2,\"name\":\"Reuni\u00e3o encerra \u201cOpera\u00e7\u00e3o Voto Seguro\u201d e Comando-Geral avalia a\u00e7\u00f5es\"}]},{\"@type\":\"WebSite\",\"@id\":\"https:\/\/www.pm.pb.gov.br\/portal\/#website\",\"url\":\"https:\/\/www.pm.pb.gov.br\/portal\/\",\"name\":\"Pol\u00edcia Militar da Para\u00edba\",\"description\":\"\",\"publisher\":{\"@id\":\"https:\/\/www.pm.pb.gov.br\/portal\/#organization\"},\"potentialAction\":[{\"@type\":\"SearchAction\",\"target\":{\"@type\":\"EntryPoint\",\"urlTemplate\":\"https:\/\/www.pm.pb.gov.br\/portal\/?s={search_term_string}\"},\"query-input\":\"required name=search_term_string\"}],\"inLanguage\":\"pt-BR\"},{\"@type\":\"Organization\",\"@id\":\"https:\/\/www.pm.pb.gov.br\/portal\/#organization\",\"name\":\"Pol\u00edcia Militar da Para\u00edba\",\"url\":\"https:\/\/www.pm.pb.gov.br\/portal\/\",\"logo\":{\"@type\":\"ImageObject\",\"inLanguage\":\"pt-BR\",\"@id\":\"https:\/\/www.pm.pb.gov.br\/portal\/#\/schema\/logo\/image\/\",\"url\":\"https:\/\/www.pm.pb.gov.br\/portal\/wp-content\/uploads\/2025\/03\/cropped-logo-site-mag2-1.png\",\"contentUrl\":\"https:\/\/www.pm.pb.gov.br\/portal\/wp-content\/uploads\/2025\/03\/cropped-logo-site-mag2-1.png\",\"width\":320,\"height\":90,\"caption\":\"Pol\u00edcia Militar da Para\u00edba\"},\"image\":{\"@id\":\"https:\/\/www.pm.pb.gov.br\/portal\/#\/schema\/logo\/image\/\"}},{\"@type\":\"Person\",\"@id\":\"https:\/\/www.pm.pb.gov.br\/portal\/#\/schema\/person\/30d571652b38533c2211e4e89bf5a502\",\"name\":\"Marcio Gomes dos Santos\",\"image\":{\"@type\":\"ImageObject\",\"inLanguage\":\"pt-BR\",\"@id\":\"https:\/\/www.pm.pb.gov.br\/portal\/#\/schema\/person\/image\/\",\"url\":\"https:\/\/secure.gravatar.com\/avatar\/cf4ec2cb690101e1581c7773aa350c19?s=96&d=mm&r=g\",\"contentUrl\":\"https:\/\/secure.gravatar.com\/avatar\/cf4ec2cb690101e1581c7773aa350c19?s=96&d=mm&r=g\",\"caption\":\"Marcio Gomes dos Santos\"},\"url\":\"https:\/\/www.pm.pb.gov.br\/portal\/author\/mgomes\/\"}]}<\/script>\n<!-- \/ Yoast SEO plugin. -->","yoast_head_json":{"title":"Reuni\u00e3o encerra \u201cOpera\u00e7\u00e3o Voto Seguro\u201d e Comando-Geral avalia a\u00e7\u00f5es - Pol\u00edcia Militar da Para\u00edba","robots":{"index":"index","follow":"follow","max-snippet":"max-snippet:-1","max-image-preview":"max-image-preview:large","max-video-preview":"max-video-preview:-1"},"canonical":"https:\/\/www.pm.pb.gov.br\/portal\/2018\/10\/30\/reuniao-encerra-operacao-voto-seguro-e-comando-geral-avalia-acoes\/","og_locale":"pt_BR","og_type":"article","og_title":"Reuni\u00e3o encerra \u201cOpera\u00e7\u00e3o Voto Seguro\u201d e Comando-Geral avalia a\u00e7\u00f5es - Pol\u00edcia Militar da Para\u00edba","og_description":"Uma reuni\u00e3o fechou oficialmente as a\u00e7\u00f5es da Opera\u00e7\u00e3o Voto Seguro, realizada pela Pol\u00edcia Militar, durante os dois turnos da elei\u00e7\u00e3o","og_url":"https:\/\/www.pm.pb.gov.br\/portal\/2018\/10\/30\/reuniao-encerra-operacao-voto-seguro-e-comando-geral-avalia-acoes\/","og_site_name":"Pol\u00edcia Militar da Para\u00edba","article_published_time":"2018-10-30T20:00:30+00:00","article_modified_time":"2018-11-01T00:51:22+00:00","og_image":[{"width":978,"height":853,"url":"https:\/\/www.pm.pb.gov.br\/portal\/wp-content\/uploads\/2018\/10\/WhatsApp-Image-2018-10-30-at-16.54.33.jpeg","type":"image\/jpeg"}],"author":"Marcio Gomes dos Santos","twitter_card":"summary_large_image","twitter_misc":{"Escrito por":"Marcio Gomes dos Santos","Est. tempo de leitura":"2 minutos"},"schema":{"@context":"https:\/\/schema.org","@graph":[{"@type":"Article","@id":"https:\/\/www.pm.pb.gov.br\/portal\/2018\/10\/30\/reuniao-encerra-operacao-voto-seguro-e-comando-geral-avalia-acoes\/#article","isPartOf":{"@id":"https:\/\/www.pm.pb.gov.br\/portal\/2018\/10\/30\/reuniao-encerra-operacao-voto-seguro-e-comando-geral-avalia-acoes\/"},"author":{"name":"Marcio Gomes dos Santos","@id":"https:\/\/www.pm.pb.gov.br\/portal\/#\/schema\/person\/30d571652b38533c2211e4e89bf5a502"},"headline":"Reuni\u00e3o encerra \u201cOpera\u00e7\u00e3o Voto Seguro\u201d e Comando-Geral avalia a\u00e7\u00f5es","datePublished":"2018-10-30T20:00:30+00:00","dateModified":"2018-11-01T00:51:22+00:00","mainEntityOfPage":{"@id":"https:\/\/www.pm.pb.gov.br\/portal\/2018\/10\/30\/reuniao-encerra-operacao-voto-seguro-e-comando-geral-avalia-acoes\/"},"wordCount":466,"publisher":{"@id":"https:\/\/www.pm.pb.gov.br\/portal\/#organization"},"articleSection":["A\u00e7\u00f5es Policiais"],"inLanguage":"pt-BR"},{"@type":"WebPage","@id":"https:\/\/www.pm.pb.gov.br\/portal\/2018\/10\/30\/reuniao-encerra-operacao-voto-seguro-e-comando-geral-avalia-acoes\/","url":"https:\/\/www.pm.pb.gov.br\/portal\/2018\/10\/30\/reuniao-encerra-operacao-voto-seguro-e-comando-geral-avalia-acoes\/","name":"Reuni\u00e3o encerra \u201cOpera\u00e7\u00e3o Voto Seguro\u201d e Comando-Geral avalia a\u00e7\u00f5es - Pol\u00edcia Militar da Para\u00edba","isPartOf":{"@id":"https:\/\/www.pm.pb.gov.br\/portal\/#website"},"datePublished":"2018-10-30T20:00:30+00:00","dateModified":"2018-11-01T00:51:22+00:00","breadcrumb":{"@id":"https:\/\/www.pm.pb.gov.br\/portal\/2018\/10\/30\/reuniao-encerra-operacao-voto-seguro-e-comando-geral-avalia-acoes\/#breadcrumb"},"inLanguage":"pt-BR","potentialAction":[{"@type":"ReadAction","target":["https:\/\/www.pm.pb.gov.br\/portal\/2018\/10\/30\/reuniao-encerra-operacao-voto-seguro-e-comando-geral-avalia-acoes\/"]}]},{"@type":"BreadcrumbList","@id":"https:\/\/www.pm.pb.gov.br\/portal\/2018\/10\/30\/reuniao-encerra-operacao-voto-seguro-e-comando-geral-avalia-acoes\/#breadcrumb","itemListElement":[{"@type":"ListItem","position":1,"name":"In\u00edcio","item":"https:\/\/www.pm.pb.gov.br\/portal\/"},{"@type":"ListItem","position":2,"name":"Reuni\u00e3o encerra \u201cOpera\u00e7\u00e3o Voto Seguro\u201d e Comando-Geral avalia a\u00e7\u00f5es"}]},{"@type":"WebSite","@id":"https:\/\/www.pm.pb.gov.br\/portal\/#website","url":"https:\/\/www.pm.pb.gov.br\/portal\/","name":"Pol\u00edcia Militar da Para\u00edba","description":"","publisher":{"@id":"https:\/\/www.pm.pb.gov.br\/portal\/#organization"},"potentialAction":[{"@type":"SearchAction","target":{"@type":"EntryPoint","urlTemplate":"https:\/\/www.pm.pb.gov.br\/portal\/?s={search_term_string}"},"query-input":"required name=search_term_string"}],"inLanguage":"pt-BR"},{"@type":"Organization","@id":"https:\/\/www.pm.pb.gov.br\/portal\/#organization","name":"Pol\u00edcia Militar da Para\u00edba","url":"https:\/\/www.pm.pb.gov.br\/portal\/","logo":{"@type":"ImageObject","inLanguage":"pt-BR","@id":"https:\/\/www.pm.pb.gov.br\/portal\/#\/schema\/logo\/image\/","url":"https:\/\/www.pm.pb.gov.br\/portal\/wp-content\/uploads\/2025\/03\/cropped-logo-site-mag2-1.png","contentUrl":"https:\/\/www.pm.pb.gov.br\/portal\/wp-content\/uploads\/2025\/03\/cropped-logo-site-mag2-1.png","width":320,"height":90,"caption":"Pol\u00edcia Militar da Para\u00edba"},"image":{"@id":"https:\/\/www.pm.pb.gov.br\/portal\/#\/schema\/logo\/image\/"}},{"@type":"Person","@id":"https:\/\/www.pm.pb.gov.br\/portal\/#\/schema\/person\/30d571652b38533c2211e4e89bf5a502","name":"Marcio Gomes dos Santos","image":{"@type":"ImageObject","inLanguage":"pt-BR","@id":"https:\/\/www.pm.pb.gov.br\/portal\/#\/schema\/person\/image\/","url":"https:\/\/secure.gravatar.com\/avatar\/cf4ec2cb690101e1581c7773aa350c19?s=96&d=mm&r=g","contentUrl":"https:\/\/secure.gravatar.com\/avatar\/cf4ec2cb690101e1581c7773aa350c19?s=96&d=mm&r=g","caption":"Marcio Gomes dos Santos"},"url":"https:\/\/www.pm.pb.gov.br\/portal\/author\/mgomes\/"}]}},"_links":{"self":[{"href":"https:\/\/www.pm.pb.gov.br\/portal\/wp-json\/wp\/v2\/posts\/899146"}],"collection":[{"href":"https:\/\/www.pm.pb.gov.br\/portal\/wp-json\/wp\/v2\/posts"}],"about":[{"href":"https:\/\/www.pm.pb.gov.br\/portal\/wp-json\/wp\/v2\/types\/post"}],"author":[{"embeddable":true,"href":"https:\/\/www.pm.pb.gov.br\/portal\/wp-json\/wp\/v2\/users\/15"}],"replies":[{"embeddable":true,"href":"https:\/\/www.pm.pb.gov.br\/portal\/wp-json\/wp\/v2\/comments?post=899146"}],"version-history":[{"count":1,"href":"https:\/\/www.pm.pb.gov.br\/portal\/wp-json\/wp\/v2\/posts\/899146\/revisions"}],"predecessor-version":[{"id":899148,"href":"https:\/\/www.pm.pb.gov.br\/portal\/wp-json\/wp\/v2\/posts\/899146\/revisions\/899148"}],"wp:featuredmedia":[{"embeddable":true,"href":"https:\/\/www.pm.pb.gov.br\/portal\/wp-json\/wp\/v2\/media\/899147"}],"wp:attachment":[{"href":"https:\/\/www.pm.pb.gov.br\/portal\/wp-json\/wp\/v2\/media?parent=899146"}],"wp:term":[{"taxonomy":"category","embeddable":true,"href":"https:\/\/www.pm.pb.gov.br\/portal\/wp-json\/wp\/v2\/categories?post=899146"},{"taxonomy":"post_tag","embeddable":true,"href":"https:\/\/www.pm.pb.gov.br\/portal\/wp-json\/wp\/v2\/tags?post=899146"}],"curies":[{"name":"wp","href":"https:\/\/api.w.org\/{rel}","templated":true}]}}