{"id":899142,"date":"2018-10-29T17:11:11","date_gmt":"2018-10-29T20:11:11","guid":{"rendered":"http:\/\/www.pm.pb.gov.br\/portal\/?p=899142"},"modified":"2018-10-29T17:11:11","modified_gmt":"2018-10-29T20:11:11","slug":"operacao-voto-seguro-ii-termina-com-12-conduzidos-no-domingo-do-segundo-turno","status":"publish","type":"post","link":"https:\/\/www.pm.pb.gov.br\/portal\/2018\/10\/29\/operacao-voto-seguro-ii-termina-com-12-conduzidos-no-domingo-do-segundo-turno\/","title":{"rendered":"Opera\u00e7\u00e3o Voto Seguro II termina com 12 conduzidos no domingo do segundo turno"},"content":{"rendered":"<p style=\"text-align: justify;\">A Pol\u00edcia Militar da Para\u00edba terminou a Opera\u00e7\u00e3o Voto Seguro II, nesse \u00faltimo domingo, com 12 pessoas conduzidas \u00e0s delegacias ou apresentadas \u00e0 Justi\u00e7a Eleitoral, no dia da vota\u00e7\u00e3o do segundo turno, at\u00e9 o per\u00edodo das 19h. A Opera\u00e7\u00e3o envolveu cerca de 2500 policiais militares nos 227 munic\u00edpios paraibanos, em mais de 1700 locais de vota\u00e7\u00e3o.<\/p>\n<p style=\"text-align: justify;\">Foram registradas condu\u00e7\u00f5es nas cidades de Jo\u00e3o Pessoa (5), Campina Grande (2), Cajazeiras (2), al\u00e9m dos munic\u00edpios de Bel\u00e9m, S\u00e3o Jos\u00e9 de Piranhas e Cacimba de Dentro, com uma ocorr\u00eancia cada. A maior incid\u00eancia de crimes versou sobre quebra de sigilo do voto, com eleitores que teriam fotografado ou filmado a vota\u00e7\u00e3o na cabine, e propaganda boca de urna.<\/p>\n<p style=\"text-align: justify;\">Os n\u00fameros s\u00e3o menores do que os registrados no primeiro turno, quando 64 pessoas foram conduzidas no domingo (7), em 47 ocorr\u00eancias em que irregularidades foram constatadas. Neste segundo turno, foram 29 chamados no per\u00edodo, mas na maioria dos casos, nenhuma irregularidade foi constatada.<\/p>\n<p style=\"text-align: justify;\"><strong>Embarque \u2013<\/strong> A Opera\u00e7\u00e3o Voto Seguro II come\u00e7ou com o embarque das tropas que foram deslocadas para os Comandos Regionais I e II, para as cidades polarizadas por Campina Grande e Patos, respectivamente. 373 policiais militares partiram de Jo\u00e3o Pessoa para as regi\u00f5es do agreste, brejo, cariri, e sert\u00e3o do estado. Na quinta (26), foram 644 policiais distribu\u00eddos para as diversas cidades do litoral e regi\u00e3o metropolitana da capital.<\/p>\n<p style=\"text-align: justify;\">A Opera\u00e7\u00e3o teve a frente o comandante-geral da PM, o coronel Euller Chaves. As a\u00e7\u00f5es da corpora\u00e7\u00e3o e das diversas for\u00e7as de seguran\u00e7a foram acompanhadas atrav\u00e9s dos tr\u00eas Centros de Comando e Controle, instalados em Jo\u00e3o Pessoa, Campina Grande e Patos, com a Justi\u00e7a Eleitoral.<\/p>\n","protected":false},"excerpt":{"rendered":"<p>A Pol\u00edcia Militar da Para\u00edba terminou a Opera\u00e7\u00e3o Voto Seguro II, nesse \u00faltimo domingo, com 12 pessoas conduzidas \u00e0s delegacias<\/p>\n","protected":false},"author":12,"featured_media":898999,"comment_status":"closed","ping_status":"closed","sticky":false,"template":"","format":"standard","meta":{"_exactmetrics_skip_tracking":false,"_exactmetrics_sitenote_active":false,"_exactmetrics_sitenote_note":"","_exactmetrics_sitenote_category":0,"footnotes":""},"categories":[4],"tags":[],"yoast_head":"<!-- This site is optimized with the Yoast SEO plugin v22.0 - https:\/\/yoast.com\/wordpress\/plugins\/seo\/ -->\n<title>Opera\u00e7\u00e3o Voto Seguro II termina com 12 conduzidos no domingo do segundo turno - Pol\u00edcia Militar da Para\u00edba<\/title>\n<meta name=\"robots\" content=\"index, follow, max-snippet:-1, max-image-preview:large, max-video-preview:-1\" \/>\n<link rel=\"canonical\" href=\"https:\/\/www.pm.pb.gov.br\/portal\/2018\/10\/29\/operacao-voto-seguro-ii-termina-com-12-conduzidos-no-domingo-do-segundo-turno\/\" \/>\n<meta property=\"og:locale\" content=\"pt_BR\" \/>\n<meta property=\"og:type\" content=\"article\" \/>\n<meta property=\"og:title\" content=\"Opera\u00e7\u00e3o Voto Seguro II termina com 12 conduzidos no domingo do segundo turno - Pol\u00edcia Militar da Para\u00edba\" \/>\n<meta property=\"og:description\" content=\"A Pol\u00edcia Militar da Para\u00edba terminou a Opera\u00e7\u00e3o Voto Seguro II, nesse \u00faltimo domingo, com 12 pessoas conduzidas \u00e0s delegacias\" \/>\n<meta property=\"og:url\" content=\"https:\/\/www.pm.pb.gov.br\/portal\/2018\/10\/29\/operacao-voto-seguro-ii-termina-com-12-conduzidos-no-domingo-do-segundo-turno\/\" \/>\n<meta property=\"og:site_name\" content=\"Pol\u00edcia Militar da Para\u00edba\" \/>\n<meta property=\"article:published_time\" content=\"2018-10-29T20:11:11+00:00\" \/>\n<meta property=\"og:image\" content=\"https:\/\/www.pm.pb.gov.br\/portal\/wp-content\/uploads\/2018\/10\/embarquetropas.jpg\" \/>\n\t<meta property=\"og:image:width\" content=\"800\" \/>\n\t<meta property=\"og:image:height\" content=\"445\" \/>\n\t<meta property=\"og:image:type\" content=\"image\/jpeg\" \/>\n<meta name=\"author\" content=\"Tarcisio Oliveira\" \/>\n<meta name=\"twitter:card\" content=\"summary_large_image\" \/>\n<meta name=\"twitter:label1\" content=\"Escrito por\" \/>\n\t<meta name=\"twitter:data1\" content=\"Tarcisio Oliveira\" \/>\n\t<meta name=\"twitter:label2\" content=\"Est. tempo de leitura\" \/>\n\t<meta name=\"twitter:data2\" content=\"1 minuto\" \/>\n<script type=\"application\/ld+json\" class=\"yoast-schema-graph\">{\"@context\":\"https:\/\/schema.org\",\"@graph\":[{\"@type\":\"Article\",\"@id\":\"https:\/\/www.pm.pb.gov.br\/portal\/2018\/10\/29\/operacao-voto-seguro-ii-termina-com-12-conduzidos-no-domingo-do-segundo-turno\/#article\",\"isPartOf\":{\"@id\":\"https:\/\/www.pm.pb.gov.br\/portal\/2018\/10\/29\/operacao-voto-seguro-ii-termina-com-12-conduzidos-no-domingo-do-segundo-turno\/\"},\"author\":{\"name\":\"Tarcisio Oliveira\",\"@id\":\"https:\/\/www.pm.pb.gov.br\/portal\/#\/schema\/person\/f84f56dcc78ce4357054da888b8247fd\"},\"headline\":\"Opera\u00e7\u00e3o Voto Seguro II termina com 12 conduzidos no domingo do segundo turno\",\"datePublished\":\"2018-10-29T20:11:11+00:00\",\"dateModified\":\"2018-10-29T20:11:11+00:00\",\"mainEntityOfPage\":{\"@id\":\"https:\/\/www.pm.pb.gov.br\/portal\/2018\/10\/29\/operacao-voto-seguro-ii-termina-com-12-conduzidos-no-domingo-do-segundo-turno\/\"},\"wordCount\":308,\"publisher\":{\"@id\":\"https:\/\/www.pm.pb.gov.br\/portal\/#organization\"},\"articleSection\":[\"A\u00e7\u00f5es Policiais\"],\"inLanguage\":\"pt-BR\"},{\"@type\":\"WebPage\",\"@id\":\"https:\/\/www.pm.pb.gov.br\/portal\/2018\/10\/29\/operacao-voto-seguro-ii-termina-com-12-conduzidos-no-domingo-do-segundo-turno\/\",\"url\":\"https:\/\/www.pm.pb.gov.br\/portal\/2018\/10\/29\/operacao-voto-seguro-ii-termina-com-12-conduzidos-no-domingo-do-segundo-turno\/\",\"name\":\"Opera\u00e7\u00e3o Voto Seguro II termina com 12 conduzidos no domingo do segundo turno - Pol\u00edcia Militar da Para\u00edba\",\"isPartOf\":{\"@id\":\"https:\/\/www.pm.pb.gov.br\/portal\/#website\"},\"datePublished\":\"2018-10-29T20:11:11+00:00\",\"dateModified\":\"2018-10-29T20:11:11+00:00\",\"breadcrumb\":{\"@id\":\"https:\/\/www.pm.pb.gov.br\/portal\/2018\/10\/29\/operacao-voto-seguro-ii-termina-com-12-conduzidos-no-domingo-do-segundo-turno\/#breadcrumb\"},\"inLanguage\":\"pt-BR\",\"potentialAction\":[{\"@type\":\"ReadAction\",\"target\":[\"https:\/\/www.pm.pb.gov.br\/portal\/2018\/10\/29\/operacao-voto-seguro-ii-termina-com-12-conduzidos-no-domingo-do-segundo-turno\/\"]}]},{\"@type\":\"BreadcrumbList\",\"@id\":\"https:\/\/www.pm.pb.gov.br\/portal\/2018\/10\/29\/operacao-voto-seguro-ii-termina-com-12-conduzidos-no-domingo-do-segundo-turno\/#breadcrumb\",\"itemListElement\":[{\"@type\":\"ListItem\",\"position\":1,\"name\":\"In\u00edcio\",\"item\":\"https:\/\/www.pm.pb.gov.br\/portal\/\"},{\"@type\":\"ListItem\",\"position\":2,\"name\":\"Opera\u00e7\u00e3o Voto Seguro II termina com 12 conduzidos no domingo do segundo turno\"}]},{\"@type\":\"WebSite\",\"@id\":\"https:\/\/www.pm.pb.gov.br\/portal\/#website\",\"url\":\"https:\/\/www.pm.pb.gov.br\/portal\/\",\"name\":\"Pol\u00edcia Militar da Para\u00edba\",\"description\":\"\",\"publisher\":{\"@id\":\"https:\/\/www.pm.pb.gov.br\/portal\/#organization\"},\"potentialAction\":[{\"@type\":\"SearchAction\",\"target\":{\"@type\":\"EntryPoint\",\"urlTemplate\":\"https:\/\/www.pm.pb.gov.br\/portal\/?s={search_term_string}\"},\"query-input\":\"required name=search_term_string\"}],\"inLanguage\":\"pt-BR\"},{\"@type\":\"Organization\",\"@id\":\"https:\/\/www.pm.pb.gov.br\/portal\/#organization\",\"name\":\"Pol\u00edcia Militar da Para\u00edba\",\"url\":\"https:\/\/www.pm.pb.gov.br\/portal\/\",\"logo\":{\"@type\":\"ImageObject\",\"inLanguage\":\"pt-BR\",\"@id\":\"https:\/\/www.pm.pb.gov.br\/portal\/#\/schema\/logo\/image\/\",\"url\":\"https:\/\/www.pm.pb.gov.br\/portal\/wp-content\/uploads\/2025\/03\/cropped-logo-site-mag2-1.png\",\"contentUrl\":\"https:\/\/www.pm.pb.gov.br\/portal\/wp-content\/uploads\/2025\/03\/cropped-logo-site-mag2-1.png\",\"width\":320,\"height\":90,\"caption\":\"Pol\u00edcia Militar da Para\u00edba\"},\"image\":{\"@id\":\"https:\/\/www.pm.pb.gov.br\/portal\/#\/schema\/logo\/image\/\"}},{\"@type\":\"Person\",\"@id\":\"https:\/\/www.pm.pb.gov.br\/portal\/#\/schema\/person\/f84f56dcc78ce4357054da888b8247fd\",\"name\":\"Tarcisio Oliveira\",\"image\":{\"@type\":\"ImageObject\",\"inLanguage\":\"pt-BR\",\"@id\":\"https:\/\/www.pm.pb.gov.br\/portal\/#\/schema\/person\/image\/\",\"url\":\"https:\/\/secure.gravatar.com\/avatar\/72917b630b69d31cd0297507f34bac97?s=96&d=mm&r=g\",\"contentUrl\":\"https:\/\/secure.gravatar.com\/avatar\/72917b630b69d31cd0297507f34bac97?s=96&d=mm&r=g\",\"caption\":\"Tarcisio Oliveira\"},\"url\":\"https:\/\/www.pm.pb.gov.br\/portal\/author\/tarcisio\/\"}]}<\/script>\n<!-- \/ Yoast SEO plugin. -->","yoast_head_json":{"title":"Opera\u00e7\u00e3o Voto Seguro II termina com 12 conduzidos no domingo do segundo turno - Pol\u00edcia Militar da Para\u00edba","robots":{"index":"index","follow":"follow","max-snippet":"max-snippet:-1","max-image-preview":"max-image-preview:large","max-video-preview":"max-video-preview:-1"},"canonical":"https:\/\/www.pm.pb.gov.br\/portal\/2018\/10\/29\/operacao-voto-seguro-ii-termina-com-12-conduzidos-no-domingo-do-segundo-turno\/","og_locale":"pt_BR","og_type":"article","og_title":"Opera\u00e7\u00e3o Voto Seguro II termina com 12 conduzidos no domingo do segundo turno - Pol\u00edcia Militar da Para\u00edba","og_description":"A Pol\u00edcia Militar da Para\u00edba terminou a Opera\u00e7\u00e3o Voto Seguro II, nesse \u00faltimo domingo, com 12 pessoas conduzidas \u00e0s delegacias","og_url":"https:\/\/www.pm.pb.gov.br\/portal\/2018\/10\/29\/operacao-voto-seguro-ii-termina-com-12-conduzidos-no-domingo-do-segundo-turno\/","og_site_name":"Pol\u00edcia Militar da Para\u00edba","article_published_time":"2018-10-29T20:11:11+00:00","og_image":[{"width":800,"height":445,"url":"https:\/\/www.pm.pb.gov.br\/portal\/wp-content\/uploads\/2018\/10\/embarquetropas.jpg","type":"image\/jpeg"}],"author":"Tarcisio Oliveira","twitter_card":"summary_large_image","twitter_misc":{"Escrito por":"Tarcisio Oliveira","Est. tempo de leitura":"1 minuto"},"schema":{"@context":"https:\/\/schema.org","@graph":[{"@type":"Article","@id":"https:\/\/www.pm.pb.gov.br\/portal\/2018\/10\/29\/operacao-voto-seguro-ii-termina-com-12-conduzidos-no-domingo-do-segundo-turno\/#article","isPartOf":{"@id":"https:\/\/www.pm.pb.gov.br\/portal\/2018\/10\/29\/operacao-voto-seguro-ii-termina-com-12-conduzidos-no-domingo-do-segundo-turno\/"},"author":{"name":"Tarcisio Oliveira","@id":"https:\/\/www.pm.pb.gov.br\/portal\/#\/schema\/person\/f84f56dcc78ce4357054da888b8247fd"},"headline":"Opera\u00e7\u00e3o Voto Seguro II termina com 12 conduzidos no domingo do segundo turno","datePublished":"2018-10-29T20:11:11+00:00","dateModified":"2018-10-29T20:11:11+00:00","mainEntityOfPage":{"@id":"https:\/\/www.pm.pb.gov.br\/portal\/2018\/10\/29\/operacao-voto-seguro-ii-termina-com-12-conduzidos-no-domingo-do-segundo-turno\/"},"wordCount":308,"publisher":{"@id":"https:\/\/www.pm.pb.gov.br\/portal\/#organization"},"articleSection":["A\u00e7\u00f5es Policiais"],"inLanguage":"pt-BR"},{"@type":"WebPage","@id":"https:\/\/www.pm.pb.gov.br\/portal\/2018\/10\/29\/operacao-voto-seguro-ii-termina-com-12-conduzidos-no-domingo-do-segundo-turno\/","url":"https:\/\/www.pm.pb.gov.br\/portal\/2018\/10\/29\/operacao-voto-seguro-ii-termina-com-12-conduzidos-no-domingo-do-segundo-turno\/","name":"Opera\u00e7\u00e3o Voto Seguro II termina com 12 conduzidos no domingo do segundo turno - Pol\u00edcia Militar da Para\u00edba","isPartOf":{"@id":"https:\/\/www.pm.pb.gov.br\/portal\/#website"},"datePublished":"2018-10-29T20:11:11+00:00","dateModified":"2018-10-29T20:11:11+00:00","breadcrumb":{"@id":"https:\/\/www.pm.pb.gov.br\/portal\/2018\/10\/29\/operacao-voto-seguro-ii-termina-com-12-conduzidos-no-domingo-do-segundo-turno\/#breadcrumb"},"inLanguage":"pt-BR","potentialAction":[{"@type":"ReadAction","target":["https:\/\/www.pm.pb.gov.br\/portal\/2018\/10\/29\/operacao-voto-seguro-ii-termina-com-12-conduzidos-no-domingo-do-segundo-turno\/"]}]},{"@type":"BreadcrumbList","@id":"https:\/\/www.pm.pb.gov.br\/portal\/2018\/10\/29\/operacao-voto-seguro-ii-termina-com-12-conduzidos-no-domingo-do-segundo-turno\/#breadcrumb","itemListElement":[{"@type":"ListItem","position":1,"name":"In\u00edcio","item":"https:\/\/www.pm.pb.gov.br\/portal\/"},{"@type":"ListItem","position":2,"name":"Opera\u00e7\u00e3o Voto Seguro II termina com 12 conduzidos no domingo do segundo turno"}]},{"@type":"WebSite","@id":"https:\/\/www.pm.pb.gov.br\/portal\/#website","url":"https:\/\/www.pm.pb.gov.br\/portal\/","name":"Pol\u00edcia Militar da Para\u00edba","description":"","publisher":{"@id":"https:\/\/www.pm.pb.gov.br\/portal\/#organization"},"potentialAction":[{"@type":"SearchAction","target":{"@type":"EntryPoint","urlTemplate":"https:\/\/www.pm.pb.gov.br\/portal\/?s={search_term_string}"},"query-input":"required name=search_term_string"}],"inLanguage":"pt-BR"},{"@type":"Organization","@id":"https:\/\/www.pm.pb.gov.br\/portal\/#organization","name":"Pol\u00edcia Militar da Para\u00edba","url":"https:\/\/www.pm.pb.gov.br\/portal\/","logo":{"@type":"ImageObject","inLanguage":"pt-BR","@id":"https:\/\/www.pm.pb.gov.br\/portal\/#\/schema\/logo\/image\/","url":"https:\/\/www.pm.pb.gov.br\/portal\/wp-content\/uploads\/2025\/03\/cropped-logo-site-mag2-1.png","contentUrl":"https:\/\/www.pm.pb.gov.br\/portal\/wp-content\/uploads\/2025\/03\/cropped-logo-site-mag2-1.png","width":320,"height":90,"caption":"Pol\u00edcia Militar da Para\u00edba"},"image":{"@id":"https:\/\/www.pm.pb.gov.br\/portal\/#\/schema\/logo\/image\/"}},{"@type":"Person","@id":"https:\/\/www.pm.pb.gov.br\/portal\/#\/schema\/person\/f84f56dcc78ce4357054da888b8247fd","name":"Tarcisio Oliveira","image":{"@type":"ImageObject","inLanguage":"pt-BR","@id":"https:\/\/www.pm.pb.gov.br\/portal\/#\/schema\/person\/image\/","url":"https:\/\/secure.gravatar.com\/avatar\/72917b630b69d31cd0297507f34bac97?s=96&d=mm&r=g","contentUrl":"https:\/\/secure.gravatar.com\/avatar\/72917b630b69d31cd0297507f34bac97?s=96&d=mm&r=g","caption":"Tarcisio Oliveira"},"url":"https:\/\/www.pm.pb.gov.br\/portal\/author\/tarcisio\/"}]}},"_links":{"self":[{"href":"https:\/\/www.pm.pb.gov.br\/portal\/wp-json\/wp\/v2\/posts\/899142"}],"collection":[{"href":"https:\/\/www.pm.pb.gov.br\/portal\/wp-json\/wp\/v2\/posts"}],"about":[{"href":"https:\/\/www.pm.pb.gov.br\/portal\/wp-json\/wp\/v2\/types\/post"}],"author":[{"embeddable":true,"href":"https:\/\/www.pm.pb.gov.br\/portal\/wp-json\/wp\/v2\/users\/12"}],"replies":[{"embeddable":true,"href":"https:\/\/www.pm.pb.gov.br\/portal\/wp-json\/wp\/v2\/comments?post=899142"}],"version-history":[{"count":1,"href":"https:\/\/www.pm.pb.gov.br\/portal\/wp-json\/wp\/v2\/posts\/899142\/revisions"}],"predecessor-version":[{"id":899143,"href":"https:\/\/www.pm.pb.gov.br\/portal\/wp-json\/wp\/v2\/posts\/899142\/revisions\/899143"}],"wp:featuredmedia":[{"embeddable":true,"href":"https:\/\/www.pm.pb.gov.br\/portal\/wp-json\/wp\/v2\/media\/898999"}],"wp:attachment":[{"href":"https:\/\/www.pm.pb.gov.br\/portal\/wp-json\/wp\/v2\/media?parent=899142"}],"wp:term":[{"taxonomy":"category","embeddable":true,"href":"https:\/\/www.pm.pb.gov.br\/portal\/wp-json\/wp\/v2\/categories?post=899142"},{"taxonomy":"post_tag","embeddable":true,"href":"https:\/\/www.pm.pb.gov.br\/portal\/wp-json\/wp\/v2\/tags?post=899142"}],"curies":[{"name":"wp","href":"https:\/\/api.w.org\/{rel}","templated":true}]}}