{"id":899138,"date":"2018-10-29T16:41:30","date_gmt":"2018-10-29T19:41:30","guid":{"rendered":"http:\/\/www.pm.pb.gov.br\/portal\/?p=899138"},"modified":"2018-10-29T16:41:30","modified_gmt":"2018-10-29T19:41:30","slug":"policia-militar-desarticula-ponto-de-trafico-e-apreende-mais-de-20-garrafas-com-lolo-e-tabletes-de-maconha","status":"publish","type":"post","link":"https:\/\/www.pm.pb.gov.br\/portal\/2018\/10\/29\/policia-militar-desarticula-ponto-de-trafico-e-apreende-mais-de-20-garrafas-com-lolo-e-tabletes-de-maconha\/","title":{"rendered":"Pol\u00edcia Militar desarticula ponto de tr\u00e1fico e apreende mais de 20 garrafas com lol\u00f3 e tabletes de maconha"},"content":{"rendered":"<p style=\"text-align: justify;\">A Pol\u00edcia Militar apreendeu 26 garrafas com subst\u00e2ncia semelhante \u00e0 lol\u00f3, quatro tabletes e 21 trouxas de maconha, al\u00e9m de balan\u00e7a de precis\u00e3o, giletes, faca e funil, materiais utilizados para fracionamento e distribui\u00e7\u00e3o dos entorpecentes. Todo o conjunto foi localizado em um ponto de tr\u00e1fico, na zona sul de Jo\u00e3o Pessoa, na tarde dessa sexta-feira (26).<\/p>\n<p style=\"text-align: justify;\">Os policiais militares da Companhia de Choque do Batalh\u00e3o de Opera\u00e7\u00f5es Especiais (Bope) estavam em rondas quando abordaram dois suspeitos em frente a uma casa abandonada no loteamento Boa Esperan\u00e7a, no bairro do Valentina de Figueiredo. No local, a Pol\u00edcia encontrou as garrafas com subst\u00e2ncia semelhante \u00e0 lol\u00f3, maconha em tabletes e trouxas, al\u00e9m de materiais utilizados para fracionar e distribuir os entorpecentes.<\/p>\n<p style=\"text-align: justify;\">As duas pessoas que foram abordadas, sendo um adolescente, foram conduzidos para a Central de Flagrantes para os procedimentos legais. Todo o material apreendido foi apresentado na delegacia.<\/p>\n","protected":false},"excerpt":{"rendered":"<p>A Pol\u00edcia Militar apreendeu 26 garrafas com subst\u00e2ncia semelhante \u00e0 lol\u00f3, quatro tabletes e 21 trouxas de maconha, al\u00e9m de<\/p>\n","protected":false},"author":15,"featured_media":899139,"comment_status":"closed","ping_status":"closed","sticky":false,"template":"","format":"standard","meta":{"_exactmetrics_skip_tracking":false,"_exactmetrics_sitenote_active":false,"_exactmetrics_sitenote_note":"","_exactmetrics_sitenote_category":0,"footnotes":""},"categories":[4],"tags":[],"yoast_head":"<!-- This site is optimized with the Yoast SEO plugin v22.0 - https:\/\/yoast.com\/wordpress\/plugins\/seo\/ -->\n<title>Pol\u00edcia Militar desarticula ponto de tr\u00e1fico e apreende mais de 20 garrafas com lol\u00f3 e tabletes de maconha - Pol\u00edcia Militar da Para\u00edba<\/title>\n<meta name=\"robots\" content=\"index, follow, max-snippet:-1, max-image-preview:large, max-video-preview:-1\" \/>\n<link rel=\"canonical\" href=\"https:\/\/www.pm.pb.gov.br\/portal\/2018\/10\/29\/policia-militar-desarticula-ponto-de-trafico-e-apreende-mais-de-20-garrafas-com-lolo-e-tabletes-de-maconha\/\" \/>\n<meta property=\"og:locale\" content=\"pt_BR\" \/>\n<meta property=\"og:type\" content=\"article\" \/>\n<meta property=\"og:title\" content=\"Pol\u00edcia Militar desarticula ponto de tr\u00e1fico e apreende mais de 20 garrafas com lol\u00f3 e tabletes de maconha - Pol\u00edcia Militar da Para\u00edba\" \/>\n<meta property=\"og:description\" content=\"A Pol\u00edcia Militar apreendeu 26 garrafas com subst\u00e2ncia semelhante \u00e0 lol\u00f3, quatro tabletes e 21 trouxas de maconha, al\u00e9m de\" \/>\n<meta property=\"og:url\" content=\"https:\/\/www.pm.pb.gov.br\/portal\/2018\/10\/29\/policia-militar-desarticula-ponto-de-trafico-e-apreende-mais-de-20-garrafas-com-lolo-e-tabletes-de-maconha\/\" \/>\n<meta property=\"og:site_name\" content=\"Pol\u00edcia Militar da Para\u00edba\" \/>\n<meta property=\"article:published_time\" content=\"2018-10-29T19:41:30+00:00\" \/>\n<meta property=\"og:image\" content=\"https:\/\/www.pm.pb.gov.br\/portal\/wp-content\/uploads\/2018\/10\/WhatsApp-Image-2018-10-26-at-23.05.27.jpeg\" \/>\n\t<meta property=\"og:image:width\" content=\"1280\" \/>\n\t<meta property=\"og:image:height\" content=\"866\" \/>\n\t<meta property=\"og:image:type\" content=\"image\/jpeg\" \/>\n<meta name=\"author\" content=\"Marcio Gomes dos Santos\" \/>\n<meta name=\"twitter:card\" content=\"summary_large_image\" \/>\n<meta name=\"twitter:label1\" content=\"Escrito por\" \/>\n\t<meta name=\"twitter:data1\" content=\"Marcio Gomes dos Santos\" \/>\n\t<meta name=\"twitter:label2\" content=\"Est. tempo de leitura\" \/>\n\t<meta name=\"twitter:data2\" content=\"1 minuto\" \/>\n<script type=\"application\/ld+json\" class=\"yoast-schema-graph\">{\"@context\":\"https:\/\/schema.org\",\"@graph\":[{\"@type\":\"Article\",\"@id\":\"https:\/\/www.pm.pb.gov.br\/portal\/2018\/10\/29\/policia-militar-desarticula-ponto-de-trafico-e-apreende-mais-de-20-garrafas-com-lolo-e-tabletes-de-maconha\/#article\",\"isPartOf\":{\"@id\":\"https:\/\/www.pm.pb.gov.br\/portal\/2018\/10\/29\/policia-militar-desarticula-ponto-de-trafico-e-apreende-mais-de-20-garrafas-com-lolo-e-tabletes-de-maconha\/\"},\"author\":{\"name\":\"Marcio Gomes dos Santos\",\"@id\":\"https:\/\/www.pm.pb.gov.br\/portal\/#\/schema\/person\/30d571652b38533c2211e4e89bf5a502\"},\"headline\":\"Pol\u00edcia Militar desarticula ponto de tr\u00e1fico e apreende mais de 20 garrafas com lol\u00f3 e tabletes de maconha\",\"datePublished\":\"2018-10-29T19:41:30+00:00\",\"dateModified\":\"2018-10-29T19:41:30+00:00\",\"mainEntityOfPage\":{\"@id\":\"https:\/\/www.pm.pb.gov.br\/portal\/2018\/10\/29\/policia-militar-desarticula-ponto-de-trafico-e-apreende-mais-de-20-garrafas-com-lolo-e-tabletes-de-maconha\/\"},\"wordCount\":175,\"publisher\":{\"@id\":\"https:\/\/www.pm.pb.gov.br\/portal\/#organization\"},\"articleSection\":[\"A\u00e7\u00f5es Policiais\"],\"inLanguage\":\"pt-BR\"},{\"@type\":\"WebPage\",\"@id\":\"https:\/\/www.pm.pb.gov.br\/portal\/2018\/10\/29\/policia-militar-desarticula-ponto-de-trafico-e-apreende-mais-de-20-garrafas-com-lolo-e-tabletes-de-maconha\/\",\"url\":\"https:\/\/www.pm.pb.gov.br\/portal\/2018\/10\/29\/policia-militar-desarticula-ponto-de-trafico-e-apreende-mais-de-20-garrafas-com-lolo-e-tabletes-de-maconha\/\",\"name\":\"Pol\u00edcia Militar desarticula ponto de tr\u00e1fico e apreende mais de 20 garrafas com lol\u00f3 e tabletes de maconha - Pol\u00edcia Militar da Para\u00edba\",\"isPartOf\":{\"@id\":\"https:\/\/www.pm.pb.gov.br\/portal\/#website\"},\"datePublished\":\"2018-10-29T19:41:30+00:00\",\"dateModified\":\"2018-10-29T19:41:30+00:00\",\"breadcrumb\":{\"@id\":\"https:\/\/www.pm.pb.gov.br\/portal\/2018\/10\/29\/policia-militar-desarticula-ponto-de-trafico-e-apreende-mais-de-20-garrafas-com-lolo-e-tabletes-de-maconha\/#breadcrumb\"},\"inLanguage\":\"pt-BR\",\"potentialAction\":[{\"@type\":\"ReadAction\",\"target\":[\"https:\/\/www.pm.pb.gov.br\/portal\/2018\/10\/29\/policia-militar-desarticula-ponto-de-trafico-e-apreende-mais-de-20-garrafas-com-lolo-e-tabletes-de-maconha\/\"]}]},{\"@type\":\"BreadcrumbList\",\"@id\":\"https:\/\/www.pm.pb.gov.br\/portal\/2018\/10\/29\/policia-militar-desarticula-ponto-de-trafico-e-apreende-mais-de-20-garrafas-com-lolo-e-tabletes-de-maconha\/#breadcrumb\",\"itemListElement\":[{\"@type\":\"ListItem\",\"position\":1,\"name\":\"In\u00edcio\",\"item\":\"https:\/\/www.pm.pb.gov.br\/portal\/\"},{\"@type\":\"ListItem\",\"position\":2,\"name\":\"Pol\u00edcia Militar desarticula ponto de tr\u00e1fico e apreende mais de 20 garrafas com lol\u00f3 e tabletes de maconha\"}]},{\"@type\":\"WebSite\",\"@id\":\"https:\/\/www.pm.pb.gov.br\/portal\/#website\",\"url\":\"https:\/\/www.pm.pb.gov.br\/portal\/\",\"name\":\"Pol\u00edcia Militar da Para\u00edba\",\"description\":\"\",\"publisher\":{\"@id\":\"https:\/\/www.pm.pb.gov.br\/portal\/#organization\"},\"potentialAction\":[{\"@type\":\"SearchAction\",\"target\":{\"@type\":\"EntryPoint\",\"urlTemplate\":\"https:\/\/www.pm.pb.gov.br\/portal\/?s={search_term_string}\"},\"query-input\":\"required name=search_term_string\"}],\"inLanguage\":\"pt-BR\"},{\"@type\":\"Organization\",\"@id\":\"https:\/\/www.pm.pb.gov.br\/portal\/#organization\",\"name\":\"Pol\u00edcia Militar da Para\u00edba\",\"url\":\"https:\/\/www.pm.pb.gov.br\/portal\/\",\"logo\":{\"@type\":\"ImageObject\",\"inLanguage\":\"pt-BR\",\"@id\":\"https:\/\/www.pm.pb.gov.br\/portal\/#\/schema\/logo\/image\/\",\"url\":\"https:\/\/www.pm.pb.gov.br\/portal\/wp-content\/uploads\/2025\/03\/cropped-logo-site-mag2-1.png\",\"contentUrl\":\"https:\/\/www.pm.pb.gov.br\/portal\/wp-content\/uploads\/2025\/03\/cropped-logo-site-mag2-1.png\",\"width\":320,\"height\":90,\"caption\":\"Pol\u00edcia Militar da Para\u00edba\"},\"image\":{\"@id\":\"https:\/\/www.pm.pb.gov.br\/portal\/#\/schema\/logo\/image\/\"}},{\"@type\":\"Person\",\"@id\":\"https:\/\/www.pm.pb.gov.br\/portal\/#\/schema\/person\/30d571652b38533c2211e4e89bf5a502\",\"name\":\"Marcio Gomes dos Santos\",\"image\":{\"@type\":\"ImageObject\",\"inLanguage\":\"pt-BR\",\"@id\":\"https:\/\/www.pm.pb.gov.br\/portal\/#\/schema\/person\/image\/\",\"url\":\"https:\/\/secure.gravatar.com\/avatar\/cf4ec2cb690101e1581c7773aa350c19?s=96&d=mm&r=g\",\"contentUrl\":\"https:\/\/secure.gravatar.com\/avatar\/cf4ec2cb690101e1581c7773aa350c19?s=96&d=mm&r=g\",\"caption\":\"Marcio Gomes dos Santos\"},\"url\":\"https:\/\/www.pm.pb.gov.br\/portal\/author\/mgomes\/\"}]}<\/script>\n<!-- \/ Yoast SEO plugin. -->","yoast_head_json":{"title":"Pol\u00edcia Militar desarticula ponto de tr\u00e1fico e apreende mais de 20 garrafas com lol\u00f3 e tabletes de maconha - Pol\u00edcia Militar da Para\u00edba","robots":{"index":"index","follow":"follow","max-snippet":"max-snippet:-1","max-image-preview":"max-image-preview:large","max-video-preview":"max-video-preview:-1"},"canonical":"https:\/\/www.pm.pb.gov.br\/portal\/2018\/10\/29\/policia-militar-desarticula-ponto-de-trafico-e-apreende-mais-de-20-garrafas-com-lolo-e-tabletes-de-maconha\/","og_locale":"pt_BR","og_type":"article","og_title":"Pol\u00edcia Militar desarticula ponto de tr\u00e1fico e apreende mais de 20 garrafas com lol\u00f3 e tabletes de maconha - Pol\u00edcia Militar da Para\u00edba","og_description":"A Pol\u00edcia Militar apreendeu 26 garrafas com subst\u00e2ncia semelhante \u00e0 lol\u00f3, quatro tabletes e 21 trouxas de maconha, al\u00e9m de","og_url":"https:\/\/www.pm.pb.gov.br\/portal\/2018\/10\/29\/policia-militar-desarticula-ponto-de-trafico-e-apreende-mais-de-20-garrafas-com-lolo-e-tabletes-de-maconha\/","og_site_name":"Pol\u00edcia Militar da Para\u00edba","article_published_time":"2018-10-29T19:41:30+00:00","og_image":[{"width":1280,"height":866,"url":"https:\/\/www.pm.pb.gov.br\/portal\/wp-content\/uploads\/2018\/10\/WhatsApp-Image-2018-10-26-at-23.05.27.jpeg","type":"image\/jpeg"}],"author":"Marcio Gomes dos Santos","twitter_card":"summary_large_image","twitter_misc":{"Escrito por":"Marcio Gomes dos Santos","Est. tempo de leitura":"1 minuto"},"schema":{"@context":"https:\/\/schema.org","@graph":[{"@type":"Article","@id":"https:\/\/www.pm.pb.gov.br\/portal\/2018\/10\/29\/policia-militar-desarticula-ponto-de-trafico-e-apreende-mais-de-20-garrafas-com-lolo-e-tabletes-de-maconha\/#article","isPartOf":{"@id":"https:\/\/www.pm.pb.gov.br\/portal\/2018\/10\/29\/policia-militar-desarticula-ponto-de-trafico-e-apreende-mais-de-20-garrafas-com-lolo-e-tabletes-de-maconha\/"},"author":{"name":"Marcio Gomes dos Santos","@id":"https:\/\/www.pm.pb.gov.br\/portal\/#\/schema\/person\/30d571652b38533c2211e4e89bf5a502"},"headline":"Pol\u00edcia Militar desarticula ponto de tr\u00e1fico e apreende mais de 20 garrafas com lol\u00f3 e tabletes de maconha","datePublished":"2018-10-29T19:41:30+00:00","dateModified":"2018-10-29T19:41:30+00:00","mainEntityOfPage":{"@id":"https:\/\/www.pm.pb.gov.br\/portal\/2018\/10\/29\/policia-militar-desarticula-ponto-de-trafico-e-apreende-mais-de-20-garrafas-com-lolo-e-tabletes-de-maconha\/"},"wordCount":175,"publisher":{"@id":"https:\/\/www.pm.pb.gov.br\/portal\/#organization"},"articleSection":["A\u00e7\u00f5es Policiais"],"inLanguage":"pt-BR"},{"@type":"WebPage","@id":"https:\/\/www.pm.pb.gov.br\/portal\/2018\/10\/29\/policia-militar-desarticula-ponto-de-trafico-e-apreende-mais-de-20-garrafas-com-lolo-e-tabletes-de-maconha\/","url":"https:\/\/www.pm.pb.gov.br\/portal\/2018\/10\/29\/policia-militar-desarticula-ponto-de-trafico-e-apreende-mais-de-20-garrafas-com-lolo-e-tabletes-de-maconha\/","name":"Pol\u00edcia Militar desarticula ponto de tr\u00e1fico e apreende mais de 20 garrafas com lol\u00f3 e tabletes de maconha - Pol\u00edcia Militar da Para\u00edba","isPartOf":{"@id":"https:\/\/www.pm.pb.gov.br\/portal\/#website"},"datePublished":"2018-10-29T19:41:30+00:00","dateModified":"2018-10-29T19:41:30+00:00","breadcrumb":{"@id":"https:\/\/www.pm.pb.gov.br\/portal\/2018\/10\/29\/policia-militar-desarticula-ponto-de-trafico-e-apreende-mais-de-20-garrafas-com-lolo-e-tabletes-de-maconha\/#breadcrumb"},"inLanguage":"pt-BR","potentialAction":[{"@type":"ReadAction","target":["https:\/\/www.pm.pb.gov.br\/portal\/2018\/10\/29\/policia-militar-desarticula-ponto-de-trafico-e-apreende-mais-de-20-garrafas-com-lolo-e-tabletes-de-maconha\/"]}]},{"@type":"BreadcrumbList","@id":"https:\/\/www.pm.pb.gov.br\/portal\/2018\/10\/29\/policia-militar-desarticula-ponto-de-trafico-e-apreende-mais-de-20-garrafas-com-lolo-e-tabletes-de-maconha\/#breadcrumb","itemListElement":[{"@type":"ListItem","position":1,"name":"In\u00edcio","item":"https:\/\/www.pm.pb.gov.br\/portal\/"},{"@type":"ListItem","position":2,"name":"Pol\u00edcia Militar desarticula ponto de tr\u00e1fico e apreende mais de 20 garrafas com lol\u00f3 e tabletes de maconha"}]},{"@type":"WebSite","@id":"https:\/\/www.pm.pb.gov.br\/portal\/#website","url":"https:\/\/www.pm.pb.gov.br\/portal\/","name":"Pol\u00edcia Militar da Para\u00edba","description":"","publisher":{"@id":"https:\/\/www.pm.pb.gov.br\/portal\/#organization"},"potentialAction":[{"@type":"SearchAction","target":{"@type":"EntryPoint","urlTemplate":"https:\/\/www.pm.pb.gov.br\/portal\/?s={search_term_string}"},"query-input":"required name=search_term_string"}],"inLanguage":"pt-BR"},{"@type":"Organization","@id":"https:\/\/www.pm.pb.gov.br\/portal\/#organization","name":"Pol\u00edcia Militar da Para\u00edba","url":"https:\/\/www.pm.pb.gov.br\/portal\/","logo":{"@type":"ImageObject","inLanguage":"pt-BR","@id":"https:\/\/www.pm.pb.gov.br\/portal\/#\/schema\/logo\/image\/","url":"https:\/\/www.pm.pb.gov.br\/portal\/wp-content\/uploads\/2025\/03\/cropped-logo-site-mag2-1.png","contentUrl":"https:\/\/www.pm.pb.gov.br\/portal\/wp-content\/uploads\/2025\/03\/cropped-logo-site-mag2-1.png","width":320,"height":90,"caption":"Pol\u00edcia Militar da Para\u00edba"},"image":{"@id":"https:\/\/www.pm.pb.gov.br\/portal\/#\/schema\/logo\/image\/"}},{"@type":"Person","@id":"https:\/\/www.pm.pb.gov.br\/portal\/#\/schema\/person\/30d571652b38533c2211e4e89bf5a502","name":"Marcio Gomes dos Santos","image":{"@type":"ImageObject","inLanguage":"pt-BR","@id":"https:\/\/www.pm.pb.gov.br\/portal\/#\/schema\/person\/image\/","url":"https:\/\/secure.gravatar.com\/avatar\/cf4ec2cb690101e1581c7773aa350c19?s=96&d=mm&r=g","contentUrl":"https:\/\/secure.gravatar.com\/avatar\/cf4ec2cb690101e1581c7773aa350c19?s=96&d=mm&r=g","caption":"Marcio Gomes dos Santos"},"url":"https:\/\/www.pm.pb.gov.br\/portal\/author\/mgomes\/"}]}},"_links":{"self":[{"href":"https:\/\/www.pm.pb.gov.br\/portal\/wp-json\/wp\/v2\/posts\/899138"}],"collection":[{"href":"https:\/\/www.pm.pb.gov.br\/portal\/wp-json\/wp\/v2\/posts"}],"about":[{"href":"https:\/\/www.pm.pb.gov.br\/portal\/wp-json\/wp\/v2\/types\/post"}],"author":[{"embeddable":true,"href":"https:\/\/www.pm.pb.gov.br\/portal\/wp-json\/wp\/v2\/users\/15"}],"replies":[{"embeddable":true,"href":"https:\/\/www.pm.pb.gov.br\/portal\/wp-json\/wp\/v2\/comments?post=899138"}],"version-history":[{"count":1,"href":"https:\/\/www.pm.pb.gov.br\/portal\/wp-json\/wp\/v2\/posts\/899138\/revisions"}],"predecessor-version":[{"id":899140,"href":"https:\/\/www.pm.pb.gov.br\/portal\/wp-json\/wp\/v2\/posts\/899138\/revisions\/899140"}],"wp:featuredmedia":[{"embeddable":true,"href":"https:\/\/www.pm.pb.gov.br\/portal\/wp-json\/wp\/v2\/media\/899139"}],"wp:attachment":[{"href":"https:\/\/www.pm.pb.gov.br\/portal\/wp-json\/wp\/v2\/media?parent=899138"}],"wp:term":[{"taxonomy":"category","embeddable":true,"href":"https:\/\/www.pm.pb.gov.br\/portal\/wp-json\/wp\/v2\/categories?post=899138"},{"taxonomy":"post_tag","embeddable":true,"href":"https:\/\/www.pm.pb.gov.br\/portal\/wp-json\/wp\/v2\/tags?post=899138"}],"curies":[{"name":"wp","href":"https:\/\/api.w.org\/{rel}","templated":true}]}}