{"id":899130,"date":"2018-10-25T18:23:21","date_gmt":"2018-10-25T21:23:21","guid":{"rendered":"http:\/\/www.pm.pb.gov.br\/portal\/?p=899130"},"modified":"2018-10-25T18:23:21","modified_gmt":"2018-10-25T21:23:21","slug":"tropas-estaduais-que-vao-fazer-a-guarda-de-urna-em-outras-cidades-comecam-a-embarcar-nesta-quinta-feira","status":"publish","type":"post","link":"https:\/\/www.pm.pb.gov.br\/portal\/2018\/10\/25\/tropas-estaduais-que-vao-fazer-a-guarda-de-urna-em-outras-cidades-comecam-a-embarcar-nesta-quinta-feira\/","title":{"rendered":"Tropas estaduais que v\u00e3o fazer a guarda de urna em outras cidades come\u00e7am a embarcar nesta quinta-feira"},"content":{"rendered":"<p style=\"text-align: justify;\">O efetivo que vai realizar o servi\u00e7o de guarda de urna em outras cidades embarcou na tarde desta quinta-feira (25), no Centro de Educa\u00e7\u00e3o da Pol\u00edcia Militar, em Jo\u00e3o Pessoa. S\u00e3o 373 policiais que seguiram com destino \u00e0s cidades do Sert\u00e3o e do Agreste do Estado. Nesta sexta-feira (26), \u00e0s 9h, outros 644 militares embarcam do mesmo local com destino \u00e0s cidades do Litoral paraibano.<\/p>\n<p style=\"text-align: justify;\">Diferente do 1\u00ba turno, quando as elei\u00e7\u00f5es eram para a escolha dos cargos de governador, deputados estaduais e federais, senadores e presidente, com a realiza\u00e7\u00e3o de v\u00e1rios com\u00edcios, passeatas e carreatas simultaneamente em diversas cidades, no 2\u00ba turno o esquema de seguran\u00e7a conta com quase 2.500 policiais e vai priorizar o refor\u00e7o nos maiores col\u00e9gios eleitorais, atuando no policiamento dos eventos at\u00e9 a v\u00e9spera do pleito, e, consequentemente, ap\u00f3s a divulga\u00e7\u00e3o do resultado das urnas.<\/p>\n<p style=\"text-align: justify;\">A partir desta sexta-feira, haver\u00e1 a prontid\u00e3o de policiais para atender demandas do Tribunal Regional Eleitoral (TRE), apoiar as atividades eleitorais e coibir crimes eleitorais que venham a ser constatados. Os Centros de Comando e Controle tamb\u00e9m ser\u00e3o instalados em Jo\u00e3o Pessoa, Campina Grande e Patos para acompanhar, em tempo real, a atua\u00e7\u00e3o da PM na guarda das urnas eleitorais, seguran\u00e7a dos mais de 1.700 locais de vota\u00e7\u00e3o e no policiamento externo.<\/p>\n<p>&nbsp;<\/p>\n","protected":false},"excerpt":{"rendered":"<p>O efetivo que vai realizar o servi\u00e7o de guarda de urna em outras cidades embarcou na tarde desta quinta-feira (25),<\/p>\n","protected":false},"author":12,"featured_media":898999,"comment_status":"closed","ping_status":"closed","sticky":false,"template":"","format":"standard","meta":{"_exactmetrics_skip_tracking":false,"_exactmetrics_sitenote_active":false,"_exactmetrics_sitenote_note":"","_exactmetrics_sitenote_category":0,"footnotes":""},"categories":[4],"tags":[],"yoast_head":"<!-- This site is optimized with the Yoast SEO plugin v22.0 - https:\/\/yoast.com\/wordpress\/plugins\/seo\/ -->\n<title>Tropas estaduais que v\u00e3o fazer a guarda de urna em outras cidades come\u00e7am a embarcar nesta quinta-feira - Pol\u00edcia Militar da Para\u00edba<\/title>\n<meta name=\"robots\" content=\"index, follow, max-snippet:-1, max-image-preview:large, max-video-preview:-1\" \/>\n<link rel=\"canonical\" href=\"https:\/\/www.pm.pb.gov.br\/portal\/2018\/10\/25\/tropas-estaduais-que-vao-fazer-a-guarda-de-urna-em-outras-cidades-comecam-a-embarcar-nesta-quinta-feira\/\" \/>\n<meta property=\"og:locale\" content=\"pt_BR\" \/>\n<meta property=\"og:type\" content=\"article\" \/>\n<meta property=\"og:title\" content=\"Tropas estaduais que v\u00e3o fazer a guarda de urna em outras cidades come\u00e7am a embarcar nesta quinta-feira - Pol\u00edcia Militar da Para\u00edba\" \/>\n<meta property=\"og:description\" content=\"O efetivo que vai realizar o servi\u00e7o de guarda de urna em outras cidades embarcou na tarde desta quinta-feira (25),\" \/>\n<meta property=\"og:url\" content=\"https:\/\/www.pm.pb.gov.br\/portal\/2018\/10\/25\/tropas-estaduais-que-vao-fazer-a-guarda-de-urna-em-outras-cidades-comecam-a-embarcar-nesta-quinta-feira\/\" \/>\n<meta property=\"og:site_name\" content=\"Pol\u00edcia Militar da Para\u00edba\" \/>\n<meta property=\"article:published_time\" content=\"2018-10-25T21:23:21+00:00\" \/>\n<meta property=\"og:image\" content=\"https:\/\/www.pm.pb.gov.br\/portal\/wp-content\/uploads\/2018\/10\/embarquetropas.jpg\" \/>\n\t<meta property=\"og:image:width\" content=\"800\" \/>\n\t<meta property=\"og:image:height\" content=\"445\" \/>\n\t<meta property=\"og:image:type\" content=\"image\/jpeg\" \/>\n<meta name=\"author\" content=\"Tarcisio Oliveira\" \/>\n<meta name=\"twitter:card\" content=\"summary_large_image\" \/>\n<meta name=\"twitter:label1\" content=\"Escrito por\" \/>\n\t<meta name=\"twitter:data1\" content=\"Tarcisio Oliveira\" \/>\n\t<meta name=\"twitter:label2\" content=\"Est. tempo de leitura\" \/>\n\t<meta name=\"twitter:data2\" content=\"1 minuto\" \/>\n<script type=\"application\/ld+json\" class=\"yoast-schema-graph\">{\"@context\":\"https:\/\/schema.org\",\"@graph\":[{\"@type\":\"Article\",\"@id\":\"https:\/\/www.pm.pb.gov.br\/portal\/2018\/10\/25\/tropas-estaduais-que-vao-fazer-a-guarda-de-urna-em-outras-cidades-comecam-a-embarcar-nesta-quinta-feira\/#article\",\"isPartOf\":{\"@id\":\"https:\/\/www.pm.pb.gov.br\/portal\/2018\/10\/25\/tropas-estaduais-que-vao-fazer-a-guarda-de-urna-em-outras-cidades-comecam-a-embarcar-nesta-quinta-feira\/\"},\"author\":{\"name\":\"Tarcisio Oliveira\",\"@id\":\"https:\/\/www.pm.pb.gov.br\/portal\/#\/schema\/person\/f84f56dcc78ce4357054da888b8247fd\"},\"headline\":\"Tropas estaduais que v\u00e3o fazer a guarda de urna em outras cidades come\u00e7am a embarcar nesta quinta-feira\",\"datePublished\":\"2018-10-25T21:23:21+00:00\",\"dateModified\":\"2018-10-25T21:23:21+00:00\",\"mainEntityOfPage\":{\"@id\":\"https:\/\/www.pm.pb.gov.br\/portal\/2018\/10\/25\/tropas-estaduais-que-vao-fazer-a-guarda-de-urna-em-outras-cidades-comecam-a-embarcar-nesta-quinta-feira\/\"},\"wordCount\":247,\"publisher\":{\"@id\":\"https:\/\/www.pm.pb.gov.br\/portal\/#organization\"},\"articleSection\":[\"A\u00e7\u00f5es Policiais\"],\"inLanguage\":\"pt-BR\"},{\"@type\":\"WebPage\",\"@id\":\"https:\/\/www.pm.pb.gov.br\/portal\/2018\/10\/25\/tropas-estaduais-que-vao-fazer-a-guarda-de-urna-em-outras-cidades-comecam-a-embarcar-nesta-quinta-feira\/\",\"url\":\"https:\/\/www.pm.pb.gov.br\/portal\/2018\/10\/25\/tropas-estaduais-que-vao-fazer-a-guarda-de-urna-em-outras-cidades-comecam-a-embarcar-nesta-quinta-feira\/\",\"name\":\"Tropas estaduais que v\u00e3o fazer a guarda de urna em outras cidades come\u00e7am a embarcar nesta quinta-feira - Pol\u00edcia Militar da Para\u00edba\",\"isPartOf\":{\"@id\":\"https:\/\/www.pm.pb.gov.br\/portal\/#website\"},\"datePublished\":\"2018-10-25T21:23:21+00:00\",\"dateModified\":\"2018-10-25T21:23:21+00:00\",\"breadcrumb\":{\"@id\":\"https:\/\/www.pm.pb.gov.br\/portal\/2018\/10\/25\/tropas-estaduais-que-vao-fazer-a-guarda-de-urna-em-outras-cidades-comecam-a-embarcar-nesta-quinta-feira\/#breadcrumb\"},\"inLanguage\":\"pt-BR\",\"potentialAction\":[{\"@type\":\"ReadAction\",\"target\":[\"https:\/\/www.pm.pb.gov.br\/portal\/2018\/10\/25\/tropas-estaduais-que-vao-fazer-a-guarda-de-urna-em-outras-cidades-comecam-a-embarcar-nesta-quinta-feira\/\"]}]},{\"@type\":\"BreadcrumbList\",\"@id\":\"https:\/\/www.pm.pb.gov.br\/portal\/2018\/10\/25\/tropas-estaduais-que-vao-fazer-a-guarda-de-urna-em-outras-cidades-comecam-a-embarcar-nesta-quinta-feira\/#breadcrumb\",\"itemListElement\":[{\"@type\":\"ListItem\",\"position\":1,\"name\":\"In\u00edcio\",\"item\":\"https:\/\/www.pm.pb.gov.br\/portal\/\"},{\"@type\":\"ListItem\",\"position\":2,\"name\":\"Tropas estaduais que v\u00e3o fazer a guarda de urna em outras cidades come\u00e7am a embarcar nesta quinta-feira\"}]},{\"@type\":\"WebSite\",\"@id\":\"https:\/\/www.pm.pb.gov.br\/portal\/#website\",\"url\":\"https:\/\/www.pm.pb.gov.br\/portal\/\",\"name\":\"Pol\u00edcia Militar da Para\u00edba\",\"description\":\"\",\"publisher\":{\"@id\":\"https:\/\/www.pm.pb.gov.br\/portal\/#organization\"},\"potentialAction\":[{\"@type\":\"SearchAction\",\"target\":{\"@type\":\"EntryPoint\",\"urlTemplate\":\"https:\/\/www.pm.pb.gov.br\/portal\/?s={search_term_string}\"},\"query-input\":\"required name=search_term_string\"}],\"inLanguage\":\"pt-BR\"},{\"@type\":\"Organization\",\"@id\":\"https:\/\/www.pm.pb.gov.br\/portal\/#organization\",\"name\":\"Pol\u00edcia Militar da Para\u00edba\",\"url\":\"https:\/\/www.pm.pb.gov.br\/portal\/\",\"logo\":{\"@type\":\"ImageObject\",\"inLanguage\":\"pt-BR\",\"@id\":\"https:\/\/www.pm.pb.gov.br\/portal\/#\/schema\/logo\/image\/\",\"url\":\"https:\/\/www.pm.pb.gov.br\/portal\/wp-content\/uploads\/2025\/03\/cropped-logo-site-mag2-1.png\",\"contentUrl\":\"https:\/\/www.pm.pb.gov.br\/portal\/wp-content\/uploads\/2025\/03\/cropped-logo-site-mag2-1.png\",\"width\":320,\"height\":90,\"caption\":\"Pol\u00edcia Militar da Para\u00edba\"},\"image\":{\"@id\":\"https:\/\/www.pm.pb.gov.br\/portal\/#\/schema\/logo\/image\/\"}},{\"@type\":\"Person\",\"@id\":\"https:\/\/www.pm.pb.gov.br\/portal\/#\/schema\/person\/f84f56dcc78ce4357054da888b8247fd\",\"name\":\"Tarcisio Oliveira\",\"image\":{\"@type\":\"ImageObject\",\"inLanguage\":\"pt-BR\",\"@id\":\"https:\/\/www.pm.pb.gov.br\/portal\/#\/schema\/person\/image\/\",\"url\":\"https:\/\/secure.gravatar.com\/avatar\/72917b630b69d31cd0297507f34bac97?s=96&d=mm&r=g\",\"contentUrl\":\"https:\/\/secure.gravatar.com\/avatar\/72917b630b69d31cd0297507f34bac97?s=96&d=mm&r=g\",\"caption\":\"Tarcisio Oliveira\"},\"url\":\"https:\/\/www.pm.pb.gov.br\/portal\/author\/tarcisio\/\"}]}<\/script>\n<!-- \/ Yoast SEO plugin. -->","yoast_head_json":{"title":"Tropas estaduais que v\u00e3o fazer a guarda de urna em outras cidades come\u00e7am a embarcar nesta quinta-feira - Pol\u00edcia Militar da Para\u00edba","robots":{"index":"index","follow":"follow","max-snippet":"max-snippet:-1","max-image-preview":"max-image-preview:large","max-video-preview":"max-video-preview:-1"},"canonical":"https:\/\/www.pm.pb.gov.br\/portal\/2018\/10\/25\/tropas-estaduais-que-vao-fazer-a-guarda-de-urna-em-outras-cidades-comecam-a-embarcar-nesta-quinta-feira\/","og_locale":"pt_BR","og_type":"article","og_title":"Tropas estaduais que v\u00e3o fazer a guarda de urna em outras cidades come\u00e7am a embarcar nesta quinta-feira - Pol\u00edcia Militar da Para\u00edba","og_description":"O efetivo que vai realizar o servi\u00e7o de guarda de urna em outras cidades embarcou na tarde desta quinta-feira (25),","og_url":"https:\/\/www.pm.pb.gov.br\/portal\/2018\/10\/25\/tropas-estaduais-que-vao-fazer-a-guarda-de-urna-em-outras-cidades-comecam-a-embarcar-nesta-quinta-feira\/","og_site_name":"Pol\u00edcia Militar da Para\u00edba","article_published_time":"2018-10-25T21:23:21+00:00","og_image":[{"width":800,"height":445,"url":"https:\/\/www.pm.pb.gov.br\/portal\/wp-content\/uploads\/2018\/10\/embarquetropas.jpg","type":"image\/jpeg"}],"author":"Tarcisio Oliveira","twitter_card":"summary_large_image","twitter_misc":{"Escrito por":"Tarcisio Oliveira","Est. tempo de leitura":"1 minuto"},"schema":{"@context":"https:\/\/schema.org","@graph":[{"@type":"Article","@id":"https:\/\/www.pm.pb.gov.br\/portal\/2018\/10\/25\/tropas-estaduais-que-vao-fazer-a-guarda-de-urna-em-outras-cidades-comecam-a-embarcar-nesta-quinta-feira\/#article","isPartOf":{"@id":"https:\/\/www.pm.pb.gov.br\/portal\/2018\/10\/25\/tropas-estaduais-que-vao-fazer-a-guarda-de-urna-em-outras-cidades-comecam-a-embarcar-nesta-quinta-feira\/"},"author":{"name":"Tarcisio Oliveira","@id":"https:\/\/www.pm.pb.gov.br\/portal\/#\/schema\/person\/f84f56dcc78ce4357054da888b8247fd"},"headline":"Tropas estaduais que v\u00e3o fazer a guarda de urna em outras cidades come\u00e7am a embarcar nesta quinta-feira","datePublished":"2018-10-25T21:23:21+00:00","dateModified":"2018-10-25T21:23:21+00:00","mainEntityOfPage":{"@id":"https:\/\/www.pm.pb.gov.br\/portal\/2018\/10\/25\/tropas-estaduais-que-vao-fazer-a-guarda-de-urna-em-outras-cidades-comecam-a-embarcar-nesta-quinta-feira\/"},"wordCount":247,"publisher":{"@id":"https:\/\/www.pm.pb.gov.br\/portal\/#organization"},"articleSection":["A\u00e7\u00f5es Policiais"],"inLanguage":"pt-BR"},{"@type":"WebPage","@id":"https:\/\/www.pm.pb.gov.br\/portal\/2018\/10\/25\/tropas-estaduais-que-vao-fazer-a-guarda-de-urna-em-outras-cidades-comecam-a-embarcar-nesta-quinta-feira\/","url":"https:\/\/www.pm.pb.gov.br\/portal\/2018\/10\/25\/tropas-estaduais-que-vao-fazer-a-guarda-de-urna-em-outras-cidades-comecam-a-embarcar-nesta-quinta-feira\/","name":"Tropas estaduais que v\u00e3o fazer a guarda de urna em outras cidades come\u00e7am a embarcar nesta quinta-feira - Pol\u00edcia Militar da Para\u00edba","isPartOf":{"@id":"https:\/\/www.pm.pb.gov.br\/portal\/#website"},"datePublished":"2018-10-25T21:23:21+00:00","dateModified":"2018-10-25T21:23:21+00:00","breadcrumb":{"@id":"https:\/\/www.pm.pb.gov.br\/portal\/2018\/10\/25\/tropas-estaduais-que-vao-fazer-a-guarda-de-urna-em-outras-cidades-comecam-a-embarcar-nesta-quinta-feira\/#breadcrumb"},"inLanguage":"pt-BR","potentialAction":[{"@type":"ReadAction","target":["https:\/\/www.pm.pb.gov.br\/portal\/2018\/10\/25\/tropas-estaduais-que-vao-fazer-a-guarda-de-urna-em-outras-cidades-comecam-a-embarcar-nesta-quinta-feira\/"]}]},{"@type":"BreadcrumbList","@id":"https:\/\/www.pm.pb.gov.br\/portal\/2018\/10\/25\/tropas-estaduais-que-vao-fazer-a-guarda-de-urna-em-outras-cidades-comecam-a-embarcar-nesta-quinta-feira\/#breadcrumb","itemListElement":[{"@type":"ListItem","position":1,"name":"In\u00edcio","item":"https:\/\/www.pm.pb.gov.br\/portal\/"},{"@type":"ListItem","position":2,"name":"Tropas estaduais que v\u00e3o fazer a guarda de urna em outras cidades come\u00e7am a embarcar nesta quinta-feira"}]},{"@type":"WebSite","@id":"https:\/\/www.pm.pb.gov.br\/portal\/#website","url":"https:\/\/www.pm.pb.gov.br\/portal\/","name":"Pol\u00edcia Militar da Para\u00edba","description":"","publisher":{"@id":"https:\/\/www.pm.pb.gov.br\/portal\/#organization"},"potentialAction":[{"@type":"SearchAction","target":{"@type":"EntryPoint","urlTemplate":"https:\/\/www.pm.pb.gov.br\/portal\/?s={search_term_string}"},"query-input":"required name=search_term_string"}],"inLanguage":"pt-BR"},{"@type":"Organization","@id":"https:\/\/www.pm.pb.gov.br\/portal\/#organization","name":"Pol\u00edcia Militar da Para\u00edba","url":"https:\/\/www.pm.pb.gov.br\/portal\/","logo":{"@type":"ImageObject","inLanguage":"pt-BR","@id":"https:\/\/www.pm.pb.gov.br\/portal\/#\/schema\/logo\/image\/","url":"https:\/\/www.pm.pb.gov.br\/portal\/wp-content\/uploads\/2025\/03\/cropped-logo-site-mag2-1.png","contentUrl":"https:\/\/www.pm.pb.gov.br\/portal\/wp-content\/uploads\/2025\/03\/cropped-logo-site-mag2-1.png","width":320,"height":90,"caption":"Pol\u00edcia Militar da Para\u00edba"},"image":{"@id":"https:\/\/www.pm.pb.gov.br\/portal\/#\/schema\/logo\/image\/"}},{"@type":"Person","@id":"https:\/\/www.pm.pb.gov.br\/portal\/#\/schema\/person\/f84f56dcc78ce4357054da888b8247fd","name":"Tarcisio Oliveira","image":{"@type":"ImageObject","inLanguage":"pt-BR","@id":"https:\/\/www.pm.pb.gov.br\/portal\/#\/schema\/person\/image\/","url":"https:\/\/secure.gravatar.com\/avatar\/72917b630b69d31cd0297507f34bac97?s=96&d=mm&r=g","contentUrl":"https:\/\/secure.gravatar.com\/avatar\/72917b630b69d31cd0297507f34bac97?s=96&d=mm&r=g","caption":"Tarcisio Oliveira"},"url":"https:\/\/www.pm.pb.gov.br\/portal\/author\/tarcisio\/"}]}},"_links":{"self":[{"href":"https:\/\/www.pm.pb.gov.br\/portal\/wp-json\/wp\/v2\/posts\/899130"}],"collection":[{"href":"https:\/\/www.pm.pb.gov.br\/portal\/wp-json\/wp\/v2\/posts"}],"about":[{"href":"https:\/\/www.pm.pb.gov.br\/portal\/wp-json\/wp\/v2\/types\/post"}],"author":[{"embeddable":true,"href":"https:\/\/www.pm.pb.gov.br\/portal\/wp-json\/wp\/v2\/users\/12"}],"replies":[{"embeddable":true,"href":"https:\/\/www.pm.pb.gov.br\/portal\/wp-json\/wp\/v2\/comments?post=899130"}],"version-history":[{"count":1,"href":"https:\/\/www.pm.pb.gov.br\/portal\/wp-json\/wp\/v2\/posts\/899130\/revisions"}],"predecessor-version":[{"id":899131,"href":"https:\/\/www.pm.pb.gov.br\/portal\/wp-json\/wp\/v2\/posts\/899130\/revisions\/899131"}],"wp:featuredmedia":[{"embeddable":true,"href":"https:\/\/www.pm.pb.gov.br\/portal\/wp-json\/wp\/v2\/media\/898999"}],"wp:attachment":[{"href":"https:\/\/www.pm.pb.gov.br\/portal\/wp-json\/wp\/v2\/media?parent=899130"}],"wp:term":[{"taxonomy":"category","embeddable":true,"href":"https:\/\/www.pm.pb.gov.br\/portal\/wp-json\/wp\/v2\/categories?post=899130"},{"taxonomy":"post_tag","embeddable":true,"href":"https:\/\/www.pm.pb.gov.br\/portal\/wp-json\/wp\/v2\/tags?post=899130"}],"curies":[{"name":"wp","href":"https:\/\/api.w.org\/{rel}","templated":true}]}}