{"id":899105,"date":"2018-10-23T08:48:45","date_gmt":"2018-10-23T11:48:45","guid":{"rendered":"http:\/\/www.pm.pb.gov.br\/portal\/?p=899105"},"modified":"2018-10-23T08:48:45","modified_gmt":"2018-10-23T11:48:45","slug":"final-de-semana-de-operacao-tem-mais-de-20-armas-apreendidas-e-reducao-de-crimes-patrimoniais","status":"publish","type":"post","link":"https:\/\/www.pm.pb.gov.br\/portal\/2018\/10\/23\/final-de-semana-de-operacao-tem-mais-de-20-armas-apreendidas-e-reducao-de-crimes-patrimoniais\/","title":{"rendered":"Final de semana de Opera\u00e7\u00e3o tem mais de 20 armas apreendidas e redu\u00e7\u00e3o de crimes patrimoniais"},"content":{"rendered":"<p style=\"text-align: justify;\">As a\u00e7\u00f5es do final de semana realizadas pela Pol\u00edcia Militar da Para\u00edba resultaram na apreens\u00e3o de 21 armas de fogo e deten\u00e7\u00e3o de 141 suspeitos, entre adultos e adolescentes. Desde a \u00faltima sexta-feira (19), o policiamento ostensivo e preventivo foi refor\u00e7ado com a realiza\u00e7\u00e3o da 32\u00aa edi\u00e7\u00e3o da Opera\u00e7\u00e3o Impacto. O n\u00famero de registro de crimes patrimoniais caiu no per\u00edodo, em compara\u00e7\u00e3o com o final de semana anterior.<\/p>\n<p style=\"text-align: justify;\">Foram apreendidas 21 armas entre pistola, rev\u00f3lveres e espingardas, em mais de 10 cidades: Jo\u00e3o Pessoa e regi\u00e3o metropolitana, Campina Grande, Esperan\u00e7a, Dona In\u00eas, Pedras de Fogo, Areia de Bara\u00fanas, Cacimbas, Nova Floresta, Desterro, Queimadas e Alagoa Grande. Em uma \u00fanica ocorr\u00eancia, mais de 100 muni\u00e7\u00f5es de diversos calibres foram apreendidas com um suspeito, em Jo\u00e3o Pessoa (foto abaixo). Ele ainda estava com maconha, coca\u00edna e comprimidos.<\/p>\n<p><img loading=\"lazy\" decoding=\"async\" class=\" wp-image-899099 aligncenter\" src=\"http:\/\/www.pm.pb.gov.br\/portal\/wp-content\/uploads\/2018\/10\/WhatsApp-Image-2018-10-20-at-15.33.17-791x445.jpeg\" alt=\"\" width=\"656\" height=\"369\" srcset=\"https:\/\/www.pm.pb.gov.br\/portal\/wp-content\/uploads\/2018\/10\/WhatsApp-Image-2018-10-20-at-15.33.17-791x445.jpeg 791w, https:\/\/www.pm.pb.gov.br\/portal\/wp-content\/uploads\/2018\/10\/WhatsApp-Image-2018-10-20-at-15.33.17-768x432.jpeg 768w, https:\/\/www.pm.pb.gov.br\/portal\/wp-content\/uploads\/2018\/10\/WhatsApp-Image-2018-10-20-at-15.33.17-1013x570.jpeg 1013w, https:\/\/www.pm.pb.gov.br\/portal\/wp-content\/uploads\/2018\/10\/WhatsApp-Image-2018-10-20-at-15.33.17.jpeg 1280w\" sizes=\"(max-width: 656px) 100vw, 656px\" \/><\/p>\n<p style=\"text-align: justify;\">Entre as condu\u00e7\u00f5es \u00e0s delegacias, foram 112 devido a flagrantes de diversas naturezas, como porte e posse ilegal de arma de fogo, envolvimento com drogas, les\u00e3o corporal, roubo, furto, entre outros. No per\u00edodo, foram 11 mandados de pris\u00e3o cumpridos e 18 menores apreendidos por atos infracionais.<\/p>\n<p style=\"text-align: justify;\"><strong>Impacto \u2013 <\/strong>O final de semana come\u00e7ou com refor\u00e7o do policiamento realizado pela Pol\u00edcia Militar a partir dos tr\u00eas Comandos Regionais, com a realiza\u00e7\u00e3o da 32\u00aa edi\u00e7\u00e3o da Opera\u00e7\u00e3o Impacto. Foram mais de 400 policiais e 127 viaturas que intensificaram blitzen, abordagens e atua\u00e7\u00f5es em locais estrat\u00e9gicos, com foco na regi\u00e3o metropolitana da capital, Campina Grande, e diversas cidades no sert\u00e3o do estado.<\/p>\n<p style=\"text-align: justify;\">Na noite da Opera\u00e7\u00e3o, em Campina Grande, um suspeito de tr\u00e1fico foi preso na pra\u00e7a central da cidade, com diversos produtos que eram trocados pelos entorpecentes (foto abaixo). Um rev\u00f3lver calibre 38 foi apreendido na casa do suspeito. Em Jo\u00e3o Pessoa, um suspeito tamb\u00e9m foi preso com droga e encaminhado para a Central de Flagrantes.<\/p>\n<p><img loading=\"lazy\" decoding=\"async\" class=\"size-medium wp-image-899080 aligncenter\" src=\"http:\/\/www.pm.pb.gov.br\/portal\/wp-content\/uploads\/2018\/10\/WhatsApp-Image-2018-10-19-at-20.45.01-1-593x445.jpeg\" alt=\"\" width=\"593\" height=\"445\" srcset=\"https:\/\/www.pm.pb.gov.br\/portal\/wp-content\/uploads\/2018\/10\/WhatsApp-Image-2018-10-19-at-20.45.01-1-593x445.jpeg 593w, https:\/\/www.pm.pb.gov.br\/portal\/wp-content\/uploads\/2018\/10\/WhatsApp-Image-2018-10-19-at-20.45.01-1-768x576.jpeg 768w, https:\/\/www.pm.pb.gov.br\/portal\/wp-content\/uploads\/2018\/10\/WhatsApp-Image-2018-10-19-at-20.45.01-1-760x570.jpeg 760w, https:\/\/www.pm.pb.gov.br\/portal\/wp-content\/uploads\/2018\/10\/WhatsApp-Image-2018-10-19-at-20.45.01-1.jpeg 1280w\" sizes=\"(max-width: 593px) 100vw, 593px\" \/><\/p>\n<p style=\"text-align: justify;\"><strong>Dados &#8211;<\/strong> As a\u00e7\u00f5es compreendem o per\u00edodo que vai da zero hora da sexta-feira (19) \u00e0s 23h59 deste domingo (21). Os dados s\u00e3o da Coordenadoria de Avalia\u00e7\u00e3o e Estat\u00edstica da PM, com base nos registros feitos por meio do Centro Integrado de Opera\u00e7\u00f5es Policiais (Ciop). Nos tr\u00eas dias, em compara\u00e7\u00e3o ao mesmo per\u00edodo da semana passada, os registros de crimes patrimoniais ca\u00edram aproximadamente 15%.<\/p>\n","protected":false},"excerpt":{"rendered":"<p>As a\u00e7\u00f5es do final de semana realizadas pela Pol\u00edcia Militar da Para\u00edba resultaram na apreens\u00e3o de 21 armas de fogo<\/p>\n","protected":false},"author":12,"featured_media":899106,"comment_status":"closed","ping_status":"closed","sticky":false,"template":"","format":"standard","meta":{"_exactmetrics_skip_tracking":false,"_exactmetrics_sitenote_active":false,"_exactmetrics_sitenote_note":"","_exactmetrics_sitenote_category":0,"footnotes":""},"categories":[4],"tags":[],"yoast_head":"<!-- This site is optimized with the Yoast SEO plugin v22.0 - https:\/\/yoast.com\/wordpress\/plugins\/seo\/ -->\n<title>Final de semana de Opera\u00e7\u00e3o tem mais de 20 armas apreendidas e redu\u00e7\u00e3o de crimes patrimoniais - Pol\u00edcia Militar da Para\u00edba<\/title>\n<meta name=\"robots\" content=\"index, follow, max-snippet:-1, max-image-preview:large, max-video-preview:-1\" \/>\n<link rel=\"canonical\" href=\"https:\/\/www.pm.pb.gov.br\/portal\/2018\/10\/23\/final-de-semana-de-operacao-tem-mais-de-20-armas-apreendidas-e-reducao-de-crimes-patrimoniais\/\" \/>\n<meta property=\"og:locale\" content=\"pt_BR\" \/>\n<meta property=\"og:type\" content=\"article\" \/>\n<meta property=\"og:title\" content=\"Final de semana de Opera\u00e7\u00e3o tem mais de 20 armas apreendidas e redu\u00e7\u00e3o de crimes patrimoniais - Pol\u00edcia Militar da Para\u00edba\" \/>\n<meta property=\"og:description\" content=\"As a\u00e7\u00f5es do final de semana realizadas pela Pol\u00edcia Militar da Para\u00edba resultaram na apreens\u00e3o de 21 armas de fogo\" \/>\n<meta property=\"og:url\" content=\"https:\/\/www.pm.pb.gov.br\/portal\/2018\/10\/23\/final-de-semana-de-operacao-tem-mais-de-20-armas-apreendidas-e-reducao-de-crimes-patrimoniais\/\" \/>\n<meta property=\"og:site_name\" content=\"Pol\u00edcia Militar da Para\u00edba\" \/>\n<meta property=\"article:published_time\" content=\"2018-10-23T11:48:45+00:00\" \/>\n<meta property=\"og:image\" content=\"https:\/\/www.pm.pb.gov.br\/portal\/wp-content\/uploads\/2018\/10\/operacaooimpactocapa.jpg\" \/>\n\t<meta property=\"og:image:width\" content=\"800\" \/>\n\t<meta property=\"og:image:height\" content=\"445\" \/>\n\t<meta property=\"og:image:type\" content=\"image\/jpeg\" \/>\n<meta name=\"author\" content=\"Tarcisio Oliveira\" \/>\n<meta name=\"twitter:card\" content=\"summary_large_image\" \/>\n<meta name=\"twitter:label1\" content=\"Escrito por\" \/>\n\t<meta name=\"twitter:data1\" content=\"Tarcisio Oliveira\" \/>\n\t<meta name=\"twitter:label2\" content=\"Est. tempo de leitura\" \/>\n\t<meta name=\"twitter:data2\" content=\"2 minutos\" \/>\n<script type=\"application\/ld+json\" class=\"yoast-schema-graph\">{\"@context\":\"https:\/\/schema.org\",\"@graph\":[{\"@type\":\"Article\",\"@id\":\"https:\/\/www.pm.pb.gov.br\/portal\/2018\/10\/23\/final-de-semana-de-operacao-tem-mais-de-20-armas-apreendidas-e-reducao-de-crimes-patrimoniais\/#article\",\"isPartOf\":{\"@id\":\"https:\/\/www.pm.pb.gov.br\/portal\/2018\/10\/23\/final-de-semana-de-operacao-tem-mais-de-20-armas-apreendidas-e-reducao-de-crimes-patrimoniais\/\"},\"author\":{\"name\":\"Tarcisio Oliveira\",\"@id\":\"https:\/\/www.pm.pb.gov.br\/portal\/#\/schema\/person\/f84f56dcc78ce4357054da888b8247fd\"},\"headline\":\"Final de semana de Opera\u00e7\u00e3o tem mais de 20 armas apreendidas e redu\u00e7\u00e3o de crimes patrimoniais\",\"datePublished\":\"2018-10-23T11:48:45+00:00\",\"dateModified\":\"2018-10-23T11:48:45+00:00\",\"mainEntityOfPage\":{\"@id\":\"https:\/\/www.pm.pb.gov.br\/portal\/2018\/10\/23\/final-de-semana-de-operacao-tem-mais-de-20-armas-apreendidas-e-reducao-de-crimes-patrimoniais\/\"},\"wordCount\":415,\"publisher\":{\"@id\":\"https:\/\/www.pm.pb.gov.br\/portal\/#organization\"},\"articleSection\":[\"A\u00e7\u00f5es Policiais\"],\"inLanguage\":\"pt-BR\"},{\"@type\":\"WebPage\",\"@id\":\"https:\/\/www.pm.pb.gov.br\/portal\/2018\/10\/23\/final-de-semana-de-operacao-tem-mais-de-20-armas-apreendidas-e-reducao-de-crimes-patrimoniais\/\",\"url\":\"https:\/\/www.pm.pb.gov.br\/portal\/2018\/10\/23\/final-de-semana-de-operacao-tem-mais-de-20-armas-apreendidas-e-reducao-de-crimes-patrimoniais\/\",\"name\":\"Final de semana de Opera\u00e7\u00e3o tem mais de 20 armas apreendidas e redu\u00e7\u00e3o de crimes patrimoniais - Pol\u00edcia Militar da Para\u00edba\",\"isPartOf\":{\"@id\":\"https:\/\/www.pm.pb.gov.br\/portal\/#website\"},\"datePublished\":\"2018-10-23T11:48:45+00:00\",\"dateModified\":\"2018-10-23T11:48:45+00:00\",\"breadcrumb\":{\"@id\":\"https:\/\/www.pm.pb.gov.br\/portal\/2018\/10\/23\/final-de-semana-de-operacao-tem-mais-de-20-armas-apreendidas-e-reducao-de-crimes-patrimoniais\/#breadcrumb\"},\"inLanguage\":\"pt-BR\",\"potentialAction\":[{\"@type\":\"ReadAction\",\"target\":[\"https:\/\/www.pm.pb.gov.br\/portal\/2018\/10\/23\/final-de-semana-de-operacao-tem-mais-de-20-armas-apreendidas-e-reducao-de-crimes-patrimoniais\/\"]}]},{\"@type\":\"BreadcrumbList\",\"@id\":\"https:\/\/www.pm.pb.gov.br\/portal\/2018\/10\/23\/final-de-semana-de-operacao-tem-mais-de-20-armas-apreendidas-e-reducao-de-crimes-patrimoniais\/#breadcrumb\",\"itemListElement\":[{\"@type\":\"ListItem\",\"position\":1,\"name\":\"In\u00edcio\",\"item\":\"https:\/\/www.pm.pb.gov.br\/portal\/\"},{\"@type\":\"ListItem\",\"position\":2,\"name\":\"Final de semana de Opera\u00e7\u00e3o tem mais de 20 armas apreendidas e redu\u00e7\u00e3o de crimes patrimoniais\"}]},{\"@type\":\"WebSite\",\"@id\":\"https:\/\/www.pm.pb.gov.br\/portal\/#website\",\"url\":\"https:\/\/www.pm.pb.gov.br\/portal\/\",\"name\":\"Pol\u00edcia Militar da Para\u00edba\",\"description\":\"\",\"publisher\":{\"@id\":\"https:\/\/www.pm.pb.gov.br\/portal\/#organization\"},\"potentialAction\":[{\"@type\":\"SearchAction\",\"target\":{\"@type\":\"EntryPoint\",\"urlTemplate\":\"https:\/\/www.pm.pb.gov.br\/portal\/?s={search_term_string}\"},\"query-input\":\"required name=search_term_string\"}],\"inLanguage\":\"pt-BR\"},{\"@type\":\"Organization\",\"@id\":\"https:\/\/www.pm.pb.gov.br\/portal\/#organization\",\"name\":\"Pol\u00edcia Militar da Para\u00edba\",\"url\":\"https:\/\/www.pm.pb.gov.br\/portal\/\",\"logo\":{\"@type\":\"ImageObject\",\"inLanguage\":\"pt-BR\",\"@id\":\"https:\/\/www.pm.pb.gov.br\/portal\/#\/schema\/logo\/image\/\",\"url\":\"https:\/\/www.pm.pb.gov.br\/portal\/wp-content\/uploads\/2025\/03\/cropped-logo-site-mag2-1.png\",\"contentUrl\":\"https:\/\/www.pm.pb.gov.br\/portal\/wp-content\/uploads\/2025\/03\/cropped-logo-site-mag2-1.png\",\"width\":320,\"height\":90,\"caption\":\"Pol\u00edcia Militar da Para\u00edba\"},\"image\":{\"@id\":\"https:\/\/www.pm.pb.gov.br\/portal\/#\/schema\/logo\/image\/\"}},{\"@type\":\"Person\",\"@id\":\"https:\/\/www.pm.pb.gov.br\/portal\/#\/schema\/person\/f84f56dcc78ce4357054da888b8247fd\",\"name\":\"Tarcisio Oliveira\",\"image\":{\"@type\":\"ImageObject\",\"inLanguage\":\"pt-BR\",\"@id\":\"https:\/\/www.pm.pb.gov.br\/portal\/#\/schema\/person\/image\/\",\"url\":\"https:\/\/secure.gravatar.com\/avatar\/72917b630b69d31cd0297507f34bac97?s=96&d=mm&r=g\",\"contentUrl\":\"https:\/\/secure.gravatar.com\/avatar\/72917b630b69d31cd0297507f34bac97?s=96&d=mm&r=g\",\"caption\":\"Tarcisio Oliveira\"},\"url\":\"https:\/\/www.pm.pb.gov.br\/portal\/author\/tarcisio\/\"}]}<\/script>\n<!-- \/ Yoast SEO plugin. -->","yoast_head_json":{"title":"Final de semana de Opera\u00e7\u00e3o tem mais de 20 armas apreendidas e redu\u00e7\u00e3o de crimes patrimoniais - Pol\u00edcia Militar da Para\u00edba","robots":{"index":"index","follow":"follow","max-snippet":"max-snippet:-1","max-image-preview":"max-image-preview:large","max-video-preview":"max-video-preview:-1"},"canonical":"https:\/\/www.pm.pb.gov.br\/portal\/2018\/10\/23\/final-de-semana-de-operacao-tem-mais-de-20-armas-apreendidas-e-reducao-de-crimes-patrimoniais\/","og_locale":"pt_BR","og_type":"article","og_title":"Final de semana de Opera\u00e7\u00e3o tem mais de 20 armas apreendidas e redu\u00e7\u00e3o de crimes patrimoniais - Pol\u00edcia Militar da Para\u00edba","og_description":"As a\u00e7\u00f5es do final de semana realizadas pela Pol\u00edcia Militar da Para\u00edba resultaram na apreens\u00e3o de 21 armas de fogo","og_url":"https:\/\/www.pm.pb.gov.br\/portal\/2018\/10\/23\/final-de-semana-de-operacao-tem-mais-de-20-armas-apreendidas-e-reducao-de-crimes-patrimoniais\/","og_site_name":"Pol\u00edcia Militar da Para\u00edba","article_published_time":"2018-10-23T11:48:45+00:00","og_image":[{"width":800,"height":445,"url":"https:\/\/www.pm.pb.gov.br\/portal\/wp-content\/uploads\/2018\/10\/operacaooimpactocapa.jpg","type":"image\/jpeg"}],"author":"Tarcisio Oliveira","twitter_card":"summary_large_image","twitter_misc":{"Escrito por":"Tarcisio Oliveira","Est. tempo de leitura":"2 minutos"},"schema":{"@context":"https:\/\/schema.org","@graph":[{"@type":"Article","@id":"https:\/\/www.pm.pb.gov.br\/portal\/2018\/10\/23\/final-de-semana-de-operacao-tem-mais-de-20-armas-apreendidas-e-reducao-de-crimes-patrimoniais\/#article","isPartOf":{"@id":"https:\/\/www.pm.pb.gov.br\/portal\/2018\/10\/23\/final-de-semana-de-operacao-tem-mais-de-20-armas-apreendidas-e-reducao-de-crimes-patrimoniais\/"},"author":{"name":"Tarcisio Oliveira","@id":"https:\/\/www.pm.pb.gov.br\/portal\/#\/schema\/person\/f84f56dcc78ce4357054da888b8247fd"},"headline":"Final de semana de Opera\u00e7\u00e3o tem mais de 20 armas apreendidas e redu\u00e7\u00e3o de crimes patrimoniais","datePublished":"2018-10-23T11:48:45+00:00","dateModified":"2018-10-23T11:48:45+00:00","mainEntityOfPage":{"@id":"https:\/\/www.pm.pb.gov.br\/portal\/2018\/10\/23\/final-de-semana-de-operacao-tem-mais-de-20-armas-apreendidas-e-reducao-de-crimes-patrimoniais\/"},"wordCount":415,"publisher":{"@id":"https:\/\/www.pm.pb.gov.br\/portal\/#organization"},"articleSection":["A\u00e7\u00f5es Policiais"],"inLanguage":"pt-BR"},{"@type":"WebPage","@id":"https:\/\/www.pm.pb.gov.br\/portal\/2018\/10\/23\/final-de-semana-de-operacao-tem-mais-de-20-armas-apreendidas-e-reducao-de-crimes-patrimoniais\/","url":"https:\/\/www.pm.pb.gov.br\/portal\/2018\/10\/23\/final-de-semana-de-operacao-tem-mais-de-20-armas-apreendidas-e-reducao-de-crimes-patrimoniais\/","name":"Final de semana de Opera\u00e7\u00e3o tem mais de 20 armas apreendidas e redu\u00e7\u00e3o de crimes patrimoniais - Pol\u00edcia Militar da Para\u00edba","isPartOf":{"@id":"https:\/\/www.pm.pb.gov.br\/portal\/#website"},"datePublished":"2018-10-23T11:48:45+00:00","dateModified":"2018-10-23T11:48:45+00:00","breadcrumb":{"@id":"https:\/\/www.pm.pb.gov.br\/portal\/2018\/10\/23\/final-de-semana-de-operacao-tem-mais-de-20-armas-apreendidas-e-reducao-de-crimes-patrimoniais\/#breadcrumb"},"inLanguage":"pt-BR","potentialAction":[{"@type":"ReadAction","target":["https:\/\/www.pm.pb.gov.br\/portal\/2018\/10\/23\/final-de-semana-de-operacao-tem-mais-de-20-armas-apreendidas-e-reducao-de-crimes-patrimoniais\/"]}]},{"@type":"BreadcrumbList","@id":"https:\/\/www.pm.pb.gov.br\/portal\/2018\/10\/23\/final-de-semana-de-operacao-tem-mais-de-20-armas-apreendidas-e-reducao-de-crimes-patrimoniais\/#breadcrumb","itemListElement":[{"@type":"ListItem","position":1,"name":"In\u00edcio","item":"https:\/\/www.pm.pb.gov.br\/portal\/"},{"@type":"ListItem","position":2,"name":"Final de semana de Opera\u00e7\u00e3o tem mais de 20 armas apreendidas e redu\u00e7\u00e3o de crimes patrimoniais"}]},{"@type":"WebSite","@id":"https:\/\/www.pm.pb.gov.br\/portal\/#website","url":"https:\/\/www.pm.pb.gov.br\/portal\/","name":"Pol\u00edcia Militar da Para\u00edba","description":"","publisher":{"@id":"https:\/\/www.pm.pb.gov.br\/portal\/#organization"},"potentialAction":[{"@type":"SearchAction","target":{"@type":"EntryPoint","urlTemplate":"https:\/\/www.pm.pb.gov.br\/portal\/?s={search_term_string}"},"query-input":"required name=search_term_string"}],"inLanguage":"pt-BR"},{"@type":"Organization","@id":"https:\/\/www.pm.pb.gov.br\/portal\/#organization","name":"Pol\u00edcia Militar da Para\u00edba","url":"https:\/\/www.pm.pb.gov.br\/portal\/","logo":{"@type":"ImageObject","inLanguage":"pt-BR","@id":"https:\/\/www.pm.pb.gov.br\/portal\/#\/schema\/logo\/image\/","url":"https:\/\/www.pm.pb.gov.br\/portal\/wp-content\/uploads\/2025\/03\/cropped-logo-site-mag2-1.png","contentUrl":"https:\/\/www.pm.pb.gov.br\/portal\/wp-content\/uploads\/2025\/03\/cropped-logo-site-mag2-1.png","width":320,"height":90,"caption":"Pol\u00edcia Militar da Para\u00edba"},"image":{"@id":"https:\/\/www.pm.pb.gov.br\/portal\/#\/schema\/logo\/image\/"}},{"@type":"Person","@id":"https:\/\/www.pm.pb.gov.br\/portal\/#\/schema\/person\/f84f56dcc78ce4357054da888b8247fd","name":"Tarcisio Oliveira","image":{"@type":"ImageObject","inLanguage":"pt-BR","@id":"https:\/\/www.pm.pb.gov.br\/portal\/#\/schema\/person\/image\/","url":"https:\/\/secure.gravatar.com\/avatar\/72917b630b69d31cd0297507f34bac97?s=96&d=mm&r=g","contentUrl":"https:\/\/secure.gravatar.com\/avatar\/72917b630b69d31cd0297507f34bac97?s=96&d=mm&r=g","caption":"Tarcisio Oliveira"},"url":"https:\/\/www.pm.pb.gov.br\/portal\/author\/tarcisio\/"}]}},"_links":{"self":[{"href":"https:\/\/www.pm.pb.gov.br\/portal\/wp-json\/wp\/v2\/posts\/899105"}],"collection":[{"href":"https:\/\/www.pm.pb.gov.br\/portal\/wp-json\/wp\/v2\/posts"}],"about":[{"href":"https:\/\/www.pm.pb.gov.br\/portal\/wp-json\/wp\/v2\/types\/post"}],"author":[{"embeddable":true,"href":"https:\/\/www.pm.pb.gov.br\/portal\/wp-json\/wp\/v2\/users\/12"}],"replies":[{"embeddable":true,"href":"https:\/\/www.pm.pb.gov.br\/portal\/wp-json\/wp\/v2\/comments?post=899105"}],"version-history":[{"count":1,"href":"https:\/\/www.pm.pb.gov.br\/portal\/wp-json\/wp\/v2\/posts\/899105\/revisions"}],"predecessor-version":[{"id":899107,"href":"https:\/\/www.pm.pb.gov.br\/portal\/wp-json\/wp\/v2\/posts\/899105\/revisions\/899107"}],"wp:featuredmedia":[{"embeddable":true,"href":"https:\/\/www.pm.pb.gov.br\/portal\/wp-json\/wp\/v2\/media\/899106"}],"wp:attachment":[{"href":"https:\/\/www.pm.pb.gov.br\/portal\/wp-json\/wp\/v2\/media?parent=899105"}],"wp:term":[{"taxonomy":"category","embeddable":true,"href":"https:\/\/www.pm.pb.gov.br\/portal\/wp-json\/wp\/v2\/categories?post=899105"},{"taxonomy":"post_tag","embeddable":true,"href":"https:\/\/www.pm.pb.gov.br\/portal\/wp-json\/wp\/v2\/tags?post=899105"}],"curies":[{"name":"wp","href":"https:\/\/api.w.org\/{rel}","templated":true}]}}