{"id":899093,"date":"2018-10-21T23:36:09","date_gmt":"2018-10-22T02:36:09","guid":{"rendered":"http:\/\/www.pm.pb.gov.br\/portal\/?p=899093"},"modified":"2018-10-22T06:38:06","modified_gmt":"2018-10-22T09:38:06","slug":"policia-militar-prende-dois-suspeitos-e-recupera-motocicleta-na-zona-sul-da-capital","status":"publish","type":"post","link":"https:\/\/www.pm.pb.gov.br\/portal\/2018\/10\/21\/policia-militar-prende-dois-suspeitos-e-recupera-motocicleta-na-zona-sul-da-capital\/","title":{"rendered":"Pol\u00edcia Militar prende dois suspeitos e recupera motocicleta na zona sul da Capital"},"content":{"rendered":"<p style=\"font-weight: 400; text-align: justify;\">A Pol\u00edcia Militar prendeu dois suspeitos, apreendeu droga e recuperou uma motocicleta que havia sido roubada, nessa sexta-feira (19), na zona sul de Jo\u00e3o Pessoa. Um dos suspeitos presos, de 23 anos de idade, era motorista de transporte de aplicativo, e foi encontrado com quatro pedras de subst\u00e2ncia an\u00e1loga \u00e0 pasta de coca\u00edna.<\/p>\n<p style=\"font-weight: 400; text-align: justify;\">O motorista estava no carro, quando foi abordado por policiais militares no bairro do Cristo Redentor, nas proximidades do gin\u00e1sio \u2018O Ronald\u00e3o\u2019, por volta das 19h30. Al\u00e9m dos entorpecentes, ele estava com dinheiro e uma faca. O suspeito foi conduzido para a Central de Flagrantes.<\/p>\n<p style=\"font-weight: 400; text-align: justify;\">Mais tarde, por volta das 20h30, um homem de 25 anos de idade, que tinha um mandado de pris\u00e3o em aberto, foi preso por policiais nas proximidades de um supermercado, no bairro Costa e Silva. Ele foi abordado quando estava em uma motocicleta, e tamb\u00e9m foi levado para Central de Flagrantes.<\/p>\n<p style=\"font-weight: 400; text-align: justify;\">J\u00e1 no Jardim Veneza, a PM localizou uma motocicleta que havia sido roubada no \u00faltimo dia 13, no bairro da Torre. O ve\u00edculo tamb\u00e9m foi levado para a Central, e o seu leg\u00edtimo propriet\u00e1rio foi informado.<\/p>\n","protected":false},"excerpt":{"rendered":"<p>A Pol\u00edcia Militar prendeu dois suspeitos, apreendeu droga e recuperou uma motocicleta que havia sido roubada, nessa sexta-feira (19), na<\/p>\n","protected":false},"author":15,"featured_media":898489,"comment_status":"closed","ping_status":"closed","sticky":false,"template":"","format":"standard","meta":{"_exactmetrics_skip_tracking":false,"_exactmetrics_sitenote_active":false,"_exactmetrics_sitenote_note":"","_exactmetrics_sitenote_category":0,"footnotes":""},"categories":[4],"tags":[],"yoast_head":"<!-- This site is optimized with the Yoast SEO plugin v22.0 - https:\/\/yoast.com\/wordpress\/plugins\/seo\/ -->\n<title>Pol\u00edcia Militar prende dois suspeitos e recupera motocicleta na zona sul da Capital - Pol\u00edcia Militar da Para\u00edba<\/title>\n<meta name=\"robots\" content=\"index, follow, max-snippet:-1, max-image-preview:large, max-video-preview:-1\" \/>\n<link rel=\"canonical\" href=\"https:\/\/www.pm.pb.gov.br\/portal\/2018\/10\/21\/policia-militar-prende-dois-suspeitos-e-recupera-motocicleta-na-zona-sul-da-capital\/\" \/>\n<meta property=\"og:locale\" content=\"pt_BR\" \/>\n<meta property=\"og:type\" content=\"article\" \/>\n<meta property=\"og:title\" content=\"Pol\u00edcia Militar prende dois suspeitos e recupera motocicleta na zona sul da Capital - Pol\u00edcia Militar da Para\u00edba\" \/>\n<meta property=\"og:description\" content=\"A Pol\u00edcia Militar prendeu dois suspeitos, apreendeu droga e recuperou uma motocicleta que havia sido roubada, nessa sexta-feira (19), na\" \/>\n<meta property=\"og:url\" content=\"https:\/\/www.pm.pb.gov.br\/portal\/2018\/10\/21\/policia-militar-prende-dois-suspeitos-e-recupera-motocicleta-na-zona-sul-da-capital\/\" \/>\n<meta property=\"og:site_name\" content=\"Pol\u00edcia Militar da Para\u00edba\" \/>\n<meta property=\"article:published_time\" content=\"2018-10-22T02:36:09+00:00\" \/>\n<meta property=\"article:modified_time\" content=\"2018-10-22T09:38:06+00:00\" \/>\n<meta property=\"og:image\" content=\"https:\/\/www.pm.pb.gov.br\/portal\/wp-content\/uploads\/2018\/07\/brasao-estilizado2-e1534160670967.jpg\" \/>\n\t<meta property=\"og:image:width\" content=\"800\" \/>\n\t<meta property=\"og:image:height\" content=\"600\" \/>\n\t<meta property=\"og:image:type\" content=\"image\/jpeg\" \/>\n<meta name=\"author\" content=\"Marcio Gomes dos Santos\" \/>\n<meta name=\"twitter:card\" content=\"summary_large_image\" \/>\n<meta name=\"twitter:label1\" content=\"Escrito por\" \/>\n\t<meta name=\"twitter:data1\" content=\"Marcio Gomes dos Santos\" \/>\n\t<meta name=\"twitter:label2\" content=\"Est. tempo de leitura\" \/>\n\t<meta name=\"twitter:data2\" content=\"1 minuto\" \/>\n<script type=\"application\/ld+json\" class=\"yoast-schema-graph\">{\"@context\":\"https:\/\/schema.org\",\"@graph\":[{\"@type\":\"Article\",\"@id\":\"https:\/\/www.pm.pb.gov.br\/portal\/2018\/10\/21\/policia-militar-prende-dois-suspeitos-e-recupera-motocicleta-na-zona-sul-da-capital\/#article\",\"isPartOf\":{\"@id\":\"https:\/\/www.pm.pb.gov.br\/portal\/2018\/10\/21\/policia-militar-prende-dois-suspeitos-e-recupera-motocicleta-na-zona-sul-da-capital\/\"},\"author\":{\"name\":\"Marcio Gomes dos Santos\",\"@id\":\"https:\/\/www.pm.pb.gov.br\/portal\/#\/schema\/person\/30d571652b38533c2211e4e89bf5a502\"},\"headline\":\"Pol\u00edcia Militar prende dois suspeitos e recupera motocicleta na zona sul da Capital\",\"datePublished\":\"2018-10-22T02:36:09+00:00\",\"dateModified\":\"2018-10-22T09:38:06+00:00\",\"mainEntityOfPage\":{\"@id\":\"https:\/\/www.pm.pb.gov.br\/portal\/2018\/10\/21\/policia-militar-prende-dois-suspeitos-e-recupera-motocicleta-na-zona-sul-da-capital\/\"},\"wordCount\":208,\"publisher\":{\"@id\":\"https:\/\/www.pm.pb.gov.br\/portal\/#organization\"},\"articleSection\":[\"A\u00e7\u00f5es Policiais\"],\"inLanguage\":\"pt-BR\"},{\"@type\":\"WebPage\",\"@id\":\"https:\/\/www.pm.pb.gov.br\/portal\/2018\/10\/21\/policia-militar-prende-dois-suspeitos-e-recupera-motocicleta-na-zona-sul-da-capital\/\",\"url\":\"https:\/\/www.pm.pb.gov.br\/portal\/2018\/10\/21\/policia-militar-prende-dois-suspeitos-e-recupera-motocicleta-na-zona-sul-da-capital\/\",\"name\":\"Pol\u00edcia Militar prende dois suspeitos e recupera motocicleta na zona sul da Capital - Pol\u00edcia Militar da Para\u00edba\",\"isPartOf\":{\"@id\":\"https:\/\/www.pm.pb.gov.br\/portal\/#website\"},\"datePublished\":\"2018-10-22T02:36:09+00:00\",\"dateModified\":\"2018-10-22T09:38:06+00:00\",\"breadcrumb\":{\"@id\":\"https:\/\/www.pm.pb.gov.br\/portal\/2018\/10\/21\/policia-militar-prende-dois-suspeitos-e-recupera-motocicleta-na-zona-sul-da-capital\/#breadcrumb\"},\"inLanguage\":\"pt-BR\",\"potentialAction\":[{\"@type\":\"ReadAction\",\"target\":[\"https:\/\/www.pm.pb.gov.br\/portal\/2018\/10\/21\/policia-militar-prende-dois-suspeitos-e-recupera-motocicleta-na-zona-sul-da-capital\/\"]}]},{\"@type\":\"BreadcrumbList\",\"@id\":\"https:\/\/www.pm.pb.gov.br\/portal\/2018\/10\/21\/policia-militar-prende-dois-suspeitos-e-recupera-motocicleta-na-zona-sul-da-capital\/#breadcrumb\",\"itemListElement\":[{\"@type\":\"ListItem\",\"position\":1,\"name\":\"In\u00edcio\",\"item\":\"https:\/\/www.pm.pb.gov.br\/portal\/\"},{\"@type\":\"ListItem\",\"position\":2,\"name\":\"Pol\u00edcia Militar prende dois suspeitos e recupera motocicleta na zona sul da Capital\"}]},{\"@type\":\"WebSite\",\"@id\":\"https:\/\/www.pm.pb.gov.br\/portal\/#website\",\"url\":\"https:\/\/www.pm.pb.gov.br\/portal\/\",\"name\":\"Pol\u00edcia Militar da Para\u00edba\",\"description\":\"\",\"publisher\":{\"@id\":\"https:\/\/www.pm.pb.gov.br\/portal\/#organization\"},\"potentialAction\":[{\"@type\":\"SearchAction\",\"target\":{\"@type\":\"EntryPoint\",\"urlTemplate\":\"https:\/\/www.pm.pb.gov.br\/portal\/?s={search_term_string}\"},\"query-input\":\"required name=search_term_string\"}],\"inLanguage\":\"pt-BR\"},{\"@type\":\"Organization\",\"@id\":\"https:\/\/www.pm.pb.gov.br\/portal\/#organization\",\"name\":\"Pol\u00edcia Militar da Para\u00edba\",\"url\":\"https:\/\/www.pm.pb.gov.br\/portal\/\",\"logo\":{\"@type\":\"ImageObject\",\"inLanguage\":\"pt-BR\",\"@id\":\"https:\/\/www.pm.pb.gov.br\/portal\/#\/schema\/logo\/image\/\",\"url\":\"https:\/\/www.pm.pb.gov.br\/portal\/wp-content\/uploads\/2025\/03\/cropped-logo-site-mag2-1.png\",\"contentUrl\":\"https:\/\/www.pm.pb.gov.br\/portal\/wp-content\/uploads\/2025\/03\/cropped-logo-site-mag2-1.png\",\"width\":320,\"height\":90,\"caption\":\"Pol\u00edcia Militar da Para\u00edba\"},\"image\":{\"@id\":\"https:\/\/www.pm.pb.gov.br\/portal\/#\/schema\/logo\/image\/\"}},{\"@type\":\"Person\",\"@id\":\"https:\/\/www.pm.pb.gov.br\/portal\/#\/schema\/person\/30d571652b38533c2211e4e89bf5a502\",\"name\":\"Marcio Gomes dos Santos\",\"image\":{\"@type\":\"ImageObject\",\"inLanguage\":\"pt-BR\",\"@id\":\"https:\/\/www.pm.pb.gov.br\/portal\/#\/schema\/person\/image\/\",\"url\":\"https:\/\/secure.gravatar.com\/avatar\/cf4ec2cb690101e1581c7773aa350c19?s=96&d=mm&r=g\",\"contentUrl\":\"https:\/\/secure.gravatar.com\/avatar\/cf4ec2cb690101e1581c7773aa350c19?s=96&d=mm&r=g\",\"caption\":\"Marcio Gomes dos Santos\"},\"url\":\"https:\/\/www.pm.pb.gov.br\/portal\/author\/mgomes\/\"}]}<\/script>\n<!-- \/ Yoast SEO plugin. -->","yoast_head_json":{"title":"Pol\u00edcia Militar prende dois suspeitos e recupera motocicleta na zona sul da Capital - Pol\u00edcia Militar da Para\u00edba","robots":{"index":"index","follow":"follow","max-snippet":"max-snippet:-1","max-image-preview":"max-image-preview:large","max-video-preview":"max-video-preview:-1"},"canonical":"https:\/\/www.pm.pb.gov.br\/portal\/2018\/10\/21\/policia-militar-prende-dois-suspeitos-e-recupera-motocicleta-na-zona-sul-da-capital\/","og_locale":"pt_BR","og_type":"article","og_title":"Pol\u00edcia Militar prende dois suspeitos e recupera motocicleta na zona sul da Capital - Pol\u00edcia Militar da Para\u00edba","og_description":"A Pol\u00edcia Militar prendeu dois suspeitos, apreendeu droga e recuperou uma motocicleta que havia sido roubada, nessa sexta-feira (19), na","og_url":"https:\/\/www.pm.pb.gov.br\/portal\/2018\/10\/21\/policia-militar-prende-dois-suspeitos-e-recupera-motocicleta-na-zona-sul-da-capital\/","og_site_name":"Pol\u00edcia Militar da Para\u00edba","article_published_time":"2018-10-22T02:36:09+00:00","article_modified_time":"2018-10-22T09:38:06+00:00","og_image":[{"width":800,"height":600,"url":"https:\/\/www.pm.pb.gov.br\/portal\/wp-content\/uploads\/2018\/07\/brasao-estilizado2-e1534160670967.jpg","type":"image\/jpeg"}],"author":"Marcio Gomes dos Santos","twitter_card":"summary_large_image","twitter_misc":{"Escrito por":"Marcio Gomes dos Santos","Est. tempo de leitura":"1 minuto"},"schema":{"@context":"https:\/\/schema.org","@graph":[{"@type":"Article","@id":"https:\/\/www.pm.pb.gov.br\/portal\/2018\/10\/21\/policia-militar-prende-dois-suspeitos-e-recupera-motocicleta-na-zona-sul-da-capital\/#article","isPartOf":{"@id":"https:\/\/www.pm.pb.gov.br\/portal\/2018\/10\/21\/policia-militar-prende-dois-suspeitos-e-recupera-motocicleta-na-zona-sul-da-capital\/"},"author":{"name":"Marcio Gomes dos Santos","@id":"https:\/\/www.pm.pb.gov.br\/portal\/#\/schema\/person\/30d571652b38533c2211e4e89bf5a502"},"headline":"Pol\u00edcia Militar prende dois suspeitos e recupera motocicleta na zona sul da Capital","datePublished":"2018-10-22T02:36:09+00:00","dateModified":"2018-10-22T09:38:06+00:00","mainEntityOfPage":{"@id":"https:\/\/www.pm.pb.gov.br\/portal\/2018\/10\/21\/policia-militar-prende-dois-suspeitos-e-recupera-motocicleta-na-zona-sul-da-capital\/"},"wordCount":208,"publisher":{"@id":"https:\/\/www.pm.pb.gov.br\/portal\/#organization"},"articleSection":["A\u00e7\u00f5es Policiais"],"inLanguage":"pt-BR"},{"@type":"WebPage","@id":"https:\/\/www.pm.pb.gov.br\/portal\/2018\/10\/21\/policia-militar-prende-dois-suspeitos-e-recupera-motocicleta-na-zona-sul-da-capital\/","url":"https:\/\/www.pm.pb.gov.br\/portal\/2018\/10\/21\/policia-militar-prende-dois-suspeitos-e-recupera-motocicleta-na-zona-sul-da-capital\/","name":"Pol\u00edcia Militar prende dois suspeitos e recupera motocicleta na zona sul da Capital - Pol\u00edcia Militar da Para\u00edba","isPartOf":{"@id":"https:\/\/www.pm.pb.gov.br\/portal\/#website"},"datePublished":"2018-10-22T02:36:09+00:00","dateModified":"2018-10-22T09:38:06+00:00","breadcrumb":{"@id":"https:\/\/www.pm.pb.gov.br\/portal\/2018\/10\/21\/policia-militar-prende-dois-suspeitos-e-recupera-motocicleta-na-zona-sul-da-capital\/#breadcrumb"},"inLanguage":"pt-BR","potentialAction":[{"@type":"ReadAction","target":["https:\/\/www.pm.pb.gov.br\/portal\/2018\/10\/21\/policia-militar-prende-dois-suspeitos-e-recupera-motocicleta-na-zona-sul-da-capital\/"]}]},{"@type":"BreadcrumbList","@id":"https:\/\/www.pm.pb.gov.br\/portal\/2018\/10\/21\/policia-militar-prende-dois-suspeitos-e-recupera-motocicleta-na-zona-sul-da-capital\/#breadcrumb","itemListElement":[{"@type":"ListItem","position":1,"name":"In\u00edcio","item":"https:\/\/www.pm.pb.gov.br\/portal\/"},{"@type":"ListItem","position":2,"name":"Pol\u00edcia Militar prende dois suspeitos e recupera motocicleta na zona sul da Capital"}]},{"@type":"WebSite","@id":"https:\/\/www.pm.pb.gov.br\/portal\/#website","url":"https:\/\/www.pm.pb.gov.br\/portal\/","name":"Pol\u00edcia Militar da Para\u00edba","description":"","publisher":{"@id":"https:\/\/www.pm.pb.gov.br\/portal\/#organization"},"potentialAction":[{"@type":"SearchAction","target":{"@type":"EntryPoint","urlTemplate":"https:\/\/www.pm.pb.gov.br\/portal\/?s={search_term_string}"},"query-input":"required name=search_term_string"}],"inLanguage":"pt-BR"},{"@type":"Organization","@id":"https:\/\/www.pm.pb.gov.br\/portal\/#organization","name":"Pol\u00edcia Militar da Para\u00edba","url":"https:\/\/www.pm.pb.gov.br\/portal\/","logo":{"@type":"ImageObject","inLanguage":"pt-BR","@id":"https:\/\/www.pm.pb.gov.br\/portal\/#\/schema\/logo\/image\/","url":"https:\/\/www.pm.pb.gov.br\/portal\/wp-content\/uploads\/2025\/03\/cropped-logo-site-mag2-1.png","contentUrl":"https:\/\/www.pm.pb.gov.br\/portal\/wp-content\/uploads\/2025\/03\/cropped-logo-site-mag2-1.png","width":320,"height":90,"caption":"Pol\u00edcia Militar da Para\u00edba"},"image":{"@id":"https:\/\/www.pm.pb.gov.br\/portal\/#\/schema\/logo\/image\/"}},{"@type":"Person","@id":"https:\/\/www.pm.pb.gov.br\/portal\/#\/schema\/person\/30d571652b38533c2211e4e89bf5a502","name":"Marcio Gomes dos Santos","image":{"@type":"ImageObject","inLanguage":"pt-BR","@id":"https:\/\/www.pm.pb.gov.br\/portal\/#\/schema\/person\/image\/","url":"https:\/\/secure.gravatar.com\/avatar\/cf4ec2cb690101e1581c7773aa350c19?s=96&d=mm&r=g","contentUrl":"https:\/\/secure.gravatar.com\/avatar\/cf4ec2cb690101e1581c7773aa350c19?s=96&d=mm&r=g","caption":"Marcio Gomes dos Santos"},"url":"https:\/\/www.pm.pb.gov.br\/portal\/author\/mgomes\/"}]}},"_links":{"self":[{"href":"https:\/\/www.pm.pb.gov.br\/portal\/wp-json\/wp\/v2\/posts\/899093"}],"collection":[{"href":"https:\/\/www.pm.pb.gov.br\/portal\/wp-json\/wp\/v2\/posts"}],"about":[{"href":"https:\/\/www.pm.pb.gov.br\/portal\/wp-json\/wp\/v2\/types\/post"}],"author":[{"embeddable":true,"href":"https:\/\/www.pm.pb.gov.br\/portal\/wp-json\/wp\/v2\/users\/15"}],"replies":[{"embeddable":true,"href":"https:\/\/www.pm.pb.gov.br\/portal\/wp-json\/wp\/v2\/comments?post=899093"}],"version-history":[{"count":1,"href":"https:\/\/www.pm.pb.gov.br\/portal\/wp-json\/wp\/v2\/posts\/899093\/revisions"}],"predecessor-version":[{"id":899094,"href":"https:\/\/www.pm.pb.gov.br\/portal\/wp-json\/wp\/v2\/posts\/899093\/revisions\/899094"}],"wp:featuredmedia":[{"embeddable":true,"href":"https:\/\/www.pm.pb.gov.br\/portal\/wp-json\/wp\/v2\/media\/898489"}],"wp:attachment":[{"href":"https:\/\/www.pm.pb.gov.br\/portal\/wp-json\/wp\/v2\/media?parent=899093"}],"wp:term":[{"taxonomy":"category","embeddable":true,"href":"https:\/\/www.pm.pb.gov.br\/portal\/wp-json\/wp\/v2\/categories?post=899093"},{"taxonomy":"post_tag","embeddable":true,"href":"https:\/\/www.pm.pb.gov.br\/portal\/wp-json\/wp\/v2\/tags?post=899093"}],"curies":[{"name":"wp","href":"https:\/\/api.w.org\/{rel}","templated":true}]}}