{"id":899083,"date":"2018-10-20T11:48:35","date_gmt":"2018-10-20T14:48:35","guid":{"rendered":"http:\/\/www.pm.pb.gov.br\/portal\/?p=899083"},"modified":"2018-10-20T13:52:36","modified_gmt":"2018-10-20T16:52:36","slug":"policia-militar-prende-suspeito-de-trafico-que-atuava-no-centro-de-campina-grande","status":"publish","type":"post","link":"https:\/\/www.pm.pb.gov.br\/portal\/2018\/10\/20\/policia-militar-prende-suspeito-de-trafico-que-atuava-no-centro-de-campina-grande\/","title":{"rendered":"Pol\u00edcia Militar prende suspeito de tr\u00e1fico que atuava no centro de Campina Grande"},"content":{"rendered":"<p style=\"text-align: justify;\">A atua\u00e7\u00e3o da Pol\u00edcia Militar em locais estrat\u00e9gicos de Campina Grande para combater o tr\u00e1fico de drogas resultou na pris\u00e3o de um suspeito, apreens\u00e3o de arma de fogo, crack, e recupera\u00e7\u00e3o de diversos objetos que eram trocados por entorpecentes. A a\u00e7\u00e3o aconteceu durante a 32\u00aa edi\u00e7\u00e3o da Opera\u00e7\u00e3o Impacto, na noite dessa sexta-feira (19).<\/p>\n<p style=\"text-align: justify;\">Policias da Companhia de Choque, do Batalh\u00e3o de Opera\u00e7\u00f5es Especiais (Bope), estavam em rondas na Pra\u00e7a Clementino Proc\u00f3pio, no centro da cidade, quando abordaram um homem, de 51 anos de idade. O suspeito utilizava uma motocicleta. Com ele, tamb\u00e9m foram encontrados 42 pedras de subst\u00e2ncia semelhante ao crack, dinheiro e um carro. Segundo os policiais que efetuaram a pris\u00e3o, o ve\u00edculo era uma pick-up que servia de dep\u00f3sito para os objetos trocados por droga.<\/p>\n<p style=\"text-align: justify;\"><img loading=\"lazy\" decoding=\"async\" class=\" wp-image-899081 alignleft\" src=\"http:\/\/www.pm.pb.gov.br\/portal\/wp-content\/uploads\/2018\/10\/WhatsApp-Image-2018-10-19-at-20.45.01-593x445.jpeg\" alt=\"\" width=\"282\" height=\"212\" srcset=\"https:\/\/www.pm.pb.gov.br\/portal\/wp-content\/uploads\/2018\/10\/WhatsApp-Image-2018-10-19-at-20.45.01-593x445.jpeg 593w, https:\/\/www.pm.pb.gov.br\/portal\/wp-content\/uploads\/2018\/10\/WhatsApp-Image-2018-10-19-at-20.45.01-768x576.jpeg 768w, https:\/\/www.pm.pb.gov.br\/portal\/wp-content\/uploads\/2018\/10\/WhatsApp-Image-2018-10-19-at-20.45.01-760x570.jpeg 760w, https:\/\/www.pm.pb.gov.br\/portal\/wp-content\/uploads\/2018\/10\/WhatsApp-Image-2018-10-19-at-20.45.01.jpeg 1280w\" sizes=\"(max-width: 282px) 100vw, 282px\" \/><\/p>\n<p style=\"text-align: justify;\">Na casa do suspeito, os policiais encontraram a arma, diversos objetos eletr\u00f4nicos, como televis\u00f5es, notebooks e celulares. Como ele agia no centro da cidade, a suspeita \u00e9 que ele recebia os objetos como pagamento pelos entorpecentes. O homem foi conduzido para a Central de Pol\u00edcia, no bairro do Catol\u00e9, onde foi autuado por tr\u00e1fico de drogas e posse ilegal de arma de fogo.<\/p>\n<p style=\"text-align: justify;\"><strong>Capital \u2013<\/strong> Em Jo\u00e3o Pessoa, um motorista de transporte de aplicativo foi preso com quatro pedras de uma subst\u00e2ncia semelhante \u00e0 pasta base de coca\u00edna. A pris\u00e3o aconteceu no bairro do Cristo Redentor ap\u00f3s abordagem dos policiais do Regimento de Pol\u00edcia Montada (RPMont). O suspeito, que tem 23 anos de idade, tinha ainda uma faca e dinheiro. Todo o material e o homem preso foram encaminhados para a Central de Pol\u00edcia.<\/p>\n<p style=\"text-align: justify;\"><strong>Impacto \u2013<\/strong> As duas pris\u00f5es aconteceram durante a 32\u00aa edi\u00e7\u00e3o da Opera\u00e7\u00e3o Impacto, que intensificou as a\u00e7\u00f5es de policiamento com blitzen, incurs\u00f5es, abordagens e patrulhamento a\u00e9reo com helic\u00f3pteros em locais apontados pela Intelig\u00eancia e Estat\u00edstica da PM. O objetivo \u00e9 o combate ao tr\u00e1fico de drogas, preven\u00e7\u00e3o de crimes contra a vida e contra o patrim\u00f4nio, atuando na regi\u00e3o metropolitana de Jo\u00e3o Pessoa, Campina Grande, e diversas cidades do Sert\u00e3o.<\/p>\n","protected":false},"excerpt":{"rendered":"<p>A atua\u00e7\u00e3o da Pol\u00edcia Militar em locais estrat\u00e9gicos de Campina Grande para combater o tr\u00e1fico de drogas resultou na pris\u00e3o<\/p>\n","protected":false},"author":15,"featured_media":899080,"comment_status":"closed","ping_status":"closed","sticky":false,"template":"","format":"standard","meta":{"_exactmetrics_skip_tracking":false,"_exactmetrics_sitenote_active":false,"_exactmetrics_sitenote_note":"","_exactmetrics_sitenote_category":0,"footnotes":""},"categories":[4],"tags":[],"yoast_head":"<!-- This site is optimized with the Yoast SEO plugin v22.0 - https:\/\/yoast.com\/wordpress\/plugins\/seo\/ -->\n<title>Pol\u00edcia Militar prende suspeito de tr\u00e1fico que atuava no centro de Campina Grande - Pol\u00edcia Militar da Para\u00edba<\/title>\n<meta name=\"robots\" content=\"index, follow, max-snippet:-1, max-image-preview:large, max-video-preview:-1\" \/>\n<link rel=\"canonical\" href=\"https:\/\/www.pm.pb.gov.br\/portal\/2018\/10\/20\/policia-militar-prende-suspeito-de-trafico-que-atuava-no-centro-de-campina-grande\/\" \/>\n<meta property=\"og:locale\" content=\"pt_BR\" \/>\n<meta property=\"og:type\" content=\"article\" \/>\n<meta property=\"og:title\" content=\"Pol\u00edcia Militar prende suspeito de tr\u00e1fico que atuava no centro de Campina Grande - Pol\u00edcia Militar da Para\u00edba\" \/>\n<meta property=\"og:description\" content=\"A atua\u00e7\u00e3o da Pol\u00edcia Militar em locais estrat\u00e9gicos de Campina Grande para combater o tr\u00e1fico de drogas resultou na pris\u00e3o\" \/>\n<meta property=\"og:url\" content=\"https:\/\/www.pm.pb.gov.br\/portal\/2018\/10\/20\/policia-militar-prende-suspeito-de-trafico-que-atuava-no-centro-de-campina-grande\/\" \/>\n<meta property=\"og:site_name\" content=\"Pol\u00edcia Militar da Para\u00edba\" \/>\n<meta property=\"article:published_time\" content=\"2018-10-20T14:48:35+00:00\" \/>\n<meta property=\"article:modified_time\" content=\"2018-10-20T16:52:36+00:00\" \/>\n<meta property=\"og:image\" content=\"https:\/\/www.pm.pb.gov.br\/portal\/wp-content\/uploads\/2018\/10\/WhatsApp-Image-2018-10-19-at-20.45.01-1.jpeg\" \/>\n\t<meta property=\"og:image:width\" content=\"1280\" \/>\n\t<meta property=\"og:image:height\" content=\"960\" \/>\n\t<meta property=\"og:image:type\" content=\"image\/jpeg\" \/>\n<meta name=\"author\" content=\"Marcio Gomes dos Santos\" \/>\n<meta name=\"twitter:card\" content=\"summary_large_image\" \/>\n<meta name=\"twitter:label1\" content=\"Escrito por\" \/>\n\t<meta name=\"twitter:data1\" content=\"Marcio Gomes dos Santos\" \/>\n\t<meta name=\"twitter:label2\" content=\"Est. tempo de leitura\" \/>\n\t<meta name=\"twitter:data2\" content=\"2 minutos\" \/>\n<script type=\"application\/ld+json\" class=\"yoast-schema-graph\">{\"@context\":\"https:\/\/schema.org\",\"@graph\":[{\"@type\":\"Article\",\"@id\":\"https:\/\/www.pm.pb.gov.br\/portal\/2018\/10\/20\/policia-militar-prende-suspeito-de-trafico-que-atuava-no-centro-de-campina-grande\/#article\",\"isPartOf\":{\"@id\":\"https:\/\/www.pm.pb.gov.br\/portal\/2018\/10\/20\/policia-militar-prende-suspeito-de-trafico-que-atuava-no-centro-de-campina-grande\/\"},\"author\":{\"name\":\"Marcio Gomes dos Santos\",\"@id\":\"https:\/\/www.pm.pb.gov.br\/portal\/#\/schema\/person\/30d571652b38533c2211e4e89bf5a502\"},\"headline\":\"Pol\u00edcia Militar prende suspeito de tr\u00e1fico que atuava no centro de Campina Grande\",\"datePublished\":\"2018-10-20T14:48:35+00:00\",\"dateModified\":\"2018-10-20T16:52:36+00:00\",\"mainEntityOfPage\":{\"@id\":\"https:\/\/www.pm.pb.gov.br\/portal\/2018\/10\/20\/policia-militar-prende-suspeito-de-trafico-que-atuava-no-centro-de-campina-grande\/\"},\"wordCount\":381,\"publisher\":{\"@id\":\"https:\/\/www.pm.pb.gov.br\/portal\/#organization\"},\"articleSection\":[\"A\u00e7\u00f5es Policiais\"],\"inLanguage\":\"pt-BR\"},{\"@type\":\"WebPage\",\"@id\":\"https:\/\/www.pm.pb.gov.br\/portal\/2018\/10\/20\/policia-militar-prende-suspeito-de-trafico-que-atuava-no-centro-de-campina-grande\/\",\"url\":\"https:\/\/www.pm.pb.gov.br\/portal\/2018\/10\/20\/policia-militar-prende-suspeito-de-trafico-que-atuava-no-centro-de-campina-grande\/\",\"name\":\"Pol\u00edcia Militar prende suspeito de tr\u00e1fico que atuava no centro de Campina Grande - Pol\u00edcia Militar da Para\u00edba\",\"isPartOf\":{\"@id\":\"https:\/\/www.pm.pb.gov.br\/portal\/#website\"},\"datePublished\":\"2018-10-20T14:48:35+00:00\",\"dateModified\":\"2018-10-20T16:52:36+00:00\",\"breadcrumb\":{\"@id\":\"https:\/\/www.pm.pb.gov.br\/portal\/2018\/10\/20\/policia-militar-prende-suspeito-de-trafico-que-atuava-no-centro-de-campina-grande\/#breadcrumb\"},\"inLanguage\":\"pt-BR\",\"potentialAction\":[{\"@type\":\"ReadAction\",\"target\":[\"https:\/\/www.pm.pb.gov.br\/portal\/2018\/10\/20\/policia-militar-prende-suspeito-de-trafico-que-atuava-no-centro-de-campina-grande\/\"]}]},{\"@type\":\"BreadcrumbList\",\"@id\":\"https:\/\/www.pm.pb.gov.br\/portal\/2018\/10\/20\/policia-militar-prende-suspeito-de-trafico-que-atuava-no-centro-de-campina-grande\/#breadcrumb\",\"itemListElement\":[{\"@type\":\"ListItem\",\"position\":1,\"name\":\"In\u00edcio\",\"item\":\"https:\/\/www.pm.pb.gov.br\/portal\/\"},{\"@type\":\"ListItem\",\"position\":2,\"name\":\"Pol\u00edcia Militar prende suspeito de tr\u00e1fico que atuava no centro de Campina Grande\"}]},{\"@type\":\"WebSite\",\"@id\":\"https:\/\/www.pm.pb.gov.br\/portal\/#website\",\"url\":\"https:\/\/www.pm.pb.gov.br\/portal\/\",\"name\":\"Pol\u00edcia Militar da Para\u00edba\",\"description\":\"\",\"publisher\":{\"@id\":\"https:\/\/www.pm.pb.gov.br\/portal\/#organization\"},\"potentialAction\":[{\"@type\":\"SearchAction\",\"target\":{\"@type\":\"EntryPoint\",\"urlTemplate\":\"https:\/\/www.pm.pb.gov.br\/portal\/?s={search_term_string}\"},\"query-input\":\"required name=search_term_string\"}],\"inLanguage\":\"pt-BR\"},{\"@type\":\"Organization\",\"@id\":\"https:\/\/www.pm.pb.gov.br\/portal\/#organization\",\"name\":\"Pol\u00edcia Militar da Para\u00edba\",\"url\":\"https:\/\/www.pm.pb.gov.br\/portal\/\",\"logo\":{\"@type\":\"ImageObject\",\"inLanguage\":\"pt-BR\",\"@id\":\"https:\/\/www.pm.pb.gov.br\/portal\/#\/schema\/logo\/image\/\",\"url\":\"https:\/\/www.pm.pb.gov.br\/portal\/wp-content\/uploads\/2025\/03\/cropped-logo-site-mag2-1.png\",\"contentUrl\":\"https:\/\/www.pm.pb.gov.br\/portal\/wp-content\/uploads\/2025\/03\/cropped-logo-site-mag2-1.png\",\"width\":320,\"height\":90,\"caption\":\"Pol\u00edcia Militar da Para\u00edba\"},\"image\":{\"@id\":\"https:\/\/www.pm.pb.gov.br\/portal\/#\/schema\/logo\/image\/\"}},{\"@type\":\"Person\",\"@id\":\"https:\/\/www.pm.pb.gov.br\/portal\/#\/schema\/person\/30d571652b38533c2211e4e89bf5a502\",\"name\":\"Marcio Gomes dos Santos\",\"image\":{\"@type\":\"ImageObject\",\"inLanguage\":\"pt-BR\",\"@id\":\"https:\/\/www.pm.pb.gov.br\/portal\/#\/schema\/person\/image\/\",\"url\":\"https:\/\/secure.gravatar.com\/avatar\/cf4ec2cb690101e1581c7773aa350c19?s=96&d=mm&r=g\",\"contentUrl\":\"https:\/\/secure.gravatar.com\/avatar\/cf4ec2cb690101e1581c7773aa350c19?s=96&d=mm&r=g\",\"caption\":\"Marcio Gomes dos Santos\"},\"url\":\"https:\/\/www.pm.pb.gov.br\/portal\/author\/mgomes\/\"}]}<\/script>\n<!-- \/ Yoast SEO plugin. -->","yoast_head_json":{"title":"Pol\u00edcia Militar prende suspeito de tr\u00e1fico que atuava no centro de Campina Grande - Pol\u00edcia Militar da Para\u00edba","robots":{"index":"index","follow":"follow","max-snippet":"max-snippet:-1","max-image-preview":"max-image-preview:large","max-video-preview":"max-video-preview:-1"},"canonical":"https:\/\/www.pm.pb.gov.br\/portal\/2018\/10\/20\/policia-militar-prende-suspeito-de-trafico-que-atuava-no-centro-de-campina-grande\/","og_locale":"pt_BR","og_type":"article","og_title":"Pol\u00edcia Militar prende suspeito de tr\u00e1fico que atuava no centro de Campina Grande - Pol\u00edcia Militar da Para\u00edba","og_description":"A atua\u00e7\u00e3o da Pol\u00edcia Militar em locais estrat\u00e9gicos de Campina Grande para combater o tr\u00e1fico de drogas resultou na pris\u00e3o","og_url":"https:\/\/www.pm.pb.gov.br\/portal\/2018\/10\/20\/policia-militar-prende-suspeito-de-trafico-que-atuava-no-centro-de-campina-grande\/","og_site_name":"Pol\u00edcia Militar da Para\u00edba","article_published_time":"2018-10-20T14:48:35+00:00","article_modified_time":"2018-10-20T16:52:36+00:00","og_image":[{"width":1280,"height":960,"url":"https:\/\/www.pm.pb.gov.br\/portal\/wp-content\/uploads\/2018\/10\/WhatsApp-Image-2018-10-19-at-20.45.01-1.jpeg","type":"image\/jpeg"}],"author":"Marcio Gomes dos Santos","twitter_card":"summary_large_image","twitter_misc":{"Escrito por":"Marcio Gomes dos Santos","Est. tempo de leitura":"2 minutos"},"schema":{"@context":"https:\/\/schema.org","@graph":[{"@type":"Article","@id":"https:\/\/www.pm.pb.gov.br\/portal\/2018\/10\/20\/policia-militar-prende-suspeito-de-trafico-que-atuava-no-centro-de-campina-grande\/#article","isPartOf":{"@id":"https:\/\/www.pm.pb.gov.br\/portal\/2018\/10\/20\/policia-militar-prende-suspeito-de-trafico-que-atuava-no-centro-de-campina-grande\/"},"author":{"name":"Marcio Gomes dos Santos","@id":"https:\/\/www.pm.pb.gov.br\/portal\/#\/schema\/person\/30d571652b38533c2211e4e89bf5a502"},"headline":"Pol\u00edcia Militar prende suspeito de tr\u00e1fico que atuava no centro de Campina Grande","datePublished":"2018-10-20T14:48:35+00:00","dateModified":"2018-10-20T16:52:36+00:00","mainEntityOfPage":{"@id":"https:\/\/www.pm.pb.gov.br\/portal\/2018\/10\/20\/policia-militar-prende-suspeito-de-trafico-que-atuava-no-centro-de-campina-grande\/"},"wordCount":381,"publisher":{"@id":"https:\/\/www.pm.pb.gov.br\/portal\/#organization"},"articleSection":["A\u00e7\u00f5es Policiais"],"inLanguage":"pt-BR"},{"@type":"WebPage","@id":"https:\/\/www.pm.pb.gov.br\/portal\/2018\/10\/20\/policia-militar-prende-suspeito-de-trafico-que-atuava-no-centro-de-campina-grande\/","url":"https:\/\/www.pm.pb.gov.br\/portal\/2018\/10\/20\/policia-militar-prende-suspeito-de-trafico-que-atuava-no-centro-de-campina-grande\/","name":"Pol\u00edcia Militar prende suspeito de tr\u00e1fico que atuava no centro de Campina Grande - Pol\u00edcia Militar da Para\u00edba","isPartOf":{"@id":"https:\/\/www.pm.pb.gov.br\/portal\/#website"},"datePublished":"2018-10-20T14:48:35+00:00","dateModified":"2018-10-20T16:52:36+00:00","breadcrumb":{"@id":"https:\/\/www.pm.pb.gov.br\/portal\/2018\/10\/20\/policia-militar-prende-suspeito-de-trafico-que-atuava-no-centro-de-campina-grande\/#breadcrumb"},"inLanguage":"pt-BR","potentialAction":[{"@type":"ReadAction","target":["https:\/\/www.pm.pb.gov.br\/portal\/2018\/10\/20\/policia-militar-prende-suspeito-de-trafico-que-atuava-no-centro-de-campina-grande\/"]}]},{"@type":"BreadcrumbList","@id":"https:\/\/www.pm.pb.gov.br\/portal\/2018\/10\/20\/policia-militar-prende-suspeito-de-trafico-que-atuava-no-centro-de-campina-grande\/#breadcrumb","itemListElement":[{"@type":"ListItem","position":1,"name":"In\u00edcio","item":"https:\/\/www.pm.pb.gov.br\/portal\/"},{"@type":"ListItem","position":2,"name":"Pol\u00edcia Militar prende suspeito de tr\u00e1fico que atuava no centro de Campina Grande"}]},{"@type":"WebSite","@id":"https:\/\/www.pm.pb.gov.br\/portal\/#website","url":"https:\/\/www.pm.pb.gov.br\/portal\/","name":"Pol\u00edcia Militar da Para\u00edba","description":"","publisher":{"@id":"https:\/\/www.pm.pb.gov.br\/portal\/#organization"},"potentialAction":[{"@type":"SearchAction","target":{"@type":"EntryPoint","urlTemplate":"https:\/\/www.pm.pb.gov.br\/portal\/?s={search_term_string}"},"query-input":"required name=search_term_string"}],"inLanguage":"pt-BR"},{"@type":"Organization","@id":"https:\/\/www.pm.pb.gov.br\/portal\/#organization","name":"Pol\u00edcia Militar da Para\u00edba","url":"https:\/\/www.pm.pb.gov.br\/portal\/","logo":{"@type":"ImageObject","inLanguage":"pt-BR","@id":"https:\/\/www.pm.pb.gov.br\/portal\/#\/schema\/logo\/image\/","url":"https:\/\/www.pm.pb.gov.br\/portal\/wp-content\/uploads\/2025\/03\/cropped-logo-site-mag2-1.png","contentUrl":"https:\/\/www.pm.pb.gov.br\/portal\/wp-content\/uploads\/2025\/03\/cropped-logo-site-mag2-1.png","width":320,"height":90,"caption":"Pol\u00edcia Militar da Para\u00edba"},"image":{"@id":"https:\/\/www.pm.pb.gov.br\/portal\/#\/schema\/logo\/image\/"}},{"@type":"Person","@id":"https:\/\/www.pm.pb.gov.br\/portal\/#\/schema\/person\/30d571652b38533c2211e4e89bf5a502","name":"Marcio Gomes dos Santos","image":{"@type":"ImageObject","inLanguage":"pt-BR","@id":"https:\/\/www.pm.pb.gov.br\/portal\/#\/schema\/person\/image\/","url":"https:\/\/secure.gravatar.com\/avatar\/cf4ec2cb690101e1581c7773aa350c19?s=96&d=mm&r=g","contentUrl":"https:\/\/secure.gravatar.com\/avatar\/cf4ec2cb690101e1581c7773aa350c19?s=96&d=mm&r=g","caption":"Marcio Gomes dos Santos"},"url":"https:\/\/www.pm.pb.gov.br\/portal\/author\/mgomes\/"}]}},"_links":{"self":[{"href":"https:\/\/www.pm.pb.gov.br\/portal\/wp-json\/wp\/v2\/posts\/899083"}],"collection":[{"href":"https:\/\/www.pm.pb.gov.br\/portal\/wp-json\/wp\/v2\/posts"}],"about":[{"href":"https:\/\/www.pm.pb.gov.br\/portal\/wp-json\/wp\/v2\/types\/post"}],"author":[{"embeddable":true,"href":"https:\/\/www.pm.pb.gov.br\/portal\/wp-json\/wp\/v2\/users\/15"}],"replies":[{"embeddable":true,"href":"https:\/\/www.pm.pb.gov.br\/portal\/wp-json\/wp\/v2\/comments?post=899083"}],"version-history":[{"count":4,"href":"https:\/\/www.pm.pb.gov.br\/portal\/wp-json\/wp\/v2\/posts\/899083\/revisions"}],"predecessor-version":[{"id":899087,"href":"https:\/\/www.pm.pb.gov.br\/portal\/wp-json\/wp\/v2\/posts\/899083\/revisions\/899087"}],"wp:featuredmedia":[{"embeddable":true,"href":"https:\/\/www.pm.pb.gov.br\/portal\/wp-json\/wp\/v2\/media\/899080"}],"wp:attachment":[{"href":"https:\/\/www.pm.pb.gov.br\/portal\/wp-json\/wp\/v2\/media?parent=899083"}],"wp:term":[{"taxonomy":"category","embeddable":true,"href":"https:\/\/www.pm.pb.gov.br\/portal\/wp-json\/wp\/v2\/categories?post=899083"},{"taxonomy":"post_tag","embeddable":true,"href":"https:\/\/www.pm.pb.gov.br\/portal\/wp-json\/wp\/v2\/tags?post=899083"}],"curies":[{"name":"wp","href":"https:\/\/api.w.org\/{rel}","templated":true}]}}