{"id":899073,"date":"2018-10-17T10:12:57","date_gmt":"2018-10-17T13:12:57","guid":{"rendered":"http:\/\/www.pm.pb.gov.br\/portal\/?p=899073"},"modified":"2018-10-17T10:12:57","modified_gmt":"2018-10-17T13:12:57","slug":"policia-militar-desarticula-mais-um-ponto-de-venda-de-drogas-e-apreende-quase-40-kg-de-maconha-em-cabedelo","status":"publish","type":"post","link":"https:\/\/www.pm.pb.gov.br\/portal\/2018\/10\/17\/policia-militar-desarticula-mais-um-ponto-de-venda-de-drogas-e-apreende-quase-40-kg-de-maconha-em-cabedelo\/","title":{"rendered":"Pol\u00edcia Militar desarticula mais um ponto de venda de drogas e apreende quase 40 kg de maconha em Cabedelo"},"content":{"rendered":"<p style=\"text-align: justify;\">A Pol\u00edcia Militar localizou, nessa ter\u00e7a-feira (16), uma casa que estava funcionando como uma \u2018boca de fumo\u2019, no bairro do Jacar\u00e9, em Cabedelo, na qual se comercializava drogas para v\u00e1rios pontos do munic\u00edpio. No local, foram apreendidos quase 40 kg de maconha, duas balan\u00e7as de precis\u00e3o e um caderno da contabilidade do tr\u00e1fico, revelando uma grande movimenta\u00e7\u00e3o de entorpecentes na regi\u00e3o (foto acima).<\/p>\n<p style=\"text-align: justify;\">Os policiais da For\u00e7a T\u00e1tica da 6\u00aa Companhia Independente chegaram ao local por meio de den\u00fancias recebidas pela Coordenadoria de Intelig\u00eancia da PM (COInt). A resid\u00eancia foi localizada no fim da tarde e, ap\u00f3s um cerco, os policiais abordaram um adolescente de 13 anos, que estava fazendo a vigil\u00e2ncia do ponto de venda de drogas que funcionava na casa.<\/p>\n<p style=\"text-align: justify;\">Ele e todo o material apreendido foram levados para a Central de Pol\u00edcia Civil, no Geisel. Nas \u00faltimas 48 horas, j\u00e1 s\u00e3o mais de 100 kg de drogas retirados de circula\u00e7\u00e3o na grande Jo\u00e3o Pessoa. Foram apreendidos 13 kg nos Banc\u00e1rios, na capital, e 65,365 kg em Bayeux, durante a segunda-feira (15).<\/p>\n","protected":false},"excerpt":{"rendered":"<p>A Pol\u00edcia Militar localizou, nessa ter\u00e7a-feira (16), uma casa que estava funcionando como uma \u2018boca de fumo\u2019, no bairro do<\/p>\n","protected":false},"author":12,"featured_media":899074,"comment_status":"closed","ping_status":"closed","sticky":false,"template":"","format":"standard","meta":{"_exactmetrics_skip_tracking":false,"_exactmetrics_sitenote_active":false,"_exactmetrics_sitenote_note":"","_exactmetrics_sitenote_category":0,"footnotes":""},"categories":[4],"tags":[],"yoast_head":"<!-- This site is optimized with the Yoast SEO plugin v22.0 - https:\/\/yoast.com\/wordpress\/plugins\/seo\/ -->\n<title>Pol\u00edcia Militar desarticula mais um ponto de venda de drogas e apreende quase 40 kg de maconha em Cabedelo - Pol\u00edcia Militar da Para\u00edba<\/title>\n<meta name=\"robots\" content=\"index, follow, max-snippet:-1, max-image-preview:large, max-video-preview:-1\" \/>\n<link rel=\"canonical\" href=\"https:\/\/www.pm.pb.gov.br\/portal\/2018\/10\/17\/policia-militar-desarticula-mais-um-ponto-de-venda-de-drogas-e-apreende-quase-40-kg-de-maconha-em-cabedelo\/\" \/>\n<meta property=\"og:locale\" content=\"pt_BR\" \/>\n<meta property=\"og:type\" content=\"article\" \/>\n<meta property=\"og:title\" content=\"Pol\u00edcia Militar desarticula mais um ponto de venda de drogas e apreende quase 40 kg de maconha em Cabedelo - Pol\u00edcia Militar da Para\u00edba\" \/>\n<meta property=\"og:description\" content=\"A Pol\u00edcia Militar localizou, nessa ter\u00e7a-feira (16), uma casa que estava funcionando como uma \u2018boca de fumo\u2019, no bairro do\" \/>\n<meta property=\"og:url\" content=\"https:\/\/www.pm.pb.gov.br\/portal\/2018\/10\/17\/policia-militar-desarticula-mais-um-ponto-de-venda-de-drogas-e-apreende-quase-40-kg-de-maconha-em-cabedelo\/\" \/>\n<meta property=\"og:site_name\" content=\"Pol\u00edcia Militar da Para\u00edba\" \/>\n<meta property=\"article:published_time\" content=\"2018-10-17T13:12:57+00:00\" \/>\n<meta property=\"og:image\" content=\"https:\/\/www.pm.pb.gov.br\/portal\/wp-content\/uploads\/2018\/10\/apreens\u00e3omaconhacapa.jpg\" \/>\n\t<meta property=\"og:image:width\" content=\"800\" \/>\n\t<meta property=\"og:image:height\" content=\"445\" \/>\n\t<meta property=\"og:image:type\" content=\"image\/jpeg\" \/>\n<meta name=\"author\" content=\"Tarcisio Oliveira\" \/>\n<meta name=\"twitter:card\" content=\"summary_large_image\" \/>\n<meta name=\"twitter:label1\" content=\"Escrito por\" \/>\n\t<meta name=\"twitter:data1\" content=\"Tarcisio Oliveira\" \/>\n\t<meta name=\"twitter:label2\" content=\"Est. tempo de leitura\" \/>\n\t<meta name=\"twitter:data2\" content=\"1 minuto\" \/>\n<script type=\"application\/ld+json\" class=\"yoast-schema-graph\">{\"@context\":\"https:\/\/schema.org\",\"@graph\":[{\"@type\":\"Article\",\"@id\":\"https:\/\/www.pm.pb.gov.br\/portal\/2018\/10\/17\/policia-militar-desarticula-mais-um-ponto-de-venda-de-drogas-e-apreende-quase-40-kg-de-maconha-em-cabedelo\/#article\",\"isPartOf\":{\"@id\":\"https:\/\/www.pm.pb.gov.br\/portal\/2018\/10\/17\/policia-militar-desarticula-mais-um-ponto-de-venda-de-drogas-e-apreende-quase-40-kg-de-maconha-em-cabedelo\/\"},\"author\":{\"name\":\"Tarcisio Oliveira\",\"@id\":\"https:\/\/www.pm.pb.gov.br\/portal\/#\/schema\/person\/f84f56dcc78ce4357054da888b8247fd\"},\"headline\":\"Pol\u00edcia Militar desarticula mais um ponto de venda de drogas e apreende quase 40 kg de maconha em Cabedelo\",\"datePublished\":\"2018-10-17T13:12:57+00:00\",\"dateModified\":\"2018-10-17T13:12:57+00:00\",\"mainEntityOfPage\":{\"@id\":\"https:\/\/www.pm.pb.gov.br\/portal\/2018\/10\/17\/policia-militar-desarticula-mais-um-ponto-de-venda-de-drogas-e-apreende-quase-40-kg-de-maconha-em-cabedelo\/\"},\"wordCount\":205,\"publisher\":{\"@id\":\"https:\/\/www.pm.pb.gov.br\/portal\/#organization\"},\"articleSection\":[\"A\u00e7\u00f5es Policiais\"],\"inLanguage\":\"pt-BR\"},{\"@type\":\"WebPage\",\"@id\":\"https:\/\/www.pm.pb.gov.br\/portal\/2018\/10\/17\/policia-militar-desarticula-mais-um-ponto-de-venda-de-drogas-e-apreende-quase-40-kg-de-maconha-em-cabedelo\/\",\"url\":\"https:\/\/www.pm.pb.gov.br\/portal\/2018\/10\/17\/policia-militar-desarticula-mais-um-ponto-de-venda-de-drogas-e-apreende-quase-40-kg-de-maconha-em-cabedelo\/\",\"name\":\"Pol\u00edcia Militar desarticula mais um ponto de venda de drogas e apreende quase 40 kg de maconha em Cabedelo - Pol\u00edcia Militar da Para\u00edba\",\"isPartOf\":{\"@id\":\"https:\/\/www.pm.pb.gov.br\/portal\/#website\"},\"datePublished\":\"2018-10-17T13:12:57+00:00\",\"dateModified\":\"2018-10-17T13:12:57+00:00\",\"breadcrumb\":{\"@id\":\"https:\/\/www.pm.pb.gov.br\/portal\/2018\/10\/17\/policia-militar-desarticula-mais-um-ponto-de-venda-de-drogas-e-apreende-quase-40-kg-de-maconha-em-cabedelo\/#breadcrumb\"},\"inLanguage\":\"pt-BR\",\"potentialAction\":[{\"@type\":\"ReadAction\",\"target\":[\"https:\/\/www.pm.pb.gov.br\/portal\/2018\/10\/17\/policia-militar-desarticula-mais-um-ponto-de-venda-de-drogas-e-apreende-quase-40-kg-de-maconha-em-cabedelo\/\"]}]},{\"@type\":\"BreadcrumbList\",\"@id\":\"https:\/\/www.pm.pb.gov.br\/portal\/2018\/10\/17\/policia-militar-desarticula-mais-um-ponto-de-venda-de-drogas-e-apreende-quase-40-kg-de-maconha-em-cabedelo\/#breadcrumb\",\"itemListElement\":[{\"@type\":\"ListItem\",\"position\":1,\"name\":\"In\u00edcio\",\"item\":\"https:\/\/www.pm.pb.gov.br\/portal\/\"},{\"@type\":\"ListItem\",\"position\":2,\"name\":\"Pol\u00edcia Militar desarticula mais um ponto de venda de drogas e apreende quase 40 kg de maconha em Cabedelo\"}]},{\"@type\":\"WebSite\",\"@id\":\"https:\/\/www.pm.pb.gov.br\/portal\/#website\",\"url\":\"https:\/\/www.pm.pb.gov.br\/portal\/\",\"name\":\"Pol\u00edcia Militar da Para\u00edba\",\"description\":\"\",\"publisher\":{\"@id\":\"https:\/\/www.pm.pb.gov.br\/portal\/#organization\"},\"potentialAction\":[{\"@type\":\"SearchAction\",\"target\":{\"@type\":\"EntryPoint\",\"urlTemplate\":\"https:\/\/www.pm.pb.gov.br\/portal\/?s={search_term_string}\"},\"query-input\":\"required name=search_term_string\"}],\"inLanguage\":\"pt-BR\"},{\"@type\":\"Organization\",\"@id\":\"https:\/\/www.pm.pb.gov.br\/portal\/#organization\",\"name\":\"Pol\u00edcia Militar da Para\u00edba\",\"url\":\"https:\/\/www.pm.pb.gov.br\/portal\/\",\"logo\":{\"@type\":\"ImageObject\",\"inLanguage\":\"pt-BR\",\"@id\":\"https:\/\/www.pm.pb.gov.br\/portal\/#\/schema\/logo\/image\/\",\"url\":\"https:\/\/www.pm.pb.gov.br\/portal\/wp-content\/uploads\/2025\/03\/cropped-logo-site-mag2-1.png\",\"contentUrl\":\"https:\/\/www.pm.pb.gov.br\/portal\/wp-content\/uploads\/2025\/03\/cropped-logo-site-mag2-1.png\",\"width\":320,\"height\":90,\"caption\":\"Pol\u00edcia Militar da Para\u00edba\"},\"image\":{\"@id\":\"https:\/\/www.pm.pb.gov.br\/portal\/#\/schema\/logo\/image\/\"}},{\"@type\":\"Person\",\"@id\":\"https:\/\/www.pm.pb.gov.br\/portal\/#\/schema\/person\/f84f56dcc78ce4357054da888b8247fd\",\"name\":\"Tarcisio Oliveira\",\"image\":{\"@type\":\"ImageObject\",\"inLanguage\":\"pt-BR\",\"@id\":\"https:\/\/www.pm.pb.gov.br\/portal\/#\/schema\/person\/image\/\",\"url\":\"https:\/\/secure.gravatar.com\/avatar\/72917b630b69d31cd0297507f34bac97?s=96&d=mm&r=g\",\"contentUrl\":\"https:\/\/secure.gravatar.com\/avatar\/72917b630b69d31cd0297507f34bac97?s=96&d=mm&r=g\",\"caption\":\"Tarcisio Oliveira\"},\"url\":\"https:\/\/www.pm.pb.gov.br\/portal\/author\/tarcisio\/\"}]}<\/script>\n<!-- \/ Yoast SEO plugin. -->","yoast_head_json":{"title":"Pol\u00edcia Militar desarticula mais um ponto de venda de drogas e apreende quase 40 kg de maconha em Cabedelo - Pol\u00edcia Militar da Para\u00edba","robots":{"index":"index","follow":"follow","max-snippet":"max-snippet:-1","max-image-preview":"max-image-preview:large","max-video-preview":"max-video-preview:-1"},"canonical":"https:\/\/www.pm.pb.gov.br\/portal\/2018\/10\/17\/policia-militar-desarticula-mais-um-ponto-de-venda-de-drogas-e-apreende-quase-40-kg-de-maconha-em-cabedelo\/","og_locale":"pt_BR","og_type":"article","og_title":"Pol\u00edcia Militar desarticula mais um ponto de venda de drogas e apreende quase 40 kg de maconha em Cabedelo - Pol\u00edcia Militar da Para\u00edba","og_description":"A Pol\u00edcia Militar localizou, nessa ter\u00e7a-feira (16), uma casa que estava funcionando como uma \u2018boca de fumo\u2019, no bairro do","og_url":"https:\/\/www.pm.pb.gov.br\/portal\/2018\/10\/17\/policia-militar-desarticula-mais-um-ponto-de-venda-de-drogas-e-apreende-quase-40-kg-de-maconha-em-cabedelo\/","og_site_name":"Pol\u00edcia Militar da Para\u00edba","article_published_time":"2018-10-17T13:12:57+00:00","og_image":[{"width":800,"height":445,"url":"https:\/\/www.pm.pb.gov.br\/portal\/wp-content\/uploads\/2018\/10\/apreens\u00e3omaconhacapa.jpg","type":"image\/jpeg"}],"author":"Tarcisio Oliveira","twitter_card":"summary_large_image","twitter_misc":{"Escrito por":"Tarcisio Oliveira","Est. tempo de leitura":"1 minuto"},"schema":{"@context":"https:\/\/schema.org","@graph":[{"@type":"Article","@id":"https:\/\/www.pm.pb.gov.br\/portal\/2018\/10\/17\/policia-militar-desarticula-mais-um-ponto-de-venda-de-drogas-e-apreende-quase-40-kg-de-maconha-em-cabedelo\/#article","isPartOf":{"@id":"https:\/\/www.pm.pb.gov.br\/portal\/2018\/10\/17\/policia-militar-desarticula-mais-um-ponto-de-venda-de-drogas-e-apreende-quase-40-kg-de-maconha-em-cabedelo\/"},"author":{"name":"Tarcisio Oliveira","@id":"https:\/\/www.pm.pb.gov.br\/portal\/#\/schema\/person\/f84f56dcc78ce4357054da888b8247fd"},"headline":"Pol\u00edcia Militar desarticula mais um ponto de venda de drogas e apreende quase 40 kg de maconha em Cabedelo","datePublished":"2018-10-17T13:12:57+00:00","dateModified":"2018-10-17T13:12:57+00:00","mainEntityOfPage":{"@id":"https:\/\/www.pm.pb.gov.br\/portal\/2018\/10\/17\/policia-militar-desarticula-mais-um-ponto-de-venda-de-drogas-e-apreende-quase-40-kg-de-maconha-em-cabedelo\/"},"wordCount":205,"publisher":{"@id":"https:\/\/www.pm.pb.gov.br\/portal\/#organization"},"articleSection":["A\u00e7\u00f5es Policiais"],"inLanguage":"pt-BR"},{"@type":"WebPage","@id":"https:\/\/www.pm.pb.gov.br\/portal\/2018\/10\/17\/policia-militar-desarticula-mais-um-ponto-de-venda-de-drogas-e-apreende-quase-40-kg-de-maconha-em-cabedelo\/","url":"https:\/\/www.pm.pb.gov.br\/portal\/2018\/10\/17\/policia-militar-desarticula-mais-um-ponto-de-venda-de-drogas-e-apreende-quase-40-kg-de-maconha-em-cabedelo\/","name":"Pol\u00edcia Militar desarticula mais um ponto de venda de drogas e apreende quase 40 kg de maconha em Cabedelo - Pol\u00edcia Militar da Para\u00edba","isPartOf":{"@id":"https:\/\/www.pm.pb.gov.br\/portal\/#website"},"datePublished":"2018-10-17T13:12:57+00:00","dateModified":"2018-10-17T13:12:57+00:00","breadcrumb":{"@id":"https:\/\/www.pm.pb.gov.br\/portal\/2018\/10\/17\/policia-militar-desarticula-mais-um-ponto-de-venda-de-drogas-e-apreende-quase-40-kg-de-maconha-em-cabedelo\/#breadcrumb"},"inLanguage":"pt-BR","potentialAction":[{"@type":"ReadAction","target":["https:\/\/www.pm.pb.gov.br\/portal\/2018\/10\/17\/policia-militar-desarticula-mais-um-ponto-de-venda-de-drogas-e-apreende-quase-40-kg-de-maconha-em-cabedelo\/"]}]},{"@type":"BreadcrumbList","@id":"https:\/\/www.pm.pb.gov.br\/portal\/2018\/10\/17\/policia-militar-desarticula-mais-um-ponto-de-venda-de-drogas-e-apreende-quase-40-kg-de-maconha-em-cabedelo\/#breadcrumb","itemListElement":[{"@type":"ListItem","position":1,"name":"In\u00edcio","item":"https:\/\/www.pm.pb.gov.br\/portal\/"},{"@type":"ListItem","position":2,"name":"Pol\u00edcia Militar desarticula mais um ponto de venda de drogas e apreende quase 40 kg de maconha em Cabedelo"}]},{"@type":"WebSite","@id":"https:\/\/www.pm.pb.gov.br\/portal\/#website","url":"https:\/\/www.pm.pb.gov.br\/portal\/","name":"Pol\u00edcia Militar da Para\u00edba","description":"","publisher":{"@id":"https:\/\/www.pm.pb.gov.br\/portal\/#organization"},"potentialAction":[{"@type":"SearchAction","target":{"@type":"EntryPoint","urlTemplate":"https:\/\/www.pm.pb.gov.br\/portal\/?s={search_term_string}"},"query-input":"required name=search_term_string"}],"inLanguage":"pt-BR"},{"@type":"Organization","@id":"https:\/\/www.pm.pb.gov.br\/portal\/#organization","name":"Pol\u00edcia Militar da Para\u00edba","url":"https:\/\/www.pm.pb.gov.br\/portal\/","logo":{"@type":"ImageObject","inLanguage":"pt-BR","@id":"https:\/\/www.pm.pb.gov.br\/portal\/#\/schema\/logo\/image\/","url":"https:\/\/www.pm.pb.gov.br\/portal\/wp-content\/uploads\/2025\/03\/cropped-logo-site-mag2-1.png","contentUrl":"https:\/\/www.pm.pb.gov.br\/portal\/wp-content\/uploads\/2025\/03\/cropped-logo-site-mag2-1.png","width":320,"height":90,"caption":"Pol\u00edcia Militar da Para\u00edba"},"image":{"@id":"https:\/\/www.pm.pb.gov.br\/portal\/#\/schema\/logo\/image\/"}},{"@type":"Person","@id":"https:\/\/www.pm.pb.gov.br\/portal\/#\/schema\/person\/f84f56dcc78ce4357054da888b8247fd","name":"Tarcisio Oliveira","image":{"@type":"ImageObject","inLanguage":"pt-BR","@id":"https:\/\/www.pm.pb.gov.br\/portal\/#\/schema\/person\/image\/","url":"https:\/\/secure.gravatar.com\/avatar\/72917b630b69d31cd0297507f34bac97?s=96&d=mm&r=g","contentUrl":"https:\/\/secure.gravatar.com\/avatar\/72917b630b69d31cd0297507f34bac97?s=96&d=mm&r=g","caption":"Tarcisio Oliveira"},"url":"https:\/\/www.pm.pb.gov.br\/portal\/author\/tarcisio\/"}]}},"_links":{"self":[{"href":"https:\/\/www.pm.pb.gov.br\/portal\/wp-json\/wp\/v2\/posts\/899073"}],"collection":[{"href":"https:\/\/www.pm.pb.gov.br\/portal\/wp-json\/wp\/v2\/posts"}],"about":[{"href":"https:\/\/www.pm.pb.gov.br\/portal\/wp-json\/wp\/v2\/types\/post"}],"author":[{"embeddable":true,"href":"https:\/\/www.pm.pb.gov.br\/portal\/wp-json\/wp\/v2\/users\/12"}],"replies":[{"embeddable":true,"href":"https:\/\/www.pm.pb.gov.br\/portal\/wp-json\/wp\/v2\/comments?post=899073"}],"version-history":[{"count":1,"href":"https:\/\/www.pm.pb.gov.br\/portal\/wp-json\/wp\/v2\/posts\/899073\/revisions"}],"predecessor-version":[{"id":899075,"href":"https:\/\/www.pm.pb.gov.br\/portal\/wp-json\/wp\/v2\/posts\/899073\/revisions\/899075"}],"wp:featuredmedia":[{"embeddable":true,"href":"https:\/\/www.pm.pb.gov.br\/portal\/wp-json\/wp\/v2\/media\/899074"}],"wp:attachment":[{"href":"https:\/\/www.pm.pb.gov.br\/portal\/wp-json\/wp\/v2\/media?parent=899073"}],"wp:term":[{"taxonomy":"category","embeddable":true,"href":"https:\/\/www.pm.pb.gov.br\/portal\/wp-json\/wp\/v2\/categories?post=899073"},{"taxonomy":"post_tag","embeddable":true,"href":"https:\/\/www.pm.pb.gov.br\/portal\/wp-json\/wp\/v2\/tags?post=899073"}],"curies":[{"name":"wp","href":"https:\/\/api.w.org\/{rel}","templated":true}]}}