{"id":899069,"date":"2018-10-17T10:02:41","date_gmt":"2018-10-17T13:02:41","guid":{"rendered":"http:\/\/www.pm.pb.gov.br\/portal\/?p=899069"},"modified":"2018-10-17T10:02:41","modified_gmt":"2018-10-17T13:02:41","slug":"policia-militar-apreende-sete-armas-em-duas-acoes-realizadas-nas-cidades-de-santa-rita-e-bayeux","status":"publish","type":"post","link":"https:\/\/www.pm.pb.gov.br\/portal\/2018\/10\/17\/policia-militar-apreende-sete-armas-em-duas-acoes-realizadas-nas-cidades-de-santa-rita-e-bayeux\/","title":{"rendered":"Pol\u00edcia Militar apreende sete armas em duas a\u00e7\u00f5es realizadas nas cidades de Santa Rita e Bayeux"},"content":{"rendered":"<p style=\"text-align: justify;\">A Pol\u00edcia Militar apreendeu sete armas de fogo, na tarde dessa ter\u00e7a-feira (16), em duas a\u00e7\u00f5es de combate \u00e0 criminalidade, realizadas nas cidades de Bayeux e Santa Rita, localizadas na Regi\u00e3o Metropolitana de Jo\u00e3o Pessoa. No total, foram seis espingardas e um rev\u00f3lver apreendidos, al\u00e9m de uma quantidade de maconha e crack.<\/p>\n<p style=\"text-align: justify;\"><img loading=\"lazy\" decoding=\"async\" class=\" wp-image-899071 alignright\" src=\"http:\/\/www.pm.pb.gov.br\/portal\/wp-content\/uploads\/2018\/10\/armas-santa-rita-bayeux1-1-593x445.jpg\" alt=\"\" width=\"458\" height=\"345\" srcset=\"https:\/\/www.pm.pb.gov.br\/portal\/wp-content\/uploads\/2018\/10\/armas-santa-rita-bayeux1-1-593x445.jpg 593w, https:\/\/www.pm.pb.gov.br\/portal\/wp-content\/uploads\/2018\/10\/armas-santa-rita-bayeux1-1-768x576.jpg 768w, https:\/\/www.pm.pb.gov.br\/portal\/wp-content\/uploads\/2018\/10\/armas-santa-rita-bayeux1-1-760x570.jpg 760w, https:\/\/www.pm.pb.gov.br\/portal\/wp-content\/uploads\/2018\/10\/armas-santa-rita-bayeux1-1.jpg 1040w\" sizes=\"(max-width: 458px) 100vw, 458px\" \/>Em Santa Rita, a For\u00e7a T\u00e1tica do 7\u00ba Batalh\u00e3o, com indica\u00e7\u00e3o da Coordenadoria de Intelig\u00eancia da PM (COInt), chegou at\u00e9 uma casa no distrito de Livramento que estaria servindo de abrigo para foragidos da Justi\u00e7a. Os ocupantes da resid\u00eancia fugiram pelo mangue quando perceberam a presen\u00e7a da PM, e abandonaram na casa seis espingardas e um alvar\u00e1 de soltura de um dos presos. O material foi levado para a 6\u00aa Delegacia Distrital.<\/p>\n<p style=\"text-align: justify;\">Na cidade de Bayeux, foi apreendido um rev\u00f3lver, nove pedras de crack e quatro tabletes de maconha com um suspeito de 20 anos, que teria envolvimento com o tr\u00e1fico de drogas, no bairro Alto da Boa Vista (foto ao lado). Ele foi preso quando os policiais estavam verificando uma den\u00fancia em uma casa que estaria sendo usada como ponto de venda de drogas, na rua Regente Feij\u00f3, tamb\u00e9m no Alto da Boa Vista, e foi levado para a 5\u00aa Delegacia Distrital.<\/p>\n","protected":false},"excerpt":{"rendered":"<p>A Pol\u00edcia Militar apreendeu sete armas de fogo, na tarde dessa ter\u00e7a-feira (16), em duas a\u00e7\u00f5es de combate \u00e0 criminalidade,<\/p>\n","protected":false},"author":12,"featured_media":899070,"comment_status":"closed","ping_status":"closed","sticky":false,"template":"","format":"standard","meta":{"_exactmetrics_skip_tracking":false,"_exactmetrics_sitenote_active":false,"_exactmetrics_sitenote_note":"","_exactmetrics_sitenote_category":0,"footnotes":""},"categories":[4],"tags":[],"yoast_head":"<!-- This site is optimized with the Yoast SEO plugin v22.0 - https:\/\/yoast.com\/wordpress\/plugins\/seo\/ -->\n<title>Pol\u00edcia Militar apreende sete armas em duas a\u00e7\u00f5es realizadas nas cidades de Santa Rita e Bayeux - Pol\u00edcia Militar da Para\u00edba<\/title>\n<meta name=\"robots\" content=\"index, follow, max-snippet:-1, max-image-preview:large, max-video-preview:-1\" \/>\n<link rel=\"canonical\" href=\"https:\/\/www.pm.pb.gov.br\/portal\/2018\/10\/17\/policia-militar-apreende-sete-armas-em-duas-acoes-realizadas-nas-cidades-de-santa-rita-e-bayeux\/\" \/>\n<meta property=\"og:locale\" content=\"pt_BR\" \/>\n<meta property=\"og:type\" content=\"article\" \/>\n<meta property=\"og:title\" content=\"Pol\u00edcia Militar apreende sete armas em duas a\u00e7\u00f5es realizadas nas cidades de Santa Rita e Bayeux - Pol\u00edcia Militar da Para\u00edba\" \/>\n<meta property=\"og:description\" content=\"A Pol\u00edcia Militar apreendeu sete armas de fogo, na tarde dessa ter\u00e7a-feira (16), em duas a\u00e7\u00f5es de combate \u00e0 criminalidade,\" \/>\n<meta property=\"og:url\" content=\"https:\/\/www.pm.pb.gov.br\/portal\/2018\/10\/17\/policia-militar-apreende-sete-armas-em-duas-acoes-realizadas-nas-cidades-de-santa-rita-e-bayeux\/\" \/>\n<meta property=\"og:site_name\" content=\"Pol\u00edcia Militar da Para\u00edba\" \/>\n<meta property=\"article:published_time\" content=\"2018-10-17T13:02:41+00:00\" \/>\n<meta property=\"og:image\" content=\"https:\/\/www.pm.pb.gov.br\/portal\/wp-content\/uploads\/2018\/10\/armas-santa-rita-bayeux.jpg\" \/>\n\t<meta property=\"og:image:width\" content=\"800\" \/>\n\t<meta property=\"og:image:height\" content=\"445\" \/>\n\t<meta property=\"og:image:type\" content=\"image\/jpeg\" \/>\n<meta name=\"author\" content=\"Tarcisio Oliveira\" \/>\n<meta name=\"twitter:card\" content=\"summary_large_image\" \/>\n<meta name=\"twitter:label1\" content=\"Escrito por\" \/>\n\t<meta name=\"twitter:data1\" content=\"Tarcisio Oliveira\" \/>\n\t<meta name=\"twitter:label2\" content=\"Est. tempo de leitura\" \/>\n\t<meta name=\"twitter:data2\" content=\"1 minuto\" \/>\n<script type=\"application\/ld+json\" class=\"yoast-schema-graph\">{\"@context\":\"https:\/\/schema.org\",\"@graph\":[{\"@type\":\"Article\",\"@id\":\"https:\/\/www.pm.pb.gov.br\/portal\/2018\/10\/17\/policia-militar-apreende-sete-armas-em-duas-acoes-realizadas-nas-cidades-de-santa-rita-e-bayeux\/#article\",\"isPartOf\":{\"@id\":\"https:\/\/www.pm.pb.gov.br\/portal\/2018\/10\/17\/policia-militar-apreende-sete-armas-em-duas-acoes-realizadas-nas-cidades-de-santa-rita-e-bayeux\/\"},\"author\":{\"name\":\"Tarcisio Oliveira\",\"@id\":\"https:\/\/www.pm.pb.gov.br\/portal\/#\/schema\/person\/f84f56dcc78ce4357054da888b8247fd\"},\"headline\":\"Pol\u00edcia Militar apreende sete armas em duas a\u00e7\u00f5es realizadas nas cidades de Santa Rita e Bayeux\",\"datePublished\":\"2018-10-17T13:02:41+00:00\",\"dateModified\":\"2018-10-17T13:02:41+00:00\",\"mainEntityOfPage\":{\"@id\":\"https:\/\/www.pm.pb.gov.br\/portal\/2018\/10\/17\/policia-militar-apreende-sete-armas-em-duas-acoes-realizadas-nas-cidades-de-santa-rita-e-bayeux\/\"},\"wordCount\":236,\"publisher\":{\"@id\":\"https:\/\/www.pm.pb.gov.br\/portal\/#organization\"},\"articleSection\":[\"A\u00e7\u00f5es Policiais\"],\"inLanguage\":\"pt-BR\"},{\"@type\":\"WebPage\",\"@id\":\"https:\/\/www.pm.pb.gov.br\/portal\/2018\/10\/17\/policia-militar-apreende-sete-armas-em-duas-acoes-realizadas-nas-cidades-de-santa-rita-e-bayeux\/\",\"url\":\"https:\/\/www.pm.pb.gov.br\/portal\/2018\/10\/17\/policia-militar-apreende-sete-armas-em-duas-acoes-realizadas-nas-cidades-de-santa-rita-e-bayeux\/\",\"name\":\"Pol\u00edcia Militar apreende sete armas em duas a\u00e7\u00f5es realizadas nas cidades de Santa Rita e Bayeux - Pol\u00edcia Militar da Para\u00edba\",\"isPartOf\":{\"@id\":\"https:\/\/www.pm.pb.gov.br\/portal\/#website\"},\"datePublished\":\"2018-10-17T13:02:41+00:00\",\"dateModified\":\"2018-10-17T13:02:41+00:00\",\"breadcrumb\":{\"@id\":\"https:\/\/www.pm.pb.gov.br\/portal\/2018\/10\/17\/policia-militar-apreende-sete-armas-em-duas-acoes-realizadas-nas-cidades-de-santa-rita-e-bayeux\/#breadcrumb\"},\"inLanguage\":\"pt-BR\",\"potentialAction\":[{\"@type\":\"ReadAction\",\"target\":[\"https:\/\/www.pm.pb.gov.br\/portal\/2018\/10\/17\/policia-militar-apreende-sete-armas-em-duas-acoes-realizadas-nas-cidades-de-santa-rita-e-bayeux\/\"]}]},{\"@type\":\"BreadcrumbList\",\"@id\":\"https:\/\/www.pm.pb.gov.br\/portal\/2018\/10\/17\/policia-militar-apreende-sete-armas-em-duas-acoes-realizadas-nas-cidades-de-santa-rita-e-bayeux\/#breadcrumb\",\"itemListElement\":[{\"@type\":\"ListItem\",\"position\":1,\"name\":\"In\u00edcio\",\"item\":\"https:\/\/www.pm.pb.gov.br\/portal\/\"},{\"@type\":\"ListItem\",\"position\":2,\"name\":\"Pol\u00edcia Militar apreende sete armas em duas a\u00e7\u00f5es realizadas nas cidades de Santa Rita e Bayeux\"}]},{\"@type\":\"WebSite\",\"@id\":\"https:\/\/www.pm.pb.gov.br\/portal\/#website\",\"url\":\"https:\/\/www.pm.pb.gov.br\/portal\/\",\"name\":\"Pol\u00edcia Militar da Para\u00edba\",\"description\":\"\",\"publisher\":{\"@id\":\"https:\/\/www.pm.pb.gov.br\/portal\/#organization\"},\"potentialAction\":[{\"@type\":\"SearchAction\",\"target\":{\"@type\":\"EntryPoint\",\"urlTemplate\":\"https:\/\/www.pm.pb.gov.br\/portal\/?s={search_term_string}\"},\"query-input\":\"required name=search_term_string\"}],\"inLanguage\":\"pt-BR\"},{\"@type\":\"Organization\",\"@id\":\"https:\/\/www.pm.pb.gov.br\/portal\/#organization\",\"name\":\"Pol\u00edcia Militar da Para\u00edba\",\"url\":\"https:\/\/www.pm.pb.gov.br\/portal\/\",\"logo\":{\"@type\":\"ImageObject\",\"inLanguage\":\"pt-BR\",\"@id\":\"https:\/\/www.pm.pb.gov.br\/portal\/#\/schema\/logo\/image\/\",\"url\":\"https:\/\/www.pm.pb.gov.br\/portal\/wp-content\/uploads\/2025\/03\/cropped-logo-site-mag2-1.png\",\"contentUrl\":\"https:\/\/www.pm.pb.gov.br\/portal\/wp-content\/uploads\/2025\/03\/cropped-logo-site-mag2-1.png\",\"width\":320,\"height\":90,\"caption\":\"Pol\u00edcia Militar da Para\u00edba\"},\"image\":{\"@id\":\"https:\/\/www.pm.pb.gov.br\/portal\/#\/schema\/logo\/image\/\"}},{\"@type\":\"Person\",\"@id\":\"https:\/\/www.pm.pb.gov.br\/portal\/#\/schema\/person\/f84f56dcc78ce4357054da888b8247fd\",\"name\":\"Tarcisio Oliveira\",\"image\":{\"@type\":\"ImageObject\",\"inLanguage\":\"pt-BR\",\"@id\":\"https:\/\/www.pm.pb.gov.br\/portal\/#\/schema\/person\/image\/\",\"url\":\"https:\/\/secure.gravatar.com\/avatar\/72917b630b69d31cd0297507f34bac97?s=96&d=mm&r=g\",\"contentUrl\":\"https:\/\/secure.gravatar.com\/avatar\/72917b630b69d31cd0297507f34bac97?s=96&d=mm&r=g\",\"caption\":\"Tarcisio Oliveira\"},\"url\":\"https:\/\/www.pm.pb.gov.br\/portal\/author\/tarcisio\/\"}]}<\/script>\n<!-- \/ Yoast SEO plugin. -->","yoast_head_json":{"title":"Pol\u00edcia Militar apreende sete armas em duas a\u00e7\u00f5es realizadas nas cidades de Santa Rita e Bayeux - Pol\u00edcia Militar da Para\u00edba","robots":{"index":"index","follow":"follow","max-snippet":"max-snippet:-1","max-image-preview":"max-image-preview:large","max-video-preview":"max-video-preview:-1"},"canonical":"https:\/\/www.pm.pb.gov.br\/portal\/2018\/10\/17\/policia-militar-apreende-sete-armas-em-duas-acoes-realizadas-nas-cidades-de-santa-rita-e-bayeux\/","og_locale":"pt_BR","og_type":"article","og_title":"Pol\u00edcia Militar apreende sete armas em duas a\u00e7\u00f5es realizadas nas cidades de Santa Rita e Bayeux - Pol\u00edcia Militar da Para\u00edba","og_description":"A Pol\u00edcia Militar apreendeu sete armas de fogo, na tarde dessa ter\u00e7a-feira (16), em duas a\u00e7\u00f5es de combate \u00e0 criminalidade,","og_url":"https:\/\/www.pm.pb.gov.br\/portal\/2018\/10\/17\/policia-militar-apreende-sete-armas-em-duas-acoes-realizadas-nas-cidades-de-santa-rita-e-bayeux\/","og_site_name":"Pol\u00edcia Militar da Para\u00edba","article_published_time":"2018-10-17T13:02:41+00:00","og_image":[{"width":800,"height":445,"url":"https:\/\/www.pm.pb.gov.br\/portal\/wp-content\/uploads\/2018\/10\/armas-santa-rita-bayeux.jpg","type":"image\/jpeg"}],"author":"Tarcisio Oliveira","twitter_card":"summary_large_image","twitter_misc":{"Escrito por":"Tarcisio Oliveira","Est. tempo de leitura":"1 minuto"},"schema":{"@context":"https:\/\/schema.org","@graph":[{"@type":"Article","@id":"https:\/\/www.pm.pb.gov.br\/portal\/2018\/10\/17\/policia-militar-apreende-sete-armas-em-duas-acoes-realizadas-nas-cidades-de-santa-rita-e-bayeux\/#article","isPartOf":{"@id":"https:\/\/www.pm.pb.gov.br\/portal\/2018\/10\/17\/policia-militar-apreende-sete-armas-em-duas-acoes-realizadas-nas-cidades-de-santa-rita-e-bayeux\/"},"author":{"name":"Tarcisio Oliveira","@id":"https:\/\/www.pm.pb.gov.br\/portal\/#\/schema\/person\/f84f56dcc78ce4357054da888b8247fd"},"headline":"Pol\u00edcia Militar apreende sete armas em duas a\u00e7\u00f5es realizadas nas cidades de Santa Rita e Bayeux","datePublished":"2018-10-17T13:02:41+00:00","dateModified":"2018-10-17T13:02:41+00:00","mainEntityOfPage":{"@id":"https:\/\/www.pm.pb.gov.br\/portal\/2018\/10\/17\/policia-militar-apreende-sete-armas-em-duas-acoes-realizadas-nas-cidades-de-santa-rita-e-bayeux\/"},"wordCount":236,"publisher":{"@id":"https:\/\/www.pm.pb.gov.br\/portal\/#organization"},"articleSection":["A\u00e7\u00f5es Policiais"],"inLanguage":"pt-BR"},{"@type":"WebPage","@id":"https:\/\/www.pm.pb.gov.br\/portal\/2018\/10\/17\/policia-militar-apreende-sete-armas-em-duas-acoes-realizadas-nas-cidades-de-santa-rita-e-bayeux\/","url":"https:\/\/www.pm.pb.gov.br\/portal\/2018\/10\/17\/policia-militar-apreende-sete-armas-em-duas-acoes-realizadas-nas-cidades-de-santa-rita-e-bayeux\/","name":"Pol\u00edcia Militar apreende sete armas em duas a\u00e7\u00f5es realizadas nas cidades de Santa Rita e Bayeux - Pol\u00edcia Militar da Para\u00edba","isPartOf":{"@id":"https:\/\/www.pm.pb.gov.br\/portal\/#website"},"datePublished":"2018-10-17T13:02:41+00:00","dateModified":"2018-10-17T13:02:41+00:00","breadcrumb":{"@id":"https:\/\/www.pm.pb.gov.br\/portal\/2018\/10\/17\/policia-militar-apreende-sete-armas-em-duas-acoes-realizadas-nas-cidades-de-santa-rita-e-bayeux\/#breadcrumb"},"inLanguage":"pt-BR","potentialAction":[{"@type":"ReadAction","target":["https:\/\/www.pm.pb.gov.br\/portal\/2018\/10\/17\/policia-militar-apreende-sete-armas-em-duas-acoes-realizadas-nas-cidades-de-santa-rita-e-bayeux\/"]}]},{"@type":"BreadcrumbList","@id":"https:\/\/www.pm.pb.gov.br\/portal\/2018\/10\/17\/policia-militar-apreende-sete-armas-em-duas-acoes-realizadas-nas-cidades-de-santa-rita-e-bayeux\/#breadcrumb","itemListElement":[{"@type":"ListItem","position":1,"name":"In\u00edcio","item":"https:\/\/www.pm.pb.gov.br\/portal\/"},{"@type":"ListItem","position":2,"name":"Pol\u00edcia Militar apreende sete armas em duas a\u00e7\u00f5es realizadas nas cidades de Santa Rita e Bayeux"}]},{"@type":"WebSite","@id":"https:\/\/www.pm.pb.gov.br\/portal\/#website","url":"https:\/\/www.pm.pb.gov.br\/portal\/","name":"Pol\u00edcia Militar da Para\u00edba","description":"","publisher":{"@id":"https:\/\/www.pm.pb.gov.br\/portal\/#organization"},"potentialAction":[{"@type":"SearchAction","target":{"@type":"EntryPoint","urlTemplate":"https:\/\/www.pm.pb.gov.br\/portal\/?s={search_term_string}"},"query-input":"required name=search_term_string"}],"inLanguage":"pt-BR"},{"@type":"Organization","@id":"https:\/\/www.pm.pb.gov.br\/portal\/#organization","name":"Pol\u00edcia Militar da Para\u00edba","url":"https:\/\/www.pm.pb.gov.br\/portal\/","logo":{"@type":"ImageObject","inLanguage":"pt-BR","@id":"https:\/\/www.pm.pb.gov.br\/portal\/#\/schema\/logo\/image\/","url":"https:\/\/www.pm.pb.gov.br\/portal\/wp-content\/uploads\/2025\/03\/cropped-logo-site-mag2-1.png","contentUrl":"https:\/\/www.pm.pb.gov.br\/portal\/wp-content\/uploads\/2025\/03\/cropped-logo-site-mag2-1.png","width":320,"height":90,"caption":"Pol\u00edcia Militar da Para\u00edba"},"image":{"@id":"https:\/\/www.pm.pb.gov.br\/portal\/#\/schema\/logo\/image\/"}},{"@type":"Person","@id":"https:\/\/www.pm.pb.gov.br\/portal\/#\/schema\/person\/f84f56dcc78ce4357054da888b8247fd","name":"Tarcisio Oliveira","image":{"@type":"ImageObject","inLanguage":"pt-BR","@id":"https:\/\/www.pm.pb.gov.br\/portal\/#\/schema\/person\/image\/","url":"https:\/\/secure.gravatar.com\/avatar\/72917b630b69d31cd0297507f34bac97?s=96&d=mm&r=g","contentUrl":"https:\/\/secure.gravatar.com\/avatar\/72917b630b69d31cd0297507f34bac97?s=96&d=mm&r=g","caption":"Tarcisio Oliveira"},"url":"https:\/\/www.pm.pb.gov.br\/portal\/author\/tarcisio\/"}]}},"_links":{"self":[{"href":"https:\/\/www.pm.pb.gov.br\/portal\/wp-json\/wp\/v2\/posts\/899069"}],"collection":[{"href":"https:\/\/www.pm.pb.gov.br\/portal\/wp-json\/wp\/v2\/posts"}],"about":[{"href":"https:\/\/www.pm.pb.gov.br\/portal\/wp-json\/wp\/v2\/types\/post"}],"author":[{"embeddable":true,"href":"https:\/\/www.pm.pb.gov.br\/portal\/wp-json\/wp\/v2\/users\/12"}],"replies":[{"embeddable":true,"href":"https:\/\/www.pm.pb.gov.br\/portal\/wp-json\/wp\/v2\/comments?post=899069"}],"version-history":[{"count":1,"href":"https:\/\/www.pm.pb.gov.br\/portal\/wp-json\/wp\/v2\/posts\/899069\/revisions"}],"predecessor-version":[{"id":899072,"href":"https:\/\/www.pm.pb.gov.br\/portal\/wp-json\/wp\/v2\/posts\/899069\/revisions\/899072"}],"wp:featuredmedia":[{"embeddable":true,"href":"https:\/\/www.pm.pb.gov.br\/portal\/wp-json\/wp\/v2\/media\/899070"}],"wp:attachment":[{"href":"https:\/\/www.pm.pb.gov.br\/portal\/wp-json\/wp\/v2\/media?parent=899069"}],"wp:term":[{"taxonomy":"category","embeddable":true,"href":"https:\/\/www.pm.pb.gov.br\/portal\/wp-json\/wp\/v2\/categories?post=899069"},{"taxonomy":"post_tag","embeddable":true,"href":"https:\/\/www.pm.pb.gov.br\/portal\/wp-json\/wp\/v2\/tags?post=899069"}],"curies":[{"name":"wp","href":"https:\/\/api.w.org\/{rel}","templated":true}]}}