{"id":899001,"date":"2018-10-09T15:48:54","date_gmt":"2018-10-09T18:48:54","guid":{"rendered":"http:\/\/www.pm.pb.gov.br\/portal\/?p=899001"},"modified":"2018-10-09T18:06:54","modified_gmt":"2018-10-09T21:06:54","slug":"reuniao-avalia-seguranca-das-eleicoes-na-paraiba-e-marca-inicio-da-atuacao-no-2o-turno","status":"publish","type":"post","link":"https:\/\/www.pm.pb.gov.br\/portal\/2018\/10\/09\/reuniao-avalia-seguranca-das-eleicoes-na-paraiba-e-marca-inicio-da-atuacao-no-2o-turno\/","title":{"rendered":"Reuni\u00e3o avalia seguran\u00e7a das elei\u00e7\u00f5es na Para\u00edba e marca in\u00edcio da atua\u00e7\u00e3o no 2\u00ba turno"},"content":{"rendered":"<p style=\"text-align: justify;\">A Pol\u00edcia Militar j\u00e1 come\u00e7ou o trabalho de seguran\u00e7a para o 2\u00ba turno das elei\u00e7\u00f5es presidenciais na Para\u00edba. O comandante-geral da PM, coronel Euller Chaves, realizou uma reuni\u00e3o com v\u00e1rios oficiais, na manh\u00e3 desta ter\u00e7a-feira (9), para discutir a atua\u00e7\u00e3o da corpora\u00e7\u00e3o nas pr\u00f3ximas tr\u00eas semanas.<\/p>\n<p style=\"text-align: justify;\">Na oportunidade, o coronel Euller avaliou os resultados da opera\u00e7\u00e3o Voto Seguro e disse que o trabalho ser\u00e1 mantido para garantir a tranquilidade neste 2\u00ba turno. \u201cA opera\u00e7\u00e3o Voto Seguro garantiu a tranquilidade das elei\u00e7\u00f5es, com um trabalho integrado da Justi\u00e7a Eleitoral, das Pol\u00edcias Militar, Civil, Federal, Rodovi\u00e1ria Federal, Corpo de Bombeiros Militar e v\u00e1rios outros \u00f3rg\u00e3os que atuaram para proporcionar a tranquilidade que predominou durante o pleito\u201d, disse.<\/p>\n<p style=\"text-align: justify;\">Coronel Euller (na foto abaixo, ao centro) destacou que o trabalho da seguran\u00e7a para o 2\u00ba turno come\u00e7a a partir de agora. \u201cEstamos passando as diretrizes para os comandos de todas as unidades no estado, que atuar\u00e3o com o mesmo profissionalismo para garantir a seguran\u00e7a nos eventos eleitorais que as coordena\u00e7\u00f5es das duas candidaturas devem passar previamente para a Justi\u00e7a Eleitoral. Esses eventos em massa ter\u00e3o refor\u00e7o e uma aten\u00e7\u00e3o redobrada, as den\u00fancias ser\u00e3o prontamente analisadas e contamos com a consci\u00eancia e colabora\u00e7\u00e3o das pessoas para que a tranquilidade das elei\u00e7\u00f5es permane\u00e7a em evid\u00eancia\u201d, ressaltou.<\/p>\n<p><img loading=\"lazy\" decoding=\"async\" class=\" wp-image-899004 aligncenter\" src=\"http:\/\/www.pm.pb.gov.br\/portal\/wp-content\/uploads\/2018\/10\/reuniao-avalia-policia-no-periodo-eleitoral-e-acoes-para-segundo-turno-1-1-1-667x445.jpeg\" alt=\"\" width=\"661\" height=\"441\" srcset=\"https:\/\/www.pm.pb.gov.br\/portal\/wp-content\/uploads\/2018\/10\/reuniao-avalia-policia-no-periodo-eleitoral-e-acoes-para-segundo-turno-1-1-1-667x445.jpeg 667w, https:\/\/www.pm.pb.gov.br\/portal\/wp-content\/uploads\/2018\/10\/reuniao-avalia-policia-no-periodo-eleitoral-e-acoes-para-segundo-turno-1-1-1-768x512.jpeg 768w, https:\/\/www.pm.pb.gov.br\/portal\/wp-content\/uploads\/2018\/10\/reuniao-avalia-policia-no-periodo-eleitoral-e-acoes-para-segundo-turno-1-1-1-854x570.jpeg 854w, https:\/\/www.pm.pb.gov.br\/portal\/wp-content\/uploads\/2018\/10\/reuniao-avalia-policia-no-periodo-eleitoral-e-acoes-para-segundo-turno-1-1-1-272x182.jpeg 272w, https:\/\/www.pm.pb.gov.br\/portal\/wp-content\/uploads\/2018\/10\/reuniao-avalia-policia-no-periodo-eleitoral-e-acoes-para-segundo-turno-1-1-1.jpeg 1280w\" sizes=\"(max-width: 661px) 100vw, 661px\" \/><\/p>\n<p style=\"text-align: justify;\">O coordenador do Estado Maior Estrat\u00e9gico, coronel Lamark Victor, disse que o efetivo para o dia da elei\u00e7\u00e3o ser\u00e1 de mais de 4.500 policiais e bombeiros militares. \u201cTeremos alguns incrementos e ajustes, conforme a din\u00e2mica do trabalho, mas o foco agora \u00e9 a campanha, para garantir a tranquilidade durante as pr\u00f3ximas tr\u00eas semanas, no dia da vota\u00e7\u00e3o e na comemora\u00e7\u00e3o do resultado\u201d, falou.<\/p>\n<p style=\"text-align: justify;\"><strong>Dados \u2013<\/strong> Foram realizados 122 atendimentos de ocorr\u00eancias de natureza eleitoral, da quarta-feira (3) at\u00e9 o domingo (7), sendo que em 62 casos foram constatados ind\u00edcios de crime. No per\u00edodo, 77 pessoas foram conduzidas at\u00e9 as delegacias ou apresentadas na Justi\u00e7a eleitoral.<\/p>\n<p style=\"text-align: justify;\">O maior n\u00famero de atendimentos de ocorr\u00eancias foi em rela\u00e7\u00e3o \u00e0 tentativa de compra de votos, com 41 chamados, sendo em 12 deles constatado algum tipo de ind\u00edcio. O n\u00famero \u00e9 menor que em 2016, quando teve 41 casos.<\/p>\n<p style=\"text-align: justify;\">O dia do pleito foi o que mais teve ocorr\u00eancias constatadas este ano, com 47 no total, sendo 20 delas por propaganda eleitoral irregular, 12 por tentativa de compra de votos e as outras por outros tipos de irregularidades proibidas pela legisla\u00e7\u00e3o eleitoral.<\/p>\n<figure id=\"attachment_899005\" aria-describedby=\"caption-attachment-899005\" style=\"width: 667px\" class=\"wp-caption aligncenter\"><img loading=\"lazy\" decoding=\"async\" class=\"wp-image-899005 size-medium\" src=\"http:\/\/www.pm.pb.gov.br\/portal\/wp-content\/uploads\/2018\/10\/reuniao-avalia-policia-no-periodo-eleitoral-e-acoes-para-segundo-turno-2-667x445.jpeg\" alt=\"\" width=\"667\" height=\"445\" srcset=\"https:\/\/www.pm.pb.gov.br\/portal\/wp-content\/uploads\/2018\/10\/reuniao-avalia-policia-no-periodo-eleitoral-e-acoes-para-segundo-turno-2-667x445.jpeg 667w, https:\/\/www.pm.pb.gov.br\/portal\/wp-content\/uploads\/2018\/10\/reuniao-avalia-policia-no-periodo-eleitoral-e-acoes-para-segundo-turno-2-768x512.jpeg 768w, https:\/\/www.pm.pb.gov.br\/portal\/wp-content\/uploads\/2018\/10\/reuniao-avalia-policia-no-periodo-eleitoral-e-acoes-para-segundo-turno-2-854x570.jpeg 854w, https:\/\/www.pm.pb.gov.br\/portal\/wp-content\/uploads\/2018\/10\/reuniao-avalia-policia-no-periodo-eleitoral-e-acoes-para-segundo-turno-2-272x182.jpeg 272w, https:\/\/www.pm.pb.gov.br\/portal\/wp-content\/uploads\/2018\/10\/reuniao-avalia-policia-no-periodo-eleitoral-e-acoes-para-segundo-turno-2.jpeg 1280w\" sizes=\"(max-width: 667px) 100vw, 667px\" \/><figcaption id=\"caption-attachment-899005\" class=\"wp-caption-text\"><span style=\"font-size: 10pt;\">Resultados e planejamento aconteceram durante reuni\u00e3o no Comando Geral da corpora<\/span>\u00e7\u00e3o<\/figcaption><\/figure>\n","protected":false},"excerpt":{"rendered":"<p>A Pol\u00edcia Militar j\u00e1 come\u00e7ou o trabalho de seguran\u00e7a para o 2\u00ba turno das elei\u00e7\u00f5es presidenciais na Para\u00edba. O comandante-geral<\/p>\n","protected":false},"author":15,"featured_media":899002,"comment_status":"closed","ping_status":"closed","sticky":false,"template":"","format":"standard","meta":{"_exactmetrics_skip_tracking":false,"_exactmetrics_sitenote_active":false,"_exactmetrics_sitenote_note":"","_exactmetrics_sitenote_category":0,"footnotes":""},"categories":[4],"tags":[],"yoast_head":"<!-- This site is optimized with the Yoast SEO plugin v22.0 - https:\/\/yoast.com\/wordpress\/plugins\/seo\/ -->\n<title>Reuni\u00e3o avalia seguran\u00e7a das elei\u00e7\u00f5es na Para\u00edba e marca in\u00edcio da atua\u00e7\u00e3o no 2\u00ba turno - Pol\u00edcia Militar da Para\u00edba<\/title>\n<meta name=\"robots\" content=\"index, follow, max-snippet:-1, max-image-preview:large, max-video-preview:-1\" \/>\n<link rel=\"canonical\" href=\"https:\/\/www.pm.pb.gov.br\/portal\/2018\/10\/09\/reuniao-avalia-seguranca-das-eleicoes-na-paraiba-e-marca-inicio-da-atuacao-no-2o-turno\/\" \/>\n<meta property=\"og:locale\" content=\"pt_BR\" \/>\n<meta property=\"og:type\" content=\"article\" \/>\n<meta property=\"og:title\" content=\"Reuni\u00e3o avalia seguran\u00e7a das elei\u00e7\u00f5es na Para\u00edba e marca in\u00edcio da atua\u00e7\u00e3o no 2\u00ba turno - Pol\u00edcia Militar da Para\u00edba\" \/>\n<meta property=\"og:description\" content=\"A Pol\u00edcia Militar j\u00e1 come\u00e7ou o trabalho de seguran\u00e7a para o 2\u00ba turno das elei\u00e7\u00f5es presidenciais na Para\u00edba. O comandante-geral\" \/>\n<meta property=\"og:url\" content=\"https:\/\/www.pm.pb.gov.br\/portal\/2018\/10\/09\/reuniao-avalia-seguranca-das-eleicoes-na-paraiba-e-marca-inicio-da-atuacao-no-2o-turno\/\" \/>\n<meta property=\"og:site_name\" content=\"Pol\u00edcia Militar da Para\u00edba\" \/>\n<meta property=\"article:published_time\" content=\"2018-10-09T18:48:54+00:00\" \/>\n<meta property=\"article:modified_time\" content=\"2018-10-09T21:06:54+00:00\" \/>\n<meta property=\"og:image\" content=\"https:\/\/www.pm.pb.gov.br\/portal\/wp-content\/uploads\/2018\/10\/reuniao-avalia-policia-no-periodo-eleitoral-e-acoes-para-segundo-turno-3.jpeg\" \/>\n\t<meta property=\"og:image:width\" content=\"1280\" \/>\n\t<meta property=\"og:image:height\" content=\"854\" \/>\n\t<meta property=\"og:image:type\" content=\"image\/jpeg\" \/>\n<meta name=\"author\" content=\"Marcio Gomes dos Santos\" \/>\n<meta name=\"twitter:card\" content=\"summary_large_image\" \/>\n<meta name=\"twitter:label1\" content=\"Escrito por\" \/>\n\t<meta name=\"twitter:data1\" content=\"Marcio Gomes dos Santos\" \/>\n\t<meta name=\"twitter:label2\" content=\"Est. tempo de leitura\" \/>\n\t<meta name=\"twitter:data2\" content=\"2 minutos\" \/>\n<script type=\"application\/ld+json\" class=\"yoast-schema-graph\">{\"@context\":\"https:\/\/schema.org\",\"@graph\":[{\"@type\":\"Article\",\"@id\":\"https:\/\/www.pm.pb.gov.br\/portal\/2018\/10\/09\/reuniao-avalia-seguranca-das-eleicoes-na-paraiba-e-marca-inicio-da-atuacao-no-2o-turno\/#article\",\"isPartOf\":{\"@id\":\"https:\/\/www.pm.pb.gov.br\/portal\/2018\/10\/09\/reuniao-avalia-seguranca-das-eleicoes-na-paraiba-e-marca-inicio-da-atuacao-no-2o-turno\/\"},\"author\":{\"name\":\"Marcio Gomes dos Santos\",\"@id\":\"https:\/\/www.pm.pb.gov.br\/portal\/#\/schema\/person\/30d571652b38533c2211e4e89bf5a502\"},\"headline\":\"Reuni\u00e3o avalia seguran\u00e7a das elei\u00e7\u00f5es na Para\u00edba e marca in\u00edcio da atua\u00e7\u00e3o no 2\u00ba turno\",\"datePublished\":\"2018-10-09T18:48:54+00:00\",\"dateModified\":\"2018-10-09T21:06:54+00:00\",\"mainEntityOfPage\":{\"@id\":\"https:\/\/www.pm.pb.gov.br\/portal\/2018\/10\/09\/reuniao-avalia-seguranca-das-eleicoes-na-paraiba-e-marca-inicio-da-atuacao-no-2o-turno\/\"},\"wordCount\":470,\"publisher\":{\"@id\":\"https:\/\/www.pm.pb.gov.br\/portal\/#organization\"},\"articleSection\":[\"A\u00e7\u00f5es Policiais\"],\"inLanguage\":\"pt-BR\"},{\"@type\":\"WebPage\",\"@id\":\"https:\/\/www.pm.pb.gov.br\/portal\/2018\/10\/09\/reuniao-avalia-seguranca-das-eleicoes-na-paraiba-e-marca-inicio-da-atuacao-no-2o-turno\/\",\"url\":\"https:\/\/www.pm.pb.gov.br\/portal\/2018\/10\/09\/reuniao-avalia-seguranca-das-eleicoes-na-paraiba-e-marca-inicio-da-atuacao-no-2o-turno\/\",\"name\":\"Reuni\u00e3o avalia seguran\u00e7a das elei\u00e7\u00f5es na Para\u00edba e marca in\u00edcio da atua\u00e7\u00e3o no 2\u00ba turno - Pol\u00edcia Militar da Para\u00edba\",\"isPartOf\":{\"@id\":\"https:\/\/www.pm.pb.gov.br\/portal\/#website\"},\"datePublished\":\"2018-10-09T18:48:54+00:00\",\"dateModified\":\"2018-10-09T21:06:54+00:00\",\"breadcrumb\":{\"@id\":\"https:\/\/www.pm.pb.gov.br\/portal\/2018\/10\/09\/reuniao-avalia-seguranca-das-eleicoes-na-paraiba-e-marca-inicio-da-atuacao-no-2o-turno\/#breadcrumb\"},\"inLanguage\":\"pt-BR\",\"potentialAction\":[{\"@type\":\"ReadAction\",\"target\":[\"https:\/\/www.pm.pb.gov.br\/portal\/2018\/10\/09\/reuniao-avalia-seguranca-das-eleicoes-na-paraiba-e-marca-inicio-da-atuacao-no-2o-turno\/\"]}]},{\"@type\":\"BreadcrumbList\",\"@id\":\"https:\/\/www.pm.pb.gov.br\/portal\/2018\/10\/09\/reuniao-avalia-seguranca-das-eleicoes-na-paraiba-e-marca-inicio-da-atuacao-no-2o-turno\/#breadcrumb\",\"itemListElement\":[{\"@type\":\"ListItem\",\"position\":1,\"name\":\"In\u00edcio\",\"item\":\"https:\/\/www.pm.pb.gov.br\/portal\/\"},{\"@type\":\"ListItem\",\"position\":2,\"name\":\"Reuni\u00e3o avalia seguran\u00e7a das elei\u00e7\u00f5es na Para\u00edba e marca in\u00edcio da atua\u00e7\u00e3o no 2\u00ba turno\"}]},{\"@type\":\"WebSite\",\"@id\":\"https:\/\/www.pm.pb.gov.br\/portal\/#website\",\"url\":\"https:\/\/www.pm.pb.gov.br\/portal\/\",\"name\":\"Pol\u00edcia Militar da Para\u00edba\",\"description\":\"\",\"publisher\":{\"@id\":\"https:\/\/www.pm.pb.gov.br\/portal\/#organization\"},\"potentialAction\":[{\"@type\":\"SearchAction\",\"target\":{\"@type\":\"EntryPoint\",\"urlTemplate\":\"https:\/\/www.pm.pb.gov.br\/portal\/?s={search_term_string}\"},\"query-input\":\"required name=search_term_string\"}],\"inLanguage\":\"pt-BR\"},{\"@type\":\"Organization\",\"@id\":\"https:\/\/www.pm.pb.gov.br\/portal\/#organization\",\"name\":\"Pol\u00edcia Militar da Para\u00edba\",\"url\":\"https:\/\/www.pm.pb.gov.br\/portal\/\",\"logo\":{\"@type\":\"ImageObject\",\"inLanguage\":\"pt-BR\",\"@id\":\"https:\/\/www.pm.pb.gov.br\/portal\/#\/schema\/logo\/image\/\",\"url\":\"https:\/\/www.pm.pb.gov.br\/portal\/wp-content\/uploads\/2025\/03\/cropped-logo-site-mag2-1.png\",\"contentUrl\":\"https:\/\/www.pm.pb.gov.br\/portal\/wp-content\/uploads\/2025\/03\/cropped-logo-site-mag2-1.png\",\"width\":320,\"height\":90,\"caption\":\"Pol\u00edcia Militar da Para\u00edba\"},\"image\":{\"@id\":\"https:\/\/www.pm.pb.gov.br\/portal\/#\/schema\/logo\/image\/\"}},{\"@type\":\"Person\",\"@id\":\"https:\/\/www.pm.pb.gov.br\/portal\/#\/schema\/person\/30d571652b38533c2211e4e89bf5a502\",\"name\":\"Marcio Gomes dos Santos\",\"image\":{\"@type\":\"ImageObject\",\"inLanguage\":\"pt-BR\",\"@id\":\"https:\/\/www.pm.pb.gov.br\/portal\/#\/schema\/person\/image\/\",\"url\":\"https:\/\/secure.gravatar.com\/avatar\/cf4ec2cb690101e1581c7773aa350c19?s=96&d=mm&r=g\",\"contentUrl\":\"https:\/\/secure.gravatar.com\/avatar\/cf4ec2cb690101e1581c7773aa350c19?s=96&d=mm&r=g\",\"caption\":\"Marcio Gomes dos Santos\"},\"url\":\"https:\/\/www.pm.pb.gov.br\/portal\/author\/mgomes\/\"}]}<\/script>\n<!-- \/ Yoast SEO plugin. -->","yoast_head_json":{"title":"Reuni\u00e3o avalia seguran\u00e7a das elei\u00e7\u00f5es na Para\u00edba e marca in\u00edcio da atua\u00e7\u00e3o no 2\u00ba turno - Pol\u00edcia Militar da Para\u00edba","robots":{"index":"index","follow":"follow","max-snippet":"max-snippet:-1","max-image-preview":"max-image-preview:large","max-video-preview":"max-video-preview:-1"},"canonical":"https:\/\/www.pm.pb.gov.br\/portal\/2018\/10\/09\/reuniao-avalia-seguranca-das-eleicoes-na-paraiba-e-marca-inicio-da-atuacao-no-2o-turno\/","og_locale":"pt_BR","og_type":"article","og_title":"Reuni\u00e3o avalia seguran\u00e7a das elei\u00e7\u00f5es na Para\u00edba e marca in\u00edcio da atua\u00e7\u00e3o no 2\u00ba turno - Pol\u00edcia Militar da Para\u00edba","og_description":"A Pol\u00edcia Militar j\u00e1 come\u00e7ou o trabalho de seguran\u00e7a para o 2\u00ba turno das elei\u00e7\u00f5es presidenciais na Para\u00edba. O comandante-geral","og_url":"https:\/\/www.pm.pb.gov.br\/portal\/2018\/10\/09\/reuniao-avalia-seguranca-das-eleicoes-na-paraiba-e-marca-inicio-da-atuacao-no-2o-turno\/","og_site_name":"Pol\u00edcia Militar da Para\u00edba","article_published_time":"2018-10-09T18:48:54+00:00","article_modified_time":"2018-10-09T21:06:54+00:00","og_image":[{"width":1280,"height":854,"url":"https:\/\/www.pm.pb.gov.br\/portal\/wp-content\/uploads\/2018\/10\/reuniao-avalia-policia-no-periodo-eleitoral-e-acoes-para-segundo-turno-3.jpeg","type":"image\/jpeg"}],"author":"Marcio Gomes dos Santos","twitter_card":"summary_large_image","twitter_misc":{"Escrito por":"Marcio Gomes dos Santos","Est. tempo de leitura":"2 minutos"},"schema":{"@context":"https:\/\/schema.org","@graph":[{"@type":"Article","@id":"https:\/\/www.pm.pb.gov.br\/portal\/2018\/10\/09\/reuniao-avalia-seguranca-das-eleicoes-na-paraiba-e-marca-inicio-da-atuacao-no-2o-turno\/#article","isPartOf":{"@id":"https:\/\/www.pm.pb.gov.br\/portal\/2018\/10\/09\/reuniao-avalia-seguranca-das-eleicoes-na-paraiba-e-marca-inicio-da-atuacao-no-2o-turno\/"},"author":{"name":"Marcio Gomes dos Santos","@id":"https:\/\/www.pm.pb.gov.br\/portal\/#\/schema\/person\/30d571652b38533c2211e4e89bf5a502"},"headline":"Reuni\u00e3o avalia seguran\u00e7a das elei\u00e7\u00f5es na Para\u00edba e marca in\u00edcio da atua\u00e7\u00e3o no 2\u00ba turno","datePublished":"2018-10-09T18:48:54+00:00","dateModified":"2018-10-09T21:06:54+00:00","mainEntityOfPage":{"@id":"https:\/\/www.pm.pb.gov.br\/portal\/2018\/10\/09\/reuniao-avalia-seguranca-das-eleicoes-na-paraiba-e-marca-inicio-da-atuacao-no-2o-turno\/"},"wordCount":470,"publisher":{"@id":"https:\/\/www.pm.pb.gov.br\/portal\/#organization"},"articleSection":["A\u00e7\u00f5es Policiais"],"inLanguage":"pt-BR"},{"@type":"WebPage","@id":"https:\/\/www.pm.pb.gov.br\/portal\/2018\/10\/09\/reuniao-avalia-seguranca-das-eleicoes-na-paraiba-e-marca-inicio-da-atuacao-no-2o-turno\/","url":"https:\/\/www.pm.pb.gov.br\/portal\/2018\/10\/09\/reuniao-avalia-seguranca-das-eleicoes-na-paraiba-e-marca-inicio-da-atuacao-no-2o-turno\/","name":"Reuni\u00e3o avalia seguran\u00e7a das elei\u00e7\u00f5es na Para\u00edba e marca in\u00edcio da atua\u00e7\u00e3o no 2\u00ba turno - Pol\u00edcia Militar da Para\u00edba","isPartOf":{"@id":"https:\/\/www.pm.pb.gov.br\/portal\/#website"},"datePublished":"2018-10-09T18:48:54+00:00","dateModified":"2018-10-09T21:06:54+00:00","breadcrumb":{"@id":"https:\/\/www.pm.pb.gov.br\/portal\/2018\/10\/09\/reuniao-avalia-seguranca-das-eleicoes-na-paraiba-e-marca-inicio-da-atuacao-no-2o-turno\/#breadcrumb"},"inLanguage":"pt-BR","potentialAction":[{"@type":"ReadAction","target":["https:\/\/www.pm.pb.gov.br\/portal\/2018\/10\/09\/reuniao-avalia-seguranca-das-eleicoes-na-paraiba-e-marca-inicio-da-atuacao-no-2o-turno\/"]}]},{"@type":"BreadcrumbList","@id":"https:\/\/www.pm.pb.gov.br\/portal\/2018\/10\/09\/reuniao-avalia-seguranca-das-eleicoes-na-paraiba-e-marca-inicio-da-atuacao-no-2o-turno\/#breadcrumb","itemListElement":[{"@type":"ListItem","position":1,"name":"In\u00edcio","item":"https:\/\/www.pm.pb.gov.br\/portal\/"},{"@type":"ListItem","position":2,"name":"Reuni\u00e3o avalia seguran\u00e7a das elei\u00e7\u00f5es na Para\u00edba e marca in\u00edcio da atua\u00e7\u00e3o no 2\u00ba turno"}]},{"@type":"WebSite","@id":"https:\/\/www.pm.pb.gov.br\/portal\/#website","url":"https:\/\/www.pm.pb.gov.br\/portal\/","name":"Pol\u00edcia Militar da Para\u00edba","description":"","publisher":{"@id":"https:\/\/www.pm.pb.gov.br\/portal\/#organization"},"potentialAction":[{"@type":"SearchAction","target":{"@type":"EntryPoint","urlTemplate":"https:\/\/www.pm.pb.gov.br\/portal\/?s={search_term_string}"},"query-input":"required name=search_term_string"}],"inLanguage":"pt-BR"},{"@type":"Organization","@id":"https:\/\/www.pm.pb.gov.br\/portal\/#organization","name":"Pol\u00edcia Militar da Para\u00edba","url":"https:\/\/www.pm.pb.gov.br\/portal\/","logo":{"@type":"ImageObject","inLanguage":"pt-BR","@id":"https:\/\/www.pm.pb.gov.br\/portal\/#\/schema\/logo\/image\/","url":"https:\/\/www.pm.pb.gov.br\/portal\/wp-content\/uploads\/2025\/03\/cropped-logo-site-mag2-1.png","contentUrl":"https:\/\/www.pm.pb.gov.br\/portal\/wp-content\/uploads\/2025\/03\/cropped-logo-site-mag2-1.png","width":320,"height":90,"caption":"Pol\u00edcia Militar da Para\u00edba"},"image":{"@id":"https:\/\/www.pm.pb.gov.br\/portal\/#\/schema\/logo\/image\/"}},{"@type":"Person","@id":"https:\/\/www.pm.pb.gov.br\/portal\/#\/schema\/person\/30d571652b38533c2211e4e89bf5a502","name":"Marcio Gomes dos Santos","image":{"@type":"ImageObject","inLanguage":"pt-BR","@id":"https:\/\/www.pm.pb.gov.br\/portal\/#\/schema\/person\/image\/","url":"https:\/\/secure.gravatar.com\/avatar\/cf4ec2cb690101e1581c7773aa350c19?s=96&d=mm&r=g","contentUrl":"https:\/\/secure.gravatar.com\/avatar\/cf4ec2cb690101e1581c7773aa350c19?s=96&d=mm&r=g","caption":"Marcio Gomes dos Santos"},"url":"https:\/\/www.pm.pb.gov.br\/portal\/author\/mgomes\/"}]}},"_links":{"self":[{"href":"https:\/\/www.pm.pb.gov.br\/portal\/wp-json\/wp\/v2\/posts\/899001"}],"collection":[{"href":"https:\/\/www.pm.pb.gov.br\/portal\/wp-json\/wp\/v2\/posts"}],"about":[{"href":"https:\/\/www.pm.pb.gov.br\/portal\/wp-json\/wp\/v2\/types\/post"}],"author":[{"embeddable":true,"href":"https:\/\/www.pm.pb.gov.br\/portal\/wp-json\/wp\/v2\/users\/15"}],"replies":[{"embeddable":true,"href":"https:\/\/www.pm.pb.gov.br\/portal\/wp-json\/wp\/v2\/comments?post=899001"}],"version-history":[{"count":3,"href":"https:\/\/www.pm.pb.gov.br\/portal\/wp-json\/wp\/v2\/posts\/899001\/revisions"}],"predecessor-version":[{"id":899015,"href":"https:\/\/www.pm.pb.gov.br\/portal\/wp-json\/wp\/v2\/posts\/899001\/revisions\/899015"}],"wp:featuredmedia":[{"embeddable":true,"href":"https:\/\/www.pm.pb.gov.br\/portal\/wp-json\/wp\/v2\/media\/899002"}],"wp:attachment":[{"href":"https:\/\/www.pm.pb.gov.br\/portal\/wp-json\/wp\/v2\/media?parent=899001"}],"wp:term":[{"taxonomy":"category","embeddable":true,"href":"https:\/\/www.pm.pb.gov.br\/portal\/wp-json\/wp\/v2\/categories?post=899001"},{"taxonomy":"post_tag","embeddable":true,"href":"https:\/\/www.pm.pb.gov.br\/portal\/wp-json\/wp\/v2\/tags?post=899001"}],"curies":[{"name":"wp","href":"https:\/\/api.w.org\/{rel}","templated":true}]}}