{"id":898985,"date":"2018-10-02T10:39:41","date_gmt":"2018-10-02T13:39:41","guid":{"rendered":"http:\/\/www.pm.pb.gov.br\/portal\/?p=898985"},"modified":"2018-10-02T10:39:41","modified_gmt":"2018-10-02T13:39:41","slug":"embarque-das-tropas-estaduais-que-vao-atuar-na-seguranca-das-eleicoes-comeca-nesta-quarta-feira","status":"publish","type":"post","link":"https:\/\/www.pm.pb.gov.br\/portal\/2018\/10\/02\/embarque-das-tropas-estaduais-que-vao-atuar-na-seguranca-das-eleicoes-comeca-nesta-quarta-feira\/","title":{"rendered":"Embarque das tropas estaduais que v\u00e3o atuar na seguran\u00e7a das elei\u00e7\u00f5es come\u00e7a nesta quarta-feira"},"content":{"rendered":"<p style=\"text-align: justify;\">O embarque do efetivo que vai atuar na opera\u00e7\u00e3o Voto Seguro ter\u00e1 in\u00edcio nesta quarta-feira (3), a partir das 9h30, com o envio de mais de 300 policiais e bombeiros militares para o refor\u00e7o na regi\u00e3o do Sert\u00e3o. O ponto de partida ser\u00e1 o Centro de Educa\u00e7\u00e3o da Pol\u00edcia Militar, em Mangabeira VII, na Capital, com a presen\u00e7a do presidente do Tribunal Regional Eleitoral (TRE), desembargador Romero Marcelo, do comandante geral da Pol\u00edcia Militar, coronel Euller Chaves, e de outras autoridades envolvidas na seguran\u00e7a do pleito.<\/p>\n<p style=\"text-align: justify;\">O plano de seguran\u00e7a das elei\u00e7\u00f5es, montado pelo Estado Maior Estrat\u00e9gico da Pol\u00edcia Militar, prev\u00ea quatro eixos principais de atua\u00e7\u00e3o: a guarda das urnas eleitorais, a seguran\u00e7a dos 1.776 locais de vota\u00e7\u00e3o, o refor\u00e7o do policiamento nos munic\u00edpios e o acompanhamento em tempo real de tudo que acontece durante o dia do pleito, atrav\u00e9s dos Centros de Decis\u00f5es Estrat\u00e9gicas Integrados, instalados em Jo\u00e3o Pessoa, Campina Grande e Patos. A opera\u00e7\u00e3o mobiliza cerca de 4.597 policiais e bombeiros militares e 1.380 viaturas.<\/p>\n<p style=\"text-align: justify;\">Antes de embarcar, os policiais e bombeiros receber\u00e3o as \u00faltimas recomenda\u00e7\u00f5es e uma cartilha com os procedimentos legais que s\u00e3o adotados contra as condutas mais corriqueiras no per\u00edodo. A programa\u00e7\u00e3o do envio das tropas tem, na quinta-feira (4), o embarque do efetivo que vai atuar na regi\u00e3o Agreste do estado e ser\u00e1 conclu\u00edda na sexta-feira (5), com o envio do refor\u00e7o para as cidades do litoral paraibano.<\/p>\n<p style=\"text-align: justify;\">Na sexta-feira, a Pol\u00edcia Militar j\u00e1 estar\u00e1 pronta para come\u00e7ar a recepcionar e guardar as urnas at\u00e9 a abertura dos port\u00f5es para o in\u00edcio da vota\u00e7\u00e3o, que acontecer\u00e1 \u00e0s 8h do domingo (7).<\/p>\n","protected":false},"excerpt":{"rendered":"<p>O embarque do efetivo que vai atuar na opera\u00e7\u00e3o Voto Seguro ter\u00e1 in\u00edcio nesta quarta-feira (3), a partir das 9h30,<\/p>\n","protected":false},"author":15,"featured_media":898986,"comment_status":"closed","ping_status":"closed","sticky":false,"template":"","format":"standard","meta":{"_exactmetrics_skip_tracking":false,"_exactmetrics_sitenote_active":false,"_exactmetrics_sitenote_note":"","_exactmetrics_sitenote_category":0,"footnotes":""},"categories":[4],"tags":[],"yoast_head":"<!-- This site is optimized with the Yoast SEO plugin v22.0 - https:\/\/yoast.com\/wordpress\/plugins\/seo\/ -->\n<title>Embarque das tropas estaduais que v\u00e3o atuar na seguran\u00e7a das elei\u00e7\u00f5es come\u00e7a nesta quarta-feira - Pol\u00edcia Militar da Para\u00edba<\/title>\n<meta name=\"robots\" content=\"index, follow, max-snippet:-1, max-image-preview:large, max-video-preview:-1\" \/>\n<link rel=\"canonical\" href=\"https:\/\/www.pm.pb.gov.br\/portal\/2018\/10\/02\/embarque-das-tropas-estaduais-que-vao-atuar-na-seguranca-das-eleicoes-comeca-nesta-quarta-feira\/\" \/>\n<meta property=\"og:locale\" content=\"pt_BR\" \/>\n<meta property=\"og:type\" content=\"article\" \/>\n<meta property=\"og:title\" content=\"Embarque das tropas estaduais que v\u00e3o atuar na seguran\u00e7a das elei\u00e7\u00f5es come\u00e7a nesta quarta-feira - Pol\u00edcia Militar da Para\u00edba\" \/>\n<meta property=\"og:description\" content=\"O embarque do efetivo que vai atuar na opera\u00e7\u00e3o Voto Seguro ter\u00e1 in\u00edcio nesta quarta-feira (3), a partir das 9h30,\" \/>\n<meta property=\"og:url\" content=\"https:\/\/www.pm.pb.gov.br\/portal\/2018\/10\/02\/embarque-das-tropas-estaduais-que-vao-atuar-na-seguranca-das-eleicoes-comeca-nesta-quarta-feira\/\" \/>\n<meta property=\"og:site_name\" content=\"Pol\u00edcia Militar da Para\u00edba\" \/>\n<meta property=\"article:published_time\" content=\"2018-10-02T13:39:41+00:00\" \/>\n<meta property=\"og:image\" content=\"https:\/\/www.pm.pb.gov.br\/portal\/wp-content\/uploads\/2018\/10\/embarque.jpg\" \/>\n\t<meta property=\"og:image:width\" content=\"620\" \/>\n\t<meta property=\"og:image:height\" content=\"348\" \/>\n\t<meta property=\"og:image:type\" content=\"image\/jpeg\" \/>\n<meta name=\"author\" content=\"Marcio Gomes dos Santos\" \/>\n<meta name=\"twitter:card\" content=\"summary_large_image\" \/>\n<meta name=\"twitter:label1\" content=\"Escrito por\" \/>\n\t<meta name=\"twitter:data1\" content=\"Marcio Gomes dos Santos\" \/>\n\t<meta name=\"twitter:label2\" content=\"Est. tempo de leitura\" \/>\n\t<meta name=\"twitter:data2\" content=\"1 minuto\" \/>\n<script type=\"application\/ld+json\" class=\"yoast-schema-graph\">{\"@context\":\"https:\/\/schema.org\",\"@graph\":[{\"@type\":\"Article\",\"@id\":\"https:\/\/www.pm.pb.gov.br\/portal\/2018\/10\/02\/embarque-das-tropas-estaduais-que-vao-atuar-na-seguranca-das-eleicoes-comeca-nesta-quarta-feira\/#article\",\"isPartOf\":{\"@id\":\"https:\/\/www.pm.pb.gov.br\/portal\/2018\/10\/02\/embarque-das-tropas-estaduais-que-vao-atuar-na-seguranca-das-eleicoes-comeca-nesta-quarta-feira\/\"},\"author\":{\"name\":\"Marcio Gomes dos Santos\",\"@id\":\"https:\/\/www.pm.pb.gov.br\/portal\/#\/schema\/person\/30d571652b38533c2211e4e89bf5a502\"},\"headline\":\"Embarque das tropas estaduais que v\u00e3o atuar na seguran\u00e7a das elei\u00e7\u00f5es come\u00e7a nesta quarta-feira\",\"datePublished\":\"2018-10-02T13:39:41+00:00\",\"dateModified\":\"2018-10-02T13:39:41+00:00\",\"mainEntityOfPage\":{\"@id\":\"https:\/\/www.pm.pb.gov.br\/portal\/2018\/10\/02\/embarque-das-tropas-estaduais-que-vao-atuar-na-seguranca-das-eleicoes-comeca-nesta-quarta-feira\/\"},\"wordCount\":314,\"publisher\":{\"@id\":\"https:\/\/www.pm.pb.gov.br\/portal\/#organization\"},\"articleSection\":[\"A\u00e7\u00f5es Policiais\"],\"inLanguage\":\"pt-BR\"},{\"@type\":\"WebPage\",\"@id\":\"https:\/\/www.pm.pb.gov.br\/portal\/2018\/10\/02\/embarque-das-tropas-estaduais-que-vao-atuar-na-seguranca-das-eleicoes-comeca-nesta-quarta-feira\/\",\"url\":\"https:\/\/www.pm.pb.gov.br\/portal\/2018\/10\/02\/embarque-das-tropas-estaduais-que-vao-atuar-na-seguranca-das-eleicoes-comeca-nesta-quarta-feira\/\",\"name\":\"Embarque das tropas estaduais que v\u00e3o atuar na seguran\u00e7a das elei\u00e7\u00f5es come\u00e7a nesta quarta-feira - Pol\u00edcia Militar da Para\u00edba\",\"isPartOf\":{\"@id\":\"https:\/\/www.pm.pb.gov.br\/portal\/#website\"},\"datePublished\":\"2018-10-02T13:39:41+00:00\",\"dateModified\":\"2018-10-02T13:39:41+00:00\",\"breadcrumb\":{\"@id\":\"https:\/\/www.pm.pb.gov.br\/portal\/2018\/10\/02\/embarque-das-tropas-estaduais-que-vao-atuar-na-seguranca-das-eleicoes-comeca-nesta-quarta-feira\/#breadcrumb\"},\"inLanguage\":\"pt-BR\",\"potentialAction\":[{\"@type\":\"ReadAction\",\"target\":[\"https:\/\/www.pm.pb.gov.br\/portal\/2018\/10\/02\/embarque-das-tropas-estaduais-que-vao-atuar-na-seguranca-das-eleicoes-comeca-nesta-quarta-feira\/\"]}]},{\"@type\":\"BreadcrumbList\",\"@id\":\"https:\/\/www.pm.pb.gov.br\/portal\/2018\/10\/02\/embarque-das-tropas-estaduais-que-vao-atuar-na-seguranca-das-eleicoes-comeca-nesta-quarta-feira\/#breadcrumb\",\"itemListElement\":[{\"@type\":\"ListItem\",\"position\":1,\"name\":\"In\u00edcio\",\"item\":\"https:\/\/www.pm.pb.gov.br\/portal\/\"},{\"@type\":\"ListItem\",\"position\":2,\"name\":\"Embarque das tropas estaduais que v\u00e3o atuar na seguran\u00e7a das elei\u00e7\u00f5es come\u00e7a nesta quarta-feira\"}]},{\"@type\":\"WebSite\",\"@id\":\"https:\/\/www.pm.pb.gov.br\/portal\/#website\",\"url\":\"https:\/\/www.pm.pb.gov.br\/portal\/\",\"name\":\"Pol\u00edcia Militar da Para\u00edba\",\"description\":\"\",\"publisher\":{\"@id\":\"https:\/\/www.pm.pb.gov.br\/portal\/#organization\"},\"potentialAction\":[{\"@type\":\"SearchAction\",\"target\":{\"@type\":\"EntryPoint\",\"urlTemplate\":\"https:\/\/www.pm.pb.gov.br\/portal\/?s={search_term_string}\"},\"query-input\":\"required name=search_term_string\"}],\"inLanguage\":\"pt-BR\"},{\"@type\":\"Organization\",\"@id\":\"https:\/\/www.pm.pb.gov.br\/portal\/#organization\",\"name\":\"Pol\u00edcia Militar da Para\u00edba\",\"url\":\"https:\/\/www.pm.pb.gov.br\/portal\/\",\"logo\":{\"@type\":\"ImageObject\",\"inLanguage\":\"pt-BR\",\"@id\":\"https:\/\/www.pm.pb.gov.br\/portal\/#\/schema\/logo\/image\/\",\"url\":\"https:\/\/www.pm.pb.gov.br\/portal\/wp-content\/uploads\/2025\/03\/cropped-logo-site-mag2-1.png\",\"contentUrl\":\"https:\/\/www.pm.pb.gov.br\/portal\/wp-content\/uploads\/2025\/03\/cropped-logo-site-mag2-1.png\",\"width\":320,\"height\":90,\"caption\":\"Pol\u00edcia Militar da Para\u00edba\"},\"image\":{\"@id\":\"https:\/\/www.pm.pb.gov.br\/portal\/#\/schema\/logo\/image\/\"}},{\"@type\":\"Person\",\"@id\":\"https:\/\/www.pm.pb.gov.br\/portal\/#\/schema\/person\/30d571652b38533c2211e4e89bf5a502\",\"name\":\"Marcio Gomes dos Santos\",\"image\":{\"@type\":\"ImageObject\",\"inLanguage\":\"pt-BR\",\"@id\":\"https:\/\/www.pm.pb.gov.br\/portal\/#\/schema\/person\/image\/\",\"url\":\"https:\/\/secure.gravatar.com\/avatar\/cf4ec2cb690101e1581c7773aa350c19?s=96&d=mm&r=g\",\"contentUrl\":\"https:\/\/secure.gravatar.com\/avatar\/cf4ec2cb690101e1581c7773aa350c19?s=96&d=mm&r=g\",\"caption\":\"Marcio Gomes dos Santos\"},\"url\":\"https:\/\/www.pm.pb.gov.br\/portal\/author\/mgomes\/\"}]}<\/script>\n<!-- \/ Yoast SEO plugin. -->","yoast_head_json":{"title":"Embarque das tropas estaduais que v\u00e3o atuar na seguran\u00e7a das elei\u00e7\u00f5es come\u00e7a nesta quarta-feira - Pol\u00edcia Militar da Para\u00edba","robots":{"index":"index","follow":"follow","max-snippet":"max-snippet:-1","max-image-preview":"max-image-preview:large","max-video-preview":"max-video-preview:-1"},"canonical":"https:\/\/www.pm.pb.gov.br\/portal\/2018\/10\/02\/embarque-das-tropas-estaduais-que-vao-atuar-na-seguranca-das-eleicoes-comeca-nesta-quarta-feira\/","og_locale":"pt_BR","og_type":"article","og_title":"Embarque das tropas estaduais que v\u00e3o atuar na seguran\u00e7a das elei\u00e7\u00f5es come\u00e7a nesta quarta-feira - Pol\u00edcia Militar da Para\u00edba","og_description":"O embarque do efetivo que vai atuar na opera\u00e7\u00e3o Voto Seguro ter\u00e1 in\u00edcio nesta quarta-feira (3), a partir das 9h30,","og_url":"https:\/\/www.pm.pb.gov.br\/portal\/2018\/10\/02\/embarque-das-tropas-estaduais-que-vao-atuar-na-seguranca-das-eleicoes-comeca-nesta-quarta-feira\/","og_site_name":"Pol\u00edcia Militar da Para\u00edba","article_published_time":"2018-10-02T13:39:41+00:00","og_image":[{"width":620,"height":348,"url":"https:\/\/www.pm.pb.gov.br\/portal\/wp-content\/uploads\/2018\/10\/embarque.jpg","type":"image\/jpeg"}],"author":"Marcio Gomes dos Santos","twitter_card":"summary_large_image","twitter_misc":{"Escrito por":"Marcio Gomes dos Santos","Est. tempo de leitura":"1 minuto"},"schema":{"@context":"https:\/\/schema.org","@graph":[{"@type":"Article","@id":"https:\/\/www.pm.pb.gov.br\/portal\/2018\/10\/02\/embarque-das-tropas-estaduais-que-vao-atuar-na-seguranca-das-eleicoes-comeca-nesta-quarta-feira\/#article","isPartOf":{"@id":"https:\/\/www.pm.pb.gov.br\/portal\/2018\/10\/02\/embarque-das-tropas-estaduais-que-vao-atuar-na-seguranca-das-eleicoes-comeca-nesta-quarta-feira\/"},"author":{"name":"Marcio Gomes dos Santos","@id":"https:\/\/www.pm.pb.gov.br\/portal\/#\/schema\/person\/30d571652b38533c2211e4e89bf5a502"},"headline":"Embarque das tropas estaduais que v\u00e3o atuar na seguran\u00e7a das elei\u00e7\u00f5es come\u00e7a nesta quarta-feira","datePublished":"2018-10-02T13:39:41+00:00","dateModified":"2018-10-02T13:39:41+00:00","mainEntityOfPage":{"@id":"https:\/\/www.pm.pb.gov.br\/portal\/2018\/10\/02\/embarque-das-tropas-estaduais-que-vao-atuar-na-seguranca-das-eleicoes-comeca-nesta-quarta-feira\/"},"wordCount":314,"publisher":{"@id":"https:\/\/www.pm.pb.gov.br\/portal\/#organization"},"articleSection":["A\u00e7\u00f5es Policiais"],"inLanguage":"pt-BR"},{"@type":"WebPage","@id":"https:\/\/www.pm.pb.gov.br\/portal\/2018\/10\/02\/embarque-das-tropas-estaduais-que-vao-atuar-na-seguranca-das-eleicoes-comeca-nesta-quarta-feira\/","url":"https:\/\/www.pm.pb.gov.br\/portal\/2018\/10\/02\/embarque-das-tropas-estaduais-que-vao-atuar-na-seguranca-das-eleicoes-comeca-nesta-quarta-feira\/","name":"Embarque das tropas estaduais que v\u00e3o atuar na seguran\u00e7a das elei\u00e7\u00f5es come\u00e7a nesta quarta-feira - Pol\u00edcia Militar da Para\u00edba","isPartOf":{"@id":"https:\/\/www.pm.pb.gov.br\/portal\/#website"},"datePublished":"2018-10-02T13:39:41+00:00","dateModified":"2018-10-02T13:39:41+00:00","breadcrumb":{"@id":"https:\/\/www.pm.pb.gov.br\/portal\/2018\/10\/02\/embarque-das-tropas-estaduais-que-vao-atuar-na-seguranca-das-eleicoes-comeca-nesta-quarta-feira\/#breadcrumb"},"inLanguage":"pt-BR","potentialAction":[{"@type":"ReadAction","target":["https:\/\/www.pm.pb.gov.br\/portal\/2018\/10\/02\/embarque-das-tropas-estaduais-que-vao-atuar-na-seguranca-das-eleicoes-comeca-nesta-quarta-feira\/"]}]},{"@type":"BreadcrumbList","@id":"https:\/\/www.pm.pb.gov.br\/portal\/2018\/10\/02\/embarque-das-tropas-estaduais-que-vao-atuar-na-seguranca-das-eleicoes-comeca-nesta-quarta-feira\/#breadcrumb","itemListElement":[{"@type":"ListItem","position":1,"name":"In\u00edcio","item":"https:\/\/www.pm.pb.gov.br\/portal\/"},{"@type":"ListItem","position":2,"name":"Embarque das tropas estaduais que v\u00e3o atuar na seguran\u00e7a das elei\u00e7\u00f5es come\u00e7a nesta quarta-feira"}]},{"@type":"WebSite","@id":"https:\/\/www.pm.pb.gov.br\/portal\/#website","url":"https:\/\/www.pm.pb.gov.br\/portal\/","name":"Pol\u00edcia Militar da Para\u00edba","description":"","publisher":{"@id":"https:\/\/www.pm.pb.gov.br\/portal\/#organization"},"potentialAction":[{"@type":"SearchAction","target":{"@type":"EntryPoint","urlTemplate":"https:\/\/www.pm.pb.gov.br\/portal\/?s={search_term_string}"},"query-input":"required name=search_term_string"}],"inLanguage":"pt-BR"},{"@type":"Organization","@id":"https:\/\/www.pm.pb.gov.br\/portal\/#organization","name":"Pol\u00edcia Militar da Para\u00edba","url":"https:\/\/www.pm.pb.gov.br\/portal\/","logo":{"@type":"ImageObject","inLanguage":"pt-BR","@id":"https:\/\/www.pm.pb.gov.br\/portal\/#\/schema\/logo\/image\/","url":"https:\/\/www.pm.pb.gov.br\/portal\/wp-content\/uploads\/2025\/03\/cropped-logo-site-mag2-1.png","contentUrl":"https:\/\/www.pm.pb.gov.br\/portal\/wp-content\/uploads\/2025\/03\/cropped-logo-site-mag2-1.png","width":320,"height":90,"caption":"Pol\u00edcia Militar da Para\u00edba"},"image":{"@id":"https:\/\/www.pm.pb.gov.br\/portal\/#\/schema\/logo\/image\/"}},{"@type":"Person","@id":"https:\/\/www.pm.pb.gov.br\/portal\/#\/schema\/person\/30d571652b38533c2211e4e89bf5a502","name":"Marcio Gomes dos Santos","image":{"@type":"ImageObject","inLanguage":"pt-BR","@id":"https:\/\/www.pm.pb.gov.br\/portal\/#\/schema\/person\/image\/","url":"https:\/\/secure.gravatar.com\/avatar\/cf4ec2cb690101e1581c7773aa350c19?s=96&d=mm&r=g","contentUrl":"https:\/\/secure.gravatar.com\/avatar\/cf4ec2cb690101e1581c7773aa350c19?s=96&d=mm&r=g","caption":"Marcio Gomes dos Santos"},"url":"https:\/\/www.pm.pb.gov.br\/portal\/author\/mgomes\/"}]}},"_links":{"self":[{"href":"https:\/\/www.pm.pb.gov.br\/portal\/wp-json\/wp\/v2\/posts\/898985"}],"collection":[{"href":"https:\/\/www.pm.pb.gov.br\/portal\/wp-json\/wp\/v2\/posts"}],"about":[{"href":"https:\/\/www.pm.pb.gov.br\/portal\/wp-json\/wp\/v2\/types\/post"}],"author":[{"embeddable":true,"href":"https:\/\/www.pm.pb.gov.br\/portal\/wp-json\/wp\/v2\/users\/15"}],"replies":[{"embeddable":true,"href":"https:\/\/www.pm.pb.gov.br\/portal\/wp-json\/wp\/v2\/comments?post=898985"}],"version-history":[{"count":1,"href":"https:\/\/www.pm.pb.gov.br\/portal\/wp-json\/wp\/v2\/posts\/898985\/revisions"}],"predecessor-version":[{"id":898987,"href":"https:\/\/www.pm.pb.gov.br\/portal\/wp-json\/wp\/v2\/posts\/898985\/revisions\/898987"}],"wp:featuredmedia":[{"embeddable":true,"href":"https:\/\/www.pm.pb.gov.br\/portal\/wp-json\/wp\/v2\/media\/898986"}],"wp:attachment":[{"href":"https:\/\/www.pm.pb.gov.br\/portal\/wp-json\/wp\/v2\/media?parent=898985"}],"wp:term":[{"taxonomy":"category","embeddable":true,"href":"https:\/\/www.pm.pb.gov.br\/portal\/wp-json\/wp\/v2\/categories?post=898985"},{"taxonomy":"post_tag","embeddable":true,"href":"https:\/\/www.pm.pb.gov.br\/portal\/wp-json\/wp\/v2\/tags?post=898985"}],"curies":[{"name":"wp","href":"https:\/\/api.w.org\/{rel}","templated":true}]}}