{"id":898950,"date":"2018-10-01T15:47:39","date_gmt":"2018-10-01T18:47:39","guid":{"rendered":"http:\/\/www.pm.pb.gov.br\/portal\/?p=898950"},"modified":"2018-10-01T15:47:39","modified_gmt":"2018-10-01T18:47:39","slug":"policia-militar-frustra-assalto-a-agencia-dos-correios-no-sertao-e-desarticula-toda-a-quadrilha-responsavel-pelo-crime","status":"publish","type":"post","link":"https:\/\/www.pm.pb.gov.br\/portal\/2018\/10\/01\/policia-militar-frustra-assalto-a-agencia-dos-correios-no-sertao-e-desarticula-toda-a-quadrilha-responsavel-pelo-crime\/","title":{"rendered":"Pol\u00edcia Militar frustra assalto a ag\u00eancia dos Correios no Sert\u00e3o e desarticula toda a quadrilha respons\u00e1vel pelo crime"},"content":{"rendered":"<p style=\"text-align: justify;\">Seis pessoas foram presas em flagrante, na manh\u00e3 desta segunda-feira (1\u00ba), por envolvimento na tentativa de assalto aos Correios da cidade de S\u00e3o Jos\u00e9 de Piranhas, no Sert\u00e3o da Para\u00edba. A quadrilha passou dois dias planejando o crime, mas a a\u00e7\u00e3o criminosa foi toda frustrada pelos policiais do 6\u00ba Batalh\u00e3o, que cercaram a ag\u00eancia e renderam os seus integrantes.<\/p>\n<p><img loading=\"lazy\" decoding=\"async\" class=\" wp-image-898952 alignright\" style=\"text-align: justify;\" src=\"http:\/\/www.pm.pb.gov.br\/portal\/wp-content\/uploads\/2018\/10\/pm-frustra-assalto-a-agencia-dos-correios-sao-jose-piranhas-2b1-527x445.jpg\" alt=\"\" width=\"375\" height=\"317\" srcset=\"https:\/\/www.pm.pb.gov.br\/portal\/wp-content\/uploads\/2018\/10\/pm-frustra-assalto-a-agencia-dos-correios-sao-jose-piranhas-2b1-527x445.jpg 527w, https:\/\/www.pm.pb.gov.br\/portal\/wp-content\/uploads\/2018\/10\/pm-frustra-assalto-a-agencia-dos-correios-sao-jose-piranhas-2b1-768x648.jpg 768w, https:\/\/www.pm.pb.gov.br\/portal\/wp-content\/uploads\/2018\/10\/pm-frustra-assalto-a-agencia-dos-correios-sao-jose-piranhas-2b1-675x570.jpg 675w\" sizes=\"(max-width: 375px) 100vw, 375px\" \/><\/p>\n<p style=\"text-align: justify;\">O crime come\u00e7ou a ser executado pouco tempo depois do estabelecimento abrir as portas. Tr\u00eas deles chegaram em uma moto, dois entraram, renderam o vigilante, a gerente e anunciaram o assalto, pedindo para ir at\u00e9 o cofre. A PM foi informada do roubo e foi rapidamente ao local, onde prendeu o suspeito que estava na moto, do lado de fora, e encurralou os dois que estavam dentro dos Correios. Ao perceberem que estavam cercados, os suspeitos fizeram clientes de ref\u00e9ns, mas ap\u00f3s uma negocia\u00e7\u00e3o, que durou pelo menos 20 minutos, eles libertaram as v\u00edtimas e se entregaram.<\/p>\n<p style=\"text-align: justify;\">A partir da pris\u00e3o dos tr\u00eas, os policiais chegaram at\u00e9 outros dois homens e uma mulher, que estavam no ponto de apoio da quadrilha, na zona rural do munic\u00edpio. Foram apreendidos tr\u00eas rev\u00f3lveres (foto ao lado) e recuperada uma moto que tinha sido roubada na noite desse domingo (30), na rodovia que d\u00e1 acesso \u00e0 cidade de Monte Horebe.<\/p>\n<p style=\"text-align: justify;\">As identidades dos integrantes est\u00e3o sendo confirmadas. Os presos s\u00e3o das cidades de S\u00e3o Jos\u00e9 de Piranhas-PB e Recife-PE. Os seis ser\u00e3o apresentados na Delegacia de Pol\u00edcia Civil, em S\u00e3o Jos\u00e9 de Piranhas.<\/p>\n","protected":false},"excerpt":{"rendered":"<p>Seis pessoas foram presas em flagrante, na manh\u00e3 desta segunda-feira (1\u00ba), por envolvimento na tentativa de assalto aos Correios da<\/p>\n","protected":false},"author":12,"featured_media":895708,"comment_status":"closed","ping_status":"closed","sticky":false,"template":"","format":"standard","meta":{"_exactmetrics_skip_tracking":false,"_exactmetrics_sitenote_active":false,"_exactmetrics_sitenote_note":"","_exactmetrics_sitenote_category":0,"footnotes":""},"categories":[4],"tags":[],"yoast_head":"<!-- This site is optimized with the Yoast SEO plugin v22.0 - https:\/\/yoast.com\/wordpress\/plugins\/seo\/ -->\n<title>Pol\u00edcia Militar frustra assalto a ag\u00eancia dos Correios no Sert\u00e3o e desarticula toda a quadrilha respons\u00e1vel pelo crime - Pol\u00edcia Militar da Para\u00edba<\/title>\n<meta name=\"robots\" content=\"index, follow, max-snippet:-1, max-image-preview:large, max-video-preview:-1\" \/>\n<link rel=\"canonical\" href=\"https:\/\/www.pm.pb.gov.br\/portal\/2018\/10\/01\/policia-militar-frustra-assalto-a-agencia-dos-correios-no-sertao-e-desarticula-toda-a-quadrilha-responsavel-pelo-crime\/\" \/>\n<meta property=\"og:locale\" content=\"pt_BR\" \/>\n<meta property=\"og:type\" content=\"article\" \/>\n<meta property=\"og:title\" content=\"Pol\u00edcia Militar frustra assalto a ag\u00eancia dos Correios no Sert\u00e3o e desarticula toda a quadrilha respons\u00e1vel pelo crime - Pol\u00edcia Militar da Para\u00edba\" \/>\n<meta property=\"og:description\" content=\"Seis pessoas foram presas em flagrante, na manh\u00e3 desta segunda-feira (1\u00ba), por envolvimento na tentativa de assalto aos Correios da\" \/>\n<meta property=\"og:url\" content=\"https:\/\/www.pm.pb.gov.br\/portal\/2018\/10\/01\/policia-militar-frustra-assalto-a-agencia-dos-correios-no-sertao-e-desarticula-toda-a-quadrilha-responsavel-pelo-crime\/\" \/>\n<meta property=\"og:site_name\" content=\"Pol\u00edcia Militar da Para\u00edba\" \/>\n<meta property=\"article:published_time\" content=\"2018-10-01T18:47:39+00:00\" \/>\n<meta property=\"og:image\" content=\"https:\/\/www.pm.pb.gov.br\/portal\/wp-content\/uploads\/2017\/10\/Imagems-Ilustrativa-Site-Novo.jpg\" \/>\n\t<meta property=\"og:image:width\" content=\"800\" \/>\n\t<meta property=\"og:image:height\" content=\"445\" \/>\n\t<meta property=\"og:image:type\" content=\"image\/jpeg\" \/>\n<meta name=\"author\" content=\"Tarcisio Oliveira\" \/>\n<meta name=\"twitter:card\" content=\"summary_large_image\" \/>\n<meta name=\"twitter:label1\" content=\"Escrito por\" \/>\n\t<meta name=\"twitter:data1\" content=\"Tarcisio Oliveira\" \/>\n\t<meta name=\"twitter:label2\" content=\"Est. tempo de leitura\" \/>\n\t<meta name=\"twitter:data2\" content=\"1 minuto\" \/>\n<script type=\"application\/ld+json\" class=\"yoast-schema-graph\">{\"@context\":\"https:\/\/schema.org\",\"@graph\":[{\"@type\":\"Article\",\"@id\":\"https:\/\/www.pm.pb.gov.br\/portal\/2018\/10\/01\/policia-militar-frustra-assalto-a-agencia-dos-correios-no-sertao-e-desarticula-toda-a-quadrilha-responsavel-pelo-crime\/#article\",\"isPartOf\":{\"@id\":\"https:\/\/www.pm.pb.gov.br\/portal\/2018\/10\/01\/policia-militar-frustra-assalto-a-agencia-dos-correios-no-sertao-e-desarticula-toda-a-quadrilha-responsavel-pelo-crime\/\"},\"author\":{\"name\":\"Tarcisio Oliveira\",\"@id\":\"https:\/\/www.pm.pb.gov.br\/portal\/#\/schema\/person\/f84f56dcc78ce4357054da888b8247fd\"},\"headline\":\"Pol\u00edcia Militar frustra assalto a ag\u00eancia dos Correios no Sert\u00e3o e desarticula toda a quadrilha respons\u00e1vel pelo crime\",\"datePublished\":\"2018-10-01T18:47:39+00:00\",\"dateModified\":\"2018-10-01T18:47:39+00:00\",\"mainEntityOfPage\":{\"@id\":\"https:\/\/www.pm.pb.gov.br\/portal\/2018\/10\/01\/policia-militar-frustra-assalto-a-agencia-dos-correios-no-sertao-e-desarticula-toda-a-quadrilha-responsavel-pelo-crime\/\"},\"wordCount\":288,\"publisher\":{\"@id\":\"https:\/\/www.pm.pb.gov.br\/portal\/#organization\"},\"articleSection\":[\"A\u00e7\u00f5es Policiais\"],\"inLanguage\":\"pt-BR\"},{\"@type\":\"WebPage\",\"@id\":\"https:\/\/www.pm.pb.gov.br\/portal\/2018\/10\/01\/policia-militar-frustra-assalto-a-agencia-dos-correios-no-sertao-e-desarticula-toda-a-quadrilha-responsavel-pelo-crime\/\",\"url\":\"https:\/\/www.pm.pb.gov.br\/portal\/2018\/10\/01\/policia-militar-frustra-assalto-a-agencia-dos-correios-no-sertao-e-desarticula-toda-a-quadrilha-responsavel-pelo-crime\/\",\"name\":\"Pol\u00edcia Militar frustra assalto a ag\u00eancia dos Correios no Sert\u00e3o e desarticula toda a quadrilha respons\u00e1vel pelo crime - Pol\u00edcia Militar da Para\u00edba\",\"isPartOf\":{\"@id\":\"https:\/\/www.pm.pb.gov.br\/portal\/#website\"},\"datePublished\":\"2018-10-01T18:47:39+00:00\",\"dateModified\":\"2018-10-01T18:47:39+00:00\",\"breadcrumb\":{\"@id\":\"https:\/\/www.pm.pb.gov.br\/portal\/2018\/10\/01\/policia-militar-frustra-assalto-a-agencia-dos-correios-no-sertao-e-desarticula-toda-a-quadrilha-responsavel-pelo-crime\/#breadcrumb\"},\"inLanguage\":\"pt-BR\",\"potentialAction\":[{\"@type\":\"ReadAction\",\"target\":[\"https:\/\/www.pm.pb.gov.br\/portal\/2018\/10\/01\/policia-militar-frustra-assalto-a-agencia-dos-correios-no-sertao-e-desarticula-toda-a-quadrilha-responsavel-pelo-crime\/\"]}]},{\"@type\":\"BreadcrumbList\",\"@id\":\"https:\/\/www.pm.pb.gov.br\/portal\/2018\/10\/01\/policia-militar-frustra-assalto-a-agencia-dos-correios-no-sertao-e-desarticula-toda-a-quadrilha-responsavel-pelo-crime\/#breadcrumb\",\"itemListElement\":[{\"@type\":\"ListItem\",\"position\":1,\"name\":\"In\u00edcio\",\"item\":\"https:\/\/www.pm.pb.gov.br\/portal\/\"},{\"@type\":\"ListItem\",\"position\":2,\"name\":\"Pol\u00edcia Militar frustra assalto a ag\u00eancia dos Correios no Sert\u00e3o e desarticula toda a quadrilha respons\u00e1vel pelo crime\"}]},{\"@type\":\"WebSite\",\"@id\":\"https:\/\/www.pm.pb.gov.br\/portal\/#website\",\"url\":\"https:\/\/www.pm.pb.gov.br\/portal\/\",\"name\":\"Pol\u00edcia Militar da Para\u00edba\",\"description\":\"\",\"publisher\":{\"@id\":\"https:\/\/www.pm.pb.gov.br\/portal\/#organization\"},\"potentialAction\":[{\"@type\":\"SearchAction\",\"target\":{\"@type\":\"EntryPoint\",\"urlTemplate\":\"https:\/\/www.pm.pb.gov.br\/portal\/?s={search_term_string}\"},\"query-input\":\"required name=search_term_string\"}],\"inLanguage\":\"pt-BR\"},{\"@type\":\"Organization\",\"@id\":\"https:\/\/www.pm.pb.gov.br\/portal\/#organization\",\"name\":\"Pol\u00edcia Militar da Para\u00edba\",\"url\":\"https:\/\/www.pm.pb.gov.br\/portal\/\",\"logo\":{\"@type\":\"ImageObject\",\"inLanguage\":\"pt-BR\",\"@id\":\"https:\/\/www.pm.pb.gov.br\/portal\/#\/schema\/logo\/image\/\",\"url\":\"https:\/\/www.pm.pb.gov.br\/portal\/wp-content\/uploads\/2025\/03\/cropped-logo-site-mag2-1.png\",\"contentUrl\":\"https:\/\/www.pm.pb.gov.br\/portal\/wp-content\/uploads\/2025\/03\/cropped-logo-site-mag2-1.png\",\"width\":320,\"height\":90,\"caption\":\"Pol\u00edcia Militar da Para\u00edba\"},\"image\":{\"@id\":\"https:\/\/www.pm.pb.gov.br\/portal\/#\/schema\/logo\/image\/\"}},{\"@type\":\"Person\",\"@id\":\"https:\/\/www.pm.pb.gov.br\/portal\/#\/schema\/person\/f84f56dcc78ce4357054da888b8247fd\",\"name\":\"Tarcisio Oliveira\",\"image\":{\"@type\":\"ImageObject\",\"inLanguage\":\"pt-BR\",\"@id\":\"https:\/\/www.pm.pb.gov.br\/portal\/#\/schema\/person\/image\/\",\"url\":\"https:\/\/secure.gravatar.com\/avatar\/72917b630b69d31cd0297507f34bac97?s=96&d=mm&r=g\",\"contentUrl\":\"https:\/\/secure.gravatar.com\/avatar\/72917b630b69d31cd0297507f34bac97?s=96&d=mm&r=g\",\"caption\":\"Tarcisio Oliveira\"},\"url\":\"https:\/\/www.pm.pb.gov.br\/portal\/author\/tarcisio\/\"}]}<\/script>\n<!-- \/ Yoast SEO plugin. -->","yoast_head_json":{"title":"Pol\u00edcia Militar frustra assalto a ag\u00eancia dos Correios no Sert\u00e3o e desarticula toda a quadrilha respons\u00e1vel pelo crime - Pol\u00edcia Militar da Para\u00edba","robots":{"index":"index","follow":"follow","max-snippet":"max-snippet:-1","max-image-preview":"max-image-preview:large","max-video-preview":"max-video-preview:-1"},"canonical":"https:\/\/www.pm.pb.gov.br\/portal\/2018\/10\/01\/policia-militar-frustra-assalto-a-agencia-dos-correios-no-sertao-e-desarticula-toda-a-quadrilha-responsavel-pelo-crime\/","og_locale":"pt_BR","og_type":"article","og_title":"Pol\u00edcia Militar frustra assalto a ag\u00eancia dos Correios no Sert\u00e3o e desarticula toda a quadrilha respons\u00e1vel pelo crime - Pol\u00edcia Militar da Para\u00edba","og_description":"Seis pessoas foram presas em flagrante, na manh\u00e3 desta segunda-feira (1\u00ba), por envolvimento na tentativa de assalto aos Correios da","og_url":"https:\/\/www.pm.pb.gov.br\/portal\/2018\/10\/01\/policia-militar-frustra-assalto-a-agencia-dos-correios-no-sertao-e-desarticula-toda-a-quadrilha-responsavel-pelo-crime\/","og_site_name":"Pol\u00edcia Militar da Para\u00edba","article_published_time":"2018-10-01T18:47:39+00:00","og_image":[{"width":800,"height":445,"url":"https:\/\/www.pm.pb.gov.br\/portal\/wp-content\/uploads\/2017\/10\/Imagems-Ilustrativa-Site-Novo.jpg","type":"image\/jpeg"}],"author":"Tarcisio Oliveira","twitter_card":"summary_large_image","twitter_misc":{"Escrito por":"Tarcisio Oliveira","Est. tempo de leitura":"1 minuto"},"schema":{"@context":"https:\/\/schema.org","@graph":[{"@type":"Article","@id":"https:\/\/www.pm.pb.gov.br\/portal\/2018\/10\/01\/policia-militar-frustra-assalto-a-agencia-dos-correios-no-sertao-e-desarticula-toda-a-quadrilha-responsavel-pelo-crime\/#article","isPartOf":{"@id":"https:\/\/www.pm.pb.gov.br\/portal\/2018\/10\/01\/policia-militar-frustra-assalto-a-agencia-dos-correios-no-sertao-e-desarticula-toda-a-quadrilha-responsavel-pelo-crime\/"},"author":{"name":"Tarcisio Oliveira","@id":"https:\/\/www.pm.pb.gov.br\/portal\/#\/schema\/person\/f84f56dcc78ce4357054da888b8247fd"},"headline":"Pol\u00edcia Militar frustra assalto a ag\u00eancia dos Correios no Sert\u00e3o e desarticula toda a quadrilha respons\u00e1vel pelo crime","datePublished":"2018-10-01T18:47:39+00:00","dateModified":"2018-10-01T18:47:39+00:00","mainEntityOfPage":{"@id":"https:\/\/www.pm.pb.gov.br\/portal\/2018\/10\/01\/policia-militar-frustra-assalto-a-agencia-dos-correios-no-sertao-e-desarticula-toda-a-quadrilha-responsavel-pelo-crime\/"},"wordCount":288,"publisher":{"@id":"https:\/\/www.pm.pb.gov.br\/portal\/#organization"},"articleSection":["A\u00e7\u00f5es Policiais"],"inLanguage":"pt-BR"},{"@type":"WebPage","@id":"https:\/\/www.pm.pb.gov.br\/portal\/2018\/10\/01\/policia-militar-frustra-assalto-a-agencia-dos-correios-no-sertao-e-desarticula-toda-a-quadrilha-responsavel-pelo-crime\/","url":"https:\/\/www.pm.pb.gov.br\/portal\/2018\/10\/01\/policia-militar-frustra-assalto-a-agencia-dos-correios-no-sertao-e-desarticula-toda-a-quadrilha-responsavel-pelo-crime\/","name":"Pol\u00edcia Militar frustra assalto a ag\u00eancia dos Correios no Sert\u00e3o e desarticula toda a quadrilha respons\u00e1vel pelo crime - Pol\u00edcia Militar da Para\u00edba","isPartOf":{"@id":"https:\/\/www.pm.pb.gov.br\/portal\/#website"},"datePublished":"2018-10-01T18:47:39+00:00","dateModified":"2018-10-01T18:47:39+00:00","breadcrumb":{"@id":"https:\/\/www.pm.pb.gov.br\/portal\/2018\/10\/01\/policia-militar-frustra-assalto-a-agencia-dos-correios-no-sertao-e-desarticula-toda-a-quadrilha-responsavel-pelo-crime\/#breadcrumb"},"inLanguage":"pt-BR","potentialAction":[{"@type":"ReadAction","target":["https:\/\/www.pm.pb.gov.br\/portal\/2018\/10\/01\/policia-militar-frustra-assalto-a-agencia-dos-correios-no-sertao-e-desarticula-toda-a-quadrilha-responsavel-pelo-crime\/"]}]},{"@type":"BreadcrumbList","@id":"https:\/\/www.pm.pb.gov.br\/portal\/2018\/10\/01\/policia-militar-frustra-assalto-a-agencia-dos-correios-no-sertao-e-desarticula-toda-a-quadrilha-responsavel-pelo-crime\/#breadcrumb","itemListElement":[{"@type":"ListItem","position":1,"name":"In\u00edcio","item":"https:\/\/www.pm.pb.gov.br\/portal\/"},{"@type":"ListItem","position":2,"name":"Pol\u00edcia Militar frustra assalto a ag\u00eancia dos Correios no Sert\u00e3o e desarticula toda a quadrilha respons\u00e1vel pelo crime"}]},{"@type":"WebSite","@id":"https:\/\/www.pm.pb.gov.br\/portal\/#website","url":"https:\/\/www.pm.pb.gov.br\/portal\/","name":"Pol\u00edcia Militar da Para\u00edba","description":"","publisher":{"@id":"https:\/\/www.pm.pb.gov.br\/portal\/#organization"},"potentialAction":[{"@type":"SearchAction","target":{"@type":"EntryPoint","urlTemplate":"https:\/\/www.pm.pb.gov.br\/portal\/?s={search_term_string}"},"query-input":"required name=search_term_string"}],"inLanguage":"pt-BR"},{"@type":"Organization","@id":"https:\/\/www.pm.pb.gov.br\/portal\/#organization","name":"Pol\u00edcia Militar da Para\u00edba","url":"https:\/\/www.pm.pb.gov.br\/portal\/","logo":{"@type":"ImageObject","inLanguage":"pt-BR","@id":"https:\/\/www.pm.pb.gov.br\/portal\/#\/schema\/logo\/image\/","url":"https:\/\/www.pm.pb.gov.br\/portal\/wp-content\/uploads\/2025\/03\/cropped-logo-site-mag2-1.png","contentUrl":"https:\/\/www.pm.pb.gov.br\/portal\/wp-content\/uploads\/2025\/03\/cropped-logo-site-mag2-1.png","width":320,"height":90,"caption":"Pol\u00edcia Militar da Para\u00edba"},"image":{"@id":"https:\/\/www.pm.pb.gov.br\/portal\/#\/schema\/logo\/image\/"}},{"@type":"Person","@id":"https:\/\/www.pm.pb.gov.br\/portal\/#\/schema\/person\/f84f56dcc78ce4357054da888b8247fd","name":"Tarcisio Oliveira","image":{"@type":"ImageObject","inLanguage":"pt-BR","@id":"https:\/\/www.pm.pb.gov.br\/portal\/#\/schema\/person\/image\/","url":"https:\/\/secure.gravatar.com\/avatar\/72917b630b69d31cd0297507f34bac97?s=96&d=mm&r=g","contentUrl":"https:\/\/secure.gravatar.com\/avatar\/72917b630b69d31cd0297507f34bac97?s=96&d=mm&r=g","caption":"Tarcisio Oliveira"},"url":"https:\/\/www.pm.pb.gov.br\/portal\/author\/tarcisio\/"}]}},"_links":{"self":[{"href":"https:\/\/www.pm.pb.gov.br\/portal\/wp-json\/wp\/v2\/posts\/898950"}],"collection":[{"href":"https:\/\/www.pm.pb.gov.br\/portal\/wp-json\/wp\/v2\/posts"}],"about":[{"href":"https:\/\/www.pm.pb.gov.br\/portal\/wp-json\/wp\/v2\/types\/post"}],"author":[{"embeddable":true,"href":"https:\/\/www.pm.pb.gov.br\/portal\/wp-json\/wp\/v2\/users\/12"}],"replies":[{"embeddable":true,"href":"https:\/\/www.pm.pb.gov.br\/portal\/wp-json\/wp\/v2\/comments?post=898950"}],"version-history":[{"count":1,"href":"https:\/\/www.pm.pb.gov.br\/portal\/wp-json\/wp\/v2\/posts\/898950\/revisions"}],"predecessor-version":[{"id":898953,"href":"https:\/\/www.pm.pb.gov.br\/portal\/wp-json\/wp\/v2\/posts\/898950\/revisions\/898953"}],"wp:featuredmedia":[{"embeddable":true,"href":"https:\/\/www.pm.pb.gov.br\/portal\/wp-json\/wp\/v2\/media\/895708"}],"wp:attachment":[{"href":"https:\/\/www.pm.pb.gov.br\/portal\/wp-json\/wp\/v2\/media?parent=898950"}],"wp:term":[{"taxonomy":"category","embeddable":true,"href":"https:\/\/www.pm.pb.gov.br\/portal\/wp-json\/wp\/v2\/categories?post=898950"},{"taxonomy":"post_tag","embeddable":true,"href":"https:\/\/www.pm.pb.gov.br\/portal\/wp-json\/wp\/v2\/tags?post=898950"}],"curies":[{"name":"wp","href":"https:\/\/api.w.org\/{rel}","templated":true}]}}