{"id":898945,"date":"2018-10-01T08:58:19","date_gmt":"2018-10-01T11:58:19","guid":{"rendered":"http:\/\/www.pm.pb.gov.br\/portal\/?p=898945"},"modified":"2018-10-31T21:52:13","modified_gmt":"2018-11-01T00:52:13","slug":"classificados-no-concurso-da-policia-militar-concluem-periodo-de-adaptacao-e-sao-recebidos-por-familiares","status":"publish","type":"post","link":"https:\/\/www.pm.pb.gov.br\/portal\/2018\/10\/01\/classificados-no-concurso-da-policia-militar-concluem-periodo-de-adaptacao-e-sao-recebidos-por-familiares\/","title":{"rendered":"Classificados no concurso da Pol\u00edcia Militar concluem per\u00edodo de adapta\u00e7\u00e3o e s\u00e3o recebidos por familiares"},"content":{"rendered":"<p style=\"text-align: justify;\">Os classificados no concurso para soldado da Pol\u00edcia Militar tiveram mais uma vit\u00f3ria na t\u00e3o sonhada trajet\u00f3ria para fazer parte da corpora\u00e7\u00e3o paraibana. Eles conclu\u00edram, neste s\u00e1bado (29), o per\u00edodo de adapta\u00e7\u00e3o e est\u00e3o prontos para iniciarem o curso de forma\u00e7\u00e3o. Foram 15 dias de muitas instru\u00e7\u00f5es, inclusive durante a madrugada, onde tiveram contato com atividades profissionais te\u00f3ricas, pr\u00e1ticas, f\u00edsicas, de rusticidade, vivacidade e com os regulamentos que os acompanhar\u00e3o na \u2018vida da caserna\u2019, como \u00e9 chamado o meio militar.<\/p>\n<p style=\"text-align: justify;\">Foram convocados 450 classificados para come\u00e7aram o per\u00edodo de adapta\u00e7\u00e3o e quase 10% deles ficaram no caminho. Os desligamentos foram por vontade pr\u00f3pria dos candidatos, alegando que n\u00e3o tinham voca\u00e7\u00e3o para a profiss\u00e3o; por problemas que envolviam idade e de ordem judicial, detectadas pela avalia\u00e7\u00e3o social a que foram submetidos; e pelo n\u00e3o comparecimento ao local onde foi realizada a adapta\u00e7\u00e3o.<\/p>\n<p style=\"text-align: justify;\">O comandante do Centro de Forma\u00e7\u00e3o e Aperfei\u00e7oamento de Pra\u00e7as (CFAP), tenente-coronel Licksomar L\u00e1bis, disse que o n\u00famero de desist\u00eancia est\u00e1 dentro da m\u00e9dia. \u201cApresentamos a todos eles o que \u00e9 a vida policial militar, que exige bem mais do que muitas outras profiss\u00f5es, pois aqui n\u00e3o temos certeza, por exemplo, de quando estaremos com a fam\u00edlia em datas comemorativas, n\u00e3o temos muitas vezes uma compreens\u00e3o por parte da sociedade e tudo isso faz parte de uma rotina de dedica\u00e7\u00e3o que come\u00e7a a ser exigida a partir de agora e alguns candidatos, mesmo ap\u00f3s chegarem at\u00e9 aqui, fazem a escolha de n\u00e3o continuarem\u201d, detalhou.<\/p>\n<p style=\"text-align: justify;\">Os que conseguiram vencer mais essa etapa foram recebidos pelos familiares, na manh\u00e3 deste s\u00e1bado, no centro de educa\u00e7\u00e3o da PM (foto abaixo), em Mangabeira VII, na Capital. O reencontro foi marcado pela emo\u00e7\u00e3o e foi bastante comemorado, pois marca o fim da trajet\u00f3ria para conquistar a vaga e o in\u00edcio de uma longa caminhada profissional.<\/p>\n<p><img loading=\"lazy\" decoding=\"async\" class=\" wp-image-898948 aligncenter\" src=\"http:\/\/www.pm.pb.gov.br\/portal\/wp-content\/uploads\/2018\/10\/WhatsApp-Image-2018-09-29-at-14.05.05-668x445.jpeg\" alt=\"\" width=\"690\" height=\"461\" srcset=\"https:\/\/www.pm.pb.gov.br\/portal\/wp-content\/uploads\/2018\/10\/WhatsApp-Image-2018-09-29-at-14.05.05-668x445.jpeg 668w, https:\/\/www.pm.pb.gov.br\/portal\/wp-content\/uploads\/2018\/10\/WhatsApp-Image-2018-09-29-at-14.05.05-768x512.jpeg 768w, https:\/\/www.pm.pb.gov.br\/portal\/wp-content\/uploads\/2018\/10\/WhatsApp-Image-2018-09-29-at-14.05.05-855x570.jpeg 855w, https:\/\/www.pm.pb.gov.br\/portal\/wp-content\/uploads\/2018\/10\/WhatsApp-Image-2018-09-29-at-14.05.05-272x182.jpeg 272w, https:\/\/www.pm.pb.gov.br\/portal\/wp-content\/uploads\/2018\/10\/WhatsApp-Image-2018-09-29-at-14.05.05.jpeg 1280w\" sizes=\"(max-width: 690px) 100vw, 690px\" \/><\/p>\n<p style=\"text-align: justify;\"><strong>Trajet\u00f3ria<\/strong> &#8211; O caminho percorrido pelos agora alunos soldados, come\u00e7ou em mar\u00e7o, quando foi publicado o edital que teve quase 80 mil inscritos. Os classificados passaram por etapas de avalia\u00e7\u00e3o psicol\u00f3gica, de sa\u00fade e testes de aptid\u00e3o f\u00edsica, com disputa acirrada por uma das vagas. O curso de forma\u00e7\u00e3o vai proporcionar, al\u00e9m da realiza\u00e7\u00e3o do sonho de se tornar policial militar, a gradua\u00e7\u00e3o superior de tecn\u00f3logo em seguran\u00e7a p\u00fablica.<\/p>\n","protected":false},"excerpt":{"rendered":"<p>Os classificados no concurso para soldado da Pol\u00edcia Militar tiveram mais uma vit\u00f3ria na t\u00e3o sonhada trajet\u00f3ria para fazer parte<\/p>\n","protected":false},"author":12,"featured_media":898946,"comment_status":"closed","ping_status":"closed","sticky":false,"template":"","format":"standard","meta":{"_exactmetrics_skip_tracking":false,"_exactmetrics_sitenote_active":false,"_exactmetrics_sitenote_note":"","_exactmetrics_sitenote_category":0,"footnotes":""},"categories":[6],"tags":[],"yoast_head":"<!-- This site is optimized with the Yoast SEO plugin v22.0 - https:\/\/yoast.com\/wordpress\/plugins\/seo\/ -->\n<title>Classificados no concurso da Pol\u00edcia Militar concluem per\u00edodo de adapta\u00e7\u00e3o e s\u00e3o recebidos por familiares - Pol\u00edcia Militar da Para\u00edba<\/title>\n<meta name=\"robots\" content=\"index, follow, max-snippet:-1, max-image-preview:large, max-video-preview:-1\" \/>\n<link rel=\"canonical\" href=\"https:\/\/www.pm.pb.gov.br\/portal\/2018\/10\/01\/classificados-no-concurso-da-policia-militar-concluem-periodo-de-adaptacao-e-sao-recebidos-por-familiares\/\" \/>\n<meta property=\"og:locale\" content=\"pt_BR\" \/>\n<meta property=\"og:type\" content=\"article\" \/>\n<meta property=\"og:title\" content=\"Classificados no concurso da Pol\u00edcia Militar concluem per\u00edodo de adapta\u00e7\u00e3o e s\u00e3o recebidos por familiares - Pol\u00edcia Militar da Para\u00edba\" \/>\n<meta property=\"og:description\" content=\"Os classificados no concurso para soldado da Pol\u00edcia Militar tiveram mais uma vit\u00f3ria na t\u00e3o sonhada trajet\u00f3ria para fazer parte\" \/>\n<meta property=\"og:url\" content=\"https:\/\/www.pm.pb.gov.br\/portal\/2018\/10\/01\/classificados-no-concurso-da-policia-militar-concluem-periodo-de-adaptacao-e-sao-recebidos-por-familiares\/\" \/>\n<meta property=\"og:site_name\" content=\"Pol\u00edcia Militar da Para\u00edba\" \/>\n<meta property=\"article:published_time\" content=\"2018-10-01T11:58:19+00:00\" \/>\n<meta property=\"article:modified_time\" content=\"2018-11-01T00:52:13+00:00\" \/>\n<meta property=\"og:image\" content=\"https:\/\/www.pm.pb.gov.br\/portal\/wp-content\/uploads\/2018\/10\/cfsd.jpg\" \/>\n\t<meta property=\"og:image:width\" content=\"800\" \/>\n\t<meta property=\"og:image:height\" content=\"445\" \/>\n\t<meta property=\"og:image:type\" content=\"image\/jpeg\" \/>\n<meta name=\"author\" content=\"Tarcisio Oliveira\" \/>\n<meta name=\"twitter:card\" content=\"summary_large_image\" \/>\n<meta name=\"twitter:label1\" content=\"Escrito por\" \/>\n\t<meta name=\"twitter:data1\" content=\"Tarcisio Oliveira\" \/>\n\t<meta name=\"twitter:label2\" content=\"Est. tempo de leitura\" \/>\n\t<meta name=\"twitter:data2\" content=\"2 minutos\" \/>\n<script type=\"application\/ld+json\" class=\"yoast-schema-graph\">{\"@context\":\"https:\/\/schema.org\",\"@graph\":[{\"@type\":\"Article\",\"@id\":\"https:\/\/www.pm.pb.gov.br\/portal\/2018\/10\/01\/classificados-no-concurso-da-policia-militar-concluem-periodo-de-adaptacao-e-sao-recebidos-por-familiares\/#article\",\"isPartOf\":{\"@id\":\"https:\/\/www.pm.pb.gov.br\/portal\/2018\/10\/01\/classificados-no-concurso-da-policia-militar-concluem-periodo-de-adaptacao-e-sao-recebidos-por-familiares\/\"},\"author\":{\"name\":\"Tarcisio Oliveira\",\"@id\":\"https:\/\/www.pm.pb.gov.br\/portal\/#\/schema\/person\/f84f56dcc78ce4357054da888b8247fd\"},\"headline\":\"Classificados no concurso da Pol\u00edcia Militar concluem per\u00edodo de adapta\u00e7\u00e3o e s\u00e3o recebidos por familiares\",\"datePublished\":\"2018-10-01T11:58:19+00:00\",\"dateModified\":\"2018-11-01T00:52:13+00:00\",\"mainEntityOfPage\":{\"@id\":\"https:\/\/www.pm.pb.gov.br\/portal\/2018\/10\/01\/classificados-no-concurso-da-policia-militar-concluem-periodo-de-adaptacao-e-sao-recebidos-por-familiares\/\"},\"wordCount\":444,\"publisher\":{\"@id\":\"https:\/\/www.pm.pb.gov.br\/portal\/#organization\"},\"articleSection\":[\"Cursos\"],\"inLanguage\":\"pt-BR\"},{\"@type\":\"WebPage\",\"@id\":\"https:\/\/www.pm.pb.gov.br\/portal\/2018\/10\/01\/classificados-no-concurso-da-policia-militar-concluem-periodo-de-adaptacao-e-sao-recebidos-por-familiares\/\",\"url\":\"https:\/\/www.pm.pb.gov.br\/portal\/2018\/10\/01\/classificados-no-concurso-da-policia-militar-concluem-periodo-de-adaptacao-e-sao-recebidos-por-familiares\/\",\"name\":\"Classificados no concurso da Pol\u00edcia Militar concluem per\u00edodo de adapta\u00e7\u00e3o e s\u00e3o recebidos por familiares - Pol\u00edcia Militar da Para\u00edba\",\"isPartOf\":{\"@id\":\"https:\/\/www.pm.pb.gov.br\/portal\/#website\"},\"datePublished\":\"2018-10-01T11:58:19+00:00\",\"dateModified\":\"2018-11-01T00:52:13+00:00\",\"breadcrumb\":{\"@id\":\"https:\/\/www.pm.pb.gov.br\/portal\/2018\/10\/01\/classificados-no-concurso-da-policia-militar-concluem-periodo-de-adaptacao-e-sao-recebidos-por-familiares\/#breadcrumb\"},\"inLanguage\":\"pt-BR\",\"potentialAction\":[{\"@type\":\"ReadAction\",\"target\":[\"https:\/\/www.pm.pb.gov.br\/portal\/2018\/10\/01\/classificados-no-concurso-da-policia-militar-concluem-periodo-de-adaptacao-e-sao-recebidos-por-familiares\/\"]}]},{\"@type\":\"BreadcrumbList\",\"@id\":\"https:\/\/www.pm.pb.gov.br\/portal\/2018\/10\/01\/classificados-no-concurso-da-policia-militar-concluem-periodo-de-adaptacao-e-sao-recebidos-por-familiares\/#breadcrumb\",\"itemListElement\":[{\"@type\":\"ListItem\",\"position\":1,\"name\":\"In\u00edcio\",\"item\":\"https:\/\/www.pm.pb.gov.br\/portal\/\"},{\"@type\":\"ListItem\",\"position\":2,\"name\":\"Classificados no concurso da Pol\u00edcia Militar concluem per\u00edodo de adapta\u00e7\u00e3o e s\u00e3o recebidos por familiares\"}]},{\"@type\":\"WebSite\",\"@id\":\"https:\/\/www.pm.pb.gov.br\/portal\/#website\",\"url\":\"https:\/\/www.pm.pb.gov.br\/portal\/\",\"name\":\"Pol\u00edcia Militar da Para\u00edba\",\"description\":\"\",\"publisher\":{\"@id\":\"https:\/\/www.pm.pb.gov.br\/portal\/#organization\"},\"potentialAction\":[{\"@type\":\"SearchAction\",\"target\":{\"@type\":\"EntryPoint\",\"urlTemplate\":\"https:\/\/www.pm.pb.gov.br\/portal\/?s={search_term_string}\"},\"query-input\":\"required name=search_term_string\"}],\"inLanguage\":\"pt-BR\"},{\"@type\":\"Organization\",\"@id\":\"https:\/\/www.pm.pb.gov.br\/portal\/#organization\",\"name\":\"Pol\u00edcia Militar da Para\u00edba\",\"url\":\"https:\/\/www.pm.pb.gov.br\/portal\/\",\"logo\":{\"@type\":\"ImageObject\",\"inLanguage\":\"pt-BR\",\"@id\":\"https:\/\/www.pm.pb.gov.br\/portal\/#\/schema\/logo\/image\/\",\"url\":\"https:\/\/www.pm.pb.gov.br\/portal\/wp-content\/uploads\/2025\/03\/cropped-logo-site-mag2-1.png\",\"contentUrl\":\"https:\/\/www.pm.pb.gov.br\/portal\/wp-content\/uploads\/2025\/03\/cropped-logo-site-mag2-1.png\",\"width\":320,\"height\":90,\"caption\":\"Pol\u00edcia Militar da Para\u00edba\"},\"image\":{\"@id\":\"https:\/\/www.pm.pb.gov.br\/portal\/#\/schema\/logo\/image\/\"}},{\"@type\":\"Person\",\"@id\":\"https:\/\/www.pm.pb.gov.br\/portal\/#\/schema\/person\/f84f56dcc78ce4357054da888b8247fd\",\"name\":\"Tarcisio Oliveira\",\"image\":{\"@type\":\"ImageObject\",\"inLanguage\":\"pt-BR\",\"@id\":\"https:\/\/www.pm.pb.gov.br\/portal\/#\/schema\/person\/image\/\",\"url\":\"https:\/\/secure.gravatar.com\/avatar\/72917b630b69d31cd0297507f34bac97?s=96&d=mm&r=g\",\"contentUrl\":\"https:\/\/secure.gravatar.com\/avatar\/72917b630b69d31cd0297507f34bac97?s=96&d=mm&r=g\",\"caption\":\"Tarcisio Oliveira\"},\"url\":\"https:\/\/www.pm.pb.gov.br\/portal\/author\/tarcisio\/\"}]}<\/script>\n<!-- \/ Yoast SEO plugin. -->","yoast_head_json":{"title":"Classificados no concurso da Pol\u00edcia Militar concluem per\u00edodo de adapta\u00e7\u00e3o e s\u00e3o recebidos por familiares - Pol\u00edcia Militar da Para\u00edba","robots":{"index":"index","follow":"follow","max-snippet":"max-snippet:-1","max-image-preview":"max-image-preview:large","max-video-preview":"max-video-preview:-1"},"canonical":"https:\/\/www.pm.pb.gov.br\/portal\/2018\/10\/01\/classificados-no-concurso-da-policia-militar-concluem-periodo-de-adaptacao-e-sao-recebidos-por-familiares\/","og_locale":"pt_BR","og_type":"article","og_title":"Classificados no concurso da Pol\u00edcia Militar concluem per\u00edodo de adapta\u00e7\u00e3o e s\u00e3o recebidos por familiares - Pol\u00edcia Militar da Para\u00edba","og_description":"Os classificados no concurso para soldado da Pol\u00edcia Militar tiveram mais uma vit\u00f3ria na t\u00e3o sonhada trajet\u00f3ria para fazer parte","og_url":"https:\/\/www.pm.pb.gov.br\/portal\/2018\/10\/01\/classificados-no-concurso-da-policia-militar-concluem-periodo-de-adaptacao-e-sao-recebidos-por-familiares\/","og_site_name":"Pol\u00edcia Militar da Para\u00edba","article_published_time":"2018-10-01T11:58:19+00:00","article_modified_time":"2018-11-01T00:52:13+00:00","og_image":[{"width":800,"height":445,"url":"https:\/\/www.pm.pb.gov.br\/portal\/wp-content\/uploads\/2018\/10\/cfsd.jpg","type":"image\/jpeg"}],"author":"Tarcisio Oliveira","twitter_card":"summary_large_image","twitter_misc":{"Escrito por":"Tarcisio Oliveira","Est. tempo de leitura":"2 minutos"},"schema":{"@context":"https:\/\/schema.org","@graph":[{"@type":"Article","@id":"https:\/\/www.pm.pb.gov.br\/portal\/2018\/10\/01\/classificados-no-concurso-da-policia-militar-concluem-periodo-de-adaptacao-e-sao-recebidos-por-familiares\/#article","isPartOf":{"@id":"https:\/\/www.pm.pb.gov.br\/portal\/2018\/10\/01\/classificados-no-concurso-da-policia-militar-concluem-periodo-de-adaptacao-e-sao-recebidos-por-familiares\/"},"author":{"name":"Tarcisio Oliveira","@id":"https:\/\/www.pm.pb.gov.br\/portal\/#\/schema\/person\/f84f56dcc78ce4357054da888b8247fd"},"headline":"Classificados no concurso da Pol\u00edcia Militar concluem per\u00edodo de adapta\u00e7\u00e3o e s\u00e3o recebidos por familiares","datePublished":"2018-10-01T11:58:19+00:00","dateModified":"2018-11-01T00:52:13+00:00","mainEntityOfPage":{"@id":"https:\/\/www.pm.pb.gov.br\/portal\/2018\/10\/01\/classificados-no-concurso-da-policia-militar-concluem-periodo-de-adaptacao-e-sao-recebidos-por-familiares\/"},"wordCount":444,"publisher":{"@id":"https:\/\/www.pm.pb.gov.br\/portal\/#organization"},"articleSection":["Cursos"],"inLanguage":"pt-BR"},{"@type":"WebPage","@id":"https:\/\/www.pm.pb.gov.br\/portal\/2018\/10\/01\/classificados-no-concurso-da-policia-militar-concluem-periodo-de-adaptacao-e-sao-recebidos-por-familiares\/","url":"https:\/\/www.pm.pb.gov.br\/portal\/2018\/10\/01\/classificados-no-concurso-da-policia-militar-concluem-periodo-de-adaptacao-e-sao-recebidos-por-familiares\/","name":"Classificados no concurso da Pol\u00edcia Militar concluem per\u00edodo de adapta\u00e7\u00e3o e s\u00e3o recebidos por familiares - Pol\u00edcia Militar da Para\u00edba","isPartOf":{"@id":"https:\/\/www.pm.pb.gov.br\/portal\/#website"},"datePublished":"2018-10-01T11:58:19+00:00","dateModified":"2018-11-01T00:52:13+00:00","breadcrumb":{"@id":"https:\/\/www.pm.pb.gov.br\/portal\/2018\/10\/01\/classificados-no-concurso-da-policia-militar-concluem-periodo-de-adaptacao-e-sao-recebidos-por-familiares\/#breadcrumb"},"inLanguage":"pt-BR","potentialAction":[{"@type":"ReadAction","target":["https:\/\/www.pm.pb.gov.br\/portal\/2018\/10\/01\/classificados-no-concurso-da-policia-militar-concluem-periodo-de-adaptacao-e-sao-recebidos-por-familiares\/"]}]},{"@type":"BreadcrumbList","@id":"https:\/\/www.pm.pb.gov.br\/portal\/2018\/10\/01\/classificados-no-concurso-da-policia-militar-concluem-periodo-de-adaptacao-e-sao-recebidos-por-familiares\/#breadcrumb","itemListElement":[{"@type":"ListItem","position":1,"name":"In\u00edcio","item":"https:\/\/www.pm.pb.gov.br\/portal\/"},{"@type":"ListItem","position":2,"name":"Classificados no concurso da Pol\u00edcia Militar concluem per\u00edodo de adapta\u00e7\u00e3o e s\u00e3o recebidos por familiares"}]},{"@type":"WebSite","@id":"https:\/\/www.pm.pb.gov.br\/portal\/#website","url":"https:\/\/www.pm.pb.gov.br\/portal\/","name":"Pol\u00edcia Militar da Para\u00edba","description":"","publisher":{"@id":"https:\/\/www.pm.pb.gov.br\/portal\/#organization"},"potentialAction":[{"@type":"SearchAction","target":{"@type":"EntryPoint","urlTemplate":"https:\/\/www.pm.pb.gov.br\/portal\/?s={search_term_string}"},"query-input":"required name=search_term_string"}],"inLanguage":"pt-BR"},{"@type":"Organization","@id":"https:\/\/www.pm.pb.gov.br\/portal\/#organization","name":"Pol\u00edcia Militar da Para\u00edba","url":"https:\/\/www.pm.pb.gov.br\/portal\/","logo":{"@type":"ImageObject","inLanguage":"pt-BR","@id":"https:\/\/www.pm.pb.gov.br\/portal\/#\/schema\/logo\/image\/","url":"https:\/\/www.pm.pb.gov.br\/portal\/wp-content\/uploads\/2025\/03\/cropped-logo-site-mag2-1.png","contentUrl":"https:\/\/www.pm.pb.gov.br\/portal\/wp-content\/uploads\/2025\/03\/cropped-logo-site-mag2-1.png","width":320,"height":90,"caption":"Pol\u00edcia Militar da Para\u00edba"},"image":{"@id":"https:\/\/www.pm.pb.gov.br\/portal\/#\/schema\/logo\/image\/"}},{"@type":"Person","@id":"https:\/\/www.pm.pb.gov.br\/portal\/#\/schema\/person\/f84f56dcc78ce4357054da888b8247fd","name":"Tarcisio Oliveira","image":{"@type":"ImageObject","inLanguage":"pt-BR","@id":"https:\/\/www.pm.pb.gov.br\/portal\/#\/schema\/person\/image\/","url":"https:\/\/secure.gravatar.com\/avatar\/72917b630b69d31cd0297507f34bac97?s=96&d=mm&r=g","contentUrl":"https:\/\/secure.gravatar.com\/avatar\/72917b630b69d31cd0297507f34bac97?s=96&d=mm&r=g","caption":"Tarcisio Oliveira"},"url":"https:\/\/www.pm.pb.gov.br\/portal\/author\/tarcisio\/"}]}},"_links":{"self":[{"href":"https:\/\/www.pm.pb.gov.br\/portal\/wp-json\/wp\/v2\/posts\/898945"}],"collection":[{"href":"https:\/\/www.pm.pb.gov.br\/portal\/wp-json\/wp\/v2\/posts"}],"about":[{"href":"https:\/\/www.pm.pb.gov.br\/portal\/wp-json\/wp\/v2\/types\/post"}],"author":[{"embeddable":true,"href":"https:\/\/www.pm.pb.gov.br\/portal\/wp-json\/wp\/v2\/users\/12"}],"replies":[{"embeddable":true,"href":"https:\/\/www.pm.pb.gov.br\/portal\/wp-json\/wp\/v2\/comments?post=898945"}],"version-history":[{"count":2,"href":"https:\/\/www.pm.pb.gov.br\/portal\/wp-json\/wp\/v2\/posts\/898945\/revisions"}],"predecessor-version":[{"id":898949,"href":"https:\/\/www.pm.pb.gov.br\/portal\/wp-json\/wp\/v2\/posts\/898945\/revisions\/898949"}],"wp:featuredmedia":[{"embeddable":true,"href":"https:\/\/www.pm.pb.gov.br\/portal\/wp-json\/wp\/v2\/media\/898946"}],"wp:attachment":[{"href":"https:\/\/www.pm.pb.gov.br\/portal\/wp-json\/wp\/v2\/media?parent=898945"}],"wp:term":[{"taxonomy":"category","embeddable":true,"href":"https:\/\/www.pm.pb.gov.br\/portal\/wp-json\/wp\/v2\/categories?post=898945"},{"taxonomy":"post_tag","embeddable":true,"href":"https:\/\/www.pm.pb.gov.br\/portal\/wp-json\/wp\/v2\/tags?post=898945"}],"curies":[{"name":"wp","href":"https:\/\/api.w.org\/{rel}","templated":true}]}}